{"id":8425,"date":"2009-01-11T01:41:19","date_gmt":"2009-01-11T00:41:19","guid":{"rendered":"http:\/\/www.visit-ulcinj.com\/blog\/?p=8425"},"modified":"2009-01-11T12:55:17","modified_gmt":"2009-01-11T11:55:17","slug":"ingrid-gjoni-ja-si-arrita-te-dobesohem-per-klipin","status":"publish","type":"post","link":"https:\/\/www.visit-ulcinj.com\/blog\/2009\/01\/11\/ingrid-gjoni-ja-si-arrita-te-dobesohem-per-klipin\/","title":{"rendered":"Ingrid Gjoni: Ja si arrita t\u00eb dob\u00ebsohem p\u00ebr klipin"},"content":{"rendered":"<p><a title=\"ingrid gjoni\" rel=\"attachment wp-att-8426\" href=\"http:\/\/www.visit-ulcinj.com\/blog\/2009\/01\/11\/ingrid-gjoni-ja-si-arrita-te-dobesohem-per-klipin\/ingrid-gjoni1-2\/\" target=\"_blank\"><img loading=\"lazy\" class=\"alignleft size-full wp-image-8426\" title=\"ingrid-gjoni1\" src=\"http:\/\/www.visit-ulcinj.com\/blog\/wp-content\/uploads\/2009\/01\/ingrid-gjoni1.jpg\" alt=\"ingrid-gjoni1\" width=\"342\" height=\"621\" \/><\/a><strong>Interviste: INGRID GJONI<\/strong><br \/>\n<strong><span style=\"font-size: 150%;\">Ja si arrita te dobesohem per klipin<\/span><\/strong><\/p>\n<p>E nxehte edhe ne dimer, sepse tashme eshte identifikuar si koketa e klipeve \u201chot\u201d. Pas zhurmes se krijuar ne media per nje sherr banal me nje grup vajzash, Ingrid Gjoni ia beh me nje klip te ri per te treguar se asgje s\u2019ka ndodhur, dhe e gjitha ishte nje sajese mediatike dashakeqese: Thyen heshtjen dhe ekspozon linjat. Ca kile me pak, e veshur me te zeza ne klipin e saj te ri \u201cdance\u201d eshte kujdesur te duket sa me sensuale ne saje te Princ Aleksander, regjisorit te njohur maqedonas. Me veshje baleti prej leshi punuar, dhe me nje kercim alla Madonna, ajo tregon dhe linjat e saj me te dobesuara ne klipin e ri. Por edhe pse eshte dimer eshte zhveshur perseri, nje menyre kjo per t\u2019i dale kunder thashethemnajes (sic ajo e quan), qe ne barkun e saj nuk ekziston asnje shenje thike, ashtu sic mediat shkruan pak kohe me pare. Dhe per t\u2019i treguar publikut te kunderten ka vendosur te zhvishet serish ne klip, ndersa pohon se ka hapur dhe nje proces gjyqesor per kete. \u201cTashme e kam kuptuar, qe sa me shume koncerte e klipe, dhe sa me pak intervista ne gazeta\u201d, thote Ingridi, pasi vetem me kane prishur pune\u201d. Ne nje menyre apo ne nje tjeter thote se nuk i duhen me gazetaret qe te ndaje intimitetet me ta. Sepse sekretet e saj mund t\u2019ia rrefeje Ciljetes, mikes se saj me te mire, edhe pse ne muzike s\u2019jane vecse dy rivale te forta. Klipi \u201cPuci, puci\u201d, qe publikuan ne vere e beri punen e vet. Ishte nje ide e zgjuar e dy vajzave per te bere nje \u201cscoop\u201d muzikor dhe mediatik, dhe per te terhequr sa me shume fansa prane vetes. Tani mund te vazhdojne ne tregun muzikor te ndara. Dhe per Ingridin eshte momenti te shijoje suksesin e klipit \u201cNjeri-tjetrit\u201d. Por duket se klipet e saj e pasojne njeri-tjetren me shpesh se kengetaret e tjere? \u201cJo, me duket normale nje klip ne gjashte muaj\u201d, thote ajo.<\/p>\n<p><strong>Klipi ri, ku ju shfaqeni elegante. Ka qene synim ne vetvete per te treguar se jeni teresisht ne forme?<\/strong><br \/>\nPo e vertete, qe kam humbur disa kile nga pesha ime. Por persa i perket klipit mendoj se erdhi koha te dilja me nje realizim muzikor e vetme, pas klipit \u201cPuci puci\u201d, ne bashkepunim me Ciljeten.<\/p>\n<p><strong>Jeni ende mike me Ciljeten?<\/strong><br \/>\nSi gjithmone, shoqe te pandara me njera \u2013tjetren. Na ndajne disi koncertet pasi nuk mundemi t\u2019i planifikojme dot njesoj.<\/p>\n<p><strong>Ne disa sekuenca te klipit ju shfaqeni e zhveshur, ku del ne pah pjesa e barkut. E qellimte?<\/strong><br \/>\nNe njefare menyre po. Por mund te sqaroj se persa u perket thashethemeve per incidentin, une e tregova tek emisioni \u201cZone e lire\u201d, ku nxora barkun, dhe u pa qe s\u2019kisha asnje shenje. Per t\u2019i bindur njerezit deri ne fund vendosa ta bej kete gje dhe ne klip ku shfaqem e zhveshur ne disa momente.<\/p>\n<p><strong>Shume klipe te reja. Perse e beni kete?<\/strong><br \/>\nMendoj qe jo aq shpesh. Nje klip ne gjashte-shtate muaj nuk eshte shume per nje kengetar qe eshte ne treg.<\/p>\n<p><strong>Eshte e vertete televizionet muzikore me te cilat ju bashkepunoni financojne klipet tuaja?<\/strong><br \/>\nJo. Normal bejne leshime por jo falas.<\/p>\n<p><strong>Dukeni ne klipin e ri sikur imitoni paksa Madonnen?<\/strong><br \/>\nTani qe po ma thoni ju po e mendoj, sepse s\u2019kam pasur asnje model ne mendje. Une aty kercej, baleti eshte njesoj per te gjithe dhe veshjet e baletit po ashtu jane njesoj.<\/p>\n<p><strong>Pas ndarjes aq te perfolur nga ish-i fejuari, nuk ju kemi pare te shoqeroheni me nje djale fiks. A jeni me dike per momentin?<\/strong><br \/>\nNuk do preferoja te flisja per kete, pasi nuk dua te bej te njohur prej fames sime te tjere persona. Kam kuptuar qe jeta personale duhet te mbetet e tille.<\/p>\n<p><strong>Por ekziston nje lidhje per momentin sigurisht?<\/strong><br \/>\nPo natyrisht qe ekziston, dhe do ekzistojne te tilla por sic j\u2019ua thashe, nuk dua ta ndaj me me publikun dhe fansat, jeten time private. Le te mbetet e tille.<\/p>\n<p><strong>Kengetaret tashme e tregojne se sa vlejne edhe me parate qe marrin ne koncerte. Ju sa paguheni, dhe sa e pasur jeni?<\/strong><br \/>\nRreth 2500 Euro per nje koncert. Persa i perket pyetjes se sa e pasur jam mund te them se jam aq sa te siguroj jeten time. Kam nje apartament, nje makine, siguroj veshjet e mia, dhe gjithcka qe me duhet per te jetuar mire.<\/p>\n<p><strong>Jetoni vetem, cilet jane komshinjte e tu?<\/strong><br \/>\nJane motrat e mia, me te cilat ndonjehere gatuajme dhe shijojme ushqimin se bashku.<\/p>\n<p><strong>Si eshte te jetosh vetem ne shtepi?<\/strong><br \/>\nEshte shume bukur.<\/p>\n<p><strong>Qarkullojne opinione te ndryshme per ju. Por ju vete c\u2019mund te thoni per Ingridin?<\/strong><br \/>\nS\u2019mund te them asgje per ate se si me shohin te tjeret. Por une veten e shoh me shume vullnet per te arritur cdo lloj objektivi dhe qellimin final.<\/p>\n<p><strong>Dhe cili eshte qellimi juaj final?<\/strong><br \/>\nMuzika.<\/p>\n<p><strong>Pergjigje diplomatike. Po persa i perket \u201clook-ut\u201d do te vazhdoni t\u2019i mbani floket te zeza?<\/strong><br \/>\nPo. Besoj do te vazhdoj ende me kete model dhe ngjyre flokesh pasi ndihem mire.<\/p>\n<p><strong>Si arritet te dobesoheni?<\/strong><br \/>\nNe fakt e ndjeja nevojen per te hequr disa kilograme nga trupi keshtu qe fillova palestren dhe kufizova buken. Dhe sic e keni pare edhe ne klip kam rene mbi 5 kg.<\/p>\n<p><strong>Inisi ishte regjisorja e klipit me Ciljeten, por jo e klipit te fundit? Eshte e vertete qe jeni me shume shoqe se motra?<\/strong><br \/>\nNatyrisht, pasi kujdeset per mua dhe me qendron prane. Ajo eshte gjithmone aty ku une realizoj klipet e mia, edhe pse ne kete rast vendosem qe regjisor te ishte Princ Aleksander.<\/p>\n<p><strong>Nese beni nje rikthim ne kohe, ndiheni me pak e lumtur se me pare?<\/strong><br \/>\nGjithmone kam qene e lumtur dhe jam.<\/p>\n<p><strong>Pas klipit \u201cNjeri-tjetrit\u201d cfare do te kete?<\/strong><br \/>\nNje kenge e re me Kastro Zizon, i cili me ka ftuar ne bashkepunim.<\/p>\n<p><strong>Klotilda Harka<br \/>\nPanorama<\/strong><\/p>\n<p><strong><br \/>\n<\/strong><\/p>\n<p><strong><br \/>\n<\/strong><\/p>\n<!--YouTube Error: bad URL entered-->\n","protected":false},"excerpt":{"rendered":"<p>Interviste: INGRID GJONI Ja si arrita te dobesohem per klipin E nxehte edhe ne dimer, sepse tashme eshte identifikuar si koketa e klipeve \u201chot\u201d. Pas zhurmes se krijuar ne media per nje sherr banal me nje grup vajzash, Ingrid Gjoni ia beh me nje klip te ri per te treguar se asgje s\u2019ka ndodhur, dhe [&hellip;]<\/p>\n","protected":false},"author":1,"featured_media":0,"comment_status":"open","ping_status":"closed","sticky":false,"template":"","format":"standard","meta":{"spay_email":"","jetpack_publicize_message":"","jetpack_is_tweetstorm":false,"jetpack_publicize_feature_enabled":true},"categories":[1],"tags":[4966],"jetpack_publicize_connections":[],"yoast_head":"<!-- This site is optimized with the Yoast SEO plugin v19.1 - https:\/\/yoast.com\/wordpress\/plugins\/seo\/ -->\n<title>Ingrid Gjoni: Ja si arrita t\u00eb dob\u00ebsohem p\u00ebr klipin - Lajme nga Ulqini<\/title>\n<meta name=\"description\" content=\"Interviste: INGRID GJONI Ja si arrita te dobesohem per klipin E nxehte edhe ne dimer, sepse tashme eshte identifikuar si koketa e klipeve \u201chot\u201d. Pas\" \/>\n<meta name=\"robots\" content=\"index, follow, max-snippet:-1, max-image-preview:large, max-video-preview:-1\" \/>\n<link rel=\"canonical\" href=\"https:\/\/www.visit-ulcinj.com\/blog\/2009\/01\/11\/ingrid-gjoni-ja-si-arrita-te-dobesohem-per-klipin\/\" \/>\n<meta property=\"og:locale\" content=\"en_US\" \/>\n<meta property=\"og:type\" content=\"article\" \/>\n<meta property=\"og:title\" content=\"Ingrid Gjoni: Ja si arrita t\u00eb dob\u00ebsohem p\u00ebr klipin - Lajme nga Ulqini\" \/>\n<meta property=\"og:description\" content=\"Interviste: INGRID GJONI Ja si arrita te dobesohem per klipin E nxehte edhe ne dimer, sepse tashme eshte identifikuar si koketa e klipeve \u201chot\u201d. Pas\" \/>\n<meta property=\"og:url\" content=\"https:\/\/www.visit-ulcinj.com\/blog\/2009\/01\/11\/ingrid-gjoni-ja-si-arrita-te-dobesohem-per-klipin\/\" \/>\n<meta property=\"og:site_name\" content=\"Lajme nga Ulqini\" \/>\n<meta property=\"article:published_time\" content=\"2009-01-11T00:41:19+00:00\" \/>\n<meta property=\"article:modified_time\" content=\"2009-01-11T11:55:17+00:00\" \/>\n<meta property=\"og:image\" content=\"https:\/\/www.visit-ulcinj.com\/blog\/wp-content\/uploads\/2009\/01\/ingrid-gjoni1-150x150.jpg\" \/>\n<meta name=\"twitter:label1\" content=\"Written by\" \/>\n\t<meta name=\"twitter:data1\" content=\"ulqini\" \/>\n\t<meta name=\"twitter:label2\" content=\"Est. reading time\" \/>\n\t<meta name=\"twitter:data2\" content=\"5 minutes\" \/>\n<script type=\"application\/ld+json\" class=\"yoast-schema-graph\">{\"@context\":\"https:\/\/schema.org\",\"@graph\":[{\"@type\":\"WebSite\",\"@id\":\"https:\/\/www.visit-ulcinj.com\/blog\/#website\",\"url\":\"https:\/\/www.visit-ulcinj.com\/blog\/\",\"name\":\"Lajme nga Ulqini\",\"description\":\"Lajme,Vijesti,Ulqini,Ulqin,Crna Gora,Mali i Zi\",\"potentialAction\":[{\"@type\":\"SearchAction\",\"target\":{\"@type\":\"EntryPoint\",\"urlTemplate\":\"https:\/\/www.visit-ulcinj.com\/blog\/?s={search_term_string}\"},\"query-input\":\"required name=search_term_string\"}],\"inLanguage\":\"en-US\"},{\"@type\":\"ImageObject\",\"inLanguage\":\"en-US\",\"@id\":\"https:\/\/www.visit-ulcinj.com\/blog\/2009\/01\/11\/ingrid-gjoni-ja-si-arrita-te-dobesohem-per-klipin\/#primaryimage\",\"url\":\"http:\/\/www.visit-ulcinj.com\/blog\/wp-content\/uploads\/2009\/01\/ingrid-gjoni1.jpg\",\"contentUrl\":\"http:\/\/www.visit-ulcinj.com\/blog\/wp-content\/uploads\/2009\/01\/ingrid-gjoni1.jpg\"},{\"@type\":\"WebPage\",\"@id\":\"https:\/\/www.visit-ulcinj.com\/blog\/2009\/01\/11\/ingrid-gjoni-ja-si-arrita-te-dobesohem-per-klipin\/#webpage\",\"url\":\"https:\/\/www.visit-ulcinj.com\/blog\/2009\/01\/11\/ingrid-gjoni-ja-si-arrita-te-dobesohem-per-klipin\/\",\"name\":\"Ingrid Gjoni: Ja si arrita t\u00eb dob\u00ebsohem p\u00ebr klipin - Lajme nga Ulqini\",\"isPartOf\":{\"@id\":\"https:\/\/www.visit-ulcinj.com\/blog\/#website\"},\"primaryImageOfPage\":{\"@id\":\"https:\/\/www.visit-ulcinj.com\/blog\/2009\/01\/11\/ingrid-gjoni-ja-si-arrita-te-dobesohem-per-klipin\/#primaryimage\"},\"datePublished\":\"2009-01-11T00:41:19+00:00\",\"dateModified\":\"2009-01-11T11:55:17+00:00\",\"author\":{\"@id\":\"https:\/\/www.visit-ulcinj.com\/blog\/#\/schema\/person\/dcab619c614d3038751c63bc2aadc06d\"},\"description\":\"Interviste: INGRID GJONI Ja si arrita te dobesohem per klipin E nxehte edhe ne dimer, sepse tashme eshte identifikuar si koketa e klipeve \u201chot\u201d. Pas\",\"breadcrumb\":{\"@id\":\"https:\/\/www.visit-ulcinj.com\/blog\/2009\/01\/11\/ingrid-gjoni-ja-si-arrita-te-dobesohem-per-klipin\/#breadcrumb\"},\"inLanguage\":\"en-US\",\"potentialAction\":[{\"@type\":\"ReadAction\",\"target\":[\"https:\/\/www.visit-ulcinj.com\/blog\/2009\/01\/11\/ingrid-gjoni-ja-si-arrita-te-dobesohem-per-klipin\/\"]}]},{\"@type\":\"BreadcrumbList\",\"@id\":\"https:\/\/www.visit-ulcinj.com\/blog\/2009\/01\/11\/ingrid-gjoni-ja-si-arrita-te-dobesohem-per-klipin\/#breadcrumb\",\"itemListElement\":[{\"@type\":\"ListItem\",\"position\":1,\"name\":\"Ingrid Gjoni: Ja si arrita t\u00eb dob\u00ebsohem p\u00ebr klipin\"}]},{\"@type\":\"Person\",\"@id\":\"https:\/\/www.visit-ulcinj.com\/blog\/#\/schema\/person\/dcab619c614d3038751c63bc2aadc06d\",\"name\":\"ulqini\",\"sameAs\":[\"http:\/\/www.visit-ulcinj.com\"],\"url\":\"https:\/\/www.visit-ulcinj.com\/blog\/author\/admin\/\"}]}<\/script>\n<!-- \/ Yoast SEO plugin. -->","yoast_head_json":{"title":"Ingrid Gjoni: Ja si arrita t\u00eb dob\u00ebsohem p\u00ebr klipin - Lajme nga Ulqini","description":"Interviste: INGRID GJONI Ja si arrita te dobesohem per klipin E nxehte edhe ne dimer, sepse tashme eshte identifikuar si koketa e klipeve \u201chot\u201d. Pas","robots":{"index":"index","follow":"follow","max-snippet":"max-snippet:-1","max-image-preview":"max-image-preview:large","max-video-preview":"max-video-preview:-1"},"canonical":"https:\/\/www.visit-ulcinj.com\/blog\/2009\/01\/11\/ingrid-gjoni-ja-si-arrita-te-dobesohem-per-klipin\/","og_locale":"en_US","og_type":"article","og_title":"Ingrid Gjoni: Ja si arrita t\u00eb dob\u00ebsohem p\u00ebr klipin - Lajme nga Ulqini","og_description":"Interviste: INGRID GJONI Ja si arrita te dobesohem per klipin E nxehte edhe ne dimer, sepse tashme eshte identifikuar si koketa e klipeve \u201chot\u201d. Pas","og_url":"https:\/\/www.visit-ulcinj.com\/blog\/2009\/01\/11\/ingrid-gjoni-ja-si-arrita-te-dobesohem-per-klipin\/","og_site_name":"Lajme nga Ulqini","article_published_time":"2009-01-11T00:41:19+00:00","article_modified_time":"2009-01-11T11:55:17+00:00","og_image":[{"url":"https:\/\/www.visit-ulcinj.com\/blog\/wp-content\/uploads\/2009\/01\/ingrid-gjoni1-150x150.jpg"}],"twitter_misc":{"Written by":"ulqini","Est. reading time":"5 minutes"},"schema":{"@context":"https:\/\/schema.org","@graph":[{"@type":"WebSite","@id":"https:\/\/www.visit-ulcinj.com\/blog\/#website","url":"https:\/\/www.visit-ulcinj.com\/blog\/","name":"Lajme nga Ulqini","description":"Lajme,Vijesti,Ulqini,Ulqin,Crna Gora,Mali i Zi","potentialAction":[{"@type":"SearchAction","target":{"@type":"EntryPoint","urlTemplate":"https:\/\/www.visit-ulcinj.com\/blog\/?s={search_term_string}"},"query-input":"required name=search_term_string"}],"inLanguage":"en-US"},{"@type":"ImageObject","inLanguage":"en-US","@id":"https:\/\/www.visit-ulcinj.com\/blog\/2009\/01\/11\/ingrid-gjoni-ja-si-arrita-te-dobesohem-per-klipin\/#primaryimage","url":"http:\/\/www.visit-ulcinj.com\/blog\/wp-content\/uploads\/2009\/01\/ingrid-gjoni1.jpg","contentUrl":"http:\/\/www.visit-ulcinj.com\/blog\/wp-content\/uploads\/2009\/01\/ingrid-gjoni1.jpg"},{"@type":"WebPage","@id":"https:\/\/www.visit-ulcinj.com\/blog\/2009\/01\/11\/ingrid-gjoni-ja-si-arrita-te-dobesohem-per-klipin\/#webpage","url":"https:\/\/www.visit-ulcinj.com\/blog\/2009\/01\/11\/ingrid-gjoni-ja-si-arrita-te-dobesohem-per-klipin\/","name":"Ingrid Gjoni: Ja si arrita t\u00eb dob\u00ebsohem p\u00ebr klipin - Lajme nga Ulqini","isPartOf":{"@id":"https:\/\/www.visit-ulcinj.com\/blog\/#website"},"primaryImageOfPage":{"@id":"https:\/\/www.visit-ulcinj.com\/blog\/2009\/01\/11\/ingrid-gjoni-ja-si-arrita-te-dobesohem-per-klipin\/#primaryimage"},"datePublished":"2009-01-11T00:41:19+00:00","dateModified":"2009-01-11T11:55:17+00:00","author":{"@id":"https:\/\/www.visit-ulcinj.com\/blog\/#\/schema\/person\/dcab619c614d3038751c63bc2aadc06d"},"description":"Interviste: INGRID GJONI Ja si arrita te dobesohem per klipin E nxehte edhe ne dimer, sepse tashme eshte identifikuar si koketa e klipeve \u201chot\u201d. Pas","breadcrumb":{"@id":"https:\/\/www.visit-ulcinj.com\/blog\/2009\/01\/11\/ingrid-gjoni-ja-si-arrita-te-dobesohem-per-klipin\/#breadcrumb"},"inLanguage":"en-US","potentialAction":[{"@type":"ReadAction","target":["https:\/\/www.visit-ulcinj.com\/blog\/2009\/01\/11\/ingrid-gjoni-ja-si-arrita-te-dobesohem-per-klipin\/"]}]},{"@type":"BreadcrumbList","@id":"https:\/\/www.visit-ulcinj.com\/blog\/2009\/01\/11\/ingrid-gjoni-ja-si-arrita-te-dobesohem-per-klipin\/#breadcrumb","itemListElement":[{"@type":"ListItem","position":1,"name":"Ingrid Gjoni: Ja si arrita t\u00eb dob\u00ebsohem p\u00ebr klipin"}]},{"@type":"Person","@id":"https:\/\/www.visit-ulcinj.com\/blog\/#\/schema\/person\/dcab619c614d3038751c63bc2aadc06d","name":"ulqini","sameAs":["http:\/\/www.visit-ulcinj.com"],"url":"https:\/\/www.visit-ulcinj.com\/blog\/author\/admin\/"}]}},"jetpack_featured_media_url":"","jetpack_sharing_enabled":true,"jetpack_shortlink":"https:\/\/wp.me\/pe6lTn-2bT","_links":{"self":[{"href":"https:\/\/www.visit-ulcinj.com\/blog\/wp-json\/wp\/v2\/posts\/8425"}],"collection":[{"href":"https:\/\/www.visit-ulcinj.com\/blog\/wp-json\/wp\/v2\/posts"}],"about":[{"href":"https:\/\/www.visit-ulcinj.com\/blog\/wp-json\/wp\/v2\/types\/post"}],"author":[{"embeddable":true,"href":"https:\/\/www.visit-ulcinj.com\/blog\/wp-json\/wp\/v2\/users\/1"}],"replies":[{"embeddable":true,"href":"https:\/\/www.visit-ulcinj.com\/blog\/wp-json\/wp\/v2\/comments?post=8425"}],"version-history":[{"count":0,"href":"https:\/\/www.visit-ulcinj.com\/blog\/wp-json\/wp\/v2\/posts\/8425\/revisions"}],"wp:attachment":[{"href":"https:\/\/www.visit-ulcinj.com\/blog\/wp-json\/wp\/v2\/media?parent=8425"}],"wp:term":[{"taxonomy":"category","embeddable":true,"href":"https:\/\/www.visit-ulcinj.com\/blog\/wp-json\/wp\/v2\/categories?post=8425"},{"taxonomy":"post_tag","embeddable":true,"href":"https:\/\/www.visit-ulcinj.com\/blog\/wp-json\/wp\/v2\/tags?post=8425"}],"curies":[{"name":"wp","href":"https:\/\/api.w.org\/{rel}","templated":true}]}}