{"id":84265,"date":"2014-07-24T17:29:33","date_gmt":"2014-07-24T16:29:33","guid":{"rendered":"http:\/\/www.visit-ulcinj.com\/blog\/?p=84265"},"modified":"2014-07-24T17:29:33","modified_gmt":"2014-07-24T16:29:33","slug":"foto-e-ledrit-dhe-noizyt-inatos-edhe-stresin","status":"publish","type":"post","link":"https:\/\/www.visit-ulcinj.com\/blog\/2014\/07\/24\/foto-e-ledrit-dhe-noizyt-inatos-edhe-stresin\/","title":{"rendered":"Foto e Ledrit dhe Noizyt inatos edhe Stresin"},"content":{"rendered":"<p><strong><a href=\"http:\/\/www.visit-ulcinj.com\/blog\/wp-content\/uploads\/2014\/07\/Noizy-Ledri-Ulqin-Ulqini.jpg\"><img loading=\"lazy\" class=\"alignleft wp-image-84219\" src=\"http:\/\/www.visit-ulcinj.com\/blog\/wp-content\/uploads\/2014\/07\/Noizy-Ledri-Ulqin-Ulqini.jpg\" alt=\"Noizy-Ledri-Ulqin-Ulqini\" width=\"508\" height=\"286\" \/><\/a>Reperi nga Shqip\u00ebria, Stresi, ka reaguar ashp\u00ebr pasi pa nj\u00eb fotografi t\u00eb Ledrit bashk\u00eb me Noizyn n\u00eb nj\u00eb koncert n\u00eb Ulqin. Mbr\u00ebm\u00eb pas mesnate n\u00eb nj\u00eb raportim t\u00eb jasht\u00ebzakonsh\u00ebm \u2018live\u2019 u publikua nj\u00eb fotografi q\u00eb erdhi nga Ulqini, ku n\u00eb Hollegros performuan Ledri dhe Noizy, e po ashtu edhe b\u00ebn\u00eb nj\u00eb fotografi bashk\u00eb. <\/strong><\/p>\n<p>Po ashtu, m\u00ebsuam se mes reper\u00ebve ka relaksim raportesh, pasi miqt\u00eb t\u00eb tyre t\u00eb p\u00ebrbashk\u00ebt n\u00eb hip hop kan\u00eb reaguar p\u00ebr t\u2019i relaksuar marr\u00ebdh\u00ebniet mes tyre, e madje edhe t\u00eb v\u00ebn\u00eb paqe, pas konfliktit t\u00eb kahmotsh\u00ebm q\u00eb kan\u00eb pasur nd\u00ebrmjet vete, kur Ledri ishte n\u00eb Babastars. Por, kjo nuk \u00ebsht\u00eb pritur aspak mir\u00eb nga Stresi, reperi nga Shqip\u00ebria, i af\u00ebrt me Babastars.<\/p>\n<p>Stresi i shkruan n\u00eb aplikacionin Viber Ledrit, ku ai shprehet i befasuar, duke th\u00ebn\u00eb se madje do t\u2019ua tregoj\u00eb burr\u00ebrin\u00eb n\u00eb Tiran\u00eb.\u201cM\u00eb fal v\u00eblla, nuk t\u00eb gjykoj pse ke dal\u00eb n\u00eb foto me at\u00eb. Por, un\u00eb i them Zotit ishalla ju shoh t\u00eb dyve n\u00eb koncert n\u00eb Tiran\u00eb, e ju kall\u00ebzoj \u00e7ka \u00ebsht\u00eb burr\u00ebria. Lamtumir\u00eb\u201d, i ka shkruar Stresi n\u00eb nj\u00eb mesazh Ledrit. P\u00ebr k\u00ebt\u00eb bised\u00eb jan\u00eb t\u00eb informuar edhe an\u00ebtar\u00ebt e Babastars. Po ashtu nga burime t\u00eb sigurta m\u00ebsojm\u00eb se i gjith\u00eb kampi i Babastars \u00ebsht\u00eb i shokuar nga kjo fotografi, pasi deri para pak koh\u00ebsh Ledri \u00ebsht\u00eb konsideruar pjes\u00eb e tyre dhe p\u00ebr ta \u00ebsht\u00eb i pakuptuesh\u00ebm nj\u00eb foto e till\u00eb.<\/p>\n<p>Nga ana tjet\u00ebr bosi i Babastars, Getoar Selimi, nuk ka preferuar t\u00eb flas\u00eb rreth k\u00ebsaj teme, e ka mbetur i qet\u00eb. Mbetet t\u00eb shihet \u00e7far\u00eb do t\u00eb ndodh\u00eb n\u00eb sken\u00ebn e hip hopit shqiptar, e cila po fillon t\u00eb b\u00ebhet shum\u00eb interesante dhe m\u00eb e qart\u00eb se kurr\u00eb m\u00eb par\u00eb.<\/p>\n<p>Koha Net<\/p>\n","protected":false},"excerpt":{"rendered":"<p>Reperi nga Shqip\u00ebria, Stresi, ka reaguar ashp\u00ebr pasi pa nj\u00eb fotografi t\u00eb Ledrit bashk\u00eb me Noizyn n\u00eb nj\u00eb koncert n\u00eb Ulqin. Mbr\u00ebm\u00eb pas mesnate n\u00eb nj\u00eb raportim t\u00eb jasht\u00ebzakonsh\u00ebm \u2018live\u2019 u publikua nj\u00eb fotografi q\u00eb erdhi nga Ulqini, ku n\u00eb Hollegros performuan Ledri dhe Noizy, e po ashtu edhe b\u00ebn\u00eb nj\u00eb fotografi bashk\u00eb. Po ashtu, [&hellip;]<\/p>\n","protected":false},"author":1,"featured_media":0,"comment_status":"closed","ping_status":"closed","sticky":false,"template":"","format":"standard","meta":{"spay_email":"","jetpack_publicize_message":"","jetpack_is_tweetstorm":false,"jetpack_publicize_feature_enabled":true},"categories":[1],"tags":[],"jetpack_publicize_connections":[],"yoast_head":"<!-- This site is optimized with the Yoast SEO plugin v19.1 - https:\/\/yoast.com\/wordpress\/plugins\/seo\/ -->\n<title>Foto e Ledrit dhe Noizyt inatos edhe Stresin - Lajme nga Ulqini<\/title>\n<meta name=\"description\" content=\"Reperi nga Shqip\u00ebria, Stresi, ka reaguar ashp\u00ebr pasi pa nj\u00eb fotografi t\u00eb Ledrit bashk\u00eb me Noizyn n\u00eb nj\u00eb koncert n\u00eb Ulqin. Mbr\u00ebm\u00eb pas mesnate n\u00eb nj\u00eb\" \/>\n<meta name=\"robots\" content=\"index, follow, max-snippet:-1, max-image-preview:large, max-video-preview:-1\" \/>\n<link rel=\"canonical\" href=\"https:\/\/www.visit-ulcinj.com\/blog\/2014\/07\/24\/foto-e-ledrit-dhe-noizyt-inatos-edhe-stresin\/\" \/>\n<meta property=\"og:locale\" content=\"en_US\" \/>\n<meta property=\"og:type\" content=\"article\" \/>\n<meta property=\"og:title\" content=\"Foto e Ledrit dhe Noizyt inatos edhe Stresin - Lajme nga Ulqini\" \/>\n<meta property=\"og:description\" content=\"Reperi nga Shqip\u00ebria, Stresi, ka reaguar ashp\u00ebr pasi pa nj\u00eb fotografi t\u00eb Ledrit bashk\u00eb me Noizyn n\u00eb nj\u00eb koncert n\u00eb Ulqin. Mbr\u00ebm\u00eb pas mesnate n\u00eb nj\u00eb\" \/>\n<meta property=\"og:url\" content=\"https:\/\/www.visit-ulcinj.com\/blog\/2014\/07\/24\/foto-e-ledrit-dhe-noizyt-inatos-edhe-stresin\/\" \/>\n<meta property=\"og:site_name\" content=\"Lajme nga Ulqini\" \/>\n<meta property=\"article:published_time\" content=\"2014-07-24T16:29:33+00:00\" \/>\n<meta property=\"og:image\" content=\"http:\/\/www.visit-ulcinj.com\/blog\/wp-content\/uploads\/2014\/07\/Noizy-Ledri-Ulqin-Ulqini.jpg\" \/>\n<meta name=\"twitter:label1\" content=\"Written by\" \/>\n\t<meta name=\"twitter:data1\" content=\"ulqini\" \/>\n\t<meta name=\"twitter:label2\" content=\"Est. reading time\" \/>\n\t<meta name=\"twitter:data2\" content=\"2 minutes\" \/>\n<script type=\"application\/ld+json\" class=\"yoast-schema-graph\">{\"@context\":\"https:\/\/schema.org\",\"@graph\":[{\"@type\":\"WebSite\",\"@id\":\"https:\/\/www.visit-ulcinj.com\/blog\/#website\",\"url\":\"https:\/\/www.visit-ulcinj.com\/blog\/\",\"name\":\"Lajme nga Ulqini\",\"description\":\"Lajme,Vijesti,Ulqini,Ulqin,Crna Gora,Mali i Zi\",\"potentialAction\":[{\"@type\":\"SearchAction\",\"target\":{\"@type\":\"EntryPoint\",\"urlTemplate\":\"https:\/\/www.visit-ulcinj.com\/blog\/?s={search_term_string}\"},\"query-input\":\"required name=search_term_string\"}],\"inLanguage\":\"en-US\"},{\"@type\":\"ImageObject\",\"inLanguage\":\"en-US\",\"@id\":\"https:\/\/www.visit-ulcinj.com\/blog\/2014\/07\/24\/foto-e-ledrit-dhe-noizyt-inatos-edhe-stresin\/#primaryimage\",\"url\":\"http:\/\/www.visit-ulcinj.com\/blog\/wp-content\/uploads\/2014\/07\/Noizy-Ledri-Ulqin-Ulqini.jpg\",\"contentUrl\":\"http:\/\/www.visit-ulcinj.com\/blog\/wp-content\/uploads\/2014\/07\/Noizy-Ledri-Ulqin-Ulqini.jpg\"},{\"@type\":\"WebPage\",\"@id\":\"https:\/\/www.visit-ulcinj.com\/blog\/2014\/07\/24\/foto-e-ledrit-dhe-noizyt-inatos-edhe-stresin\/#webpage\",\"url\":\"https:\/\/www.visit-ulcinj.com\/blog\/2014\/07\/24\/foto-e-ledrit-dhe-noizyt-inatos-edhe-stresin\/\",\"name\":\"Foto e Ledrit dhe Noizyt inatos edhe Stresin - Lajme nga Ulqini\",\"isPartOf\":{\"@id\":\"https:\/\/www.visit-ulcinj.com\/blog\/#website\"},\"primaryImageOfPage\":{\"@id\":\"https:\/\/www.visit-ulcinj.com\/blog\/2014\/07\/24\/foto-e-ledrit-dhe-noizyt-inatos-edhe-stresin\/#primaryimage\"},\"datePublished\":\"2014-07-24T16:29:33+00:00\",\"dateModified\":\"2014-07-24T16:29:33+00:00\",\"author\":{\"@id\":\"https:\/\/www.visit-ulcinj.com\/blog\/#\/schema\/person\/dcab619c614d3038751c63bc2aadc06d\"},\"description\":\"Reperi nga Shqip\u00ebria, Stresi, ka reaguar ashp\u00ebr pasi pa nj\u00eb fotografi t\u00eb Ledrit bashk\u00eb me Noizyn n\u00eb nj\u00eb koncert n\u00eb Ulqin. Mbr\u00ebm\u00eb pas mesnate n\u00eb nj\u00eb\",\"breadcrumb\":{\"@id\":\"https:\/\/www.visit-ulcinj.com\/blog\/2014\/07\/24\/foto-e-ledrit-dhe-noizyt-inatos-edhe-stresin\/#breadcrumb\"},\"inLanguage\":\"en-US\",\"potentialAction\":[{\"@type\":\"ReadAction\",\"target\":[\"https:\/\/www.visit-ulcinj.com\/blog\/2014\/07\/24\/foto-e-ledrit-dhe-noizyt-inatos-edhe-stresin\/\"]}]},{\"@type\":\"BreadcrumbList\",\"@id\":\"https:\/\/www.visit-ulcinj.com\/blog\/2014\/07\/24\/foto-e-ledrit-dhe-noizyt-inatos-edhe-stresin\/#breadcrumb\",\"itemListElement\":[{\"@type\":\"ListItem\",\"position\":1,\"name\":\"Foto e Ledrit dhe Noizyt inatos edhe Stresin\"}]},{\"@type\":\"Person\",\"@id\":\"https:\/\/www.visit-ulcinj.com\/blog\/#\/schema\/person\/dcab619c614d3038751c63bc2aadc06d\",\"name\":\"ulqini\",\"sameAs\":[\"http:\/\/www.visit-ulcinj.com\"],\"url\":\"https:\/\/www.visit-ulcinj.com\/blog\/author\/admin\/\"}]}<\/script>\n<!-- \/ Yoast SEO plugin. -->","yoast_head_json":{"title":"Foto e Ledrit dhe Noizyt inatos edhe Stresin - Lajme nga Ulqini","description":"Reperi nga Shqip\u00ebria, Stresi, ka reaguar ashp\u00ebr pasi pa nj\u00eb fotografi t\u00eb Ledrit bashk\u00eb me Noizyn n\u00eb nj\u00eb koncert n\u00eb Ulqin. Mbr\u00ebm\u00eb pas mesnate n\u00eb nj\u00eb","robots":{"index":"index","follow":"follow","max-snippet":"max-snippet:-1","max-image-preview":"max-image-preview:large","max-video-preview":"max-video-preview:-1"},"canonical":"https:\/\/www.visit-ulcinj.com\/blog\/2014\/07\/24\/foto-e-ledrit-dhe-noizyt-inatos-edhe-stresin\/","og_locale":"en_US","og_type":"article","og_title":"Foto e Ledrit dhe Noizyt inatos edhe Stresin - Lajme nga Ulqini","og_description":"Reperi nga Shqip\u00ebria, Stresi, ka reaguar ashp\u00ebr pasi pa nj\u00eb fotografi t\u00eb Ledrit bashk\u00eb me Noizyn n\u00eb nj\u00eb koncert n\u00eb Ulqin. Mbr\u00ebm\u00eb pas mesnate n\u00eb nj\u00eb","og_url":"https:\/\/www.visit-ulcinj.com\/blog\/2014\/07\/24\/foto-e-ledrit-dhe-noizyt-inatos-edhe-stresin\/","og_site_name":"Lajme nga Ulqini","article_published_time":"2014-07-24T16:29:33+00:00","og_image":[{"url":"http:\/\/www.visit-ulcinj.com\/blog\/wp-content\/uploads\/2014\/07\/Noizy-Ledri-Ulqin-Ulqini.jpg"}],"twitter_misc":{"Written by":"ulqini","Est. reading time":"2 minutes"},"schema":{"@context":"https:\/\/schema.org","@graph":[{"@type":"WebSite","@id":"https:\/\/www.visit-ulcinj.com\/blog\/#website","url":"https:\/\/www.visit-ulcinj.com\/blog\/","name":"Lajme nga Ulqini","description":"Lajme,Vijesti,Ulqini,Ulqin,Crna Gora,Mali i Zi","potentialAction":[{"@type":"SearchAction","target":{"@type":"EntryPoint","urlTemplate":"https:\/\/www.visit-ulcinj.com\/blog\/?s={search_term_string}"},"query-input":"required name=search_term_string"}],"inLanguage":"en-US"},{"@type":"ImageObject","inLanguage":"en-US","@id":"https:\/\/www.visit-ulcinj.com\/blog\/2014\/07\/24\/foto-e-ledrit-dhe-noizyt-inatos-edhe-stresin\/#primaryimage","url":"http:\/\/www.visit-ulcinj.com\/blog\/wp-content\/uploads\/2014\/07\/Noizy-Ledri-Ulqin-Ulqini.jpg","contentUrl":"http:\/\/www.visit-ulcinj.com\/blog\/wp-content\/uploads\/2014\/07\/Noizy-Ledri-Ulqin-Ulqini.jpg"},{"@type":"WebPage","@id":"https:\/\/www.visit-ulcinj.com\/blog\/2014\/07\/24\/foto-e-ledrit-dhe-noizyt-inatos-edhe-stresin\/#webpage","url":"https:\/\/www.visit-ulcinj.com\/blog\/2014\/07\/24\/foto-e-ledrit-dhe-noizyt-inatos-edhe-stresin\/","name":"Foto e Ledrit dhe Noizyt inatos edhe Stresin - Lajme nga Ulqini","isPartOf":{"@id":"https:\/\/www.visit-ulcinj.com\/blog\/#website"},"primaryImageOfPage":{"@id":"https:\/\/www.visit-ulcinj.com\/blog\/2014\/07\/24\/foto-e-ledrit-dhe-noizyt-inatos-edhe-stresin\/#primaryimage"},"datePublished":"2014-07-24T16:29:33+00:00","dateModified":"2014-07-24T16:29:33+00:00","author":{"@id":"https:\/\/www.visit-ulcinj.com\/blog\/#\/schema\/person\/dcab619c614d3038751c63bc2aadc06d"},"description":"Reperi nga Shqip\u00ebria, Stresi, ka reaguar ashp\u00ebr pasi pa nj\u00eb fotografi t\u00eb Ledrit bashk\u00eb me Noizyn n\u00eb nj\u00eb koncert n\u00eb Ulqin. Mbr\u00ebm\u00eb pas mesnate n\u00eb nj\u00eb","breadcrumb":{"@id":"https:\/\/www.visit-ulcinj.com\/blog\/2014\/07\/24\/foto-e-ledrit-dhe-noizyt-inatos-edhe-stresin\/#breadcrumb"},"inLanguage":"en-US","potentialAction":[{"@type":"ReadAction","target":["https:\/\/www.visit-ulcinj.com\/blog\/2014\/07\/24\/foto-e-ledrit-dhe-noizyt-inatos-edhe-stresin\/"]}]},{"@type":"BreadcrumbList","@id":"https:\/\/www.visit-ulcinj.com\/blog\/2014\/07\/24\/foto-e-ledrit-dhe-noizyt-inatos-edhe-stresin\/#breadcrumb","itemListElement":[{"@type":"ListItem","position":1,"name":"Foto e Ledrit dhe Noizyt inatos edhe Stresin"}]},{"@type":"Person","@id":"https:\/\/www.visit-ulcinj.com\/blog\/#\/schema\/person\/dcab619c614d3038751c63bc2aadc06d","name":"ulqini","sameAs":["http:\/\/www.visit-ulcinj.com"],"url":"https:\/\/www.visit-ulcinj.com\/blog\/author\/admin\/"}]}},"jetpack_featured_media_url":"","jetpack_sharing_enabled":true,"jetpack_shortlink":"https:\/\/wp.me\/pe6lTn-lV7","_links":{"self":[{"href":"https:\/\/www.visit-ulcinj.com\/blog\/wp-json\/wp\/v2\/posts\/84265"}],"collection":[{"href":"https:\/\/www.visit-ulcinj.com\/blog\/wp-json\/wp\/v2\/posts"}],"about":[{"href":"https:\/\/www.visit-ulcinj.com\/blog\/wp-json\/wp\/v2\/types\/post"}],"author":[{"embeddable":true,"href":"https:\/\/www.visit-ulcinj.com\/blog\/wp-json\/wp\/v2\/users\/1"}],"replies":[{"embeddable":true,"href":"https:\/\/www.visit-ulcinj.com\/blog\/wp-json\/wp\/v2\/comments?post=84265"}],"version-history":[{"count":1,"href":"https:\/\/www.visit-ulcinj.com\/blog\/wp-json\/wp\/v2\/posts\/84265\/revisions"}],"predecessor-version":[{"id":84266,"href":"https:\/\/www.visit-ulcinj.com\/blog\/wp-json\/wp\/v2\/posts\/84265\/revisions\/84266"}],"wp:attachment":[{"href":"https:\/\/www.visit-ulcinj.com\/blog\/wp-json\/wp\/v2\/media?parent=84265"}],"wp:term":[{"taxonomy":"category","embeddable":true,"href":"https:\/\/www.visit-ulcinj.com\/blog\/wp-json\/wp\/v2\/categories?post=84265"},{"taxonomy":"post_tag","embeddable":true,"href":"https:\/\/www.visit-ulcinj.com\/blog\/wp-json\/wp\/v2\/tags?post=84265"}],"curies":[{"name":"wp","href":"https:\/\/api.w.org\/{rel}","templated":true}]}}