{"id":84271,"date":"2014-07-24T18:53:24","date_gmt":"2014-07-24T17:53:24","guid":{"rendered":"http:\/\/www.visit-ulcinj.com\/blog\/?p=84271"},"modified":"2014-07-25T13:55:18","modified_gmt":"2014-07-25T12:55:18","slug":"150-shporta-te-ramazanit-aksion-humanitare-nga-xhamia-klleznes","status":"publish","type":"post","link":"https:\/\/www.visit-ulcinj.com\/blog\/2014\/07\/24\/150-shporta-te-ramazanit-aksion-humanitare-nga-xhamia-klleznes\/","title":{"rendered":"150 Shporta t\u00eb Ramazanit, aksion humanitar\u00eb nga Xhamia Klleznes"},"content":{"rendered":"<p><span class=\"fbPhotoCaptionText\"><a href=\"http:\/\/www.visit-ulcinj.com\/blog\/wp-content\/uploads\/2014\/07\/150-Shporta-Xhamia-Klleznes-akcion-humanitar-3.jpg\"><img loading=\"lazy\" class=\"alignleft wp-image-84272\" src=\"http:\/\/www.visit-ulcinj.com\/blog\/wp-content\/uploads\/2014\/07\/150-Shporta-Xhamia-Klleznes-akcion-humanitar-3.jpg\" alt=\"150 -Shporta-Xhamia Klleznes-akcion-humanitar-3\" width=\"508\" height=\"381\" srcset=\"https:\/\/www.visit-ulcinj.com\/blog\/wp-content\/uploads\/2014\/07\/150-Shporta-Xhamia-Klleznes-akcion-humanitar-3.jpg 960w, https:\/\/www.visit-ulcinj.com\/blog\/wp-content\/uploads\/2014\/07\/150-Shporta-Xhamia-Klleznes-akcion-humanitar-3-300x225.jpg 300w\" sizes=\"(max-width: 508px) 100vw, 508px\" \/><\/a>T\u00eb M\u00ebrkur\u00ebn me dat\u00eb 23.07.2014, K\u00ebshilli i Xhamis\u00eb s\u00eb Kllezn\u00ebs dhe Forumi Rinor i Xhamis\u00eb s\u00eb Kllezn\u00ebs, me rastin e muajit t\u00eb bekuar t\u00eb Ramazanit, shp\u00ebrndan\u00eb p\u00ebr t\u00eb dyt\u00ebn her\u00eb radhazi SHPORT\u00cbN E RAMAZANIT si aksion humanitar\u00eb bamir\u00ebs n\u00eb ndarjen e ndihmave q\u00eb iu dedikua: jetim\u00ebve, skamnor\u00ebve, personave me aft\u00ebsi t\u00eb kufizuar dhe nevojtar\u00ebve n\u00eb t\u00ebr\u00eb territorin e komun\u00ebs s\u00eb Ulqinit me rrethin\u00eb.<\/span><\/p>\n<p>N\u00eb Nat\u00ebn e Kadrit, gjegj\u00ebsisht dit\u00ebn e M\u00ebrkur\u00eb, Xhamia e Kllezn\u00ebs shp\u00ebrndau 150 Shporta Ramazani p\u00ebr 150 familje t\u00eb k\u00ebtyre kategorive.<br \/>\nSi fillim u shp\u00ebrndan\u00eb:<br \/>\n1. 113 familjeve, duke p\u00ebrfshir\u00eb familjet me kategori t\u00eb r\u00ebnda financiare dhe jetim\u00ebt n\u00eb zon\u00ebn e Komun\u00ebs s\u00eb Ulqinit,<br \/>\n2. 15 shporta qendr\u00ebs s\u00eb personave me aft\u00ebsi t\u00eb kufizuara, SIRENA, dhe<br \/>\n3. 22 shporta p\u00ebr pun\u00ebtor\u00ebt e nd\u00ebrmarrjes komunale, gjegj\u00ebsisht familjeve rome.<\/p>\n<p><span class=\"fbPhotoCaptionText\"><a href=\"http:\/\/www.visit-ulcinj.com\/blog\/wp-content\/uploads\/2014\/07\/150-Shporta-Xhamia-Klleznes.jpg\"><img loading=\"lazy\" class=\"alignleft wp-image-84273\" src=\"http:\/\/www.visit-ulcinj.com\/blog\/wp-content\/uploads\/2014\/07\/150-Shporta-Xhamia-Klleznes.jpg\" alt=\"150 -Shporta-Xhamia Klleznes\" width=\"508\" height=\"381\" srcset=\"https:\/\/www.visit-ulcinj.com\/blog\/wp-content\/uploads\/2014\/07\/150-Shporta-Xhamia-Klleznes.jpg 960w, https:\/\/www.visit-ulcinj.com\/blog\/wp-content\/uploads\/2014\/07\/150-Shporta-Xhamia-Klleznes-300x225.jpg 300w\" sizes=\"(max-width: 508px) 100vw, 508px\" \/><\/a><\/span><\/p>\n<p>Pjesa tjet\u00ebr e mbetur dhe ato q\u00eb do t\u00eb grumbullohen deri n\u00eb nat\u00ebn e Fit\u00ebr Bajramit, do t\u00eb ndahen pik\u00ebrisht t\u00eb Diel\u00ebn, ku shp\u00ebrndarja tjet\u00ebr \u00ebsht\u00eb zona e Krajes dhe disa familje tjera n\u00eb zon\u00ebn e Komun\u00ebs s\u00eb Ulqinit, q\u00eb kan\u00eb mbetur pa Shport\u00ebn e Ramazanit.<br \/>\nShp\u00ebrndarjen e shportave n\u00eb teren e kan\u00eb b\u00ebr\u00eb K\u00ebshilli i Xhamis\u00eb, konkretisht komisioni bashk\u00eb me Forumin Rinor t\u00eb xhamis\u00eb s\u00eb Kllezn\u00ebs.<\/p>\n<p>Duke par\u00eb q\u00eb aktiviteti i Shport\u00ebs s\u00eb Ramazanit n\u00eb xhamin\u00eb e Kllezn\u00ebs ka ngjallur interesim tek njer\u00ebzit human dhe <span class=\"fbPhotoCaptionText\">kontribuesve, andaj komisioni ka vendosur q\u00eb shporta e ramazanit t\u00eb mbushet edhe me m\u00eb shum\u00eb me produkte ushqimore shtes, duke e kompletuar m\u00eb shum\u00eb nga ajo q\u00eb e kemi parapar\u00eb n\u00eb fillim t\u00eb ramazanit.<\/span><\/p>\n<p>Nuk duhet harruar t\u00eb theksohet se, krahas ndihmave n\u00eb vler\u00eb monetare, ka pasur nga familjar\u00ebt q\u00eb na i kan\u00eb sjell\u00eb shportat t\u00eb blera nga vet\u00eb ato, duke na sjell\u00eb mbi 20 shporta plot e p\u00ebrplot me produkte ushqimore, gjithashtu ka pasur edhe prej kontribuuesve q\u00eb na kan\u00eb sjell\u00eb veshmbathje p\u00ebr f\u00ebmij\u00ebt jetim\u00eb prej mosh\u00ebs 6 deri 12 vje\u00e7ar dhe mbi 100 pal\u00eb k\u00ebpuc\u00eb.<\/p>\n<p>Andaj i fal\u00ebnderojm\u00eb t\u00eb gjith\u00eb ato q\u00eb kan\u00eb kontribuar n\u00eb forma t\u00eb ndryshme, si ato vendas por edhe m\u00ebrgimtar\u00ebt tan\u00eb, duke e lutur Zotin e Plotfuqishem q\u00eb t\u00eb i shp\u00ebrblej me t\u00eb mirat e Tij, dhe ju shtoft g\u00ebzimin n\u00eb familjet e tyre ashtu si\u00e7 soll\u00ebn g\u00ebzimin dhe buz\u00ebqeshjen n\u00eb familjet e k\u00ebtyre kategorive n\u00eb nevoj\u00eb.<\/p>\n<p><span class=\"fbPhotoCaptionText\"><span class=\"fbPhotoCaptionText\"><a href=\"http:\/\/www.visit-ulcinj.com\/blog\/wp-content\/uploads\/2014\/07\/150-Shporta-Xhamia-Klleznes-akcion-humanitar-6.jpg\"><img loading=\"lazy\" class=\"alignleft wp-image-84274\" src=\"http:\/\/www.visit-ulcinj.com\/blog\/wp-content\/uploads\/2014\/07\/150-Shporta-Xhamia-Klleznes-akcion-humanitar-6.jpg\" alt=\"150 -Shporta-Xhamia Klleznes-akcion-humanitar-6\" width=\"508\" height=\"381\" srcset=\"https:\/\/www.visit-ulcinj.com\/blog\/wp-content\/uploads\/2014\/07\/150-Shporta-Xhamia-Klleznes-akcion-humanitar-6.jpg 960w, https:\/\/www.visit-ulcinj.com\/blog\/wp-content\/uploads\/2014\/07\/150-Shporta-Xhamia-Klleznes-akcion-humanitar-6-300x225.jpg 300w\" sizes=\"(max-width: 508px) 100vw, 508px\" \/><\/a><\/span><\/span><\/p>\n<p>Gjithashtu fal\u00ebnderojm\u00eb t\u00eb gjith\u00eb portalet mediatike si ato t\u00eb shkruara por edhe TV Teuta q\u00eb kan\u00eb b\u00ebr\u00eb dhe po b\u00ebni pun\u00eb t\u00eb \u00e7muar dhe t\u00eb mir\u00eb duke na ndihmuar neve por edhe ato q\u00eb p\u00ebrmes juve informohen n\u00eb realizimin e k\u00ebtyre projekteve t\u00eb nevojshme p\u00ebr vendin ton\u00eb.<\/p>\n<p><span class=\"fbPhotoCaptionText\"><span class=\"fbPhotoCaptionText\"><a href=\"http:\/\/www.visit-ulcinj.com\/blog\/wp-content\/uploads\/2014\/07\/150-Shporta-Xhamia-Klleznes-akcion-humanitar-1.jpg\"><img loading=\"lazy\" class=\"alignleft wp-image-84275\" src=\"http:\/\/www.visit-ulcinj.com\/blog\/wp-content\/uploads\/2014\/07\/150-Shporta-Xhamia-Klleznes-akcion-humanitar-1.jpg\" alt=\"150 -Shporta-Xhamia Klleznes-akcion-humanitar-1\" width=\"508\" height=\"381\" srcset=\"https:\/\/www.visit-ulcinj.com\/blog\/wp-content\/uploads\/2014\/07\/150-Shporta-Xhamia-Klleznes-akcion-humanitar-1.jpg 960w, https:\/\/www.visit-ulcinj.com\/blog\/wp-content\/uploads\/2014\/07\/150-Shporta-Xhamia-Klleznes-akcion-humanitar-1-300x225.jpg 300w\" sizes=\"(max-width: 508px) 100vw, 508px\" \/><\/a><\/span><\/span><\/p>\n<p>\u201cLusim Zotin e Lart\u00ebmadh\u00ebruar q\u00eb \u00e7do ndihm\u00eb tuaj\u00ebn ta radhis\u00eb n\u00eb veprat e mira\u201d<\/p>\n<p>Me respekt<br \/>\nKomisioni i Shport\u00ebs s\u00eb Ramazanit<br \/>\n<strong><br \/>\n<a href=\"https:\/\/www.facebook.com\/xhamiaklleznes\/media_set?set=a.337462526402903.1073741861.100004174742969&amp;type=1\" target=\"_blank\">P\u00ebr me shum\u00eb Fotografi kliko n\u00eb Xhamia Klleznes Facebook<\/a><\/strong><\/p>\n\n\t\t<style type=\"text\/css\">\n\t\t\t#gallery-1 {\n\t\t\t\tmargin: auto;\n\t\t\t}\n\t\t\t#gallery-1 .gallery-item {\n\t\t\t\tfloat: left;\n\t\t\t\tmargin-top: 10px;\n\t\t\t\ttext-align: center;\n\t\t\t\twidth: 33%;\n\t\t\t}\n\t\t\t#gallery-1 img {\n\t\t\t\tborder: 2px solid #cfcfcf;\n\t\t\t}\n\t\t\t#gallery-1 .gallery-caption {\n\t\t\t\tmargin-left: 0;\n\t\t\t}\n\t\t\t\/* see gallery_shortcode() in wp-includes\/media.php *\/\n\t\t<\/style>\n\t\t<div id='gallery-1' class='gallery galleryid-84271 gallery-columns-3 gallery-size-thumbnail'><dl class='gallery-item'>\n\t\t\t<dt class='gallery-icon landscape'>\n\t\t\t\t<a href='https:\/\/www.visit-ulcinj.com\/blog\/2014\/07\/24\/150-shporta-te-ramazanit-aksion-humanitare-nga-xhamia-klleznes\/150-shporta-xhamia-klleznes-akcion-humanitar-2\/'><img width=\"150\" height=\"150\" src=\"https:\/\/www.visit-ulcinj.com\/blog\/wp-content\/uploads\/2014\/07\/150-Shporta-Xhamia-Klleznes-akcion-humanitar-2-150x150.jpg\" class=\"attachment-thumbnail size-thumbnail\" alt=\"\" loading=\"lazy\" \/><\/a>\n\t\t\t<\/dt><\/dl><dl class='gallery-item'>\n\t\t\t<dt class='gallery-icon landscape'>\n\t\t\t\t<a href='https:\/\/www.visit-ulcinj.com\/blog\/2014\/07\/24\/150-shporta-te-ramazanit-aksion-humanitare-nga-xhamia-klleznes\/150-shporta-xhamia-klleznes-akcion-humanitar-4\/'><img width=\"150\" height=\"150\" src=\"https:\/\/www.visit-ulcinj.com\/blog\/wp-content\/uploads\/2014\/07\/150-Shporta-Xhamia-Klleznes-akcion-humanitar-4-150x150.jpg\" class=\"attachment-thumbnail size-thumbnail\" alt=\"\" loading=\"lazy\" \/><\/a>\n\t\t\t<\/dt><\/dl><dl class='gallery-item'>\n\t\t\t<dt class='gallery-icon landscape'>\n\t\t\t\t<a href='https:\/\/www.visit-ulcinj.com\/blog\/2014\/07\/24\/150-shporta-te-ramazanit-aksion-humanitare-nga-xhamia-klleznes\/150-shporta-xhamia-klleznes-akcion-humanitar-5\/'><img width=\"150\" height=\"150\" src=\"https:\/\/www.visit-ulcinj.com\/blog\/wp-content\/uploads\/2014\/07\/150-Shporta-Xhamia-Klleznes-akcion-humanitar-5-150x150.jpg\" class=\"attachment-thumbnail size-thumbnail\" alt=\"\" loading=\"lazy\" \/><\/a>\n\t\t\t<\/dt><\/dl><br style=\"clear: both\" \/><dl class='gallery-item'>\n\t\t\t<dt class='gallery-icon landscape'>\n\t\t\t\t<a href='https:\/\/www.visit-ulcinj.com\/blog\/2014\/07\/24\/150-shporta-te-ramazanit-aksion-humanitare-nga-xhamia-klleznes\/150-shporta-xhamia-klleznes-akcion-humanitar-7\/'><img width=\"150\" height=\"150\" src=\"https:\/\/www.visit-ulcinj.com\/blog\/wp-content\/uploads\/2014\/07\/150-Shporta-Xhamia-Klleznes-akcion-humanitar-7-150x150.jpg\" class=\"attachment-thumbnail size-thumbnail\" alt=\"\" loading=\"lazy\" \/><\/a>\n\t\t\t<\/dt><\/dl><dl class='gallery-item'>\n\t\t\t<dt class='gallery-icon landscape'>\n\t\t\t\t<a href='https:\/\/www.visit-ulcinj.com\/blog\/2014\/07\/24\/150-shporta-te-ramazanit-aksion-humanitare-nga-xhamia-klleznes\/150-shporta-xhamia-klleznes-akcion-humanitar-8\/'><img width=\"150\" height=\"150\" src=\"https:\/\/www.visit-ulcinj.com\/blog\/wp-content\/uploads\/2014\/07\/150-Shporta-Xhamia-Klleznes-akcion-humanitar-8-150x150.jpg\" class=\"attachment-thumbnail size-thumbnail\" alt=\"\" loading=\"lazy\" \/><\/a>\n\t\t\t<\/dt><\/dl><dl class='gallery-item'>\n\t\t\t<dt class='gallery-icon landscape'>\n\t\t\t\t<a href='https:\/\/www.visit-ulcinj.com\/blog\/2014\/07\/24\/150-shporta-te-ramazanit-aksion-humanitare-nga-xhamia-klleznes\/150-shporta-xhamia-klleznes-akcion-humanitar-9\/'><img width=\"150\" height=\"150\" src=\"https:\/\/www.visit-ulcinj.com\/blog\/wp-content\/uploads\/2014\/07\/150-Shporta-Xhamia-Klleznes-akcion-humanitar-9-150x150.jpg\" class=\"attachment-thumbnail size-thumbnail\" alt=\"\" loading=\"lazy\" \/><\/a>\n\t\t\t<\/dt><\/dl><br style=\"clear: both\" \/><dl class='gallery-item'>\n\t\t\t<dt class='gallery-icon landscape'>\n\t\t\t\t<a href='https:\/\/www.visit-ulcinj.com\/blog\/2014\/07\/24\/150-shporta-te-ramazanit-aksion-humanitare-nga-xhamia-klleznes\/150-shporta-xhamia-klleznes-akcion-humanitar-10\/'><img width=\"150\" height=\"150\" src=\"https:\/\/www.visit-ulcinj.com\/blog\/wp-content\/uploads\/2014\/07\/150-Shporta-Xhamia-Klleznes-akcion-humanitar-10-150x150.jpg\" class=\"attachment-thumbnail size-thumbnail\" alt=\"\" loading=\"lazy\" \/><\/a>\n\t\t\t<\/dt><\/dl><dl class='gallery-item'>\n\t\t\t<dt class='gallery-icon landscape'>\n\t\t\t\t<a href='https:\/\/www.visit-ulcinj.com\/blog\/2014\/07\/24\/150-shporta-te-ramazanit-aksion-humanitare-nga-xhamia-klleznes\/150-shporta-xhamia-klleznes-akcion-humanitar-11\/'><img width=\"150\" height=\"150\" src=\"https:\/\/www.visit-ulcinj.com\/blog\/wp-content\/uploads\/2014\/07\/150-Shporta-Xhamia-Klleznes-akcion-humanitar-11-150x150.jpg\" class=\"attachment-thumbnail size-thumbnail\" alt=\"\" loading=\"lazy\" \/><\/a>\n\t\t\t<\/dt><\/dl><dl class='gallery-item'>\n\t\t\t<dt class='gallery-icon landscape'>\n\t\t\t\t<a href='https:\/\/www.visit-ulcinj.com\/blog\/2014\/07\/24\/150-shporta-te-ramazanit-aksion-humanitare-nga-xhamia-klleznes\/150-shporta-xhamia-klleznes-akcion-humanitar-12\/'><img width=\"150\" height=\"150\" src=\"https:\/\/www.visit-ulcinj.com\/blog\/wp-content\/uploads\/2014\/07\/150-Shporta-Xhamia-Klleznes-akcion-humanitar-12-150x150.jpg\" class=\"attachment-thumbnail size-thumbnail\" alt=\"\" loading=\"lazy\" \/><\/a>\n\t\t\t<\/dt><\/dl><br style=\"clear: both\" \/>\n\t\t<\/div>\n\n","protected":false},"excerpt":{"rendered":"<p>T\u00eb M\u00ebrkur\u00ebn me dat\u00eb 23.07.2014, K\u00ebshilli i Xhamis\u00eb s\u00eb Kllezn\u00ebs dhe Forumi Rinor i Xhamis\u00eb s\u00eb Kllezn\u00ebs, me rastin e muajit t\u00eb bekuar t\u00eb Ramazanit, shp\u00ebrndan\u00eb p\u00ebr t\u00eb dyt\u00ebn her\u00eb radhazi SHPORT\u00cbN E RAMAZANIT si aksion humanitar\u00eb bamir\u00ebs n\u00eb ndarjen e ndihmave q\u00eb iu dedikua: jetim\u00ebve, skamnor\u00ebve, personave me aft\u00ebsi t\u00eb kufizuar dhe nevojtar\u00ebve n\u00eb [&hellip;]<\/p>\n","protected":false},"author":1,"featured_media":0,"comment_status":"closed","ping_status":"closed","sticky":false,"template":"","format":"standard","meta":{"spay_email":"","jetpack_publicize_message":"","jetpack_is_tweetstorm":false,"jetpack_publicize_feature_enabled":true},"categories":[1,11],"tags":[],"jetpack_publicize_connections":[],"yoast_head":"<!-- This site is optimized with the Yoast SEO plugin v19.1 - https:\/\/yoast.com\/wordpress\/plugins\/seo\/ -->\n<title>150 Shporta t\u00eb Ramazanit, aksion humanitar\u00eb nga Xhamia Klleznes - Lajme nga Ulqini<\/title>\n<meta name=\"description\" content=\"T\u00eb M\u00ebrkur\u00ebn me dat\u00eb 23.07.2014, K\u00ebshilli i Xhamis\u00eb s\u00eb Kllezn\u00ebs dhe Forumi Rinor i Xhamis\u00eb s\u00eb Kllezn\u00ebs, me rastin e muajit t\u00eb bekuar t\u00eb Ramazanit,\" \/>\n<meta name=\"robots\" content=\"index, follow, max-snippet:-1, max-image-preview:large, max-video-preview:-1\" \/>\n<link rel=\"canonical\" href=\"https:\/\/www.visit-ulcinj.com\/blog\/2014\/07\/24\/150-shporta-te-ramazanit-aksion-humanitare-nga-xhamia-klleznes\/\" \/>\n<meta property=\"og:locale\" content=\"en_US\" \/>\n<meta property=\"og:type\" content=\"article\" \/>\n<meta property=\"og:title\" content=\"150 Shporta t\u00eb Ramazanit, aksion humanitar\u00eb nga Xhamia Klleznes - Lajme nga Ulqini\" \/>\n<meta property=\"og:description\" content=\"T\u00eb M\u00ebrkur\u00ebn me dat\u00eb 23.07.2014, K\u00ebshilli i Xhamis\u00eb s\u00eb Kllezn\u00ebs dhe Forumi Rinor i Xhamis\u00eb s\u00eb Kllezn\u00ebs, me rastin e muajit t\u00eb bekuar t\u00eb Ramazanit,\" \/>\n<meta property=\"og:url\" content=\"https:\/\/www.visit-ulcinj.com\/blog\/2014\/07\/24\/150-shporta-te-ramazanit-aksion-humanitare-nga-xhamia-klleznes\/\" \/>\n<meta property=\"og:site_name\" content=\"Lajme nga Ulqini\" \/>\n<meta property=\"article:published_time\" content=\"2014-07-24T17:53:24+00:00\" \/>\n<meta property=\"article:modified_time\" content=\"2014-07-25T12:55:18+00:00\" \/>\n<meta property=\"og:image\" content=\"https:\/\/www.visit-ulcinj.com\/blog\/wp-content\/uploads\/2014\/07\/150-Shporta-Xhamia-Klleznes-akcion-humanitar-2-150x150.jpg\" \/>\n<meta name=\"twitter:label1\" content=\"Written by\" \/>\n\t<meta name=\"twitter:data1\" content=\"ulqini\" \/>\n\t<meta name=\"twitter:label2\" content=\"Est. reading time\" \/>\n\t<meta name=\"twitter:data2\" content=\"3 minutes\" \/>\n<script type=\"application\/ld+json\" class=\"yoast-schema-graph\">{\"@context\":\"https:\/\/schema.org\",\"@graph\":[{\"@type\":\"WebSite\",\"@id\":\"https:\/\/www.visit-ulcinj.com\/blog\/#website\",\"url\":\"https:\/\/www.visit-ulcinj.com\/blog\/\",\"name\":\"Lajme nga Ulqini\",\"description\":\"Lajme,Vijesti,Ulqini,Ulqin,Crna Gora,Mali i Zi\",\"potentialAction\":[{\"@type\":\"SearchAction\",\"target\":{\"@type\":\"EntryPoint\",\"urlTemplate\":\"https:\/\/www.visit-ulcinj.com\/blog\/?s={search_term_string}\"},\"query-input\":\"required name=search_term_string\"}],\"inLanguage\":\"en-US\"},{\"@type\":\"ImageObject\",\"inLanguage\":\"en-US\",\"@id\":\"https:\/\/www.visit-ulcinj.com\/blog\/2014\/07\/24\/150-shporta-te-ramazanit-aksion-humanitare-nga-xhamia-klleznes\/#primaryimage\",\"url\":\"https:\/\/www.visit-ulcinj.com\/blog\/wp-content\/uploads\/2014\/07\/150-Shporta-Xhamia-Klleznes-akcion-humanitar-3.jpg\",\"contentUrl\":\"https:\/\/www.visit-ulcinj.com\/blog\/wp-content\/uploads\/2014\/07\/150-Shporta-Xhamia-Klleznes-akcion-humanitar-3.jpg\",\"width\":960,\"height\":720},{\"@type\":\"WebPage\",\"@id\":\"https:\/\/www.visit-ulcinj.com\/blog\/2014\/07\/24\/150-shporta-te-ramazanit-aksion-humanitare-nga-xhamia-klleznes\/#webpage\",\"url\":\"https:\/\/www.visit-ulcinj.com\/blog\/2014\/07\/24\/150-shporta-te-ramazanit-aksion-humanitare-nga-xhamia-klleznes\/\",\"name\":\"150 Shporta t\u00eb Ramazanit, aksion humanitar\u00eb nga Xhamia Klleznes - Lajme nga Ulqini\",\"isPartOf\":{\"@id\":\"https:\/\/www.visit-ulcinj.com\/blog\/#website\"},\"primaryImageOfPage\":{\"@id\":\"https:\/\/www.visit-ulcinj.com\/blog\/2014\/07\/24\/150-shporta-te-ramazanit-aksion-humanitare-nga-xhamia-klleznes\/#primaryimage\"},\"datePublished\":\"2014-07-24T17:53:24+00:00\",\"dateModified\":\"2014-07-25T12:55:18+00:00\",\"author\":{\"@id\":\"https:\/\/www.visit-ulcinj.com\/blog\/#\/schema\/person\/dcab619c614d3038751c63bc2aadc06d\"},\"description\":\"T\u00eb M\u00ebrkur\u00ebn me dat\u00eb 23.07.2014, K\u00ebshilli i Xhamis\u00eb s\u00eb Kllezn\u00ebs dhe Forumi Rinor i Xhamis\u00eb s\u00eb Kllezn\u00ebs, me rastin e muajit t\u00eb bekuar t\u00eb Ramazanit,\",\"breadcrumb\":{\"@id\":\"https:\/\/www.visit-ulcinj.com\/blog\/2014\/07\/24\/150-shporta-te-ramazanit-aksion-humanitare-nga-xhamia-klleznes\/#breadcrumb\"},\"inLanguage\":\"en-US\",\"potentialAction\":[{\"@type\":\"ReadAction\",\"target\":[\"https:\/\/www.visit-ulcinj.com\/blog\/2014\/07\/24\/150-shporta-te-ramazanit-aksion-humanitare-nga-xhamia-klleznes\/\"]}]},{\"@type\":\"BreadcrumbList\",\"@id\":\"https:\/\/www.visit-ulcinj.com\/blog\/2014\/07\/24\/150-shporta-te-ramazanit-aksion-humanitare-nga-xhamia-klleznes\/#breadcrumb\",\"itemListElement\":[{\"@type\":\"ListItem\",\"position\":1,\"name\":\"150 Shporta t\u00eb Ramazanit, aksion humanitar\u00eb nga Xhamia Klleznes\"}]},{\"@type\":\"Person\",\"@id\":\"https:\/\/www.visit-ulcinj.com\/blog\/#\/schema\/person\/dcab619c614d3038751c63bc2aadc06d\",\"name\":\"ulqini\",\"sameAs\":[\"http:\/\/www.visit-ulcinj.com\"],\"url\":\"https:\/\/www.visit-ulcinj.com\/blog\/author\/admin\/\"}]}<\/script>\n<!-- \/ Yoast SEO plugin. -->","yoast_head_json":{"title":"150 Shporta t\u00eb Ramazanit, aksion humanitar\u00eb nga Xhamia Klleznes - Lajme nga Ulqini","description":"T\u00eb M\u00ebrkur\u00ebn me dat\u00eb 23.07.2014, K\u00ebshilli i Xhamis\u00eb s\u00eb Kllezn\u00ebs dhe Forumi Rinor i Xhamis\u00eb s\u00eb Kllezn\u00ebs, me rastin e muajit t\u00eb bekuar t\u00eb Ramazanit,","robots":{"index":"index","follow":"follow","max-snippet":"max-snippet:-1","max-image-preview":"max-image-preview:large","max-video-preview":"max-video-preview:-1"},"canonical":"https:\/\/www.visit-ulcinj.com\/blog\/2014\/07\/24\/150-shporta-te-ramazanit-aksion-humanitare-nga-xhamia-klleznes\/","og_locale":"en_US","og_type":"article","og_title":"150 Shporta t\u00eb Ramazanit, aksion humanitar\u00eb nga Xhamia Klleznes - Lajme nga Ulqini","og_description":"T\u00eb M\u00ebrkur\u00ebn me dat\u00eb 23.07.2014, K\u00ebshilli i Xhamis\u00eb s\u00eb Kllezn\u00ebs dhe Forumi Rinor i Xhamis\u00eb s\u00eb Kllezn\u00ebs, me rastin e muajit t\u00eb bekuar t\u00eb Ramazanit,","og_url":"https:\/\/www.visit-ulcinj.com\/blog\/2014\/07\/24\/150-shporta-te-ramazanit-aksion-humanitare-nga-xhamia-klleznes\/","og_site_name":"Lajme nga Ulqini","article_published_time":"2014-07-24T17:53:24+00:00","article_modified_time":"2014-07-25T12:55:18+00:00","og_image":[{"url":"https:\/\/www.visit-ulcinj.com\/blog\/wp-content\/uploads\/2014\/07\/150-Shporta-Xhamia-Klleznes-akcion-humanitar-2-150x150.jpg"}],"twitter_misc":{"Written by":"ulqini","Est. reading time":"3 minutes"},"schema":{"@context":"https:\/\/schema.org","@graph":[{"@type":"WebSite","@id":"https:\/\/www.visit-ulcinj.com\/blog\/#website","url":"https:\/\/www.visit-ulcinj.com\/blog\/","name":"Lajme nga Ulqini","description":"Lajme,Vijesti,Ulqini,Ulqin,Crna Gora,Mali i Zi","potentialAction":[{"@type":"SearchAction","target":{"@type":"EntryPoint","urlTemplate":"https:\/\/www.visit-ulcinj.com\/blog\/?s={search_term_string}"},"query-input":"required name=search_term_string"}],"inLanguage":"en-US"},{"@type":"ImageObject","inLanguage":"en-US","@id":"https:\/\/www.visit-ulcinj.com\/blog\/2014\/07\/24\/150-shporta-te-ramazanit-aksion-humanitare-nga-xhamia-klleznes\/#primaryimage","url":"https:\/\/www.visit-ulcinj.com\/blog\/wp-content\/uploads\/2014\/07\/150-Shporta-Xhamia-Klleznes-akcion-humanitar-3.jpg","contentUrl":"https:\/\/www.visit-ulcinj.com\/blog\/wp-content\/uploads\/2014\/07\/150-Shporta-Xhamia-Klleznes-akcion-humanitar-3.jpg","width":960,"height":720},{"@type":"WebPage","@id":"https:\/\/www.visit-ulcinj.com\/blog\/2014\/07\/24\/150-shporta-te-ramazanit-aksion-humanitare-nga-xhamia-klleznes\/#webpage","url":"https:\/\/www.visit-ulcinj.com\/blog\/2014\/07\/24\/150-shporta-te-ramazanit-aksion-humanitare-nga-xhamia-klleznes\/","name":"150 Shporta t\u00eb Ramazanit, aksion humanitar\u00eb nga Xhamia Klleznes - Lajme nga Ulqini","isPartOf":{"@id":"https:\/\/www.visit-ulcinj.com\/blog\/#website"},"primaryImageOfPage":{"@id":"https:\/\/www.visit-ulcinj.com\/blog\/2014\/07\/24\/150-shporta-te-ramazanit-aksion-humanitare-nga-xhamia-klleznes\/#primaryimage"},"datePublished":"2014-07-24T17:53:24+00:00","dateModified":"2014-07-25T12:55:18+00:00","author":{"@id":"https:\/\/www.visit-ulcinj.com\/blog\/#\/schema\/person\/dcab619c614d3038751c63bc2aadc06d"},"description":"T\u00eb M\u00ebrkur\u00ebn me dat\u00eb 23.07.2014, K\u00ebshilli i Xhamis\u00eb s\u00eb Kllezn\u00ebs dhe Forumi Rinor i Xhamis\u00eb s\u00eb Kllezn\u00ebs, me rastin e muajit t\u00eb bekuar t\u00eb Ramazanit,","breadcrumb":{"@id":"https:\/\/www.visit-ulcinj.com\/blog\/2014\/07\/24\/150-shporta-te-ramazanit-aksion-humanitare-nga-xhamia-klleznes\/#breadcrumb"},"inLanguage":"en-US","potentialAction":[{"@type":"ReadAction","target":["https:\/\/www.visit-ulcinj.com\/blog\/2014\/07\/24\/150-shporta-te-ramazanit-aksion-humanitare-nga-xhamia-klleznes\/"]}]},{"@type":"BreadcrumbList","@id":"https:\/\/www.visit-ulcinj.com\/blog\/2014\/07\/24\/150-shporta-te-ramazanit-aksion-humanitare-nga-xhamia-klleznes\/#breadcrumb","itemListElement":[{"@type":"ListItem","position":1,"name":"150 Shporta t\u00eb Ramazanit, aksion humanitar\u00eb nga Xhamia Klleznes"}]},{"@type":"Person","@id":"https:\/\/www.visit-ulcinj.com\/blog\/#\/schema\/person\/dcab619c614d3038751c63bc2aadc06d","name":"ulqini","sameAs":["http:\/\/www.visit-ulcinj.com"],"url":"https:\/\/www.visit-ulcinj.com\/blog\/author\/admin\/"}]}},"jetpack_featured_media_url":"","jetpack_sharing_enabled":true,"jetpack_shortlink":"https:\/\/wp.me\/pe6lTn-lVd","_links":{"self":[{"href":"https:\/\/www.visit-ulcinj.com\/blog\/wp-json\/wp\/v2\/posts\/84271"}],"collection":[{"href":"https:\/\/www.visit-ulcinj.com\/blog\/wp-json\/wp\/v2\/posts"}],"about":[{"href":"https:\/\/www.visit-ulcinj.com\/blog\/wp-json\/wp\/v2\/types\/post"}],"author":[{"embeddable":true,"href":"https:\/\/www.visit-ulcinj.com\/blog\/wp-json\/wp\/v2\/users\/1"}],"replies":[{"embeddable":true,"href":"https:\/\/www.visit-ulcinj.com\/blog\/wp-json\/wp\/v2\/comments?post=84271"}],"version-history":[{"count":1,"href":"https:\/\/www.visit-ulcinj.com\/blog\/wp-json\/wp\/v2\/posts\/84271\/revisions"}],"predecessor-version":[{"id":84285,"href":"https:\/\/www.visit-ulcinj.com\/blog\/wp-json\/wp\/v2\/posts\/84271\/revisions\/84285"}],"wp:attachment":[{"href":"https:\/\/www.visit-ulcinj.com\/blog\/wp-json\/wp\/v2\/media?parent=84271"}],"wp:term":[{"taxonomy":"category","embeddable":true,"href":"https:\/\/www.visit-ulcinj.com\/blog\/wp-json\/wp\/v2\/categories?post=84271"},{"taxonomy":"post_tag","embeddable":true,"href":"https:\/\/www.visit-ulcinj.com\/blog\/wp-json\/wp\/v2\/tags?post=84271"}],"curies":[{"name":"wp","href":"https:\/\/api.w.org\/{rel}","templated":true}]}}