{"id":84286,"date":"2014-07-25T08:56:17","date_gmt":"2014-07-25T07:56:17","guid":{"rendered":"http:\/\/www.visit-ulcinj.com\/blog\/?p=84286"},"modified":"2014-07-25T08:56:17","modified_gmt":"2014-07-25T07:56:17","slug":"tuna-getoar-selimi-mmv-arrin-1-milion-klikime","status":"publish","type":"post","link":"https:\/\/www.visit-ulcinj.com\/blog\/2014\/07\/25\/tuna-getoar-selimi-mmv-arrin-1-milion-klikime\/","title":{"rendered":"Tuna &#038; Getoar Selimi \u201cMMV\u201d arrin 1 milion klikime"},"content":{"rendered":"<p><a href=\"http:\/\/www.visit-ulcinj.com\/blog\/wp-content\/uploads\/2014\/07\/TUNA-feat.GHETTO-GEASY-MMV.jpg\"><img loading=\"lazy\" class=\"alignleft wp-image-84287\" src=\"http:\/\/www.visit-ulcinj.com\/blog\/wp-content\/uploads\/2014\/07\/TUNA-feat.GHETTO-GEASY-MMV.jpg\" alt=\"TUNA feat.GHETTO GEASY - MMV\" width=\"508\" height=\"508\" \/><\/a>Superylli i muzik\u00ebs shqiptare, Tuna, po vazhdon q\u00eb t\u00eb radhis\u00eb sukseset nj\u00eb nga nj\u00eb. Ajo ka festuar nj\u00eb milion klikime n\u00eb YouTube t\u00eb k\u00ebng\u00ebs \u201cMMV\u201d, n\u00eb bashk\u00ebpunim me Getoar Selimin, pa u b\u00ebr\u00eb ende as nj\u00eb jav\u00eb. Ja \u00e7far\u00eb thot\u00eb Tuna ekskluzivisht p\u00ebr Telegrafin pas k\u00ebtij suksesi.<br \/>\nK\u00ebng\u00ebtarja realizoi nj\u00eb prej projekteve m\u00eb t\u00eb shtrenjta ndonj\u00ebher\u00eb n\u00eb industrin\u00eb e muzik\u00ebs shqiptare bashk\u00eb me Getin, q\u00eb u titullua \u201cMMV\u201d.<br \/>\nDhe pik\u00ebrisht ky projekt m\u00eb ndryshe arriti q\u00eb t\u00eb t\u00ebrheq\u00eb v\u00ebmendjen e madhe t\u00eb publikut shqiptar gjithandej.<br \/>\nSuksesin Tuna e ka festuar me nj\u00eb postim n\u00eb faqen e saj zyrtare, ku ka fal\u00ebnderuar bashkpuntor\u00ebt, dhe t\u00eb gjith\u00eb p\u00ebrkrah\u00ebsit e saj q\u00eb e kan\u00eb mir\u00ebpritur projektin.<\/p>\n<p>Por, ajo edhe pse shum\u00eb e z\u00ebn\u00eb me koncerte dhe pun\u00eb, dhe me shum\u00eb impenjime tjera, ka pranuar t\u00eb jap\u00eb nj\u00eb prononcim t\u00eb shkurt\u00ebr p\u00ebr Telegrafin, ku ajo sqaron suksesin.\u201cKy \u00ebsht\u00eb nj\u00eb sukses q\u00eb ka rrjedh\u00eb natyrsh\u00ebm. Nj\u00eb kuror\u00ebzim i nj\u00eb pune dhe i nj\u00eb impenjimi t\u00eb gjat\u00eb dhe shum\u00eb t\u00eb fuqish\u00ebm me bashkpuntor\u00ebt e mi artistik. Pa Getin, pa stilist\u00ebt Armendin dhe Sharon Boadien, pa produksionin dhe pa Cozmanin q\u00eb ishte pran\u00eb meje ky sukses v\u00ebshtir\u00eb se do ishte i mundur\u201d.<\/p>\n<p>\u201cSukseset jan\u00eb evidente. Disa i masin me koncerte, disa i masin me klikime, e disa i masin me d\u00ebgjueshm\u00ebri. Un\u00eb i mas me t\u00eb trija, sepse konsideroj q\u00eb ashtu sikurse \u201cFenix\u201d edhe \u201cMMV\u201d ka korr\u00eb sukses dhe k\u00ebt\u00eb po e v\u00ebrej edhe n\u00ebp\u00ebr koncerte, e po ashtu edhe tash kur po e festoj bashk\u00eb me ekipin tim milionin e par\u00eb t\u00eb \u201cMMV\u201d n\u00eb m\u00eb pak se nj\u00eb jav\u00eb\u201d, ka deklaruar Tuna p\u00ebr Telegrafin.<\/p>\n<p><iframe loading=\"lazy\" width=\"508\" height=\"380\" src=\"\/\/www.youtube.com\/embed\/5vk1lvaQwcU\" frameborder=\"0\" allowfullscreen><\/iframe><\/p>\n","protected":false},"excerpt":{"rendered":"<p>Superylli i muzik\u00ebs shqiptare, Tuna, po vazhdon q\u00eb t\u00eb radhis\u00eb sukseset nj\u00eb nga nj\u00eb. Ajo ka festuar nj\u00eb milion klikime n\u00eb YouTube t\u00eb k\u00ebng\u00ebs \u201cMMV\u201d, n\u00eb bashk\u00ebpunim me Getoar Selimin, pa u b\u00ebr\u00eb ende as nj\u00eb jav\u00eb. Ja \u00e7far\u00eb thot\u00eb Tuna ekskluzivisht p\u00ebr Telegrafin pas k\u00ebtij suksesi. K\u00ebng\u00ebtarja realizoi nj\u00eb prej projekteve m\u00eb t\u00eb shtrenjta [&hellip;]<\/p>\n","protected":false},"author":1,"featured_media":0,"comment_status":"closed","ping_status":"closed","sticky":false,"template":"","format":"standard","meta":{"spay_email":"","jetpack_publicize_message":"","jetpack_is_tweetstorm":false,"jetpack_publicize_feature_enabled":true},"categories":[1],"tags":[],"jetpack_publicize_connections":[],"yoast_head":"<!-- This site is optimized with the Yoast SEO plugin v19.1 - https:\/\/yoast.com\/wordpress\/plugins\/seo\/ -->\n<title>Tuna &amp; Getoar Selimi \u201cMMV\u201d arrin 1 milion klikime - Lajme nga Ulqini<\/title>\n<meta name=\"description\" content=\"Superylli i muzik\u00ebs shqiptare, Tuna, po vazhdon q\u00eb t\u00eb radhis\u00eb sukseset nj\u00eb nga nj\u00eb. Ajo ka festuar nj\u00eb milion klikime n\u00eb YouTube t\u00eb k\u00ebng\u00ebs \u201cMMV\u201d, n\u00eb\" \/>\n<meta name=\"robots\" content=\"index, follow, max-snippet:-1, max-image-preview:large, max-video-preview:-1\" \/>\n<link rel=\"canonical\" href=\"https:\/\/www.visit-ulcinj.com\/blog\/2014\/07\/25\/tuna-getoar-selimi-mmv-arrin-1-milion-klikime\/\" \/>\n<meta property=\"og:locale\" content=\"en_US\" \/>\n<meta property=\"og:type\" content=\"article\" \/>\n<meta property=\"og:title\" content=\"Tuna &amp; Getoar Selimi \u201cMMV\u201d arrin 1 milion klikime - Lajme nga Ulqini\" \/>\n<meta property=\"og:description\" content=\"Superylli i muzik\u00ebs shqiptare, Tuna, po vazhdon q\u00eb t\u00eb radhis\u00eb sukseset nj\u00eb nga nj\u00eb. Ajo ka festuar nj\u00eb milion klikime n\u00eb YouTube t\u00eb k\u00ebng\u00ebs \u201cMMV\u201d, n\u00eb\" \/>\n<meta property=\"og:url\" content=\"https:\/\/www.visit-ulcinj.com\/blog\/2014\/07\/25\/tuna-getoar-selimi-mmv-arrin-1-milion-klikime\/\" \/>\n<meta property=\"og:site_name\" content=\"Lajme nga Ulqini\" \/>\n<meta property=\"article:published_time\" content=\"2014-07-25T07:56:17+00:00\" \/>\n<meta property=\"og:image\" content=\"http:\/\/www.visit-ulcinj.com\/blog\/wp-content\/uploads\/2014\/07\/TUNA-feat.GHETTO-GEASY-MMV.jpg\" \/>\n<meta name=\"twitter:label1\" content=\"Written by\" \/>\n\t<meta name=\"twitter:data1\" content=\"ulqini\" \/>\n\t<meta name=\"twitter:label2\" content=\"Est. reading time\" \/>\n\t<meta name=\"twitter:data2\" content=\"2 minutes\" \/>\n<script type=\"application\/ld+json\" class=\"yoast-schema-graph\">{\"@context\":\"https:\/\/schema.org\",\"@graph\":[{\"@type\":\"WebSite\",\"@id\":\"https:\/\/www.visit-ulcinj.com\/blog\/#website\",\"url\":\"https:\/\/www.visit-ulcinj.com\/blog\/\",\"name\":\"Lajme nga Ulqini\",\"description\":\"Lajme,Vijesti,Ulqini,Ulqin,Crna Gora,Mali i Zi\",\"potentialAction\":[{\"@type\":\"SearchAction\",\"target\":{\"@type\":\"EntryPoint\",\"urlTemplate\":\"https:\/\/www.visit-ulcinj.com\/blog\/?s={search_term_string}\"},\"query-input\":\"required name=search_term_string\"}],\"inLanguage\":\"en-US\"},{\"@type\":\"ImageObject\",\"inLanguage\":\"en-US\",\"@id\":\"https:\/\/www.visit-ulcinj.com\/blog\/2014\/07\/25\/tuna-getoar-selimi-mmv-arrin-1-milion-klikime\/#primaryimage\",\"url\":\"http:\/\/www.visit-ulcinj.com\/blog\/wp-content\/uploads\/2014\/07\/TUNA-feat.GHETTO-GEASY-MMV.jpg\",\"contentUrl\":\"http:\/\/www.visit-ulcinj.com\/blog\/wp-content\/uploads\/2014\/07\/TUNA-feat.GHETTO-GEASY-MMV.jpg\"},{\"@type\":\"WebPage\",\"@id\":\"https:\/\/www.visit-ulcinj.com\/blog\/2014\/07\/25\/tuna-getoar-selimi-mmv-arrin-1-milion-klikime\/#webpage\",\"url\":\"https:\/\/www.visit-ulcinj.com\/blog\/2014\/07\/25\/tuna-getoar-selimi-mmv-arrin-1-milion-klikime\/\",\"name\":\"Tuna & Getoar Selimi \u201cMMV\u201d arrin 1 milion klikime - Lajme nga Ulqini\",\"isPartOf\":{\"@id\":\"https:\/\/www.visit-ulcinj.com\/blog\/#website\"},\"primaryImageOfPage\":{\"@id\":\"https:\/\/www.visit-ulcinj.com\/blog\/2014\/07\/25\/tuna-getoar-selimi-mmv-arrin-1-milion-klikime\/#primaryimage\"},\"datePublished\":\"2014-07-25T07:56:17+00:00\",\"dateModified\":\"2014-07-25T07:56:17+00:00\",\"author\":{\"@id\":\"https:\/\/www.visit-ulcinj.com\/blog\/#\/schema\/person\/dcab619c614d3038751c63bc2aadc06d\"},\"description\":\"Superylli i muzik\u00ebs shqiptare, Tuna, po vazhdon q\u00eb t\u00eb radhis\u00eb sukseset nj\u00eb nga nj\u00eb. Ajo ka festuar nj\u00eb milion klikime n\u00eb YouTube t\u00eb k\u00ebng\u00ebs \u201cMMV\u201d, n\u00eb\",\"breadcrumb\":{\"@id\":\"https:\/\/www.visit-ulcinj.com\/blog\/2014\/07\/25\/tuna-getoar-selimi-mmv-arrin-1-milion-klikime\/#breadcrumb\"},\"inLanguage\":\"en-US\",\"potentialAction\":[{\"@type\":\"ReadAction\",\"target\":[\"https:\/\/www.visit-ulcinj.com\/blog\/2014\/07\/25\/tuna-getoar-selimi-mmv-arrin-1-milion-klikime\/\"]}]},{\"@type\":\"BreadcrumbList\",\"@id\":\"https:\/\/www.visit-ulcinj.com\/blog\/2014\/07\/25\/tuna-getoar-selimi-mmv-arrin-1-milion-klikime\/#breadcrumb\",\"itemListElement\":[{\"@type\":\"ListItem\",\"position\":1,\"name\":\"Tuna &#038; Getoar Selimi \u201cMMV\u201d arrin 1 milion klikime\"}]},{\"@type\":\"Person\",\"@id\":\"https:\/\/www.visit-ulcinj.com\/blog\/#\/schema\/person\/dcab619c614d3038751c63bc2aadc06d\",\"name\":\"ulqini\",\"sameAs\":[\"http:\/\/www.visit-ulcinj.com\"],\"url\":\"https:\/\/www.visit-ulcinj.com\/blog\/author\/admin\/\"}]}<\/script>\n<!-- \/ Yoast SEO plugin. -->","yoast_head_json":{"title":"Tuna & Getoar Selimi \u201cMMV\u201d arrin 1 milion klikime - Lajme nga Ulqini","description":"Superylli i muzik\u00ebs shqiptare, Tuna, po vazhdon q\u00eb t\u00eb radhis\u00eb sukseset nj\u00eb nga nj\u00eb. Ajo ka festuar nj\u00eb milion klikime n\u00eb YouTube t\u00eb k\u00ebng\u00ebs \u201cMMV\u201d, n\u00eb","robots":{"index":"index","follow":"follow","max-snippet":"max-snippet:-1","max-image-preview":"max-image-preview:large","max-video-preview":"max-video-preview:-1"},"canonical":"https:\/\/www.visit-ulcinj.com\/blog\/2014\/07\/25\/tuna-getoar-selimi-mmv-arrin-1-milion-klikime\/","og_locale":"en_US","og_type":"article","og_title":"Tuna & Getoar Selimi \u201cMMV\u201d arrin 1 milion klikime - Lajme nga Ulqini","og_description":"Superylli i muzik\u00ebs shqiptare, Tuna, po vazhdon q\u00eb t\u00eb radhis\u00eb sukseset nj\u00eb nga nj\u00eb. Ajo ka festuar nj\u00eb milion klikime n\u00eb YouTube t\u00eb k\u00ebng\u00ebs \u201cMMV\u201d, n\u00eb","og_url":"https:\/\/www.visit-ulcinj.com\/blog\/2014\/07\/25\/tuna-getoar-selimi-mmv-arrin-1-milion-klikime\/","og_site_name":"Lajme nga Ulqini","article_published_time":"2014-07-25T07:56:17+00:00","og_image":[{"url":"http:\/\/www.visit-ulcinj.com\/blog\/wp-content\/uploads\/2014\/07\/TUNA-feat.GHETTO-GEASY-MMV.jpg"}],"twitter_misc":{"Written by":"ulqini","Est. reading time":"2 minutes"},"schema":{"@context":"https:\/\/schema.org","@graph":[{"@type":"WebSite","@id":"https:\/\/www.visit-ulcinj.com\/blog\/#website","url":"https:\/\/www.visit-ulcinj.com\/blog\/","name":"Lajme nga Ulqini","description":"Lajme,Vijesti,Ulqini,Ulqin,Crna Gora,Mali i Zi","potentialAction":[{"@type":"SearchAction","target":{"@type":"EntryPoint","urlTemplate":"https:\/\/www.visit-ulcinj.com\/blog\/?s={search_term_string}"},"query-input":"required name=search_term_string"}],"inLanguage":"en-US"},{"@type":"ImageObject","inLanguage":"en-US","@id":"https:\/\/www.visit-ulcinj.com\/blog\/2014\/07\/25\/tuna-getoar-selimi-mmv-arrin-1-milion-klikime\/#primaryimage","url":"http:\/\/www.visit-ulcinj.com\/blog\/wp-content\/uploads\/2014\/07\/TUNA-feat.GHETTO-GEASY-MMV.jpg","contentUrl":"http:\/\/www.visit-ulcinj.com\/blog\/wp-content\/uploads\/2014\/07\/TUNA-feat.GHETTO-GEASY-MMV.jpg"},{"@type":"WebPage","@id":"https:\/\/www.visit-ulcinj.com\/blog\/2014\/07\/25\/tuna-getoar-selimi-mmv-arrin-1-milion-klikime\/#webpage","url":"https:\/\/www.visit-ulcinj.com\/blog\/2014\/07\/25\/tuna-getoar-selimi-mmv-arrin-1-milion-klikime\/","name":"Tuna & Getoar Selimi \u201cMMV\u201d arrin 1 milion klikime - Lajme nga Ulqini","isPartOf":{"@id":"https:\/\/www.visit-ulcinj.com\/blog\/#website"},"primaryImageOfPage":{"@id":"https:\/\/www.visit-ulcinj.com\/blog\/2014\/07\/25\/tuna-getoar-selimi-mmv-arrin-1-milion-klikime\/#primaryimage"},"datePublished":"2014-07-25T07:56:17+00:00","dateModified":"2014-07-25T07:56:17+00:00","author":{"@id":"https:\/\/www.visit-ulcinj.com\/blog\/#\/schema\/person\/dcab619c614d3038751c63bc2aadc06d"},"description":"Superylli i muzik\u00ebs shqiptare, Tuna, po vazhdon q\u00eb t\u00eb radhis\u00eb sukseset nj\u00eb nga nj\u00eb. Ajo ka festuar nj\u00eb milion klikime n\u00eb YouTube t\u00eb k\u00ebng\u00ebs \u201cMMV\u201d, n\u00eb","breadcrumb":{"@id":"https:\/\/www.visit-ulcinj.com\/blog\/2014\/07\/25\/tuna-getoar-selimi-mmv-arrin-1-milion-klikime\/#breadcrumb"},"inLanguage":"en-US","potentialAction":[{"@type":"ReadAction","target":["https:\/\/www.visit-ulcinj.com\/blog\/2014\/07\/25\/tuna-getoar-selimi-mmv-arrin-1-milion-klikime\/"]}]},{"@type":"BreadcrumbList","@id":"https:\/\/www.visit-ulcinj.com\/blog\/2014\/07\/25\/tuna-getoar-selimi-mmv-arrin-1-milion-klikime\/#breadcrumb","itemListElement":[{"@type":"ListItem","position":1,"name":"Tuna &#038; Getoar Selimi \u201cMMV\u201d arrin 1 milion klikime"}]},{"@type":"Person","@id":"https:\/\/www.visit-ulcinj.com\/blog\/#\/schema\/person\/dcab619c614d3038751c63bc2aadc06d","name":"ulqini","sameAs":["http:\/\/www.visit-ulcinj.com"],"url":"https:\/\/www.visit-ulcinj.com\/blog\/author\/admin\/"}]}},"jetpack_featured_media_url":"","jetpack_sharing_enabled":true,"jetpack_shortlink":"https:\/\/wp.me\/pe6lTn-lVs","_links":{"self":[{"href":"https:\/\/www.visit-ulcinj.com\/blog\/wp-json\/wp\/v2\/posts\/84286"}],"collection":[{"href":"https:\/\/www.visit-ulcinj.com\/blog\/wp-json\/wp\/v2\/posts"}],"about":[{"href":"https:\/\/www.visit-ulcinj.com\/blog\/wp-json\/wp\/v2\/types\/post"}],"author":[{"embeddable":true,"href":"https:\/\/www.visit-ulcinj.com\/blog\/wp-json\/wp\/v2\/users\/1"}],"replies":[{"embeddable":true,"href":"https:\/\/www.visit-ulcinj.com\/blog\/wp-json\/wp\/v2\/comments?post=84286"}],"version-history":[{"count":1,"href":"https:\/\/www.visit-ulcinj.com\/blog\/wp-json\/wp\/v2\/posts\/84286\/revisions"}],"predecessor-version":[{"id":84288,"href":"https:\/\/www.visit-ulcinj.com\/blog\/wp-json\/wp\/v2\/posts\/84286\/revisions\/84288"}],"wp:attachment":[{"href":"https:\/\/www.visit-ulcinj.com\/blog\/wp-json\/wp\/v2\/media?parent=84286"}],"wp:term":[{"taxonomy":"category","embeddable":true,"href":"https:\/\/www.visit-ulcinj.com\/blog\/wp-json\/wp\/v2\/categories?post=84286"},{"taxonomy":"post_tag","embeddable":true,"href":"https:\/\/www.visit-ulcinj.com\/blog\/wp-json\/wp\/v2\/tags?post=84286"}],"curies":[{"name":"wp","href":"https:\/\/api.w.org\/{rel}","templated":true}]}}