{"id":84289,"date":"2014-07-25T13:54:19","date_gmt":"2014-07-25T12:54:19","guid":{"rendered":"http:\/\/www.visit-ulcinj.com\/blog\/?p=84289"},"modified":"2014-07-25T20:50:12","modified_gmt":"2014-07-25T19:50:12","slug":"nika-pse-nuk-ka-rojtar-ti-ankohemi-taljanit","status":"publish","type":"post","link":"https:\/\/www.visit-ulcinj.com\/blog\/2014\/07\/25\/nika-pse-nuk-ka-rojtar-ti-ankohemi-taljanit\/","title":{"rendered":"Nika: Pse nuk ka rojtar do ti ankohemi taljanit\u2026?!!"},"content":{"rendered":"<p><strong><em><a href=\"http:\/\/www.visit-ulcinj.com\/blog\/wp-content\/uploads\/2014\/07\/Haxhi-Sulejmani.jpg\"><img loading=\"lazy\" class=\"alignleft wp-image-84290\" src=\"http:\/\/www.visit-ulcinj.com\/blog\/wp-content\/uploads\/2014\/07\/Haxhi-Sulejmani.jpg\" alt=\"Haxhi-Sulejmani\" width=\"508\" height=\"339\" srcset=\"https:\/\/www.visit-ulcinj.com\/blog\/wp-content\/uploads\/2014\/07\/Haxhi-Sulejmani.jpg 960w, https:\/\/www.visit-ulcinj.com\/blog\/wp-content\/uploads\/2014\/07\/Haxhi-Sulejmani-300x200.jpg 300w\" sizes=\"(max-width: 508px) 100vw, 508px\" \/><\/a>Shkruan Muhamet Nika<\/em><\/strong><\/p>\n<p><strong><em>\u00a0<\/em><\/strong><\/p>\n<p><strong><em>Reagim informim n\u00eb shkrimin-PSE NUK KA ROJTAR PAS OR\u00cbS 15 N\u00cb TRAFOSTACIONIN KAT\u00cbRKOLL\u00cb? Ky shkrim u shk\u00ebput nga \u2013Ulqini info,<\/em><\/strong> kurse n\u00eb te thuhet , citojm\u00eb:<\/p>\n<p>Shefi i Klubit t\u00eb k\u00ebshilltar\u00ebve t\u00eb koalicionit \u201eBashk\u00eb p\u00ebr t\u00eb ardhmen e Ulqinit\u201c Haxhi Sulejmani ka pyetur organet komunale a din\u00eb se pas or\u00ebs 15 nuk ka rojtar n\u00eb trafostacionin n\u00eb Kat\u00ebrkoll\u00eb?<\/p>\n<p>Ai tha q\u00eb kjo nuk ishte rast m\u00eb her\u00ebt duke shtuar q\u00eb n\u00ebp\u00ebrmjet k\u00ebtij trafostacion furnizohet me energji elektrike gati gjysma e territorit t\u00eb komun\u00ebs s\u00eb Ulqinit.<\/p>\n<p>\u201eKjo do t\u00eb ishte sidomos keq gjat\u00eb ver\u00ebs\u201c, tha ai duke theksuar q\u00eb duhet t\u00eb gjendet mund\u00ebsia q\u00eb ky problem evident t\u00eb zgjidhet.<\/p>\n<p>&nbsp;<\/p>\n<p>Ky problem i shtruar n\u00eb Kuvend si pyetje e k\u00ebshilltarit, nisur nga p\u00ebrvoja ime si ish kryetar i Kuvendit t\u00eb Ulqinit , nuk them se nuk \u00ebsht\u00eb real, por ceki se ai , sipas rregullores s\u00eb pun\u00ebs, statutit t\u00eb komun\u00ebs, ligjit dhe praktik\u00ebs , \u00ebsht\u00eb m\u00eb tep\u00ebr nj\u00eb \u00e7\u00ebshtje propagandistike se sa nj\u00eb metod\u00eb p\u00ebr t\u00eb zgjidhur problemin. K\u00ebt\u00eb e themi sepse Kuvendi i Ulqinit tashti hyn n\u00eb pushm vjetor, kurse p\u00ebrgjegjen t\u00eb mire apo t\u00eb keqe, k\u00ebshilltari Sulejmani, do ta marr\u00eb n\u00eb fund t\u00eb tetorit, e n\u00eb se nuk \u00ebsht\u00eb i k\u00ebnaqur, me p\u00ebrgjegje, ai mundet t\u00eb k\u00ebrkoj\u00eb q\u00eb \u00e7\u00ebshtja e p\u00ebrmendur t\u00eb shtrohet si pike e rendit t\u00eb dit\u00ebs , diku n\u00eb vitin 2015\u2026?!!!<\/p>\n<p>Th\u00ebn\u00eb m\u00eb qart\u00eb banoret e k\u00ebsaj treve duhet t\u00eb vazhdojn\u00eb t\u00eb presin deri n\u00eb k\u00ebt\u00eb koh\u00eb , pa \u00e7ka se atje, ka t\u00eb s\u00ebmur\u00eb , f\u00ebmij\u00eb dhe t\u00eb moshuar , t\u00eb cil\u00ebt kur ka prishje n\u00eb sistem pas ores 3 t\u00eb dit\u00ebs , ata , duhet ta kalojn\u00eb n\u00eb terr, t\u00ebr\u00eb nat\u00ebn, deri n\u00eb t\u00eb nes\u00ebrmen kur atje t\u00eb vij\u00eb turni i paradrek\u00ebs\u2026?!! Nd\u00ebrsa prishjet n\u00eb rrjet\u00eb do t\u00eb jen\u00eb t\u00eb shpeshta sepse sistemi\u201d \u00ebsht\u00eb trop\u201d?!!<\/p>\n<p>Nuk qendron konstatimi, q\u00eb elektroja , nuk nd\u00ebrmori k\u00ebso masash edhe m\u00eb her\u00ebt, Deri sa vet\u00eb isha kryetar i Kuvendit t\u00eb Ulqinit ka pasur edhe k\u00ebso p\u00ebrpjekjesh. Por un\u00eb at\u00ebher\u00eb duke shfryt\u00ebzuar institucionin e kryetar t\u00eb Kuvendit e njohtova me shkrim ish drejtorin e elektros, zot\u00ebrin\u00eb loro Ndrekiq, duke i th\u00ebn\u00eb q\u00eb kjo pun\u00eb nuk duhet t\u00eb ndodh dhe n\u00eb qoft\u00ebse do ta p\u00ebrs\u00ebris\u00eb k\u00ebt\u00eb,\u201d me shkrim to t\u00eb ankohemi te Taliani\u201d icili ka hise n\u00eb kompanin\u00eb e elektros\u2026?! Kuptohet q\u00eb ai nuk e priti mire k\u00ebt\u00eb dhe bile m\u00eb foli disi edhe me tone k\u00ebrcnuese, por megjith\u00eb at\u00eb \u201c Roja e nat\u00ebs \u201c u vu Brenda jav\u00eb.<\/p>\n<p>P\u00ebr k\u00ebt\u00eb. duke pasur parasysh q\u00eb edhe k\u00ebsaj rradhe , m\u00eb jan\u00eb ankuar, disa persona, nga kjo trev\u00eb,p\u00ebr zot\u00ebriun, k\u00ebshilltar , Haxhi Sulejmani, themi \u201c Shum\u00eb faleminderit, p\u00ebr k\u00ebt\u00eb angazhim tuajin Haxhi..\u201d, por p\u00ebr problemin ne do ti shkruaj\u00eb direkt \u201c Taljanit\u2026\u201d Sepse jemi t\u00eb bindur , q\u00eb kjo ndodh pa dijen e tij dhe b\u00ebhet p\u00ebr t\u00eb treguar se si nj\u00ebsia e elrktros \u00ebsht\u00eb duke respektuar masat e racionalizimit n\u00eb pun\u00eb n\u00eb Ulqin dhe me k\u00ebt\u00eb dikush t\u00eb fitoj\u00eb paleta. <strong><em>Koha kur dikush ka nxjerr\u00eb profit n\u00eb t\u00eb keq\u00ebn e an\u00ebs s\u00eb Malit , moti ka p\u00ebrfunduar zoti Haxhi dhe zoti Loro\u2026?!!!<\/em><\/strong><\/p>\n","protected":false},"excerpt":{"rendered":"<p>Shkruan Muhamet Nika \u00a0 Reagim informim n\u00eb shkrimin-PSE NUK KA ROJTAR PAS OR\u00cbS 15 N\u00cb TRAFOSTACIONIN KAT\u00cbRKOLL\u00cb? Ky shkrim u shk\u00ebput nga \u2013Ulqini info, kurse n\u00eb te thuhet , citojm\u00eb: Shefi i Klubit t\u00eb k\u00ebshilltar\u00ebve t\u00eb koalicionit \u201eBashk\u00eb p\u00ebr t\u00eb ardhmen e Ulqinit\u201c Haxhi Sulejmani ka pyetur organet komunale a din\u00eb se pas or\u00ebs 15 [&hellip;]<\/p>\n","protected":false},"author":1,"featured_media":0,"comment_status":"closed","ping_status":"closed","sticky":false,"template":"","format":"standard","meta":{"spay_email":"","jetpack_publicize_message":"","jetpack_is_tweetstorm":false,"jetpack_publicize_feature_enabled":true},"categories":[1,14249],"tags":[],"jetpack_publicize_connections":[],"yoast_head":"<!-- This site is optimized with the Yoast SEO plugin v19.1 - https:\/\/yoast.com\/wordpress\/plugins\/seo\/ -->\n<title>Nika: Pse nuk ka rojtar do ti ankohemi taljanit\u2026?!! - Lajme nga Ulqini<\/title>\n<meta name=\"description\" content=\"Shkruan Muhamet Nika \u00a0 Reagim informim n\u00eb shkrimin-PSE NUK KA ROJTAR PAS OR\u00cbS 15 N\u00cb TRAFOSTACIONIN KAT\u00cbRKOLL\u00cb? Ky shkrim u shk\u00ebput nga \u2013Ulqini info, kurse\" \/>\n<meta name=\"robots\" content=\"index, follow, max-snippet:-1, max-image-preview:large, max-video-preview:-1\" \/>\n<link rel=\"canonical\" href=\"https:\/\/www.visit-ulcinj.com\/blog\/2014\/07\/25\/nika-pse-nuk-ka-rojtar-ti-ankohemi-taljanit\/\" \/>\n<meta property=\"og:locale\" content=\"en_US\" \/>\n<meta property=\"og:type\" content=\"article\" \/>\n<meta property=\"og:title\" content=\"Nika: Pse nuk ka rojtar do ti ankohemi taljanit\u2026?!! - Lajme nga Ulqini\" \/>\n<meta property=\"og:description\" content=\"Shkruan Muhamet Nika \u00a0 Reagim informim n\u00eb shkrimin-PSE NUK KA ROJTAR PAS OR\u00cbS 15 N\u00cb TRAFOSTACIONIN KAT\u00cbRKOLL\u00cb? Ky shkrim u shk\u00ebput nga \u2013Ulqini info, kurse\" \/>\n<meta property=\"og:url\" content=\"https:\/\/www.visit-ulcinj.com\/blog\/2014\/07\/25\/nika-pse-nuk-ka-rojtar-ti-ankohemi-taljanit\/\" \/>\n<meta property=\"og:site_name\" content=\"Lajme nga Ulqini\" \/>\n<meta property=\"article:published_time\" content=\"2014-07-25T12:54:19+00:00\" \/>\n<meta property=\"article:modified_time\" content=\"2014-07-25T19:50:12+00:00\" \/>\n<meta property=\"og:image\" content=\"http:\/\/www.visit-ulcinj.com\/blog\/wp-content\/uploads\/2014\/07\/Haxhi-Sulejmani.jpg\" \/>\n<meta name=\"twitter:label1\" content=\"Written by\" \/>\n\t<meta name=\"twitter:data1\" content=\"ulqini\" \/>\n\t<meta name=\"twitter:label2\" content=\"Est. reading time\" \/>\n\t<meta name=\"twitter:data2\" content=\"3 minutes\" \/>\n<script type=\"application\/ld+json\" class=\"yoast-schema-graph\">{\"@context\":\"https:\/\/schema.org\",\"@graph\":[{\"@type\":\"WebSite\",\"@id\":\"https:\/\/www.visit-ulcinj.com\/blog\/#website\",\"url\":\"https:\/\/www.visit-ulcinj.com\/blog\/\",\"name\":\"Lajme nga Ulqini\",\"description\":\"Lajme,Vijesti,Ulqini,Ulqin,Crna Gora,Mali i Zi\",\"potentialAction\":[{\"@type\":\"SearchAction\",\"target\":{\"@type\":\"EntryPoint\",\"urlTemplate\":\"https:\/\/www.visit-ulcinj.com\/blog\/?s={search_term_string}\"},\"query-input\":\"required name=search_term_string\"}],\"inLanguage\":\"en-US\"},{\"@type\":\"ImageObject\",\"inLanguage\":\"en-US\",\"@id\":\"https:\/\/www.visit-ulcinj.com\/blog\/2014\/07\/25\/nika-pse-nuk-ka-rojtar-ti-ankohemi-taljanit\/#primaryimage\",\"url\":\"https:\/\/www.visit-ulcinj.com\/blog\/wp-content\/uploads\/2014\/07\/Haxhi-Sulejmani.jpg\",\"contentUrl\":\"https:\/\/www.visit-ulcinj.com\/blog\/wp-content\/uploads\/2014\/07\/Haxhi-Sulejmani.jpg\",\"width\":960,\"height\":640},{\"@type\":\"WebPage\",\"@id\":\"https:\/\/www.visit-ulcinj.com\/blog\/2014\/07\/25\/nika-pse-nuk-ka-rojtar-ti-ankohemi-taljanit\/#webpage\",\"url\":\"https:\/\/www.visit-ulcinj.com\/blog\/2014\/07\/25\/nika-pse-nuk-ka-rojtar-ti-ankohemi-taljanit\/\",\"name\":\"Nika: Pse nuk ka rojtar do ti ankohemi taljanit\u2026?!! - Lajme nga Ulqini\",\"isPartOf\":{\"@id\":\"https:\/\/www.visit-ulcinj.com\/blog\/#website\"},\"primaryImageOfPage\":{\"@id\":\"https:\/\/www.visit-ulcinj.com\/blog\/2014\/07\/25\/nika-pse-nuk-ka-rojtar-ti-ankohemi-taljanit\/#primaryimage\"},\"datePublished\":\"2014-07-25T12:54:19+00:00\",\"dateModified\":\"2014-07-25T19:50:12+00:00\",\"author\":{\"@id\":\"https:\/\/www.visit-ulcinj.com\/blog\/#\/schema\/person\/dcab619c614d3038751c63bc2aadc06d\"},\"description\":\"Shkruan Muhamet Nika \u00a0 Reagim informim n\u00eb shkrimin-PSE NUK KA ROJTAR PAS OR\u00cbS 15 N\u00cb TRAFOSTACIONIN KAT\u00cbRKOLL\u00cb? Ky shkrim u shk\u00ebput nga \u2013Ulqini info, kurse\",\"breadcrumb\":{\"@id\":\"https:\/\/www.visit-ulcinj.com\/blog\/2014\/07\/25\/nika-pse-nuk-ka-rojtar-ti-ankohemi-taljanit\/#breadcrumb\"},\"inLanguage\":\"en-US\",\"potentialAction\":[{\"@type\":\"ReadAction\",\"target\":[\"https:\/\/www.visit-ulcinj.com\/blog\/2014\/07\/25\/nika-pse-nuk-ka-rojtar-ti-ankohemi-taljanit\/\"]}]},{\"@type\":\"BreadcrumbList\",\"@id\":\"https:\/\/www.visit-ulcinj.com\/blog\/2014\/07\/25\/nika-pse-nuk-ka-rojtar-ti-ankohemi-taljanit\/#breadcrumb\",\"itemListElement\":[{\"@type\":\"ListItem\",\"position\":1,\"name\":\"Nika: Pse nuk ka rojtar do ti ankohemi taljanit\u2026?!!\"}]},{\"@type\":\"Person\",\"@id\":\"https:\/\/www.visit-ulcinj.com\/blog\/#\/schema\/person\/dcab619c614d3038751c63bc2aadc06d\",\"name\":\"ulqini\",\"sameAs\":[\"http:\/\/www.visit-ulcinj.com\"],\"url\":\"https:\/\/www.visit-ulcinj.com\/blog\/author\/admin\/\"}]}<\/script>\n<!-- \/ Yoast SEO plugin. -->","yoast_head_json":{"title":"Nika: Pse nuk ka rojtar do ti ankohemi taljanit\u2026?!! - Lajme nga Ulqini","description":"Shkruan Muhamet Nika \u00a0 Reagim informim n\u00eb shkrimin-PSE NUK KA ROJTAR PAS OR\u00cbS 15 N\u00cb TRAFOSTACIONIN KAT\u00cbRKOLL\u00cb? Ky shkrim u shk\u00ebput nga \u2013Ulqini info, kurse","robots":{"index":"index","follow":"follow","max-snippet":"max-snippet:-1","max-image-preview":"max-image-preview:large","max-video-preview":"max-video-preview:-1"},"canonical":"https:\/\/www.visit-ulcinj.com\/blog\/2014\/07\/25\/nika-pse-nuk-ka-rojtar-ti-ankohemi-taljanit\/","og_locale":"en_US","og_type":"article","og_title":"Nika: Pse nuk ka rojtar do ti ankohemi taljanit\u2026?!! - Lajme nga Ulqini","og_description":"Shkruan Muhamet Nika \u00a0 Reagim informim n\u00eb shkrimin-PSE NUK KA ROJTAR PAS OR\u00cbS 15 N\u00cb TRAFOSTACIONIN KAT\u00cbRKOLL\u00cb? Ky shkrim u shk\u00ebput nga \u2013Ulqini info, kurse","og_url":"https:\/\/www.visit-ulcinj.com\/blog\/2014\/07\/25\/nika-pse-nuk-ka-rojtar-ti-ankohemi-taljanit\/","og_site_name":"Lajme nga Ulqini","article_published_time":"2014-07-25T12:54:19+00:00","article_modified_time":"2014-07-25T19:50:12+00:00","og_image":[{"url":"http:\/\/www.visit-ulcinj.com\/blog\/wp-content\/uploads\/2014\/07\/Haxhi-Sulejmani.jpg"}],"twitter_misc":{"Written by":"ulqini","Est. reading time":"3 minutes"},"schema":{"@context":"https:\/\/schema.org","@graph":[{"@type":"WebSite","@id":"https:\/\/www.visit-ulcinj.com\/blog\/#website","url":"https:\/\/www.visit-ulcinj.com\/blog\/","name":"Lajme nga Ulqini","description":"Lajme,Vijesti,Ulqini,Ulqin,Crna Gora,Mali i Zi","potentialAction":[{"@type":"SearchAction","target":{"@type":"EntryPoint","urlTemplate":"https:\/\/www.visit-ulcinj.com\/blog\/?s={search_term_string}"},"query-input":"required name=search_term_string"}],"inLanguage":"en-US"},{"@type":"ImageObject","inLanguage":"en-US","@id":"https:\/\/www.visit-ulcinj.com\/blog\/2014\/07\/25\/nika-pse-nuk-ka-rojtar-ti-ankohemi-taljanit\/#primaryimage","url":"https:\/\/www.visit-ulcinj.com\/blog\/wp-content\/uploads\/2014\/07\/Haxhi-Sulejmani.jpg","contentUrl":"https:\/\/www.visit-ulcinj.com\/blog\/wp-content\/uploads\/2014\/07\/Haxhi-Sulejmani.jpg","width":960,"height":640},{"@type":"WebPage","@id":"https:\/\/www.visit-ulcinj.com\/blog\/2014\/07\/25\/nika-pse-nuk-ka-rojtar-ti-ankohemi-taljanit\/#webpage","url":"https:\/\/www.visit-ulcinj.com\/blog\/2014\/07\/25\/nika-pse-nuk-ka-rojtar-ti-ankohemi-taljanit\/","name":"Nika: Pse nuk ka rojtar do ti ankohemi taljanit\u2026?!! - Lajme nga Ulqini","isPartOf":{"@id":"https:\/\/www.visit-ulcinj.com\/blog\/#website"},"primaryImageOfPage":{"@id":"https:\/\/www.visit-ulcinj.com\/blog\/2014\/07\/25\/nika-pse-nuk-ka-rojtar-ti-ankohemi-taljanit\/#primaryimage"},"datePublished":"2014-07-25T12:54:19+00:00","dateModified":"2014-07-25T19:50:12+00:00","author":{"@id":"https:\/\/www.visit-ulcinj.com\/blog\/#\/schema\/person\/dcab619c614d3038751c63bc2aadc06d"},"description":"Shkruan Muhamet Nika \u00a0 Reagim informim n\u00eb shkrimin-PSE NUK KA ROJTAR PAS OR\u00cbS 15 N\u00cb TRAFOSTACIONIN KAT\u00cbRKOLL\u00cb? Ky shkrim u shk\u00ebput nga \u2013Ulqini info, kurse","breadcrumb":{"@id":"https:\/\/www.visit-ulcinj.com\/blog\/2014\/07\/25\/nika-pse-nuk-ka-rojtar-ti-ankohemi-taljanit\/#breadcrumb"},"inLanguage":"en-US","potentialAction":[{"@type":"ReadAction","target":["https:\/\/www.visit-ulcinj.com\/blog\/2014\/07\/25\/nika-pse-nuk-ka-rojtar-ti-ankohemi-taljanit\/"]}]},{"@type":"BreadcrumbList","@id":"https:\/\/www.visit-ulcinj.com\/blog\/2014\/07\/25\/nika-pse-nuk-ka-rojtar-ti-ankohemi-taljanit\/#breadcrumb","itemListElement":[{"@type":"ListItem","position":1,"name":"Nika: Pse nuk ka rojtar do ti ankohemi taljanit\u2026?!!"}]},{"@type":"Person","@id":"https:\/\/www.visit-ulcinj.com\/blog\/#\/schema\/person\/dcab619c614d3038751c63bc2aadc06d","name":"ulqini","sameAs":["http:\/\/www.visit-ulcinj.com"],"url":"https:\/\/www.visit-ulcinj.com\/blog\/author\/admin\/"}]}},"jetpack_featured_media_url":"","jetpack_sharing_enabled":true,"jetpack_shortlink":"https:\/\/wp.me\/pe6lTn-lVv","_links":{"self":[{"href":"https:\/\/www.visit-ulcinj.com\/blog\/wp-json\/wp\/v2\/posts\/84289"}],"collection":[{"href":"https:\/\/www.visit-ulcinj.com\/blog\/wp-json\/wp\/v2\/posts"}],"about":[{"href":"https:\/\/www.visit-ulcinj.com\/blog\/wp-json\/wp\/v2\/types\/post"}],"author":[{"embeddable":true,"href":"https:\/\/www.visit-ulcinj.com\/blog\/wp-json\/wp\/v2\/users\/1"}],"replies":[{"embeddable":true,"href":"https:\/\/www.visit-ulcinj.com\/blog\/wp-json\/wp\/v2\/comments?post=84289"}],"version-history":[{"count":1,"href":"https:\/\/www.visit-ulcinj.com\/blog\/wp-json\/wp\/v2\/posts\/84289\/revisions"}],"predecessor-version":[{"id":84291,"href":"https:\/\/www.visit-ulcinj.com\/blog\/wp-json\/wp\/v2\/posts\/84289\/revisions\/84291"}],"wp:attachment":[{"href":"https:\/\/www.visit-ulcinj.com\/blog\/wp-json\/wp\/v2\/media?parent=84289"}],"wp:term":[{"taxonomy":"category","embeddable":true,"href":"https:\/\/www.visit-ulcinj.com\/blog\/wp-json\/wp\/v2\/categories?post=84289"},{"taxonomy":"post_tag","embeddable":true,"href":"https:\/\/www.visit-ulcinj.com\/blog\/wp-json\/wp\/v2\/tags?post=84289"}],"curies":[{"name":"wp","href":"https:\/\/api.w.org\/{rel}","templated":true}]}}