{"id":84337,"date":"2014-07-25T21:45:28","date_gmt":"2014-07-25T20:45:28","guid":{"rendered":"http:\/\/www.visit-ulcinj.com\/blog\/?p=84337"},"modified":"2014-07-31T10:40:43","modified_gmt":"2014-07-31T09:40:43","slug":"5-milion-euro-aqua-park-ne-ulqin","status":"publish","type":"post","link":"https:\/\/www.visit-ulcinj.com\/blog\/2014\/07\/25\/5-milion-euro-aqua-park-ne-ulqin\/","title":{"rendered":"5 milion euro Aqua Park n\u00eb Ulqin"},"content":{"rendered":"<p><span style=\"font-size: 13px;\"><a href=\"http:\/\/www.visit-ulcinj.com\/blog\/wp-content\/uploads\/2014\/07\/Polin-designed-a-new-indoor-water-park-in-Ulcinj-Montenegro.jpg\"><img loading=\"lazy\" class=\"alignleft wp-image-84232\" src=\"http:\/\/www.visit-ulcinj.com\/blog\/wp-content\/uploads\/2014\/07\/Polin-designed-a-new-indoor-water-park-in-Ulcinj-Montenegro.jpg\" alt=\"Polin designed a new indoor water park in Ulcinj-Montenegro\" width=\"508\" height=\"338\" srcset=\"https:\/\/www.visit-ulcinj.com\/blog\/wp-content\/uploads\/2014\/07\/Polin-designed-a-new-indoor-water-park-in-Ulcinj-Montenegro.jpg 1024w, https:\/\/www.visit-ulcinj.com\/blog\/wp-content\/uploads\/2014\/07\/Polin-designed-a-new-indoor-water-park-in-Ulcinj-Montenegro-300x199.jpg 300w\" sizes=\"(max-width: 508px) 100vw, 508px\" \/><\/a><span class=\"tekstcijeli\"><span class=\"kapital\"><strong><a href=\"http:\/\/www.polin.com.tr\/downloads\/list\/Videos\/804\/0\/0\" target=\"_blank\">Link : http:\/\/www.polin.com.tr\/downloads\/list\/Videos\/804\/0\/0<\/a><\/strong><\/span><\/span><\/span><\/p>\n<p><span style=\"font-size: 13px;\">Kuvendi komunal i Ulqinit solli sot vendimin p\u00ebr dh\u00ebnien me qira t\u00eb tok\u00ebs p\u00ebr nd\u00ebrtimin e akva parkut n\u00eb Shtoj.<\/span><\/p>\n<p>Toka me sip\u00ebrfaqe prej rreth 27 mij\u00eb met\u00ebr katror jepet me qira p\u00ebr 30 vite. \u00c7mimi fillestar i qiras\u00eb p\u00ebr met\u00ebr katror \u00ebsht\u00eb 1,1 euro.<\/p>\n<p>Kryetari i komun\u00ebs s\u00eb Ulqinit tha q\u00eb n\u00eb k\u00ebt\u00eb m\u00ebnyr\u00eb \u00ebsht\u00eb \u00e7uar mesazhi i mir\u00eb investitor\u00ebve. \u201cUlqini do t\u00eb b\u00ebhet qytet me akva-parkun m\u00eb t\u00eb madh dhe m\u00eb atraktiv n\u00eb regjion\u201d, tha ai duke theksuar q\u00eb realizimi i k\u00ebtij investimi, me vler\u00eb prej rreth pes\u00eb milion euro, do t\u00eb nis n\u00eb tetor, nd\u00ebrsa do t\u00eb mbaroj\u00eb n\u00eb prill t\u00eb vitit t\u00eb ardhsh\u00ebm, raporton media elektronike e pavarur Ul.info.<\/p>\n<p>K\u00ebshilltar\u00ebt e Partis\u00eb demokratike t\u00eb socialist\u00ebve, Unionit demokratik t\u00eb Shqiptar\u00ebve dhe Partis\u00eb socialiste popullore kan\u00eb theksuar q\u00eb kjo tok\u00eb \u00ebsht\u00eb l\u00ebnd\u00eb e restitucionit dhe q\u00eb ekziston nj\u00eb s\u00ebr\u00eb vendesh tjera n\u00eb Ulqin q\u00eb mund t\u00eb jepen me qira p\u00ebr q\u00ebllim t\u00eb parashikuar. Ato, si dhe k\u00ebshilltari i Frontit demokratik, kan\u00eb l\u00ebshuar mbledhjen n\u00eb momentin e votimit.<\/p>\n<p>\u201cT\u00eb vet\u00ebdijsh\u00ebm p\u00ebr faktin q\u00eb kjo pron\u00eb \u00ebsht\u00eb l\u00ebnd\u00eb e restitucionit, si akt t\u00eb vepr\u00ebs s\u00eb mir\u00eb, ne kemi miratuar p\u00ebrfundimet\u00a0 ku t\u00eb gjitha t\u00eb drejtat dhe detyrimet t\u00eb cilat komuna i ka si qiradh\u00ebn\u00ebs ja dor\u00ebzon k\u00ebrkuesit t\u00eb k\u00ebsaj tok\u00eb n\u00ebse ajo i kthehet me vendim t\u00eb organeve shtet\u00ebrore, nd\u00ebrsa \u00ebsht\u00eb dh\u00ebn\u00eb mund\u00ebsia q\u00eb t\u00eb merret pron\u00eb tjet\u00ebr me vler\u00eb t\u00eb nj\u00ebjt\u00eb n\u00eb pron\u00ebsi t\u00eb komun\u00ebs\u201d, tha kryetari i KK Fuad Haxhibeti, raporton Ul.info.<\/p>\n<!--YouTube Error: bad URL entered-->\n","protected":false},"excerpt":{"rendered":"<p>Link : http:\/\/www.polin.com.tr\/downloads\/list\/Videos\/804\/0\/0 Kuvendi komunal i Ulqinit solli sot vendimin p\u00ebr dh\u00ebnien me qira t\u00eb tok\u00ebs p\u00ebr nd\u00ebrtimin e akva parkut n\u00eb Shtoj. Toka me sip\u00ebrfaqe prej rreth 27 mij\u00eb met\u00ebr katror jepet me qira p\u00ebr 30 vite. \u00c7mimi fillestar i qiras\u00eb p\u00ebr met\u00ebr katror \u00ebsht\u00eb 1,1 euro. Kryetari i komun\u00ebs s\u00eb Ulqinit tha q\u00eb [&hellip;]<\/p>\n","protected":false},"author":1,"featured_media":0,"comment_status":"closed","ping_status":"closed","sticky":false,"template":"","format":"standard","meta":{"spay_email":"","jetpack_publicize_message":"","jetpack_is_tweetstorm":false,"jetpack_publicize_feature_enabled":true},"categories":[10],"tags":[],"jetpack_publicize_connections":[],"yoast_head":"<!-- This site is optimized with the Yoast SEO plugin v19.1 - https:\/\/yoast.com\/wordpress\/plugins\/seo\/ -->\n<title>5 milion euro Aqua Park n\u00eb Ulqin - Lajme nga Ulqini<\/title>\n<meta name=\"description\" content=\"Link : http:\/\/www.polin.com.tr\/downloads\/list\/Videos\/804\/0\/0 Kuvendi komunal i Ulqinit solli sot vendimin p\u00ebr dh\u00ebnien me qira t\u00eb tok\u00ebs p\u00ebr nd\u00ebrtimin e\" \/>\n<meta name=\"robots\" content=\"index, follow, max-snippet:-1, max-image-preview:large, max-video-preview:-1\" \/>\n<link rel=\"canonical\" href=\"https:\/\/www.visit-ulcinj.com\/blog\/2014\/07\/25\/5-milion-euro-aqua-park-ne-ulqin\/\" \/>\n<meta property=\"og:locale\" content=\"en_US\" \/>\n<meta property=\"og:type\" content=\"article\" \/>\n<meta property=\"og:title\" content=\"5 milion euro Aqua Park n\u00eb Ulqin - Lajme nga Ulqini\" \/>\n<meta property=\"og:description\" content=\"Link : http:\/\/www.polin.com.tr\/downloads\/list\/Videos\/804\/0\/0 Kuvendi komunal i Ulqinit solli sot vendimin p\u00ebr dh\u00ebnien me qira t\u00eb tok\u00ebs p\u00ebr nd\u00ebrtimin e\" \/>\n<meta property=\"og:url\" content=\"https:\/\/www.visit-ulcinj.com\/blog\/2014\/07\/25\/5-milion-euro-aqua-park-ne-ulqin\/\" \/>\n<meta property=\"og:site_name\" content=\"Lajme nga Ulqini\" \/>\n<meta property=\"article:published_time\" content=\"2014-07-25T20:45:28+00:00\" \/>\n<meta property=\"article:modified_time\" content=\"2014-07-31T09:40:43+00:00\" \/>\n<meta property=\"og:image\" content=\"http:\/\/www.visit-ulcinj.com\/blog\/wp-content\/uploads\/2014\/07\/Polin-designed-a-new-indoor-water-park-in-Ulcinj-Montenegro.jpg\" \/>\n<meta name=\"twitter:label1\" content=\"Written by\" \/>\n\t<meta name=\"twitter:data1\" content=\"ulqini\" \/>\n\t<meta name=\"twitter:label2\" content=\"Est. reading time\" \/>\n\t<meta name=\"twitter:data2\" content=\"2 minutes\" \/>\n<script type=\"application\/ld+json\" class=\"yoast-schema-graph\">{\"@context\":\"https:\/\/schema.org\",\"@graph\":[{\"@type\":\"WebSite\",\"@id\":\"https:\/\/www.visit-ulcinj.com\/blog\/#website\",\"url\":\"https:\/\/www.visit-ulcinj.com\/blog\/\",\"name\":\"Lajme nga Ulqini\",\"description\":\"Lajme,Vijesti,Ulqini,Ulqin,Crna Gora,Mali i Zi\",\"potentialAction\":[{\"@type\":\"SearchAction\",\"target\":{\"@type\":\"EntryPoint\",\"urlTemplate\":\"https:\/\/www.visit-ulcinj.com\/blog\/?s={search_term_string}\"},\"query-input\":\"required name=search_term_string\"}],\"inLanguage\":\"en-US\"},{\"@type\":\"ImageObject\",\"inLanguage\":\"en-US\",\"@id\":\"https:\/\/www.visit-ulcinj.com\/blog\/2014\/07\/25\/5-milion-euro-aqua-park-ne-ulqin\/#primaryimage\",\"url\":\"https:\/\/www.visit-ulcinj.com\/blog\/wp-content\/uploads\/2014\/07\/Polin-designed-a-new-indoor-water-park-in-Ulcinj-Montenegro.jpg\",\"contentUrl\":\"https:\/\/www.visit-ulcinj.com\/blog\/wp-content\/uploads\/2014\/07\/Polin-designed-a-new-indoor-water-park-in-Ulcinj-Montenegro.jpg\",\"width\":1024,\"height\":682},{\"@type\":\"WebPage\",\"@id\":\"https:\/\/www.visit-ulcinj.com\/blog\/2014\/07\/25\/5-milion-euro-aqua-park-ne-ulqin\/#webpage\",\"url\":\"https:\/\/www.visit-ulcinj.com\/blog\/2014\/07\/25\/5-milion-euro-aqua-park-ne-ulqin\/\",\"name\":\"5 milion euro Aqua Park n\u00eb Ulqin - Lajme nga Ulqini\",\"isPartOf\":{\"@id\":\"https:\/\/www.visit-ulcinj.com\/blog\/#website\"},\"primaryImageOfPage\":{\"@id\":\"https:\/\/www.visit-ulcinj.com\/blog\/2014\/07\/25\/5-milion-euro-aqua-park-ne-ulqin\/#primaryimage\"},\"datePublished\":\"2014-07-25T20:45:28+00:00\",\"dateModified\":\"2014-07-31T09:40:43+00:00\",\"author\":{\"@id\":\"https:\/\/www.visit-ulcinj.com\/blog\/#\/schema\/person\/dcab619c614d3038751c63bc2aadc06d\"},\"description\":\"Link : http:\/\/www.polin.com.tr\/downloads\/list\/Videos\/804\/0\/0 Kuvendi komunal i Ulqinit solli sot vendimin p\u00ebr dh\u00ebnien me qira t\u00eb tok\u00ebs p\u00ebr nd\u00ebrtimin e\",\"breadcrumb\":{\"@id\":\"https:\/\/www.visit-ulcinj.com\/blog\/2014\/07\/25\/5-milion-euro-aqua-park-ne-ulqin\/#breadcrumb\"},\"inLanguage\":\"en-US\",\"potentialAction\":[{\"@type\":\"ReadAction\",\"target\":[\"https:\/\/www.visit-ulcinj.com\/blog\/2014\/07\/25\/5-milion-euro-aqua-park-ne-ulqin\/\"]}]},{\"@type\":\"BreadcrumbList\",\"@id\":\"https:\/\/www.visit-ulcinj.com\/blog\/2014\/07\/25\/5-milion-euro-aqua-park-ne-ulqin\/#breadcrumb\",\"itemListElement\":[{\"@type\":\"ListItem\",\"position\":1,\"name\":\"5 milion euro Aqua Park n\u00eb Ulqin\"}]},{\"@type\":\"Person\",\"@id\":\"https:\/\/www.visit-ulcinj.com\/blog\/#\/schema\/person\/dcab619c614d3038751c63bc2aadc06d\",\"name\":\"ulqini\",\"sameAs\":[\"http:\/\/www.visit-ulcinj.com\"],\"url\":\"https:\/\/www.visit-ulcinj.com\/blog\/author\/admin\/\"}]}<\/script>\n<!-- \/ Yoast SEO plugin. -->","yoast_head_json":{"title":"5 milion euro Aqua Park n\u00eb Ulqin - Lajme nga Ulqini","description":"Link : http:\/\/www.polin.com.tr\/downloads\/list\/Videos\/804\/0\/0 Kuvendi komunal i Ulqinit solli sot vendimin p\u00ebr dh\u00ebnien me qira t\u00eb tok\u00ebs p\u00ebr nd\u00ebrtimin e","robots":{"index":"index","follow":"follow","max-snippet":"max-snippet:-1","max-image-preview":"max-image-preview:large","max-video-preview":"max-video-preview:-1"},"canonical":"https:\/\/www.visit-ulcinj.com\/blog\/2014\/07\/25\/5-milion-euro-aqua-park-ne-ulqin\/","og_locale":"en_US","og_type":"article","og_title":"5 milion euro Aqua Park n\u00eb Ulqin - Lajme nga Ulqini","og_description":"Link : http:\/\/www.polin.com.tr\/downloads\/list\/Videos\/804\/0\/0 Kuvendi komunal i Ulqinit solli sot vendimin p\u00ebr dh\u00ebnien me qira t\u00eb tok\u00ebs p\u00ebr nd\u00ebrtimin e","og_url":"https:\/\/www.visit-ulcinj.com\/blog\/2014\/07\/25\/5-milion-euro-aqua-park-ne-ulqin\/","og_site_name":"Lajme nga Ulqini","article_published_time":"2014-07-25T20:45:28+00:00","article_modified_time":"2014-07-31T09:40:43+00:00","og_image":[{"url":"http:\/\/www.visit-ulcinj.com\/blog\/wp-content\/uploads\/2014\/07\/Polin-designed-a-new-indoor-water-park-in-Ulcinj-Montenegro.jpg"}],"twitter_misc":{"Written by":"ulqini","Est. reading time":"2 minutes"},"schema":{"@context":"https:\/\/schema.org","@graph":[{"@type":"WebSite","@id":"https:\/\/www.visit-ulcinj.com\/blog\/#website","url":"https:\/\/www.visit-ulcinj.com\/blog\/","name":"Lajme nga Ulqini","description":"Lajme,Vijesti,Ulqini,Ulqin,Crna Gora,Mali i Zi","potentialAction":[{"@type":"SearchAction","target":{"@type":"EntryPoint","urlTemplate":"https:\/\/www.visit-ulcinj.com\/blog\/?s={search_term_string}"},"query-input":"required name=search_term_string"}],"inLanguage":"en-US"},{"@type":"ImageObject","inLanguage":"en-US","@id":"https:\/\/www.visit-ulcinj.com\/blog\/2014\/07\/25\/5-milion-euro-aqua-park-ne-ulqin\/#primaryimage","url":"https:\/\/www.visit-ulcinj.com\/blog\/wp-content\/uploads\/2014\/07\/Polin-designed-a-new-indoor-water-park-in-Ulcinj-Montenegro.jpg","contentUrl":"https:\/\/www.visit-ulcinj.com\/blog\/wp-content\/uploads\/2014\/07\/Polin-designed-a-new-indoor-water-park-in-Ulcinj-Montenegro.jpg","width":1024,"height":682},{"@type":"WebPage","@id":"https:\/\/www.visit-ulcinj.com\/blog\/2014\/07\/25\/5-milion-euro-aqua-park-ne-ulqin\/#webpage","url":"https:\/\/www.visit-ulcinj.com\/blog\/2014\/07\/25\/5-milion-euro-aqua-park-ne-ulqin\/","name":"5 milion euro Aqua Park n\u00eb Ulqin - Lajme nga Ulqini","isPartOf":{"@id":"https:\/\/www.visit-ulcinj.com\/blog\/#website"},"primaryImageOfPage":{"@id":"https:\/\/www.visit-ulcinj.com\/blog\/2014\/07\/25\/5-milion-euro-aqua-park-ne-ulqin\/#primaryimage"},"datePublished":"2014-07-25T20:45:28+00:00","dateModified":"2014-07-31T09:40:43+00:00","author":{"@id":"https:\/\/www.visit-ulcinj.com\/blog\/#\/schema\/person\/dcab619c614d3038751c63bc2aadc06d"},"description":"Link : http:\/\/www.polin.com.tr\/downloads\/list\/Videos\/804\/0\/0 Kuvendi komunal i Ulqinit solli sot vendimin p\u00ebr dh\u00ebnien me qira t\u00eb tok\u00ebs p\u00ebr nd\u00ebrtimin e","breadcrumb":{"@id":"https:\/\/www.visit-ulcinj.com\/blog\/2014\/07\/25\/5-milion-euro-aqua-park-ne-ulqin\/#breadcrumb"},"inLanguage":"en-US","potentialAction":[{"@type":"ReadAction","target":["https:\/\/www.visit-ulcinj.com\/blog\/2014\/07\/25\/5-milion-euro-aqua-park-ne-ulqin\/"]}]},{"@type":"BreadcrumbList","@id":"https:\/\/www.visit-ulcinj.com\/blog\/2014\/07\/25\/5-milion-euro-aqua-park-ne-ulqin\/#breadcrumb","itemListElement":[{"@type":"ListItem","position":1,"name":"5 milion euro Aqua Park n\u00eb Ulqin"}]},{"@type":"Person","@id":"https:\/\/www.visit-ulcinj.com\/blog\/#\/schema\/person\/dcab619c614d3038751c63bc2aadc06d","name":"ulqini","sameAs":["http:\/\/www.visit-ulcinj.com"],"url":"https:\/\/www.visit-ulcinj.com\/blog\/author\/admin\/"}]}},"jetpack_featured_media_url":"","jetpack_sharing_enabled":true,"jetpack_shortlink":"https:\/\/wp.me\/pe6lTn-lWh","_links":{"self":[{"href":"https:\/\/www.visit-ulcinj.com\/blog\/wp-json\/wp\/v2\/posts\/84337"}],"collection":[{"href":"https:\/\/www.visit-ulcinj.com\/blog\/wp-json\/wp\/v2\/posts"}],"about":[{"href":"https:\/\/www.visit-ulcinj.com\/blog\/wp-json\/wp\/v2\/types\/post"}],"author":[{"embeddable":true,"href":"https:\/\/www.visit-ulcinj.com\/blog\/wp-json\/wp\/v2\/users\/1"}],"replies":[{"embeddable":true,"href":"https:\/\/www.visit-ulcinj.com\/blog\/wp-json\/wp\/v2\/comments?post=84337"}],"version-history":[{"count":2,"href":"https:\/\/www.visit-ulcinj.com\/blog\/wp-json\/wp\/v2\/posts\/84337\/revisions"}],"predecessor-version":[{"id":84427,"href":"https:\/\/www.visit-ulcinj.com\/blog\/wp-json\/wp\/v2\/posts\/84337\/revisions\/84427"}],"wp:attachment":[{"href":"https:\/\/www.visit-ulcinj.com\/blog\/wp-json\/wp\/v2\/media?parent=84337"}],"wp:term":[{"taxonomy":"category","embeddable":true,"href":"https:\/\/www.visit-ulcinj.com\/blog\/wp-json\/wp\/v2\/categories?post=84337"},{"taxonomy":"post_tag","embeddable":true,"href":"https:\/\/www.visit-ulcinj.com\/blog\/wp-json\/wp\/v2\/tags?post=84337"}],"curies":[{"name":"wp","href":"https:\/\/api.w.org\/{rel}","templated":true}]}}