{"id":84347,"date":"2014-07-26T13:26:54","date_gmt":"2014-07-26T12:26:54","guid":{"rendered":"http:\/\/www.visit-ulcinj.com\/blog\/?p=84347"},"modified":"2014-07-27T17:51:10","modified_gmt":"2014-07-27T16:51:10","slug":"ka-interesim-per-largimin-e-dilereve-nga-rruget-e-qytetit-te-ulqinit","status":"publish","type":"post","link":"https:\/\/www.visit-ulcinj.com\/blog\/2014\/07\/26\/ka-interesim-per-largimin-e-dilereve-nga-rruget-e-qytetit-te-ulqinit\/","title":{"rendered":"A ka interesim p\u00ebr largimin e diler\u00ebve nga rrug\u00ebt e qytetit t\u00eb Ulqinit"},"content":{"rendered":"<p><a href=\"http:\/\/www.visit-ulcinj.com\/blog\/wp-content\/uploads\/2014\/07\/Dileret-e-banesave-Ulqin-.jpg\"><img loading=\"lazy\" class=\"alignleft wp-image-84348\" src=\"http:\/\/www.visit-ulcinj.com\/blog\/wp-content\/uploads\/2014\/07\/Dileret-e-banesave-Ulqin-.jpg\" alt=\"Dileret-e-banesave-Ulqin-\" width=\"508\" height=\"381\" srcset=\"https:\/\/www.visit-ulcinj.com\/blog\/wp-content\/uploads\/2014\/07\/Dileret-e-banesave-Ulqin-.jpg 720w, https:\/\/www.visit-ulcinj.com\/blog\/wp-content\/uploads\/2014\/07\/Dileret-e-banesave-Ulqin--300x225.jpg 300w\" sizes=\"(max-width: 508px) 100vw, 508px\" \/><\/a>Rug\u00ebt e Ulqinit sikurse\u00a0dhe sheshi pran\u00eb Plazhit t\u00eb Vog\u00ebl dhe stacioni i autobus\u00ebve n\u00eb m\u00ebngjes \u00ebsht\u00eb p\u00ebrplot njer\u00ebz. Ulqinak\u00ebt duan t\u0092i shesin edhe ata pak shtret\u00ebr t\u00eb lir\u00eb q\u00eb u kan\u00eb mbetur. Ksoovar\u00ebt m\u00eb shum\u00eb pyesin p\u00ebr \u00e7mimin e akomodimit sesa p\u00ebr kushtet. P\u00ebr nj\u00eb nat\u00eb, n\u00eb sht\u00ebpit\u00eb af\u00ebr Plazhit t\u00eb Vog\u00ebl duhet paguar deri n\u00eb 5 deri n\u00eb 6 euro, kurse sa m\u00eb larg, \u00e7mimi \u00ebsht\u00eb m\u00eb i ul\u00ebt. N\u00eb maj\u00eb t\u00eb rrug\u00ebs, af\u00ebr xhamis\u00eb s\u00eb qytetit, nj\u00eb shtrat kushton 4 euro. Mir\u00ebpo, si duket, ky \u00e7mim mund t\u00eb l\u00ebviz\u00eb, pasi q\u00eb fluksi i kosovar\u00ebve \u00ebsht\u00eb shum\u00eb i madh, p\u00ebrkat\u00ebsisht k\u00ebrkesa ka gjas\u00eb t\u00eb jet\u00eb m\u00eb e madhe se oferta. Media lokale Ul.info raporton\u00eb se n\u00eb Ulqin tash poushojn\u00eb rreth 50 mij\u00eb turist\u00eb, kryesisht nga Kosova, Maqedonia, por ka edhe nga Sanxhaku, apo Bosnja, Srbia, Hungaria, Polonia, Rusia, Zvicra, Gjermania etj.<\/p>\n<p><a href=\"http:\/\/www.visit-ulcinj.com\/blog\/wp-content\/uploads\/2014\/07\/Dilerat-e-dhomave-n\u00eb-Ulqin.jpg\"><img loading=\"lazy\" class=\"alignleft wp-image-84349\" src=\"http:\/\/www.visit-ulcinj.com\/blog\/wp-content\/uploads\/2014\/07\/Dilerat-e-dhomave-n\u00eb-Ulqin.jpg\" alt=\"Dilerat-e-dhomave-n\u00eb-Ulqin\" width=\"508\" height=\"346\" srcset=\"https:\/\/www.visit-ulcinj.com\/blog\/wp-content\/uploads\/2014\/07\/Dilerat-e-dhomave-n\u00eb-Ulqin.jpg 398w, https:\/\/www.visit-ulcinj.com\/blog\/wp-content\/uploads\/2014\/07\/Dilerat-e-dhomave-n\u00eb-Ulqin-300x204.jpg 300w\" sizes=\"(max-width: 508px) 100vw, 508px\" \/><\/a>K\u00ebtyre m\u00ebngjeseve v\u00ebrehen edhe njer\u00ebzit q\u00eb po b\u00ebjn\u00eb nj\u00eb biznes t\u00eb ri n\u00eb Ulqin &#8211; diler\u00ebt e banesave. \u0093Kryesisht jan\u00eb kosovar\u00eb. Ata kan\u00eb list\u00ebn e madhe t\u00eb banesave t\u00eb lira dhe t\u00ebr\u00eb dit\u00ebn vrapojn\u00eb pas mysafir\u00ebve. Pronar\u00ebte e banesave, t\u00eb cil\u00ebt nuk duan ta prishin rehatin\u00eb e m\u00ebngjesit, atye u japin fitimin e nj\u00eb nate.<\/p>\n<p>Numrin e diler\u00ebve t\u00eb till\u00eb sivjet e kan\u00eb shtuar edhe disa diler\u00eb, t\u00eb cil\u00ebt ag e terr ndjekin \u00e7do makin\u00eb q\u00eb vjen nga Shkodra apo Tivari, e t\u00eb mos flasim p\u00ebr invadimin e tyre n\u00eb Stacionin e Autobus\u00ebve. K\u00ebta diler\u00eb nuk jan\u00eb ulqinak\u00eb, por e kan\u00eb gjetur nj\u00eb m\u00ebnyr\u00eb t\u00eb p\u00ebrfitimit p\u00ebr t\u2019i mashtruar turist\u00ebt, duke i vendosur n\u00ebp\u00ebr vila t\u00eb nd\u00ebrtuesve ilegal nga Novi Pazari, Rozhaja e Berana.<\/p>\n<p>Nga Drejtoria p\u00ebr pun\u00eb inspektuese \u00ebsht\u00eb th\u00ebn\u00eb Portalit Analitika q\u00eb d\u00ebnimi p\u00ebr diler\u00ebt e dhomave \u00ebsht\u00eb 150 euro, poashtu edhe p\u00ebr qiradh\u00ebn\u00ebsit e parregullt t\u00eb dhomave denimi esht\u00eb 150 euro\u201d, thon\u00eb n\u00eb drejtori, p\u00ebr t\u00eb cilat jan\u00eb kompetent gjithsej 14 inspektor\u00eb p\u00ebr turiz\u00ebm q\u00eb punojn\u00eb n\u00eb Bregdet t\u00eb Malit t\u00eb Zi.<\/p>\n<p><a href=\"http:\/\/www.visit-ulcinj.com\/blog\/wp-content\/uploads\/2014\/07\/Dileret-e-banesave-Ulqin-1.jpg\"><img loading=\"lazy\" class=\"alignleft wp-image-84350\" src=\"http:\/\/www.visit-ulcinj.com\/blog\/wp-content\/uploads\/2014\/07\/Dileret-e-banesave-Ulqin-1.jpg\" alt=\"Dileret-e-banesave-Ulqin-1\" width=\"508\" height=\"381\" srcset=\"https:\/\/www.visit-ulcinj.com\/blog\/wp-content\/uploads\/2014\/07\/Dileret-e-banesave-Ulqin-1.jpg 720w, https:\/\/www.visit-ulcinj.com\/blog\/wp-content\/uploads\/2014\/07\/Dileret-e-banesave-Ulqin-1-300x225.jpg 300w\" sizes=\"(max-width: 508px) 100vw, 508px\" \/><\/a><\/p>\n<p>A do marr\u00eb inciativ\u00eb\u00a0 p\u00ebr aksion kryetari i Komun\u00ebs s\u00eb Ulqinit p\u00ebr largimin e diler\u00ebve nga rrug\u00ebt e qytetit t\u00eb Ulqinit, t\u00eb cil\u00ebt me \u00e7dokusht tendojn\u00eb t\u2019u imponojn\u00eb akomodime n\u00eb sht\u00ebpit\u00eb private pushuesve q\u00eb kan\u00eb zgjedhur Ulqinin p\u00ebr t\u00eb pushuar, e jo\u00a0 t\u00eb \u00e7faqet fotografia q\u00eb mysafir\u00ebt i pret n\u00eb hyrje t\u00eb Ulqinit \u201cstop-recepcioni\u201d.<\/p>\n<p>Nj\u00eb pun\u00ebtor i njohur turistik nga Ulqini thot\u00eb q\u00eb diler\u00ebt aq jan\u00eb t\u00eb guximsh\u00ebm sa q\u00eb nuk ndalojn\u00eb mysafir\u00ebt vet\u00ebm n\u00eb rrug\u00eb, por i rr\u00ebmbejn\u00eb edhe para hotelit.Por, k\u00ebta diler\u00ebt jan\u00eb b\u00ebr\u00eb m\u00eb t\u00eb bezdissh\u00ebm sesa mushkonjat. Njeri prej tyre, madje, m\u00eb ofroi edhe mua q\u00eb t\u00eb angazhohem n\u00eb k\u00ebt\u00eb pun\u00eb \u201csepse mund t\u00eb fitohet mir\u00eb\u201d. M\u00ebsova se ai dhe sigurisht edhe shum\u00eb si ai nuk jan\u00eb nga Ulqini dhe veprojn\u00eb t\u00eb papenguar nga organet p\u00ebrkat\u00ebse n\u00eb d\u00ebm t\u00eb turizmit t\u00eb k\u00ebtush\u00ebm\u201d.<\/p>\n<!--YouTube Error: bad URL entered-->\n<p>&nbsp;<\/p>\n","protected":false},"excerpt":{"rendered":"<p>Rug\u00ebt e Ulqinit sikurse\u00a0dhe sheshi pran\u00eb Plazhit t\u00eb Vog\u00ebl dhe stacioni i autobus\u00ebve n\u00eb m\u00ebngjes \u00ebsht\u00eb p\u00ebrplot njer\u00ebz. Ulqinak\u00ebt duan t\u0092i shesin edhe ata pak shtret\u00ebr t\u00eb lir\u00eb q\u00eb u kan\u00eb mbetur. Ksoovar\u00ebt m\u00eb shum\u00eb pyesin p\u00ebr \u00e7mimin e akomodimit sesa p\u00ebr kushtet. P\u00ebr nj\u00eb nat\u00eb, n\u00eb sht\u00ebpit\u00eb af\u00ebr Plazhit t\u00eb Vog\u00ebl duhet paguar deri [&hellip;]<\/p>\n","protected":false},"author":1,"featured_media":0,"comment_status":"closed","ping_status":"closed","sticky":false,"template":"","format":"standard","meta":{"spay_email":"","jetpack_publicize_message":"","jetpack_is_tweetstorm":false,"jetpack_publicize_feature_enabled":true},"categories":[1,15],"tags":[],"jetpack_publicize_connections":[],"yoast_head":"<!-- This site is optimized with the Yoast SEO plugin v19.1 - https:\/\/yoast.com\/wordpress\/plugins\/seo\/ -->\n<title>A ka interesim p\u00ebr largimin e diler\u00ebve nga rrug\u00ebt e qytetit t\u00eb Ulqinit - Lajme nga Ulqini<\/title>\n<meta name=\"description\" content=\"Rug\u00ebt e Ulqinit sikurse\u00a0dhe sheshi pran\u00eb Plazhit t\u00eb Vog\u00ebl dhe stacioni i autobus\u00ebve n\u00eb m\u00ebngjes \u00ebsht\u00eb p\u00ebrplot njer\u00ebz. Ulqinak\u00ebt duan t\u0092i shesin edhe ata\" \/>\n<meta name=\"robots\" content=\"index, follow, max-snippet:-1, max-image-preview:large, max-video-preview:-1\" \/>\n<link rel=\"canonical\" href=\"https:\/\/www.visit-ulcinj.com\/blog\/2014\/07\/26\/ka-interesim-per-largimin-e-dilereve-nga-rruget-e-qytetit-te-ulqinit\/\" \/>\n<meta property=\"og:locale\" content=\"en_US\" \/>\n<meta property=\"og:type\" content=\"article\" \/>\n<meta property=\"og:title\" content=\"A ka interesim p\u00ebr largimin e diler\u00ebve nga rrug\u00ebt e qytetit t\u00eb Ulqinit - Lajme nga Ulqini\" \/>\n<meta property=\"og:description\" content=\"Rug\u00ebt e Ulqinit sikurse\u00a0dhe sheshi pran\u00eb Plazhit t\u00eb Vog\u00ebl dhe stacioni i autobus\u00ebve n\u00eb m\u00ebngjes \u00ebsht\u00eb p\u00ebrplot njer\u00ebz. Ulqinak\u00ebt duan t\u0092i shesin edhe ata\" \/>\n<meta property=\"og:url\" content=\"https:\/\/www.visit-ulcinj.com\/blog\/2014\/07\/26\/ka-interesim-per-largimin-e-dilereve-nga-rruget-e-qytetit-te-ulqinit\/\" \/>\n<meta property=\"og:site_name\" content=\"Lajme nga Ulqini\" \/>\n<meta property=\"article:published_time\" content=\"2014-07-26T12:26:54+00:00\" \/>\n<meta property=\"article:modified_time\" content=\"2014-07-27T16:51:10+00:00\" \/>\n<meta property=\"og:image\" content=\"http:\/\/www.visit-ulcinj.com\/blog\/wp-content\/uploads\/2014\/07\/Dileret-e-banesave-Ulqin-.jpg\" \/>\n<meta name=\"twitter:label1\" content=\"Written by\" \/>\n\t<meta name=\"twitter:data1\" content=\"ulqini\" \/>\n\t<meta name=\"twitter:label2\" content=\"Est. reading time\" \/>\n\t<meta name=\"twitter:data2\" content=\"3 minutes\" \/>\n<script type=\"application\/ld+json\" class=\"yoast-schema-graph\">{\"@context\":\"https:\/\/schema.org\",\"@graph\":[{\"@type\":\"WebSite\",\"@id\":\"https:\/\/www.visit-ulcinj.com\/blog\/#website\",\"url\":\"https:\/\/www.visit-ulcinj.com\/blog\/\",\"name\":\"Lajme nga Ulqini\",\"description\":\"Lajme,Vijesti,Ulqini,Ulqin,Crna Gora,Mali i Zi\",\"potentialAction\":[{\"@type\":\"SearchAction\",\"target\":{\"@type\":\"EntryPoint\",\"urlTemplate\":\"https:\/\/www.visit-ulcinj.com\/blog\/?s={search_term_string}\"},\"query-input\":\"required name=search_term_string\"}],\"inLanguage\":\"en-US\"},{\"@type\":\"ImageObject\",\"inLanguage\":\"en-US\",\"@id\":\"https:\/\/www.visit-ulcinj.com\/blog\/2014\/07\/26\/ka-interesim-per-largimin-e-dilereve-nga-rruget-e-qytetit-te-ulqinit\/#primaryimage\",\"url\":\"https:\/\/www.visit-ulcinj.com\/blog\/wp-content\/uploads\/2014\/07\/Dileret-e-banesave-Ulqin-.jpg\",\"contentUrl\":\"https:\/\/www.visit-ulcinj.com\/blog\/wp-content\/uploads\/2014\/07\/Dileret-e-banesave-Ulqin-.jpg\",\"width\":720,\"height\":540},{\"@type\":\"WebPage\",\"@id\":\"https:\/\/www.visit-ulcinj.com\/blog\/2014\/07\/26\/ka-interesim-per-largimin-e-dilereve-nga-rruget-e-qytetit-te-ulqinit\/#webpage\",\"url\":\"https:\/\/www.visit-ulcinj.com\/blog\/2014\/07\/26\/ka-interesim-per-largimin-e-dilereve-nga-rruget-e-qytetit-te-ulqinit\/\",\"name\":\"A ka interesim p\u00ebr largimin e diler\u00ebve nga rrug\u00ebt e qytetit t\u00eb Ulqinit - Lajme nga Ulqini\",\"isPartOf\":{\"@id\":\"https:\/\/www.visit-ulcinj.com\/blog\/#website\"},\"primaryImageOfPage\":{\"@id\":\"https:\/\/www.visit-ulcinj.com\/blog\/2014\/07\/26\/ka-interesim-per-largimin-e-dilereve-nga-rruget-e-qytetit-te-ulqinit\/#primaryimage\"},\"datePublished\":\"2014-07-26T12:26:54+00:00\",\"dateModified\":\"2014-07-27T16:51:10+00:00\",\"author\":{\"@id\":\"https:\/\/www.visit-ulcinj.com\/blog\/#\/schema\/person\/dcab619c614d3038751c63bc2aadc06d\"},\"description\":\"Rug\u00ebt e Ulqinit sikurse\u00a0dhe sheshi pran\u00eb Plazhit t\u00eb Vog\u00ebl dhe stacioni i autobus\u00ebve n\u00eb m\u00ebngjes \u00ebsht\u00eb p\u00ebrplot njer\u00ebz. Ulqinak\u00ebt duan t\u0092i shesin edhe ata\",\"breadcrumb\":{\"@id\":\"https:\/\/www.visit-ulcinj.com\/blog\/2014\/07\/26\/ka-interesim-per-largimin-e-dilereve-nga-rruget-e-qytetit-te-ulqinit\/#breadcrumb\"},\"inLanguage\":\"en-US\",\"potentialAction\":[{\"@type\":\"ReadAction\",\"target\":[\"https:\/\/www.visit-ulcinj.com\/blog\/2014\/07\/26\/ka-interesim-per-largimin-e-dilereve-nga-rruget-e-qytetit-te-ulqinit\/\"]}]},{\"@type\":\"BreadcrumbList\",\"@id\":\"https:\/\/www.visit-ulcinj.com\/blog\/2014\/07\/26\/ka-interesim-per-largimin-e-dilereve-nga-rruget-e-qytetit-te-ulqinit\/#breadcrumb\",\"itemListElement\":[{\"@type\":\"ListItem\",\"position\":1,\"name\":\"A ka interesim p\u00ebr largimin e diler\u00ebve nga rrug\u00ebt e qytetit t\u00eb Ulqinit\"}]},{\"@type\":\"Person\",\"@id\":\"https:\/\/www.visit-ulcinj.com\/blog\/#\/schema\/person\/dcab619c614d3038751c63bc2aadc06d\",\"name\":\"ulqini\",\"sameAs\":[\"http:\/\/www.visit-ulcinj.com\"],\"url\":\"https:\/\/www.visit-ulcinj.com\/blog\/author\/admin\/\"}]}<\/script>\n<!-- \/ Yoast SEO plugin. -->","yoast_head_json":{"title":"A ka interesim p\u00ebr largimin e diler\u00ebve nga rrug\u00ebt e qytetit t\u00eb Ulqinit - Lajme nga Ulqini","description":"Rug\u00ebt e Ulqinit sikurse\u00a0dhe sheshi pran\u00eb Plazhit t\u00eb Vog\u00ebl dhe stacioni i autobus\u00ebve n\u00eb m\u00ebngjes \u00ebsht\u00eb p\u00ebrplot njer\u00ebz. Ulqinak\u00ebt duan t\u0092i shesin edhe ata","robots":{"index":"index","follow":"follow","max-snippet":"max-snippet:-1","max-image-preview":"max-image-preview:large","max-video-preview":"max-video-preview:-1"},"canonical":"https:\/\/www.visit-ulcinj.com\/blog\/2014\/07\/26\/ka-interesim-per-largimin-e-dilereve-nga-rruget-e-qytetit-te-ulqinit\/","og_locale":"en_US","og_type":"article","og_title":"A ka interesim p\u00ebr largimin e diler\u00ebve nga rrug\u00ebt e qytetit t\u00eb Ulqinit - Lajme nga Ulqini","og_description":"Rug\u00ebt e Ulqinit sikurse\u00a0dhe sheshi pran\u00eb Plazhit t\u00eb Vog\u00ebl dhe stacioni i autobus\u00ebve n\u00eb m\u00ebngjes \u00ebsht\u00eb p\u00ebrplot njer\u00ebz. Ulqinak\u00ebt duan t\u0092i shesin edhe ata","og_url":"https:\/\/www.visit-ulcinj.com\/blog\/2014\/07\/26\/ka-interesim-per-largimin-e-dilereve-nga-rruget-e-qytetit-te-ulqinit\/","og_site_name":"Lajme nga Ulqini","article_published_time":"2014-07-26T12:26:54+00:00","article_modified_time":"2014-07-27T16:51:10+00:00","og_image":[{"url":"http:\/\/www.visit-ulcinj.com\/blog\/wp-content\/uploads\/2014\/07\/Dileret-e-banesave-Ulqin-.jpg"}],"twitter_misc":{"Written by":"ulqini","Est. reading time":"3 minutes"},"schema":{"@context":"https:\/\/schema.org","@graph":[{"@type":"WebSite","@id":"https:\/\/www.visit-ulcinj.com\/blog\/#website","url":"https:\/\/www.visit-ulcinj.com\/blog\/","name":"Lajme nga Ulqini","description":"Lajme,Vijesti,Ulqini,Ulqin,Crna Gora,Mali i Zi","potentialAction":[{"@type":"SearchAction","target":{"@type":"EntryPoint","urlTemplate":"https:\/\/www.visit-ulcinj.com\/blog\/?s={search_term_string}"},"query-input":"required name=search_term_string"}],"inLanguage":"en-US"},{"@type":"ImageObject","inLanguage":"en-US","@id":"https:\/\/www.visit-ulcinj.com\/blog\/2014\/07\/26\/ka-interesim-per-largimin-e-dilereve-nga-rruget-e-qytetit-te-ulqinit\/#primaryimage","url":"https:\/\/www.visit-ulcinj.com\/blog\/wp-content\/uploads\/2014\/07\/Dileret-e-banesave-Ulqin-.jpg","contentUrl":"https:\/\/www.visit-ulcinj.com\/blog\/wp-content\/uploads\/2014\/07\/Dileret-e-banesave-Ulqin-.jpg","width":720,"height":540},{"@type":"WebPage","@id":"https:\/\/www.visit-ulcinj.com\/blog\/2014\/07\/26\/ka-interesim-per-largimin-e-dilereve-nga-rruget-e-qytetit-te-ulqinit\/#webpage","url":"https:\/\/www.visit-ulcinj.com\/blog\/2014\/07\/26\/ka-interesim-per-largimin-e-dilereve-nga-rruget-e-qytetit-te-ulqinit\/","name":"A ka interesim p\u00ebr largimin e diler\u00ebve nga rrug\u00ebt e qytetit t\u00eb Ulqinit - Lajme nga Ulqini","isPartOf":{"@id":"https:\/\/www.visit-ulcinj.com\/blog\/#website"},"primaryImageOfPage":{"@id":"https:\/\/www.visit-ulcinj.com\/blog\/2014\/07\/26\/ka-interesim-per-largimin-e-dilereve-nga-rruget-e-qytetit-te-ulqinit\/#primaryimage"},"datePublished":"2014-07-26T12:26:54+00:00","dateModified":"2014-07-27T16:51:10+00:00","author":{"@id":"https:\/\/www.visit-ulcinj.com\/blog\/#\/schema\/person\/dcab619c614d3038751c63bc2aadc06d"},"description":"Rug\u00ebt e Ulqinit sikurse\u00a0dhe sheshi pran\u00eb Plazhit t\u00eb Vog\u00ebl dhe stacioni i autobus\u00ebve n\u00eb m\u00ebngjes \u00ebsht\u00eb p\u00ebrplot njer\u00ebz. Ulqinak\u00ebt duan t\u0092i shesin edhe ata","breadcrumb":{"@id":"https:\/\/www.visit-ulcinj.com\/blog\/2014\/07\/26\/ka-interesim-per-largimin-e-dilereve-nga-rruget-e-qytetit-te-ulqinit\/#breadcrumb"},"inLanguage":"en-US","potentialAction":[{"@type":"ReadAction","target":["https:\/\/www.visit-ulcinj.com\/blog\/2014\/07\/26\/ka-interesim-per-largimin-e-dilereve-nga-rruget-e-qytetit-te-ulqinit\/"]}]},{"@type":"BreadcrumbList","@id":"https:\/\/www.visit-ulcinj.com\/blog\/2014\/07\/26\/ka-interesim-per-largimin-e-dilereve-nga-rruget-e-qytetit-te-ulqinit\/#breadcrumb","itemListElement":[{"@type":"ListItem","position":1,"name":"A ka interesim p\u00ebr largimin e diler\u00ebve nga rrug\u00ebt e qytetit t\u00eb Ulqinit"}]},{"@type":"Person","@id":"https:\/\/www.visit-ulcinj.com\/blog\/#\/schema\/person\/dcab619c614d3038751c63bc2aadc06d","name":"ulqini","sameAs":["http:\/\/www.visit-ulcinj.com"],"url":"https:\/\/www.visit-ulcinj.com\/blog\/author\/admin\/"}]}},"jetpack_featured_media_url":"","jetpack_sharing_enabled":true,"jetpack_shortlink":"https:\/\/wp.me\/pe6lTn-lWr","_links":{"self":[{"href":"https:\/\/www.visit-ulcinj.com\/blog\/wp-json\/wp\/v2\/posts\/84347"}],"collection":[{"href":"https:\/\/www.visit-ulcinj.com\/blog\/wp-json\/wp\/v2\/posts"}],"about":[{"href":"https:\/\/www.visit-ulcinj.com\/blog\/wp-json\/wp\/v2\/types\/post"}],"author":[{"embeddable":true,"href":"https:\/\/www.visit-ulcinj.com\/blog\/wp-json\/wp\/v2\/users\/1"}],"replies":[{"embeddable":true,"href":"https:\/\/www.visit-ulcinj.com\/blog\/wp-json\/wp\/v2\/comments?post=84347"}],"version-history":[{"count":2,"href":"https:\/\/www.visit-ulcinj.com\/blog\/wp-json\/wp\/v2\/posts\/84347\/revisions"}],"predecessor-version":[{"id":84352,"href":"https:\/\/www.visit-ulcinj.com\/blog\/wp-json\/wp\/v2\/posts\/84347\/revisions\/84352"}],"wp:attachment":[{"href":"https:\/\/www.visit-ulcinj.com\/blog\/wp-json\/wp\/v2\/media?parent=84347"}],"wp:term":[{"taxonomy":"category","embeddable":true,"href":"https:\/\/www.visit-ulcinj.com\/blog\/wp-json\/wp\/v2\/categories?post=84347"},{"taxonomy":"post_tag","embeddable":true,"href":"https:\/\/www.visit-ulcinj.com\/blog\/wp-json\/wp\/v2\/tags?post=84347"}],"curies":[{"name":"wp","href":"https:\/\/api.w.org\/{rel}","templated":true}]}}