{"id":84356,"date":"2014-07-26T17:30:48","date_gmt":"2014-07-26T16:30:48","guid":{"rendered":"http:\/\/www.visit-ulcinj.com\/blog\/?p=84356"},"modified":"2014-07-26T17:30:48","modified_gmt":"2014-07-26T16:30:48","slug":"fatmir-gjeka-urime-fiter-bajrami","status":"publish","type":"post","link":"https:\/\/www.visit-ulcinj.com\/blog\/2014\/07\/26\/fatmir-gjeka-urime-fiter-bajrami\/","title":{"rendered":"Fatmir Gjeka: Urime Fit\u00ebr Bajrami"},"content":{"rendered":"<p><strong><span style=\"font-family: Verdana; color: #000000; font-size: 10pt;\"><a href=\"http:\/\/www.visit-ulcinj.com\/blog\/wp-content\/uploads\/2014\/07\/Fatmir-Gjeka-Ulqin-1.jpg\"><img loading=\"lazy\" class=\"alignleft wp-image-83966 size-full\" src=\"http:\/\/www.visit-ulcinj.com\/blog\/wp-content\/uploads\/2014\/07\/Fatmir-Gjeka-Ulqin-1.jpg\" alt=\"Fatmir-Gjeka-Ulqin-1\" width=\"508\" height=\"377\" srcset=\"https:\/\/www.visit-ulcinj.com\/blog\/wp-content\/uploads\/2014\/07\/Fatmir-Gjeka-Ulqin-1.jpg 508w, https:\/\/www.visit-ulcinj.com\/blog\/wp-content\/uploads\/2014\/07\/Fatmir-Gjeka-Ulqin-1-300x222.jpg 300w\" sizes=\"(max-width: 508px) 100vw, 508px\" \/><\/a>Urimi i kryetarit te komunes me rastin e festes se Bajramit<\/span><\/strong><\/p>\n<p>Kryetari i komun\u00ebs s\u00eb Ulqinit Fatmir Gjeka ka uruar t\u00eb gjith besimtar\u00ebt musliman me rastin e fest\u00ebs s\u00eb Fit\u00ebr Bajramit.<\/p>\n<p>\u201cN\u00eb k\u00ebto moment t\u00eb fest\u00ebs p\u00ebr Ju dhe familjet Tuaja pas nj\u00eb muaji t\u00eb p\u00ebrkushtimit, agj\u00ebrimit dhe respektimit t\u00eb besimit d\u00ebshiroj t\u00eb jem pran\u00eb t\u00eb gjith\u00ebve me urime m\u00eb t\u00eb ngrohta dhe m\u00eb t\u00eb p\u00ebrzem\u00ebrta.<\/p>\n<p>Uroj q\u00eb kjo dit\u00eb e bekuar t\u2019ju gjej\u00eb n\u00eb harmoni, paqe dhe mir\u00ebkuptim me nj\u00ebri tjetrin.<\/p>\n<p>Zoti ju dhasht\u00eb force dhe sh\u00ebndet, fat dhe begati n\u00eb familjet Tuaja\u201d, thuhet n\u00eb urimin e kryetarit Gjeka.<\/p>\n<p>&nbsp;<\/p>\n<p><strong>Komuna Ulqinit<\/strong><\/p>\n","protected":false},"excerpt":{"rendered":"<p>Urimi i kryetarit te komunes me rastin e festes se Bajramit Kryetari i komun\u00ebs s\u00eb Ulqinit Fatmir Gjeka ka uruar t\u00eb gjith besimtar\u00ebt musliman me rastin e fest\u00ebs s\u00eb Fit\u00ebr Bajramit. \u201cN\u00eb k\u00ebto moment t\u00eb fest\u00ebs p\u00ebr Ju dhe familjet Tuaja pas nj\u00eb muaji t\u00eb p\u00ebrkushtimit, agj\u00ebrimit dhe respektimit t\u00eb besimit d\u00ebshiroj t\u00eb jem pran\u00eb [&hellip;]<\/p>\n","protected":false},"author":1,"featured_media":0,"comment_status":"closed","ping_status":"closed","sticky":false,"template":"","format":"standard","meta":{"spay_email":"","jetpack_publicize_message":"","jetpack_is_tweetstorm":false,"jetpack_publicize_feature_enabled":true},"categories":[6950],"tags":[],"jetpack_publicize_connections":[],"yoast_head":"<!-- This site is optimized with the Yoast SEO plugin v19.1 - https:\/\/yoast.com\/wordpress\/plugins\/seo\/ -->\n<title>Fatmir Gjeka: Urime Fit\u00ebr Bajrami - Lajme nga Ulqini<\/title>\n<meta name=\"description\" content=\"Urimi i kryetarit te komunes me rastin e festes se Bajramit Kryetari i komun\u00ebs s\u00eb Ulqinit Fatmir Gjeka ka uruar t\u00eb gjith besimtar\u00ebt musliman me rastin e\" \/>\n<meta name=\"robots\" content=\"index, follow, max-snippet:-1, max-image-preview:large, max-video-preview:-1\" \/>\n<link rel=\"canonical\" href=\"https:\/\/www.visit-ulcinj.com\/blog\/2014\/07\/26\/fatmir-gjeka-urime-fiter-bajrami\/\" \/>\n<meta property=\"og:locale\" content=\"en_US\" \/>\n<meta property=\"og:type\" content=\"article\" \/>\n<meta property=\"og:title\" content=\"Fatmir Gjeka: Urime Fit\u00ebr Bajrami - Lajme nga Ulqini\" \/>\n<meta property=\"og:description\" content=\"Urimi i kryetarit te komunes me rastin e festes se Bajramit Kryetari i komun\u00ebs s\u00eb Ulqinit Fatmir Gjeka ka uruar t\u00eb gjith besimtar\u00ebt musliman me rastin e\" \/>\n<meta property=\"og:url\" content=\"https:\/\/www.visit-ulcinj.com\/blog\/2014\/07\/26\/fatmir-gjeka-urime-fiter-bajrami\/\" \/>\n<meta property=\"og:site_name\" content=\"Lajme nga Ulqini\" \/>\n<meta property=\"article:published_time\" content=\"2014-07-26T16:30:48+00:00\" \/>\n<meta property=\"og:image\" content=\"http:\/\/www.visit-ulcinj.com\/blog\/wp-content\/uploads\/2014\/07\/Fatmir-Gjeka-Ulqin-1.jpg\" \/>\n<meta name=\"twitter:label1\" content=\"Written by\" \/>\n\t<meta name=\"twitter:data1\" content=\"ulqini\" \/>\n\t<meta name=\"twitter:label2\" content=\"Est. reading time\" \/>\n\t<meta name=\"twitter:data2\" content=\"1 minute\" \/>\n<script type=\"application\/ld+json\" class=\"yoast-schema-graph\">{\"@context\":\"https:\/\/schema.org\",\"@graph\":[{\"@type\":\"WebSite\",\"@id\":\"https:\/\/www.visit-ulcinj.com\/blog\/#website\",\"url\":\"https:\/\/www.visit-ulcinj.com\/blog\/\",\"name\":\"Lajme nga Ulqini\",\"description\":\"Lajme,Vijesti,Ulqini,Ulqin,Crna Gora,Mali i Zi\",\"potentialAction\":[{\"@type\":\"SearchAction\",\"target\":{\"@type\":\"EntryPoint\",\"urlTemplate\":\"https:\/\/www.visit-ulcinj.com\/blog\/?s={search_term_string}\"},\"query-input\":\"required name=search_term_string\"}],\"inLanguage\":\"en-US\"},{\"@type\":\"ImageObject\",\"inLanguage\":\"en-US\",\"@id\":\"https:\/\/www.visit-ulcinj.com\/blog\/2014\/07\/26\/fatmir-gjeka-urime-fiter-bajrami\/#primaryimage\",\"url\":\"https:\/\/www.visit-ulcinj.com\/blog\/wp-content\/uploads\/2014\/07\/Fatmir-Gjeka-Ulqin-1.jpg\",\"contentUrl\":\"https:\/\/www.visit-ulcinj.com\/blog\/wp-content\/uploads\/2014\/07\/Fatmir-Gjeka-Ulqin-1.jpg\",\"width\":508,\"height\":377},{\"@type\":\"WebPage\",\"@id\":\"https:\/\/www.visit-ulcinj.com\/blog\/2014\/07\/26\/fatmir-gjeka-urime-fiter-bajrami\/#webpage\",\"url\":\"https:\/\/www.visit-ulcinj.com\/blog\/2014\/07\/26\/fatmir-gjeka-urime-fiter-bajrami\/\",\"name\":\"Fatmir Gjeka: Urime Fit\u00ebr Bajrami - Lajme nga Ulqini\",\"isPartOf\":{\"@id\":\"https:\/\/www.visit-ulcinj.com\/blog\/#website\"},\"primaryImageOfPage\":{\"@id\":\"https:\/\/www.visit-ulcinj.com\/blog\/2014\/07\/26\/fatmir-gjeka-urime-fiter-bajrami\/#primaryimage\"},\"datePublished\":\"2014-07-26T16:30:48+00:00\",\"dateModified\":\"2014-07-26T16:30:48+00:00\",\"author\":{\"@id\":\"https:\/\/www.visit-ulcinj.com\/blog\/#\/schema\/person\/dcab619c614d3038751c63bc2aadc06d\"},\"description\":\"Urimi i kryetarit te komunes me rastin e festes se Bajramit Kryetari i komun\u00ebs s\u00eb Ulqinit Fatmir Gjeka ka uruar t\u00eb gjith besimtar\u00ebt musliman me rastin e\",\"breadcrumb\":{\"@id\":\"https:\/\/www.visit-ulcinj.com\/blog\/2014\/07\/26\/fatmir-gjeka-urime-fiter-bajrami\/#breadcrumb\"},\"inLanguage\":\"en-US\",\"potentialAction\":[{\"@type\":\"ReadAction\",\"target\":[\"https:\/\/www.visit-ulcinj.com\/blog\/2014\/07\/26\/fatmir-gjeka-urime-fiter-bajrami\/\"]}]},{\"@type\":\"BreadcrumbList\",\"@id\":\"https:\/\/www.visit-ulcinj.com\/blog\/2014\/07\/26\/fatmir-gjeka-urime-fiter-bajrami\/#breadcrumb\",\"itemListElement\":[{\"@type\":\"ListItem\",\"position\":1,\"name\":\"Fatmir Gjeka: Urime Fit\u00ebr Bajrami\"}]},{\"@type\":\"Person\",\"@id\":\"https:\/\/www.visit-ulcinj.com\/blog\/#\/schema\/person\/dcab619c614d3038751c63bc2aadc06d\",\"name\":\"ulqini\",\"sameAs\":[\"http:\/\/www.visit-ulcinj.com\"],\"url\":\"https:\/\/www.visit-ulcinj.com\/blog\/author\/admin\/\"}]}<\/script>\n<!-- \/ Yoast SEO plugin. -->","yoast_head_json":{"title":"Fatmir Gjeka: Urime Fit\u00ebr Bajrami - Lajme nga Ulqini","description":"Urimi i kryetarit te komunes me rastin e festes se Bajramit Kryetari i komun\u00ebs s\u00eb Ulqinit Fatmir Gjeka ka uruar t\u00eb gjith besimtar\u00ebt musliman me rastin e","robots":{"index":"index","follow":"follow","max-snippet":"max-snippet:-1","max-image-preview":"max-image-preview:large","max-video-preview":"max-video-preview:-1"},"canonical":"https:\/\/www.visit-ulcinj.com\/blog\/2014\/07\/26\/fatmir-gjeka-urime-fiter-bajrami\/","og_locale":"en_US","og_type":"article","og_title":"Fatmir Gjeka: Urime Fit\u00ebr Bajrami - Lajme nga Ulqini","og_description":"Urimi i kryetarit te komunes me rastin e festes se Bajramit Kryetari i komun\u00ebs s\u00eb Ulqinit Fatmir Gjeka ka uruar t\u00eb gjith besimtar\u00ebt musliman me rastin e","og_url":"https:\/\/www.visit-ulcinj.com\/blog\/2014\/07\/26\/fatmir-gjeka-urime-fiter-bajrami\/","og_site_name":"Lajme nga Ulqini","article_published_time":"2014-07-26T16:30:48+00:00","og_image":[{"url":"http:\/\/www.visit-ulcinj.com\/blog\/wp-content\/uploads\/2014\/07\/Fatmir-Gjeka-Ulqin-1.jpg"}],"twitter_misc":{"Written by":"ulqini","Est. reading time":"1 minute"},"schema":{"@context":"https:\/\/schema.org","@graph":[{"@type":"WebSite","@id":"https:\/\/www.visit-ulcinj.com\/blog\/#website","url":"https:\/\/www.visit-ulcinj.com\/blog\/","name":"Lajme nga Ulqini","description":"Lajme,Vijesti,Ulqini,Ulqin,Crna Gora,Mali i Zi","potentialAction":[{"@type":"SearchAction","target":{"@type":"EntryPoint","urlTemplate":"https:\/\/www.visit-ulcinj.com\/blog\/?s={search_term_string}"},"query-input":"required name=search_term_string"}],"inLanguage":"en-US"},{"@type":"ImageObject","inLanguage":"en-US","@id":"https:\/\/www.visit-ulcinj.com\/blog\/2014\/07\/26\/fatmir-gjeka-urime-fiter-bajrami\/#primaryimage","url":"https:\/\/www.visit-ulcinj.com\/blog\/wp-content\/uploads\/2014\/07\/Fatmir-Gjeka-Ulqin-1.jpg","contentUrl":"https:\/\/www.visit-ulcinj.com\/blog\/wp-content\/uploads\/2014\/07\/Fatmir-Gjeka-Ulqin-1.jpg","width":508,"height":377},{"@type":"WebPage","@id":"https:\/\/www.visit-ulcinj.com\/blog\/2014\/07\/26\/fatmir-gjeka-urime-fiter-bajrami\/#webpage","url":"https:\/\/www.visit-ulcinj.com\/blog\/2014\/07\/26\/fatmir-gjeka-urime-fiter-bajrami\/","name":"Fatmir Gjeka: Urime Fit\u00ebr Bajrami - Lajme nga Ulqini","isPartOf":{"@id":"https:\/\/www.visit-ulcinj.com\/blog\/#website"},"primaryImageOfPage":{"@id":"https:\/\/www.visit-ulcinj.com\/blog\/2014\/07\/26\/fatmir-gjeka-urime-fiter-bajrami\/#primaryimage"},"datePublished":"2014-07-26T16:30:48+00:00","dateModified":"2014-07-26T16:30:48+00:00","author":{"@id":"https:\/\/www.visit-ulcinj.com\/blog\/#\/schema\/person\/dcab619c614d3038751c63bc2aadc06d"},"description":"Urimi i kryetarit te komunes me rastin e festes se Bajramit Kryetari i komun\u00ebs s\u00eb Ulqinit Fatmir Gjeka ka uruar t\u00eb gjith besimtar\u00ebt musliman me rastin e","breadcrumb":{"@id":"https:\/\/www.visit-ulcinj.com\/blog\/2014\/07\/26\/fatmir-gjeka-urime-fiter-bajrami\/#breadcrumb"},"inLanguage":"en-US","potentialAction":[{"@type":"ReadAction","target":["https:\/\/www.visit-ulcinj.com\/blog\/2014\/07\/26\/fatmir-gjeka-urime-fiter-bajrami\/"]}]},{"@type":"BreadcrumbList","@id":"https:\/\/www.visit-ulcinj.com\/blog\/2014\/07\/26\/fatmir-gjeka-urime-fiter-bajrami\/#breadcrumb","itemListElement":[{"@type":"ListItem","position":1,"name":"Fatmir Gjeka: Urime Fit\u00ebr Bajrami"}]},{"@type":"Person","@id":"https:\/\/www.visit-ulcinj.com\/blog\/#\/schema\/person\/dcab619c614d3038751c63bc2aadc06d","name":"ulqini","sameAs":["http:\/\/www.visit-ulcinj.com"],"url":"https:\/\/www.visit-ulcinj.com\/blog\/author\/admin\/"}]}},"jetpack_featured_media_url":"","jetpack_sharing_enabled":true,"jetpack_shortlink":"https:\/\/wp.me\/pe6lTn-lWA","_links":{"self":[{"href":"https:\/\/www.visit-ulcinj.com\/blog\/wp-json\/wp\/v2\/posts\/84356"}],"collection":[{"href":"https:\/\/www.visit-ulcinj.com\/blog\/wp-json\/wp\/v2\/posts"}],"about":[{"href":"https:\/\/www.visit-ulcinj.com\/blog\/wp-json\/wp\/v2\/types\/post"}],"author":[{"embeddable":true,"href":"https:\/\/www.visit-ulcinj.com\/blog\/wp-json\/wp\/v2\/users\/1"}],"replies":[{"embeddable":true,"href":"https:\/\/www.visit-ulcinj.com\/blog\/wp-json\/wp\/v2\/comments?post=84356"}],"version-history":[{"count":1,"href":"https:\/\/www.visit-ulcinj.com\/blog\/wp-json\/wp\/v2\/posts\/84356\/revisions"}],"predecessor-version":[{"id":84357,"href":"https:\/\/www.visit-ulcinj.com\/blog\/wp-json\/wp\/v2\/posts\/84356\/revisions\/84357"}],"wp:attachment":[{"href":"https:\/\/www.visit-ulcinj.com\/blog\/wp-json\/wp\/v2\/media?parent=84356"}],"wp:term":[{"taxonomy":"category","embeddable":true,"href":"https:\/\/www.visit-ulcinj.com\/blog\/wp-json\/wp\/v2\/categories?post=84356"},{"taxonomy":"post_tag","embeddable":true,"href":"https:\/\/www.visit-ulcinj.com\/blog\/wp-json\/wp\/v2\/tags?post=84356"}],"curies":[{"name":"wp","href":"https:\/\/api.w.org\/{rel}","templated":true}]}}