{"id":84358,"date":"2014-07-26T18:33:32","date_gmt":"2014-07-26T17:33:32","guid":{"rendered":"http:\/\/www.visit-ulcinj.com\/blog\/?p=84358"},"modified":"2014-07-27T08:18:14","modified_gmt":"2014-07-27T07:18:14","slug":"cenaj-ulqini-dhe-guri-varrit","status":"publish","type":"post","link":"https:\/\/www.visit-ulcinj.com\/blog\/2014\/07\/26\/cenaj-ulqini-dhe-guri-varrit\/","title":{"rendered":"Cenaj: Ulqini dhe guri i varrit"},"content":{"rendered":"<p><a href=\"http:\/\/www.visit-ulcinj.com\/blog\/wp-content\/uploads\/2014\/07\/Xhamia-n\u00eb-Meteriz-Sot-Kisha-ortodokese-e-Shen-Nikolles-Ulqin.jpg\"><img loading=\"lazy\" class=\"alignleft wp-image-84359\" src=\"http:\/\/www.visit-ulcinj.com\/blog\/wp-content\/uploads\/2014\/07\/Xhamia-n\u00eb-Meteriz-Sot-Kisha-ortodokese-e-Shen-Nikolles-Ulqin.jpg\" alt=\"Xhamia n\u00eb Meteriz - Sot-Kisha-ortodokese-e-Shen-Nikolles-Ulqin\" width=\"508\" height=\"348\" srcset=\"https:\/\/www.visit-ulcinj.com\/blog\/wp-content\/uploads\/2014\/07\/Xhamia-n\u00eb-Meteriz-Sot-Kisha-ortodokese-e-Shen-Nikolles-Ulqin.jpg 720w, https:\/\/www.visit-ulcinj.com\/blog\/wp-content\/uploads\/2014\/07\/Xhamia-n\u00eb-Meteriz-Sot-Kisha-ortodokese-e-Shen-Nikolles-Ulqin-300x205.jpg 300w\" sizes=\"(max-width: 508px) 100vw, 508px\" \/><\/a><strong>Shkruan: Ali Cenaj<\/strong><\/p>\n<p>Gjersa flet me aq pasion para kamerave e gazetar\u00ebve t\u00eb shumt\u00eb kosovar\u00eb p\u00ebr Ulqinin, Olciniumin e mo\u00e7\u00ebm, nd\u00ebr vendbanimet e hershme t\u00eb trevave ilire, aty rr\u00ebz\u00eb port\u00ebs s\u00eb Kalas\u00eb, ciceroni Ismet Karamanaga, kryetar i \u201cMiqve t\u00eb Kalas\u00eb\u201d, si t\u00eb kishte v\u00ebn\u00eb dor\u00eb mu mbi historin\u00eb, prek gur\u00ebt ciklopik\u00eb, bedenin ilir, themelet, mbi t\u00eb cilat tash e 2500 vjet ky qytet u ngrit p\u00ebr t\u2019iu b\u00ebr\u00eb ball\u00eb \u00e7udit\u00ebrisht t\u00eb gjitha furtunave, sundimtar\u00ebve q\u00eb vinin e shkonin.<\/p>\n<p>Dhe me pedanterin\u00eb e lakmueshme radhit data dhe emra perandorish q\u00eb nga ajo Ilire, Romake, Venedikase, Nemanjiq\u00ebve, Balshajve, Otoman\u00ebve deri te k\u00ebto t\u00eb fundit.<\/p>\n<p>Por, thot\u00eb ai, me at\u00eb krenarin\u00eb karakteristike t\u00eb kalalive, Ulqini s\u00ebrish mbeti ai q\u00eb ishte dhe i kthehet tem\u00ebs, turizmit t\u00eb Ulqinit, p\u00ebr promovimin e s\u00eb cilin gazetar\u00ebt kosovar\u00eb po q\u00ebndronin ato dit\u00eb.<\/p>\n<p>Fati i k\u00ebtij vendi \u00ebsht\u00eb n\u00eb duart e kosovar\u00ebve. P\u00ebrmes turizmit ata po kontribuojn\u00eb n\u00eb mbijetes\u00ebn ton\u00eb n\u00eb k\u00ebt\u00eb qytet. Kosovar\u00ebt jan\u00eb shp\u00ebtimi i Ulqinit sepse shumica absolute e turist\u00ebve jan\u00eb nga Kosova, thot\u00eb Ismeti.<\/p>\n<p><a href=\"http:\/\/www.visit-ulcinj.com\/blog\/wp-content\/uploads\/2014\/07\/Kisha-Ortodokese-e-Shen-Nikolles-Ulqin.jpg\"><img loading=\"lazy\" class=\"alignleft wp-image-84360\" src=\"http:\/\/www.visit-ulcinj.com\/blog\/wp-content\/uploads\/2014\/07\/Kisha-Ortodokese-e-Shen-Nikolles-Ulqin.jpg\" alt=\"Kisha-Ortodokese-e-Shen-Nikolles-Ulqin\" width=\"508\" height=\"381\" srcset=\"https:\/\/www.visit-ulcinj.com\/blog\/wp-content\/uploads\/2014\/07\/Kisha-Ortodokese-e-Shen-Nikolles-Ulqin.jpg 800w, https:\/\/www.visit-ulcinj.com\/blog\/wp-content\/uploads\/2014\/07\/Kisha-Ortodokese-e-Shen-Nikolles-Ulqin-300x225.jpg 300w\" sizes=\"(max-width: 508px) 100vw, 508px\" \/><\/a><\/p>\n<p>Sado interesante kjo q\u00eb thoshte, dikujt i bien n\u00eb sy kisha ortodokse dhe varrezat malaziase aty rr\u00ebz\u00eb kalas\u00eb, t\u00eb mir\u00ebmbajtura e t\u00eb rregulluara mir\u00eb me gur\u00ebt q\u00eb t\u00eb imponojn\u00eb lasht\u00ebsi. Si t\u00eb kishin mbir\u00eb aty bashk\u00eb me kalan\u00eb. Dhe dikujt, si p\u00ebr sherr, mu kjo i intereson.<\/p>\n<p>Jo, thot\u00eb ai, nuk jan\u00eb aq t\u00eb mo\u00e7me dhe i kthehet historis\u00eb, traktatit t\u00eb Sh\u00ebn Stefanit dhe rishikimeve t\u00eb Kongresit t\u00eb Berlinit, kur, pas t\u00ebrheqjes s\u00eb Perandoris\u00eb Osmane jo vet\u00ebm Ulqini, iu dor\u00ebzua Malit t\u00eb Zi dhe aty, n\u00eb vend t\u00eb xhamis\u00eb s\u00eb dikurshme u nd\u00ebrtua kisha e s\u00eb shpejti rr\u00ebz\u00eb Kalas\u00eb mbin\u00eb edhe varrezat malazeze.<\/p>\n<p>\u201cJo jo, mos p\u00ebrtoni. Shkoni e shiheni vet\u00eb. S\u2019mund ta gjesh aty nj\u00eb gur varri t\u00eb ndonj\u00eb malaziasi q\u00eb vendlindjen e ka n\u00eb Ulqin\u201d, nd\u00ebrhyn nj\u00eb vendas, kalimtar rasti, tek kishte p\u00ebrcjell\u00eb bised\u00ebn. Shiheni vet\u00eb, asnj\u00eb nuk \u00ebsht\u00eb ulqinak,\u201d- thot\u00eb ai me nj\u00eb t\u00eb n\u00ebnqeshur dhe vazhdon rrug\u00ebn shkall\u00ebve p\u00ebrpjet\u00eb Kalas\u00eb.<\/p>\n<p>Rr\u00ebfimi i Ismetit vazhdon me t\u00eb b\u00ebrat e t\u00eb pab\u00ebrat e tjera, histori t\u00eb ve\u00e7anta me primesa goj\u00ebdh\u00ebnash ulqinake, tek flet p\u00ebr Miguel de Servantesin, robin q\u00eb kishte r\u00ebn\u00eb pre n\u00eb duart e pirat\u00ebve ulqinak\u00eb shkrimtarin e madh, por q\u00eb p\u00ebr pak s\u2019u b\u00eb dh\u00ebnd\u00ebr i k\u00ebtij qyteti t\u00eb cilit, dit\u00eb m\u00eb par\u00eb, trupa teatrore e qytetit i vuri n\u00eb sken\u00eb dram\u00ebn \u201cServantes dhe Dul\u00e7inea\u201d. Flet edhe p\u00ebr Sabataj Cevin, dijetarin m\u00eb t\u00eb madh hebre t\u00eb koh\u00ebs s\u00eb vet , \u201cmesin\u00eb\u201d e ri q\u00eb aty pran\u00eb Kull\u00ebs s\u00eb Balshajve kaloi dhjet\u00eb vjet\u00ebt e fundit t\u00eb jet\u00ebs etj.<\/p>\n<p><a href=\"http:\/\/www.visit-ulcinj.com\/blog\/wp-content\/uploads\/2014\/07\/Xhamia-e-shendruar-ne-kishe-ortodokse-ulqin.jpg\"><img loading=\"lazy\" class=\"alignleft wp-image-84361\" src=\"http:\/\/www.visit-ulcinj.com\/blog\/wp-content\/uploads\/2014\/07\/Xhamia-e-shendruar-ne-kishe-ortodokse-ulqin.jpg\" alt=\"Xhamia e shendruar ne kishe ortodokse-ulqin\" width=\"508\" height=\"530\" srcset=\"https:\/\/www.visit-ulcinj.com\/blog\/wp-content\/uploads\/2014\/07\/Xhamia-e-shendruar-ne-kishe-ortodokse-ulqin.jpg 920w, https:\/\/www.visit-ulcinj.com\/blog\/wp-content\/uploads\/2014\/07\/Xhamia-e-shendruar-ne-kishe-ortodokse-ulqin-287x300.jpg 287w\" sizes=\"(max-width: 508px) 100vw, 508px\" \/><\/a><\/p>\n<p>Flet edhe p\u00ebr Sheshin e Rob\u00ebrve, pak hapa m\u00eb tej, dhe tregon gurin mbi t\u00eb cilin. Dikur moti, secili rob, si \u00e7do mall tjet\u00ebr ekspozohej para bler\u00ebsve potencial\u00eb n\u00eb ankand. Gurin, mbi t\u00eb cilin shum\u00eb nga gazetar\u00ebt, n\u00eb rolin e rob\u00ebrve t\u00eb dikursh\u00ebm, nuk l\u00ebn\u00eb pa b\u00ebr\u00eb nga nj\u00eb foto. Aty jan\u00eb edhe eksponatet arkeologjike, n\u00eb at\u00eb muzeun e vog\u00ebl, por kjo pak kujt i intereson.<br \/>\nVapa tashm\u00eb kishte b\u00ebr\u00eb t\u00eb veten dhe gati t\u00eb gjith\u00eb mendjen e kishin te plazhi q\u00eb priste atje posht\u00eb Kalas\u00eb. Dhe atje posht\u00eb ka \u00e7ka t\u00eb shihet.<\/p>\n<p>Vapa e ver\u00ebs, sidomos n\u00eb bregdet, zbulon shum\u00eb\u00e7ka t\u00eb bukur, m\u00eb thot\u00eb shpesh Asllani, shoku im q\u00eb meriton medalje, n\u00ebse jo p\u00ebr librat q\u00eb ka shkruar s\u00eb paku p\u00ebr injorimin e injoranc\u00ebs provinciale.<\/p>\n<p>Sidomos te femrat q\u00eb sikur mezi kan\u00eb pritur t\u00eb zbulojn\u00eb gati \u00e7do gj\u00eb q\u00eb mund t\u00eb mbulohet. Dhe p\u00ebr syt\u00eb e \u00e7do mashkulli, thot\u00eb ai shpesh, \u00ebsht\u00eb si fest\u00eb kur sheh nj\u00eb fem\u00ebr t\u00eb bukur, me trup t\u00eb mir\u00eb, vithe t\u00eb hedhura. E atje posht\u00eb, te plazhi, v\u00ebrtet ka \u00e7ka t\u00eb shihet. E p\u00ebr historit\u00eb, lasht\u00ebsin\u00eb e madh\u00ebshtin\u00eb e Ulqinit, rr\u00ebfyer me aq pasion nga ciceroni Karamanaga, ka koh\u00eb. S\u00eb paku derisa t\u00eb kthehen n\u00eb redaksit\u00eb e veta.<\/p>\n<p><a href=\"http:\/\/www.visit-ulcinj.com\/blog\/wp-content\/uploads\/2014\/07\/Kalaja-dhe-xhamia-e-transformjuar-ne-kishe.jpg\"><img loading=\"lazy\" class=\"alignleft wp-image-84362\" src=\"http:\/\/www.visit-ulcinj.com\/blog\/wp-content\/uploads\/2014\/07\/Kalaja-dhe-xhamia-e-transformjuar-ne-kishe.jpg\" alt=\"Kalaja dhe xhamia-e-transformjuar-ne-kishe\" width=\"508\" height=\"362\" srcset=\"https:\/\/www.visit-ulcinj.com\/blog\/wp-content\/uploads\/2014\/07\/Kalaja-dhe-xhamia-e-transformjuar-ne-kishe.jpg 960w, https:\/\/www.visit-ulcinj.com\/blog\/wp-content\/uploads\/2014\/07\/Kalaja-dhe-xhamia-e-transformjuar-ne-kishe-300x214.jpg 300w\" sizes=\"(max-width: 508px) 100vw, 508px\" \/><\/a><\/p>\n<p>\u201cShkoni e shiheni vet\u00eb. S\u2019mund ta gjesh aty nj\u00eb gur varri t\u00eb ndonj\u00eb malaziasi, q\u00eb vendlindjen e ka n\u00eb Ulqin\u201d, nd\u00ebrhyn nj\u00eb vendas, kalimtar rasti, dhe vazhdon rrug\u00ebn shkall\u00ebve p\u00ebrpjet\u00eb Kalas\u00eb.<\/p>\n<div style=\"float: left;\"><\/div>\n<div style=\"float: left; width: 290px;\">\u00a0<strong>Z\u00ebri<\/strong><\/div>\n","protected":false},"excerpt":{"rendered":"<p>Shkruan: Ali Cenaj Gjersa flet me aq pasion para kamerave e gazetar\u00ebve t\u00eb shumt\u00eb kosovar\u00eb p\u00ebr Ulqinin, Olciniumin e mo\u00e7\u00ebm, nd\u00ebr vendbanimet e hershme t\u00eb trevave ilire, aty rr\u00ebz\u00eb port\u00ebs s\u00eb Kalas\u00eb, ciceroni Ismet Karamanaga, kryetar i \u201cMiqve t\u00eb Kalas\u00eb\u201d, si t\u00eb kishte v\u00ebn\u00eb dor\u00eb mu mbi historin\u00eb, prek gur\u00ebt ciklopik\u00eb, bedenin ilir, themelet, mbi [&hellip;]<\/p>\n","protected":false},"author":1,"featured_media":0,"comment_status":"closed","ping_status":"closed","sticky":false,"template":"","format":"standard","meta":{"spay_email":"","jetpack_publicize_message":"","jetpack_is_tweetstorm":false,"jetpack_publicize_feature_enabled":true},"categories":[4],"tags":[],"jetpack_publicize_connections":[],"yoast_head":"<!-- This site is optimized with the Yoast SEO plugin v19.1 - https:\/\/yoast.com\/wordpress\/plugins\/seo\/ -->\n<title>Cenaj: Ulqini dhe guri i varrit - Lajme nga Ulqini<\/title>\n<meta name=\"description\" content=\"Shkruan: Ali Cenaj Gjersa flet me aq pasion para kamerave e gazetar\u00ebve t\u00eb shumt\u00eb kosovar\u00eb p\u00ebr Ulqinin, Olciniumin e mo\u00e7\u00ebm, nd\u00ebr vendbanimet e hershme t\u00eb\" \/>\n<meta name=\"robots\" content=\"index, follow, max-snippet:-1, max-image-preview:large, max-video-preview:-1\" \/>\n<link rel=\"canonical\" href=\"https:\/\/www.visit-ulcinj.com\/blog\/2014\/07\/26\/cenaj-ulqini-dhe-guri-varrit\/\" \/>\n<meta property=\"og:locale\" content=\"en_US\" \/>\n<meta property=\"og:type\" content=\"article\" \/>\n<meta property=\"og:title\" content=\"Cenaj: Ulqini dhe guri i varrit - Lajme nga Ulqini\" \/>\n<meta property=\"og:description\" content=\"Shkruan: Ali Cenaj Gjersa flet me aq pasion para kamerave e gazetar\u00ebve t\u00eb shumt\u00eb kosovar\u00eb p\u00ebr Ulqinin, Olciniumin e mo\u00e7\u00ebm, nd\u00ebr vendbanimet e hershme t\u00eb\" \/>\n<meta property=\"og:url\" content=\"https:\/\/www.visit-ulcinj.com\/blog\/2014\/07\/26\/cenaj-ulqini-dhe-guri-varrit\/\" \/>\n<meta property=\"og:site_name\" content=\"Lajme nga Ulqini\" \/>\n<meta property=\"article:published_time\" content=\"2014-07-26T17:33:32+00:00\" \/>\n<meta property=\"article:modified_time\" content=\"2014-07-27T07:18:14+00:00\" \/>\n<meta property=\"og:image\" content=\"http:\/\/www.visit-ulcinj.com\/blog\/wp-content\/uploads\/2014\/07\/Kisha-Ortodokese-e-Shen-Nikolles-Ulqin.jpg\" \/>\n<meta name=\"twitter:label1\" content=\"Written by\" \/>\n\t<meta name=\"twitter:data1\" content=\"ulqini\" \/>\n\t<meta name=\"twitter:label2\" content=\"Est. reading time\" \/>\n\t<meta name=\"twitter:data2\" content=\"4 minutes\" \/>\n<script type=\"application\/ld+json\" class=\"yoast-schema-graph\">{\"@context\":\"https:\/\/schema.org\",\"@graph\":[{\"@type\":\"WebSite\",\"@id\":\"https:\/\/www.visit-ulcinj.com\/blog\/#website\",\"url\":\"https:\/\/www.visit-ulcinj.com\/blog\/\",\"name\":\"Lajme nga Ulqini\",\"description\":\"Lajme,Vijesti,Ulqini,Ulqin,Crna Gora,Mali i Zi\",\"potentialAction\":[{\"@type\":\"SearchAction\",\"target\":{\"@type\":\"EntryPoint\",\"urlTemplate\":\"https:\/\/www.visit-ulcinj.com\/blog\/?s={search_term_string}\"},\"query-input\":\"required name=search_term_string\"}],\"inLanguage\":\"en-US\"},{\"@type\":\"ImageObject\",\"inLanguage\":\"en-US\",\"@id\":\"https:\/\/www.visit-ulcinj.com\/blog\/2014\/07\/26\/cenaj-ulqini-dhe-guri-varrit\/#primaryimage\",\"url\":\"https:\/\/www.visit-ulcinj.com\/blog\/wp-content\/uploads\/2014\/07\/Kisha-Ortodokese-e-Shen-Nikolles-Ulqin.jpg\",\"contentUrl\":\"https:\/\/www.visit-ulcinj.com\/blog\/wp-content\/uploads\/2014\/07\/Kisha-Ortodokese-e-Shen-Nikolles-Ulqin.jpg\",\"width\":800,\"height\":600},{\"@type\":\"WebPage\",\"@id\":\"https:\/\/www.visit-ulcinj.com\/blog\/2014\/07\/26\/cenaj-ulqini-dhe-guri-varrit\/#webpage\",\"url\":\"https:\/\/www.visit-ulcinj.com\/blog\/2014\/07\/26\/cenaj-ulqini-dhe-guri-varrit\/\",\"name\":\"Cenaj: Ulqini dhe guri i varrit - Lajme nga Ulqini\",\"isPartOf\":{\"@id\":\"https:\/\/www.visit-ulcinj.com\/blog\/#website\"},\"primaryImageOfPage\":{\"@id\":\"https:\/\/www.visit-ulcinj.com\/blog\/2014\/07\/26\/cenaj-ulqini-dhe-guri-varrit\/#primaryimage\"},\"datePublished\":\"2014-07-26T17:33:32+00:00\",\"dateModified\":\"2014-07-27T07:18:14+00:00\",\"author\":{\"@id\":\"https:\/\/www.visit-ulcinj.com\/blog\/#\/schema\/person\/dcab619c614d3038751c63bc2aadc06d\"},\"description\":\"Shkruan: Ali Cenaj Gjersa flet me aq pasion para kamerave e gazetar\u00ebve t\u00eb shumt\u00eb kosovar\u00eb p\u00ebr Ulqinin, Olciniumin e mo\u00e7\u00ebm, nd\u00ebr vendbanimet e hershme t\u00eb\",\"breadcrumb\":{\"@id\":\"https:\/\/www.visit-ulcinj.com\/blog\/2014\/07\/26\/cenaj-ulqini-dhe-guri-varrit\/#breadcrumb\"},\"inLanguage\":\"en-US\",\"potentialAction\":[{\"@type\":\"ReadAction\",\"target\":[\"https:\/\/www.visit-ulcinj.com\/blog\/2014\/07\/26\/cenaj-ulqini-dhe-guri-varrit\/\"]}]},{\"@type\":\"BreadcrumbList\",\"@id\":\"https:\/\/www.visit-ulcinj.com\/blog\/2014\/07\/26\/cenaj-ulqini-dhe-guri-varrit\/#breadcrumb\",\"itemListElement\":[{\"@type\":\"ListItem\",\"position\":1,\"name\":\"Cenaj: Ulqini dhe guri i varrit\"}]},{\"@type\":\"Person\",\"@id\":\"https:\/\/www.visit-ulcinj.com\/blog\/#\/schema\/person\/dcab619c614d3038751c63bc2aadc06d\",\"name\":\"ulqini\",\"sameAs\":[\"http:\/\/www.visit-ulcinj.com\"],\"url\":\"https:\/\/www.visit-ulcinj.com\/blog\/author\/admin\/\"}]}<\/script>\n<!-- \/ Yoast SEO plugin. -->","yoast_head_json":{"title":"Cenaj: Ulqini dhe guri i varrit - Lajme nga Ulqini","description":"Shkruan: Ali Cenaj Gjersa flet me aq pasion para kamerave e gazetar\u00ebve t\u00eb shumt\u00eb kosovar\u00eb p\u00ebr Ulqinin, Olciniumin e mo\u00e7\u00ebm, nd\u00ebr vendbanimet e hershme t\u00eb","robots":{"index":"index","follow":"follow","max-snippet":"max-snippet:-1","max-image-preview":"max-image-preview:large","max-video-preview":"max-video-preview:-1"},"canonical":"https:\/\/www.visit-ulcinj.com\/blog\/2014\/07\/26\/cenaj-ulqini-dhe-guri-varrit\/","og_locale":"en_US","og_type":"article","og_title":"Cenaj: Ulqini dhe guri i varrit - Lajme nga Ulqini","og_description":"Shkruan: Ali Cenaj Gjersa flet me aq pasion para kamerave e gazetar\u00ebve t\u00eb shumt\u00eb kosovar\u00eb p\u00ebr Ulqinin, Olciniumin e mo\u00e7\u00ebm, nd\u00ebr vendbanimet e hershme t\u00eb","og_url":"https:\/\/www.visit-ulcinj.com\/blog\/2014\/07\/26\/cenaj-ulqini-dhe-guri-varrit\/","og_site_name":"Lajme nga Ulqini","article_published_time":"2014-07-26T17:33:32+00:00","article_modified_time":"2014-07-27T07:18:14+00:00","og_image":[{"url":"http:\/\/www.visit-ulcinj.com\/blog\/wp-content\/uploads\/2014\/07\/Kisha-Ortodokese-e-Shen-Nikolles-Ulqin.jpg"}],"twitter_misc":{"Written by":"ulqini","Est. reading time":"4 minutes"},"schema":{"@context":"https:\/\/schema.org","@graph":[{"@type":"WebSite","@id":"https:\/\/www.visit-ulcinj.com\/blog\/#website","url":"https:\/\/www.visit-ulcinj.com\/blog\/","name":"Lajme nga Ulqini","description":"Lajme,Vijesti,Ulqini,Ulqin,Crna Gora,Mali i Zi","potentialAction":[{"@type":"SearchAction","target":{"@type":"EntryPoint","urlTemplate":"https:\/\/www.visit-ulcinj.com\/blog\/?s={search_term_string}"},"query-input":"required name=search_term_string"}],"inLanguage":"en-US"},{"@type":"ImageObject","inLanguage":"en-US","@id":"https:\/\/www.visit-ulcinj.com\/blog\/2014\/07\/26\/cenaj-ulqini-dhe-guri-varrit\/#primaryimage","url":"https:\/\/www.visit-ulcinj.com\/blog\/wp-content\/uploads\/2014\/07\/Kisha-Ortodokese-e-Shen-Nikolles-Ulqin.jpg","contentUrl":"https:\/\/www.visit-ulcinj.com\/blog\/wp-content\/uploads\/2014\/07\/Kisha-Ortodokese-e-Shen-Nikolles-Ulqin.jpg","width":800,"height":600},{"@type":"WebPage","@id":"https:\/\/www.visit-ulcinj.com\/blog\/2014\/07\/26\/cenaj-ulqini-dhe-guri-varrit\/#webpage","url":"https:\/\/www.visit-ulcinj.com\/blog\/2014\/07\/26\/cenaj-ulqini-dhe-guri-varrit\/","name":"Cenaj: Ulqini dhe guri i varrit - Lajme nga Ulqini","isPartOf":{"@id":"https:\/\/www.visit-ulcinj.com\/blog\/#website"},"primaryImageOfPage":{"@id":"https:\/\/www.visit-ulcinj.com\/blog\/2014\/07\/26\/cenaj-ulqini-dhe-guri-varrit\/#primaryimage"},"datePublished":"2014-07-26T17:33:32+00:00","dateModified":"2014-07-27T07:18:14+00:00","author":{"@id":"https:\/\/www.visit-ulcinj.com\/blog\/#\/schema\/person\/dcab619c614d3038751c63bc2aadc06d"},"description":"Shkruan: Ali Cenaj Gjersa flet me aq pasion para kamerave e gazetar\u00ebve t\u00eb shumt\u00eb kosovar\u00eb p\u00ebr Ulqinin, Olciniumin e mo\u00e7\u00ebm, nd\u00ebr vendbanimet e hershme t\u00eb","breadcrumb":{"@id":"https:\/\/www.visit-ulcinj.com\/blog\/2014\/07\/26\/cenaj-ulqini-dhe-guri-varrit\/#breadcrumb"},"inLanguage":"en-US","potentialAction":[{"@type":"ReadAction","target":["https:\/\/www.visit-ulcinj.com\/blog\/2014\/07\/26\/cenaj-ulqini-dhe-guri-varrit\/"]}]},{"@type":"BreadcrumbList","@id":"https:\/\/www.visit-ulcinj.com\/blog\/2014\/07\/26\/cenaj-ulqini-dhe-guri-varrit\/#breadcrumb","itemListElement":[{"@type":"ListItem","position":1,"name":"Cenaj: Ulqini dhe guri i varrit"}]},{"@type":"Person","@id":"https:\/\/www.visit-ulcinj.com\/blog\/#\/schema\/person\/dcab619c614d3038751c63bc2aadc06d","name":"ulqini","sameAs":["http:\/\/www.visit-ulcinj.com"],"url":"https:\/\/www.visit-ulcinj.com\/blog\/author\/admin\/"}]}},"jetpack_featured_media_url":"","jetpack_sharing_enabled":true,"jetpack_shortlink":"https:\/\/wp.me\/pe6lTn-lWC","_links":{"self":[{"href":"https:\/\/www.visit-ulcinj.com\/blog\/wp-json\/wp\/v2\/posts\/84358"}],"collection":[{"href":"https:\/\/www.visit-ulcinj.com\/blog\/wp-json\/wp\/v2\/posts"}],"about":[{"href":"https:\/\/www.visit-ulcinj.com\/blog\/wp-json\/wp\/v2\/types\/post"}],"author":[{"embeddable":true,"href":"https:\/\/www.visit-ulcinj.com\/blog\/wp-json\/wp\/v2\/users\/1"}],"replies":[{"embeddable":true,"href":"https:\/\/www.visit-ulcinj.com\/blog\/wp-json\/wp\/v2\/comments?post=84358"}],"version-history":[{"count":2,"href":"https:\/\/www.visit-ulcinj.com\/blog\/wp-json\/wp\/v2\/posts\/84358\/revisions"}],"predecessor-version":[{"id":84364,"href":"https:\/\/www.visit-ulcinj.com\/blog\/wp-json\/wp\/v2\/posts\/84358\/revisions\/84364"}],"wp:attachment":[{"href":"https:\/\/www.visit-ulcinj.com\/blog\/wp-json\/wp\/v2\/media?parent=84358"}],"wp:term":[{"taxonomy":"category","embeddable":true,"href":"https:\/\/www.visit-ulcinj.com\/blog\/wp-json\/wp\/v2\/categories?post=84358"},{"taxonomy":"post_tag","embeddable":true,"href":"https:\/\/www.visit-ulcinj.com\/blog\/wp-json\/wp\/v2\/tags?post=84358"}],"curies":[{"name":"wp","href":"https:\/\/api.w.org\/{rel}","templated":true}]}}