{"id":84365,"date":"2014-07-30T01:00:16","date_gmt":"2014-07-30T00:00:16","guid":{"rendered":"http:\/\/www.visit-ulcinj.com\/blog\/?p=84365"},"modified":"2014-07-31T08:14:18","modified_gmt":"2014-07-31T07:14:18","slug":"dita-e-diaspores-me-date-12-gusht-2014-lamiga-ne-krythe","status":"publish","type":"post","link":"https:\/\/www.visit-ulcinj.com\/blog\/2014\/07\/30\/dita-e-diaspores-me-date-12-gusht-2014-lamiga-ne-krythe\/","title":{"rendered":"DITA E DIASPOR\u00cbS me dat\u00eb 12 Gusht 2014 Lamiga n\u00eb Krythe"},"content":{"rendered":"<p><span class=\"userContent\"><strong><a href=\"http:\/\/www.visit-ulcinj.com\/blog\/wp-content\/uploads\/2014\/07\/DITA-E-DIASPOR\u00cbS-me-dat\u00eb-12-Gusht-2014-Krythe.jpg\"><img loading=\"lazy\" class=\"alignleft wp-image-84366\" src=\"http:\/\/www.visit-ulcinj.com\/blog\/wp-content\/uploads\/2014\/07\/DITA-E-DIASPOR\u00cbS-me-dat\u00eb-12-Gusht-2014-Krythe.jpg\" alt=\"DITA E DIASPOR\u00cbS me dat\u00eb 12 Gusht 2014-Krythe\" width=\"508\" height=\"339\" srcset=\"https:\/\/www.visit-ulcinj.com\/blog\/wp-content\/uploads\/2014\/07\/DITA-E-DIASPOR\u00cbS-me-dat\u00eb-12-Gusht-2014-Krythe.jpg 960w, https:\/\/www.visit-ulcinj.com\/blog\/wp-content\/uploads\/2014\/07\/DITA-E-DIASPOR\u00cbS-me-dat\u00eb-12-Gusht-2014-Krythe-300x200.jpg 300w\" sizes=\"(max-width: 508px) 100vw, 508px\" \/><\/a>Biznis Klub Ana Malit n\u00eb bashk\u00ebpunim me Shoqat\u00ebn Ana e Malit New Yourk p\u00ebr vitin e dyt\u00eb radhazi organizon manifestimin &#8220;DITA E DIASPOR\u00cbS&#8221; me dat\u00eb 12 Gusht 2014 n\u00eb ambientin e kompleksit Lamiga Group n\u00eb Krythe.<\/strong> <\/span><\/p>\n<p><span class=\"userContent\"><br \/>\nSi q\u00ebllim i k\u00ebtij m<span class=\"text_exposed_show\">anifestimit \u00ebsht\u00eb si pik takimi i p\u00ebrbashk\u00ebt me bashk\u00ebvendasit tan\u00eb q\u00eb p\u00ebr momentin gjinden n\u00eb vendlindje.<br \/>\nPjes\u00ebn kryesore t\u00eb k\u00ebtij manifestimi n\u00eb mbr\u00ebmje do e mbaj\u00eb SHA &#8220;Tradta&#8221; me programin e vet kulturore q\u00eb ruan traditat foklorike tradicionale t\u00eb k\u00ebsaj\u00eb treve, si mysafir do marrin pjes\u00eb shoq\u00ebri kulturore artistike nga Shqip\u00ebria, Kosova, Maqedonia ku n\u00eb t\u00eb ardhmen shpresojm\u00eb q\u00eb ky vend takim t\u00eb jet\u00eb dhe nj\u00ebherit si gur\u00eb themelimi i nj\u00eb festivali, nd\u00ebrsa gjat\u00eb dit\u00ebs do te mbahen aktivitete t\u00eb ndryshme sportive ku ne ditet n\u00eb vijim do publikohet dhe programi i manifestimit.<\/span><\/span><\/p>\n<p>JENI TE MIR\u00cbSEARDHUN&#8230;<\/p>\n<p>Me respekt,<br \/>\nK\u00ebshilli organizativ.<\/p>\n","protected":false},"excerpt":{"rendered":"<p>Biznis Klub Ana Malit n\u00eb bashk\u00ebpunim me Shoqat\u00ebn Ana e Malit New Yourk p\u00ebr vitin e dyt\u00eb radhazi organizon manifestimin &#8220;DITA E DIASPOR\u00cbS&#8221; me dat\u00eb 12 Gusht 2014 n\u00eb ambientin e kompleksit Lamiga Group n\u00eb Krythe. Si q\u00ebllim i k\u00ebtij manifestimit \u00ebsht\u00eb si pik takimi i p\u00ebrbashk\u00ebt me bashk\u00ebvendasit tan\u00eb q\u00eb p\u00ebr momentin gjinden n\u00eb [&hellip;]<\/p>\n","protected":false},"author":1,"featured_media":0,"comment_status":"closed","ping_status":"closed","sticky":false,"template":"","format":"standard","meta":{"spay_email":"","jetpack_publicize_message":"","jetpack_is_tweetstorm":false,"jetpack_publicize_feature_enabled":true},"categories":[7],"tags":[],"jetpack_publicize_connections":[],"yoast_head":"<!-- This site is optimized with the Yoast SEO plugin v19.1 - https:\/\/yoast.com\/wordpress\/plugins\/seo\/ -->\n<title>DITA E DIASPOR\u00cbS me dat\u00eb 12 Gusht 2014 Lamiga n\u00eb Krythe - Lajme nga Ulqini<\/title>\n<meta name=\"description\" content=\"Biznis Klub Ana Malit n\u00eb bashk\u00ebpunim me Shoqat\u00ebn Ana e Malit New Yourk p\u00ebr vitin e dyt\u00eb radhazi organizon manifestimin &quot;DITA E DIASPOR\u00cbS&quot; me dat\u00eb 12 Gusht\" \/>\n<meta name=\"robots\" content=\"index, follow, max-snippet:-1, max-image-preview:large, max-video-preview:-1\" \/>\n<link rel=\"canonical\" href=\"https:\/\/www.visit-ulcinj.com\/blog\/2014\/07\/30\/dita-e-diaspores-me-date-12-gusht-2014-lamiga-ne-krythe\/\" \/>\n<meta property=\"og:locale\" content=\"en_US\" \/>\n<meta property=\"og:type\" content=\"article\" \/>\n<meta property=\"og:title\" content=\"DITA E DIASPOR\u00cbS me dat\u00eb 12 Gusht 2014 Lamiga n\u00eb Krythe - Lajme nga Ulqini\" \/>\n<meta property=\"og:description\" content=\"Biznis Klub Ana Malit n\u00eb bashk\u00ebpunim me Shoqat\u00ebn Ana e Malit New Yourk p\u00ebr vitin e dyt\u00eb radhazi organizon manifestimin &quot;DITA E DIASPOR\u00cbS&quot; me dat\u00eb 12 Gusht\" \/>\n<meta property=\"og:url\" content=\"https:\/\/www.visit-ulcinj.com\/blog\/2014\/07\/30\/dita-e-diaspores-me-date-12-gusht-2014-lamiga-ne-krythe\/\" \/>\n<meta property=\"og:site_name\" content=\"Lajme nga Ulqini\" \/>\n<meta property=\"article:published_time\" content=\"2014-07-30T00:00:16+00:00\" \/>\n<meta property=\"article:modified_time\" content=\"2014-07-31T07:14:18+00:00\" \/>\n<meta name=\"twitter:label1\" content=\"Written by\" \/>\n\t<meta name=\"twitter:data1\" content=\"ulqini\" \/>\n\t<meta name=\"twitter:label2\" content=\"Est. reading time\" \/>\n\t<meta name=\"twitter:data2\" content=\"1 minute\" \/>\n<script type=\"application\/ld+json\" class=\"yoast-schema-graph\">{\"@context\":\"https:\/\/schema.org\",\"@graph\":[{\"@type\":\"WebSite\",\"@id\":\"https:\/\/www.visit-ulcinj.com\/blog\/#website\",\"url\":\"https:\/\/www.visit-ulcinj.com\/blog\/\",\"name\":\"Lajme nga Ulqini\",\"description\":\"Lajme,Vijesti,Ulqini,Ulqin,Crna Gora,Mali i Zi\",\"potentialAction\":[{\"@type\":\"SearchAction\",\"target\":{\"@type\":\"EntryPoint\",\"urlTemplate\":\"https:\/\/www.visit-ulcinj.com\/blog\/?s={search_term_string}\"},\"query-input\":\"required name=search_term_string\"}],\"inLanguage\":\"en-US\"},{\"@type\":\"WebPage\",\"@id\":\"https:\/\/www.visit-ulcinj.com\/blog\/2014\/07\/30\/dita-e-diaspores-me-date-12-gusht-2014-lamiga-ne-krythe\/#webpage\",\"url\":\"https:\/\/www.visit-ulcinj.com\/blog\/2014\/07\/30\/dita-e-diaspores-me-date-12-gusht-2014-lamiga-ne-krythe\/\",\"name\":\"DITA E DIASPOR\u00cbS me dat\u00eb 12 Gusht 2014 Lamiga n\u00eb Krythe - Lajme nga Ulqini\",\"isPartOf\":{\"@id\":\"https:\/\/www.visit-ulcinj.com\/blog\/#website\"},\"datePublished\":\"2014-07-30T00:00:16+00:00\",\"dateModified\":\"2014-07-31T07:14:18+00:00\",\"author\":{\"@id\":\"https:\/\/www.visit-ulcinj.com\/blog\/#\/schema\/person\/dcab619c614d3038751c63bc2aadc06d\"},\"description\":\"Biznis Klub Ana Malit n\u00eb bashk\u00ebpunim me Shoqat\u00ebn Ana e Malit New Yourk p\u00ebr vitin e dyt\u00eb radhazi organizon manifestimin \\\"DITA E DIASPOR\u00cbS\\\" me dat\u00eb 12 Gusht\",\"breadcrumb\":{\"@id\":\"https:\/\/www.visit-ulcinj.com\/blog\/2014\/07\/30\/dita-e-diaspores-me-date-12-gusht-2014-lamiga-ne-krythe\/#breadcrumb\"},\"inLanguage\":\"en-US\",\"potentialAction\":[{\"@type\":\"ReadAction\",\"target\":[\"https:\/\/www.visit-ulcinj.com\/blog\/2014\/07\/30\/dita-e-diaspores-me-date-12-gusht-2014-lamiga-ne-krythe\/\"]}]},{\"@type\":\"BreadcrumbList\",\"@id\":\"https:\/\/www.visit-ulcinj.com\/blog\/2014\/07\/30\/dita-e-diaspores-me-date-12-gusht-2014-lamiga-ne-krythe\/#breadcrumb\",\"itemListElement\":[{\"@type\":\"ListItem\",\"position\":1,\"name\":\"DITA E DIASPOR\u00cbS me dat\u00eb 12 Gusht 2014 Lamiga n\u00eb Krythe\"}]},{\"@type\":\"Person\",\"@id\":\"https:\/\/www.visit-ulcinj.com\/blog\/#\/schema\/person\/dcab619c614d3038751c63bc2aadc06d\",\"name\":\"ulqini\",\"sameAs\":[\"http:\/\/www.visit-ulcinj.com\"],\"url\":\"https:\/\/www.visit-ulcinj.com\/blog\/author\/admin\/\"}]}<\/script>\n<!-- \/ Yoast SEO plugin. -->","yoast_head_json":{"title":"DITA E DIASPOR\u00cbS me dat\u00eb 12 Gusht 2014 Lamiga n\u00eb Krythe - Lajme nga Ulqini","description":"Biznis Klub Ana Malit n\u00eb bashk\u00ebpunim me Shoqat\u00ebn Ana e Malit New Yourk p\u00ebr vitin e dyt\u00eb radhazi organizon manifestimin \"DITA E DIASPOR\u00cbS\" me dat\u00eb 12 Gusht","robots":{"index":"index","follow":"follow","max-snippet":"max-snippet:-1","max-image-preview":"max-image-preview:large","max-video-preview":"max-video-preview:-1"},"canonical":"https:\/\/www.visit-ulcinj.com\/blog\/2014\/07\/30\/dita-e-diaspores-me-date-12-gusht-2014-lamiga-ne-krythe\/","og_locale":"en_US","og_type":"article","og_title":"DITA E DIASPOR\u00cbS me dat\u00eb 12 Gusht 2014 Lamiga n\u00eb Krythe - Lajme nga Ulqini","og_description":"Biznis Klub Ana Malit n\u00eb bashk\u00ebpunim me Shoqat\u00ebn Ana e Malit New Yourk p\u00ebr vitin e dyt\u00eb radhazi organizon manifestimin \"DITA E DIASPOR\u00cbS\" me dat\u00eb 12 Gusht","og_url":"https:\/\/www.visit-ulcinj.com\/blog\/2014\/07\/30\/dita-e-diaspores-me-date-12-gusht-2014-lamiga-ne-krythe\/","og_site_name":"Lajme nga Ulqini","article_published_time":"2014-07-30T00:00:16+00:00","article_modified_time":"2014-07-31T07:14:18+00:00","twitter_misc":{"Written by":"ulqini","Est. reading time":"1 minute"},"schema":{"@context":"https:\/\/schema.org","@graph":[{"@type":"WebSite","@id":"https:\/\/www.visit-ulcinj.com\/blog\/#website","url":"https:\/\/www.visit-ulcinj.com\/blog\/","name":"Lajme nga Ulqini","description":"Lajme,Vijesti,Ulqini,Ulqin,Crna Gora,Mali i Zi","potentialAction":[{"@type":"SearchAction","target":{"@type":"EntryPoint","urlTemplate":"https:\/\/www.visit-ulcinj.com\/blog\/?s={search_term_string}"},"query-input":"required name=search_term_string"}],"inLanguage":"en-US"},{"@type":"WebPage","@id":"https:\/\/www.visit-ulcinj.com\/blog\/2014\/07\/30\/dita-e-diaspores-me-date-12-gusht-2014-lamiga-ne-krythe\/#webpage","url":"https:\/\/www.visit-ulcinj.com\/blog\/2014\/07\/30\/dita-e-diaspores-me-date-12-gusht-2014-lamiga-ne-krythe\/","name":"DITA E DIASPOR\u00cbS me dat\u00eb 12 Gusht 2014 Lamiga n\u00eb Krythe - Lajme nga Ulqini","isPartOf":{"@id":"https:\/\/www.visit-ulcinj.com\/blog\/#website"},"datePublished":"2014-07-30T00:00:16+00:00","dateModified":"2014-07-31T07:14:18+00:00","author":{"@id":"https:\/\/www.visit-ulcinj.com\/blog\/#\/schema\/person\/dcab619c614d3038751c63bc2aadc06d"},"description":"Biznis Klub Ana Malit n\u00eb bashk\u00ebpunim me Shoqat\u00ebn Ana e Malit New Yourk p\u00ebr vitin e dyt\u00eb radhazi organizon manifestimin \"DITA E DIASPOR\u00cbS\" me dat\u00eb 12 Gusht","breadcrumb":{"@id":"https:\/\/www.visit-ulcinj.com\/blog\/2014\/07\/30\/dita-e-diaspores-me-date-12-gusht-2014-lamiga-ne-krythe\/#breadcrumb"},"inLanguage":"en-US","potentialAction":[{"@type":"ReadAction","target":["https:\/\/www.visit-ulcinj.com\/blog\/2014\/07\/30\/dita-e-diaspores-me-date-12-gusht-2014-lamiga-ne-krythe\/"]}]},{"@type":"BreadcrumbList","@id":"https:\/\/www.visit-ulcinj.com\/blog\/2014\/07\/30\/dita-e-diaspores-me-date-12-gusht-2014-lamiga-ne-krythe\/#breadcrumb","itemListElement":[{"@type":"ListItem","position":1,"name":"DITA E DIASPOR\u00cbS me dat\u00eb 12 Gusht 2014 Lamiga n\u00eb Krythe"}]},{"@type":"Person","@id":"https:\/\/www.visit-ulcinj.com\/blog\/#\/schema\/person\/dcab619c614d3038751c63bc2aadc06d","name":"ulqini","sameAs":["http:\/\/www.visit-ulcinj.com"],"url":"https:\/\/www.visit-ulcinj.com\/blog\/author\/admin\/"}]}},"jetpack_featured_media_url":"","jetpack_sharing_enabled":true,"jetpack_shortlink":"https:\/\/wp.me\/pe6lTn-lWJ","_links":{"self":[{"href":"https:\/\/www.visit-ulcinj.com\/blog\/wp-json\/wp\/v2\/posts\/84365"}],"collection":[{"href":"https:\/\/www.visit-ulcinj.com\/blog\/wp-json\/wp\/v2\/posts"}],"about":[{"href":"https:\/\/www.visit-ulcinj.com\/blog\/wp-json\/wp\/v2\/types\/post"}],"author":[{"embeddable":true,"href":"https:\/\/www.visit-ulcinj.com\/blog\/wp-json\/wp\/v2\/users\/1"}],"replies":[{"embeddable":true,"href":"https:\/\/www.visit-ulcinj.com\/blog\/wp-json\/wp\/v2\/comments?post=84365"}],"version-history":[{"count":2,"href":"https:\/\/www.visit-ulcinj.com\/blog\/wp-json\/wp\/v2\/posts\/84365\/revisions"}],"predecessor-version":[{"id":84419,"href":"https:\/\/www.visit-ulcinj.com\/blog\/wp-json\/wp\/v2\/posts\/84365\/revisions\/84419"}],"wp:attachment":[{"href":"https:\/\/www.visit-ulcinj.com\/blog\/wp-json\/wp\/v2\/media?parent=84365"}],"wp:term":[{"taxonomy":"category","embeddable":true,"href":"https:\/\/www.visit-ulcinj.com\/blog\/wp-json\/wp\/v2\/categories?post=84365"},{"taxonomy":"post_tag","embeddable":true,"href":"https:\/\/www.visit-ulcinj.com\/blog\/wp-json\/wp\/v2\/tags?post=84365"}],"curies":[{"name":"wp","href":"https:\/\/api.w.org\/{rel}","templated":true}]}}