{"id":84377,"date":"2014-07-27T18:15:46","date_gmt":"2014-07-27T17:15:46","guid":{"rendered":"http:\/\/www.visit-ulcinj.com\/blog\/?p=84377"},"modified":"2014-07-27T18:15:46","modified_gmt":"2014-07-27T17:15:46","slug":"forca-cestitke-za-ramazanski-bajram","status":"publish","type":"post","link":"https:\/\/www.visit-ulcinj.com\/blog\/2014\/07\/27\/forca-cestitke-za-ramazanski-bajram\/","title":{"rendered":"Forca: \u010cestitke za Ramazanski Bajram"},"content":{"rendered":"<p><a href=\"http:\/\/www.visit-ulcinj.com\/blog\/wp-content\/uploads\/2014\/07\/Ulcinj-Ulqini-nicht.jpg\"><img loading=\"lazy\" class=\"alignleft wp-image-84378\" src=\"http:\/\/www.visit-ulcinj.com\/blog\/wp-content\/uploads\/2014\/07\/Ulcinj-Ulqini-nicht.jpg\" alt=\"Ulcinj-Ulqini-nicht\" width=\"508\" height=\"339\" srcset=\"https:\/\/www.visit-ulcinj.com\/blog\/wp-content\/uploads\/2014\/07\/Ulcinj-Ulqini-nicht.jpg 1152w, https:\/\/www.visit-ulcinj.com\/blog\/wp-content\/uploads\/2014\/07\/Ulcinj-Ulqini-nicht-300x200.jpg 300w, https:\/\/www.visit-ulcinj.com\/blog\/wp-content\/uploads\/2014\/07\/Ulcinj-Ulqini-nicht-1024x682.jpg 1024w\" sizes=\"(max-width: 508px) 100vw, 508px\" \/><\/a>Ulcinj,27.07.2014<\/p>\n<p>90\/2014<\/p>\n<p>&nbsp;<\/p>\n<p>&nbsp;<\/p>\n<p style=\"text-align: center;\"><strong>\u010cestitka za Bajram<\/strong><\/p>\n<p>&nbsp;<\/p>\n<p>&nbsp;<\/p>\n<p>U moje ime i u ime Nove Demokratske Snage Forca, \u017eelim da vam od srca \u010destitam veliki praznik Bajrama!<\/p>\n<p>&nbsp;<\/p>\n<p>Izra\u017eavam \u017eelju da ovaj sveti dan do\u010dekate u zdravlju sa va\u0161om porodicom i va\u0161im najdra\u017eima i da ga provedete \u0161to sre\u0107nije i veselije.<\/p>\n<p>&nbsp;<\/p>\n<p>\u017delim vam \u0161to vi\u0161e ljubavi, dobrote i bogatstva u \u017eivotu! Neka mir bude sa vama!<\/p>\n<p>&nbsp;<\/p>\n<p>S po\u0161tovanjem,<\/p>\n<p>Nazif Cungu<\/p>\n<table style=\"height: 169px;\" width=\"399\">\n<tbody>\n<tr>\n<td>FORCA E RE DEMOKRATIKE<\/p>\n<p>NOVA DEMOKRATSKA SNAGA<\/p>\n<p>Bul. Skenderbeupn\/bb 85360 Ulqin\/Ulcinj<\/p>\n<p>Tel:. +382 030 401 760 Fax:; +382 030 401 761<\/p>\n<p>info@forca.me, www.forca.me<\/td>\n<\/tr>\n<\/tbody>\n<\/table>\n","protected":false},"excerpt":{"rendered":"<p>Ulcinj,27.07.2014 90\/2014 &nbsp; &nbsp; \u010cestitka za Bajram &nbsp; &nbsp; U moje ime i u ime Nove Demokratske Snage Forca, \u017eelim da vam od srca \u010destitam veliki praznik Bajrama! &nbsp; Izra\u017eavam \u017eelju da ovaj sveti dan do\u010dekate u zdravlju sa va\u0161om porodicom i va\u0161im najdra\u017eima i da ga provedete \u0161to sre\u0107nije i veselije. &nbsp; \u017delim vam [&hellip;]<\/p>\n","protected":false},"author":1,"featured_media":0,"comment_status":"closed","ping_status":"closed","sticky":false,"template":"","format":"standard","meta":{"spay_email":"","jetpack_publicize_message":"","jetpack_is_tweetstorm":false,"jetpack_publicize_feature_enabled":true},"categories":[6950],"tags":[],"jetpack_publicize_connections":[],"yoast_head":"<!-- This site is optimized with the Yoast SEO plugin v19.1 - https:\/\/yoast.com\/wordpress\/plugins\/seo\/ -->\n<title>Forca: \u010cestitke za Ramazanski Bajram - Lajme nga Ulqini<\/title>\n<meta name=\"description\" content=\"Ulcinj,27.07.2014 90\/2014 &nbsp; &nbsp; \u010cestitka za Bajram &nbsp; &nbsp; U moje ime i u ime Nove Demokratske Snage Forca, \u017eelim da vam od srca \u010destitam\" \/>\n<meta name=\"robots\" content=\"index, follow, max-snippet:-1, max-image-preview:large, max-video-preview:-1\" \/>\n<link rel=\"canonical\" href=\"https:\/\/www.visit-ulcinj.com\/blog\/2014\/07\/27\/forca-cestitke-za-ramazanski-bajram\/\" \/>\n<meta property=\"og:locale\" content=\"en_US\" \/>\n<meta property=\"og:type\" content=\"article\" \/>\n<meta property=\"og:title\" content=\"Forca: \u010cestitke za Ramazanski Bajram - Lajme nga Ulqini\" \/>\n<meta property=\"og:description\" content=\"Ulcinj,27.07.2014 90\/2014 &nbsp; &nbsp; \u010cestitka za Bajram &nbsp; &nbsp; U moje ime i u ime Nove Demokratske Snage Forca, \u017eelim da vam od srca \u010destitam\" \/>\n<meta property=\"og:url\" content=\"https:\/\/www.visit-ulcinj.com\/blog\/2014\/07\/27\/forca-cestitke-za-ramazanski-bajram\/\" \/>\n<meta property=\"og:site_name\" content=\"Lajme nga Ulqini\" \/>\n<meta property=\"article:published_time\" content=\"2014-07-27T17:15:46+00:00\" \/>\n<meta property=\"og:image\" content=\"http:\/\/www.visit-ulcinj.com\/blog\/wp-content\/uploads\/2014\/07\/Ulcinj-Ulqini-nicht.jpg\" \/>\n<meta name=\"twitter:label1\" content=\"Written by\" \/>\n\t<meta name=\"twitter:data1\" content=\"ulqini\" \/>\n\t<meta name=\"twitter:label2\" content=\"Est. reading time\" \/>\n\t<meta name=\"twitter:data2\" content=\"1 minute\" \/>\n<script type=\"application\/ld+json\" class=\"yoast-schema-graph\">{\"@context\":\"https:\/\/schema.org\",\"@graph\":[{\"@type\":\"WebSite\",\"@id\":\"https:\/\/www.visit-ulcinj.com\/blog\/#website\",\"url\":\"https:\/\/www.visit-ulcinj.com\/blog\/\",\"name\":\"Lajme nga Ulqini\",\"description\":\"Lajme,Vijesti,Ulqini,Ulqin,Crna Gora,Mali i Zi\",\"potentialAction\":[{\"@type\":\"SearchAction\",\"target\":{\"@type\":\"EntryPoint\",\"urlTemplate\":\"https:\/\/www.visit-ulcinj.com\/blog\/?s={search_term_string}\"},\"query-input\":\"required name=search_term_string\"}],\"inLanguage\":\"en-US\"},{\"@type\":\"ImageObject\",\"inLanguage\":\"en-US\",\"@id\":\"https:\/\/www.visit-ulcinj.com\/blog\/2014\/07\/27\/forca-cestitke-za-ramazanski-bajram\/#primaryimage\",\"url\":\"https:\/\/www.visit-ulcinj.com\/blog\/wp-content\/uploads\/2014\/07\/Ulcinj-Ulqini-nicht.jpg\",\"contentUrl\":\"https:\/\/www.visit-ulcinj.com\/blog\/wp-content\/uploads\/2014\/07\/Ulcinj-Ulqini-nicht.jpg\",\"width\":1152,\"height\":768},{\"@type\":\"WebPage\",\"@id\":\"https:\/\/www.visit-ulcinj.com\/blog\/2014\/07\/27\/forca-cestitke-za-ramazanski-bajram\/#webpage\",\"url\":\"https:\/\/www.visit-ulcinj.com\/blog\/2014\/07\/27\/forca-cestitke-za-ramazanski-bajram\/\",\"name\":\"Forca: \u010cestitke za Ramazanski Bajram - Lajme nga Ulqini\",\"isPartOf\":{\"@id\":\"https:\/\/www.visit-ulcinj.com\/blog\/#website\"},\"primaryImageOfPage\":{\"@id\":\"https:\/\/www.visit-ulcinj.com\/blog\/2014\/07\/27\/forca-cestitke-za-ramazanski-bajram\/#primaryimage\"},\"datePublished\":\"2014-07-27T17:15:46+00:00\",\"dateModified\":\"2014-07-27T17:15:46+00:00\",\"author\":{\"@id\":\"https:\/\/www.visit-ulcinj.com\/blog\/#\/schema\/person\/dcab619c614d3038751c63bc2aadc06d\"},\"description\":\"Ulcinj,27.07.2014 90\/2014 &nbsp; &nbsp; \u010cestitka za Bajram &nbsp; &nbsp; U moje ime i u ime Nove Demokratske Snage Forca, \u017eelim da vam od srca \u010destitam\",\"breadcrumb\":{\"@id\":\"https:\/\/www.visit-ulcinj.com\/blog\/2014\/07\/27\/forca-cestitke-za-ramazanski-bajram\/#breadcrumb\"},\"inLanguage\":\"en-US\",\"potentialAction\":[{\"@type\":\"ReadAction\",\"target\":[\"https:\/\/www.visit-ulcinj.com\/blog\/2014\/07\/27\/forca-cestitke-za-ramazanski-bajram\/\"]}]},{\"@type\":\"BreadcrumbList\",\"@id\":\"https:\/\/www.visit-ulcinj.com\/blog\/2014\/07\/27\/forca-cestitke-za-ramazanski-bajram\/#breadcrumb\",\"itemListElement\":[{\"@type\":\"ListItem\",\"position\":1,\"name\":\"Forca: \u010cestitke za Ramazanski Bajram\"}]},{\"@type\":\"Person\",\"@id\":\"https:\/\/www.visit-ulcinj.com\/blog\/#\/schema\/person\/dcab619c614d3038751c63bc2aadc06d\",\"name\":\"ulqini\",\"sameAs\":[\"http:\/\/www.visit-ulcinj.com\"],\"url\":\"https:\/\/www.visit-ulcinj.com\/blog\/author\/admin\/\"}]}<\/script>\n<!-- \/ Yoast SEO plugin. -->","yoast_head_json":{"title":"Forca: \u010cestitke za Ramazanski Bajram - Lajme nga Ulqini","description":"Ulcinj,27.07.2014 90\/2014 &nbsp; &nbsp; \u010cestitka za Bajram &nbsp; &nbsp; U moje ime i u ime Nove Demokratske Snage Forca, \u017eelim da vam od srca \u010destitam","robots":{"index":"index","follow":"follow","max-snippet":"max-snippet:-1","max-image-preview":"max-image-preview:large","max-video-preview":"max-video-preview:-1"},"canonical":"https:\/\/www.visit-ulcinj.com\/blog\/2014\/07\/27\/forca-cestitke-za-ramazanski-bajram\/","og_locale":"en_US","og_type":"article","og_title":"Forca: \u010cestitke za Ramazanski Bajram - Lajme nga Ulqini","og_description":"Ulcinj,27.07.2014 90\/2014 &nbsp; &nbsp; \u010cestitka za Bajram &nbsp; &nbsp; U moje ime i u ime Nove Demokratske Snage Forca, \u017eelim da vam od srca \u010destitam","og_url":"https:\/\/www.visit-ulcinj.com\/blog\/2014\/07\/27\/forca-cestitke-za-ramazanski-bajram\/","og_site_name":"Lajme nga Ulqini","article_published_time":"2014-07-27T17:15:46+00:00","og_image":[{"url":"http:\/\/www.visit-ulcinj.com\/blog\/wp-content\/uploads\/2014\/07\/Ulcinj-Ulqini-nicht.jpg"}],"twitter_misc":{"Written by":"ulqini","Est. reading time":"1 minute"},"schema":{"@context":"https:\/\/schema.org","@graph":[{"@type":"WebSite","@id":"https:\/\/www.visit-ulcinj.com\/blog\/#website","url":"https:\/\/www.visit-ulcinj.com\/blog\/","name":"Lajme nga Ulqini","description":"Lajme,Vijesti,Ulqini,Ulqin,Crna Gora,Mali i Zi","potentialAction":[{"@type":"SearchAction","target":{"@type":"EntryPoint","urlTemplate":"https:\/\/www.visit-ulcinj.com\/blog\/?s={search_term_string}"},"query-input":"required name=search_term_string"}],"inLanguage":"en-US"},{"@type":"ImageObject","inLanguage":"en-US","@id":"https:\/\/www.visit-ulcinj.com\/blog\/2014\/07\/27\/forca-cestitke-za-ramazanski-bajram\/#primaryimage","url":"https:\/\/www.visit-ulcinj.com\/blog\/wp-content\/uploads\/2014\/07\/Ulcinj-Ulqini-nicht.jpg","contentUrl":"https:\/\/www.visit-ulcinj.com\/blog\/wp-content\/uploads\/2014\/07\/Ulcinj-Ulqini-nicht.jpg","width":1152,"height":768},{"@type":"WebPage","@id":"https:\/\/www.visit-ulcinj.com\/blog\/2014\/07\/27\/forca-cestitke-za-ramazanski-bajram\/#webpage","url":"https:\/\/www.visit-ulcinj.com\/blog\/2014\/07\/27\/forca-cestitke-za-ramazanski-bajram\/","name":"Forca: \u010cestitke za Ramazanski Bajram - Lajme nga Ulqini","isPartOf":{"@id":"https:\/\/www.visit-ulcinj.com\/blog\/#website"},"primaryImageOfPage":{"@id":"https:\/\/www.visit-ulcinj.com\/blog\/2014\/07\/27\/forca-cestitke-za-ramazanski-bajram\/#primaryimage"},"datePublished":"2014-07-27T17:15:46+00:00","dateModified":"2014-07-27T17:15:46+00:00","author":{"@id":"https:\/\/www.visit-ulcinj.com\/blog\/#\/schema\/person\/dcab619c614d3038751c63bc2aadc06d"},"description":"Ulcinj,27.07.2014 90\/2014 &nbsp; &nbsp; \u010cestitka za Bajram &nbsp; &nbsp; U moje ime i u ime Nove Demokratske Snage Forca, \u017eelim da vam od srca \u010destitam","breadcrumb":{"@id":"https:\/\/www.visit-ulcinj.com\/blog\/2014\/07\/27\/forca-cestitke-za-ramazanski-bajram\/#breadcrumb"},"inLanguage":"en-US","potentialAction":[{"@type":"ReadAction","target":["https:\/\/www.visit-ulcinj.com\/blog\/2014\/07\/27\/forca-cestitke-za-ramazanski-bajram\/"]}]},{"@type":"BreadcrumbList","@id":"https:\/\/www.visit-ulcinj.com\/blog\/2014\/07\/27\/forca-cestitke-za-ramazanski-bajram\/#breadcrumb","itemListElement":[{"@type":"ListItem","position":1,"name":"Forca: \u010cestitke za Ramazanski Bajram"}]},{"@type":"Person","@id":"https:\/\/www.visit-ulcinj.com\/blog\/#\/schema\/person\/dcab619c614d3038751c63bc2aadc06d","name":"ulqini","sameAs":["http:\/\/www.visit-ulcinj.com"],"url":"https:\/\/www.visit-ulcinj.com\/blog\/author\/admin\/"}]}},"jetpack_featured_media_url":"","jetpack_sharing_enabled":true,"jetpack_shortlink":"https:\/\/wp.me\/pe6lTn-lWV","_links":{"self":[{"href":"https:\/\/www.visit-ulcinj.com\/blog\/wp-json\/wp\/v2\/posts\/84377"}],"collection":[{"href":"https:\/\/www.visit-ulcinj.com\/blog\/wp-json\/wp\/v2\/posts"}],"about":[{"href":"https:\/\/www.visit-ulcinj.com\/blog\/wp-json\/wp\/v2\/types\/post"}],"author":[{"embeddable":true,"href":"https:\/\/www.visit-ulcinj.com\/blog\/wp-json\/wp\/v2\/users\/1"}],"replies":[{"embeddable":true,"href":"https:\/\/www.visit-ulcinj.com\/blog\/wp-json\/wp\/v2\/comments?post=84377"}],"version-history":[{"count":1,"href":"https:\/\/www.visit-ulcinj.com\/blog\/wp-json\/wp\/v2\/posts\/84377\/revisions"}],"predecessor-version":[{"id":84379,"href":"https:\/\/www.visit-ulcinj.com\/blog\/wp-json\/wp\/v2\/posts\/84377\/revisions\/84379"}],"wp:attachment":[{"href":"https:\/\/www.visit-ulcinj.com\/blog\/wp-json\/wp\/v2\/media?parent=84377"}],"wp:term":[{"taxonomy":"category","embeddable":true,"href":"https:\/\/www.visit-ulcinj.com\/blog\/wp-json\/wp\/v2\/categories?post=84377"},{"taxonomy":"post_tag","embeddable":true,"href":"https:\/\/www.visit-ulcinj.com\/blog\/wp-json\/wp\/v2\/tags?post=84377"}],"curies":[{"name":"wp","href":"https:\/\/api.w.org\/{rel}","templated":true}]}}