{"id":84380,"date":"2014-07-27T18:23:56","date_gmt":"2014-07-27T17:23:56","guid":{"rendered":"http:\/\/www.visit-ulcinj.com\/blog\/?p=84380"},"modified":"2014-07-27T18:23:56","modified_gmt":"2014-07-27T17:23:56","slug":"sukaliqi-stina-e-veres-dhe-rreziqet-e-saja-ndaj-femijeve","status":"publish","type":"post","link":"https:\/\/www.visit-ulcinj.com\/blog\/2014\/07\/27\/sukaliqi-stina-e-veres-dhe-rreziqet-e-saja-ndaj-femijeve\/","title":{"rendered":"Sukaliqi: Stina e ver\u00ebs dhe rr\u00ebziqet e saja ndaj f\u00ebmij\u00ebve"},"content":{"rendered":"<p><strong><a href=\"http:\/\/www.visit-ulcinj.com\/blog\/wp-content\/uploads\/2014\/07\/MBROJTJA-NGA-DIELLI.jpg\"><img loading=\"lazy\" class=\"alignleft wp-image-84381\" src=\"http:\/\/www.visit-ulcinj.com\/blog\/wp-content\/uploads\/2014\/07\/MBROJTJA-NGA-DIELLI.jpg\" alt=\"MBROJTJA-NGA-DIELLI\" width=\"508\" height=\"254\" \/><\/a>Shkruan Arlinda Sukaliqi<\/strong><\/p>\n<p>Stina e veres \u00ebsht\u00eb josh\u00ebse p\u00ebr secilin prej nesh, pa marr\u00eb parasysh mosh\u00ebn. Vet\u00eb kjo stin\u00eb paraqet entuiziaz\u00ebm p\u00ebr aventura,p\u00ebr di\u00e7ka t\u00eb re, tjet\u00ebr, ndryshe, p\u00ebr loj\u00eb dhe arg\u00ebtim e d\u00ebfrim pa kufi. Mir\u00ebpo kur \u00ebsht\u00eb fjala p\u00ebr ver\u00ebn aty jan\u00eb prezent edhe rr\u00ebziqet q\u00eb katanosen pik\u00ebrisht\u00eb n\u00eb k\u00ebt\u00eb stin\u00eb p\u00ebr t\u00eb cilat duhet menduar p\u00ebrtej asaj q\u00eb e quajm shijim i ngroht\u00eb. Gjithsesi v\u00ebmendje m\u00eb t\u00eb madhe duhet kushtuar m\u00eb t\u00eb vegj\u00eblve tan\u00eb sidomos f\u00ebmij\u00ebve n\u00eb mosh\u00eb t\u00eb re t\u00eb cil\u00ebt nuk din\u00eb t\u00eb mbrohen dhe mund t\u00eb biejn pre e k\u00ebtyre rreziqeve. Dielli n\u00eb k\u00ebt\u00eb stin\u00eb n\u00eb t\u00eb shumt\u00ebn e rasteve \u00ebsht\u00eb p\u00ebrv\u00eblues dhe l\u00ebkura e njom\u00eb e f\u00ebmij\u00ebs kujton ose mban mend secilin minut t\u00eb l\u00ebndimit t\u00eb saj n\u00eb diell, k\u00ebt\u00eb e v\u00ebrtetojn\u00eb mjekt\u00ebt\u00a0\u00a0 t\u00eb cil\u00ebt me shum\u00eb v\u00ebrtet\u00ebsi theksojn\u00eb se tumor\u00ebt e ndrysh\u00ebm q\u00eb mund t\u00eb paraqiten m\u00eb von\u00eb n\u00eb lekur\u00eb, jan\u00eb pik\u00ebrisht t\u00eb shkaktuara nga mos ruajtja me koh\u00eb e lekur\u00ebs nga dielli i tep\u00ebrt. Si\u00e7 cekem dhe m\u00eb lart ekspozimi i tep\u00ebrt n\u00eb diell \u00ebsht\u00eb m\u00eb i rreziksh\u00ebm sidomos p\u00ebr moshat nga 0 \u2013 10 vjet\u00ebsh dhe \u00ebsht\u00eb e sigurt se n\u00ebse f\u00ebmia juaj disa her\u00eb digjet shum\u00eb nga dielli, rreziku q\u00eb m\u00eb von\u00eb ai f\u00ebmij\u00eb n\u00eb mosh\u00eb m\u00eb t\u00eb madhe t\u00eb fitoj\u00eb lloje t\u00eb ndryshme t\u00eb kancerit n\u00eb l\u00ebkur\u00eb \u00ebsht\u00eb i shumt\u00eb, dhe n\u00eb shumicen e rasteve rrezullton t\u00eb jet\u00eb i sigurt nj\u00eb fakt i till\u00eb. Pik\u00ebrisht p\u00ebr k\u00ebt\u00eb gj\u00eb \u00ebsht\u00eb e r\u00ebnd\u00ebsishme t\u00eb mbrohemi nga rrezatimi i madh dhe t\u00eb krijojm\u00eb shprehi t\u00eb sh\u00ebndetshme t\u00eb rrezitjes tek f\u00ebmij\u00ebt dhe ato t\u2019i mbaj mend gjat\u00eb gjith\u00eb jet\u00ebs. Pa dyshim kjo \u00ebsht\u00eb nj\u00eb detyr\u00eb e cila u p\u00ebrket prind\u00ebrve ta zbatojn\u00eb me shum\u00eb mjeshtri, kreativitet e mbi t\u00eb gjitha me shum\u00eb vullnet dhe durim, vet\u00ebm k\u00ebshtu misioni i tyre do t\u00eb kryhet me sukses. T\u00eb shkosh n\u00eb pushime me f\u00ebmij\u00eb \u00ebsht\u00eb sa arg\u00ebtuese aq edhe e lodhshme. Prind\u00ebrit n\u00eb k\u00ebt\u00eb rast duhet t\u00eb jen\u00eb jo shum\u00eb edukues t\u00eb mir\u00eb por edhe nj\u00eb <em>\u201clloj\u00eb mjeku n\u00eb vetvete\u201d <\/em>p\u00ebr tu siguruar p\u00ebr shendetin e plot te tyre. Mjek\u00ebt rekomandojn\u00eb q\u00eb f\u00ebmij\u00ebt q\u00eb kan\u00eb l\u00ebkur\u00eb tep\u00ebr t\u00eb ndjeshme duhet t\u00eb p\u00ebrdorin preparate special p\u00ebr mbrojtje pa ndonj\u00eb arom\u00eb t\u00eb r\u00ebnd. Kuptohet preparatet mbrojt\u00ebs \u00ebsht\u00eb fjala p\u00ebr kremrat dhe losonet e ndryshme gjithmon\u00eb duhet t\u00eb ken\u00eb faktor mbrojt\u00ebs prej 30 \u2013 50+ t\u00eb cil\u00ebt sigurojn\u00eb mbrojtje apsolute nga rrezet UVA dhe UVB. Preparatet mbrojt\u00ebs p\u00ebrdoren jo q\u00eb f\u00ebmia t\u00eb q\u00ebndroj\u00eb sa m\u00eb gjat\u00eb n\u00eb diell, t\u2019i rezistoj\u00eb atij por q\u00eb ai t\u00eb shpetoj nga rreziqet dhe pasojat e d\u00ebmshme t\u00eb k\u00ebtyre rrezatimeve. Lyerja e trupit t\u00eb f\u00ebmij\u00ebs preferohet t\u00eb b\u00ebhet n\u00eb t\u00eb gjitha pjes\u00ebt e trupit, ajo duhet t\u00eb jet\u00eb e vazhdueshme e jo vet\u00ebm t\u00eb lyhet nj\u00eb her\u00eb kur del p\u00ebr t\u00eb par\u00ebn her\u00eb n\u00eb diell. E udh\u00ebs do t\u00eb ishte q\u00eb \u00e7do 2-3 or\u00eb t\u00eb p\u00ebrs\u00ebritet lyerja sepse losioni fshihet sa her\u00eb q\u00eb ai hyn\u00eb n\u00eb uj\u00eb ose kur fshihet me peshkir ose djersitet. Gjat\u00eb q\u00ebndrimit n\u00eb pllazh dhe n\u00eb diell f\u00ebmij\u00ebs duhet siguruar dhe freskim t\u00eb vazhdush\u00ebm me pije freskuese sidomos me uj\u00eb, pem\u00eb t\u00eb stin\u00ebs sidomos preferohet bostani dhe pjeperi dhe pa l\u00ebne pa harruar gjithsesi \u00e7adra e diellit dhe kapelja dhe ndonj\u00eb blluz\u00eb e holl\u00eb p\u00ebr veshje, preferohet dhe mbajtja e syzeve p\u00ebrkat\u00ebse\u2026. Nd\u00ebrsa sa i p\u00ebrket t\u00eb vegj\u00eblve t\u00eb cil\u00ebt jan\u00eb n\u00eb vitin e par\u00eb t\u00eb jet\u00ebs s\u00eb tyre nga 0-8 muaj preferohet qe ato t\u00eb mos dalin n\u00eb pllazh dhe n\u00eb diell t\u00eb fort\u00eb drejt\u00eb p\u00ebr drejt\u00eb, p\u00ebr to \u00ebsht\u00eb e mjaftueshme nj\u00eb shetitje m\u00ebngjesore ku dielli nuk \u00ebsht\u00eb aq i fort\u00eb. Shetitja mund t\u00eb zgjas\u00eb nga 20 deri n\u00eb gjys\u00ebm ore e n\u00ebse zgjat\u00eb m\u00eb shum\u00eb \u00ebsht\u00eb e nevojshme t\u00eb mbulohen disa pjes\u00eb t\u00eb trupit dhe fytyra. Tek f\u00ebmij\u00ebt m\u00eb t\u00eb rritur dhe tek adoleshent\u00ebt posa\u00e7\u00ebrisht duhet kushtuar kujdes q\u00eb t\u00eb mos rrin\u00eb nj\u00eb koh\u00eb t\u00eb gjat\u00eb n\u00eb plazh si dhe t\u00eb mbrohen deri sa t\u00eb merren me sporte t\u00eb ndryshme si n\u00eb uj\u00eb ashtu dhe n\u00eb r\u00ebr\u00eb. Bluzat e holla shpesh her\u00eb nuk mbrojn\u00eb mir\u00eb nga rrezet UV, k\u00ebshtu q\u00eb ato mendojn\u00eb se me veshjen e tyre mbrohen plot\u00ebsisht e kan\u00eb gabim dhe shpesh fitojn\u00eb l\u00ebndime ose djeg\u00ebje t\u00eb thella t\u00eb l\u00ebkur\u00ebs. Periudha n\u00eb t\u00eb cil\u00ebn nuk duhet t\u00eb dalin n\u00eb diell \u00ebsht\u00eb ajo nga ora 11 deri 16 k\u00ebshillojn\u00eb mjek\u00ebt, gjithmon\u00eb kur \u00ebsht\u00eb fjala p\u00ebr temperatura t\u00eb larta. M\u00eb e udh\u00ebs do t\u00eb ishte q\u00eb si f\u00ebmij\u00ebt ashtu edhe t\u00eb rriturit t\u00eb b\u00ebjn\u00eb plazh nga 2 or\u00eb paradite dhe 3 or\u00eb pas dite, k\u00ebshtu do t\u00eb mbroni f\u00ebmij\u00ebt edhe nga viruset verore dhe sh\u00ebndeti i tij do t\u00eb jet\u00eb m\u00eb i sigurt n\u00ebse zbatoni k\u00ebshillat e tilla. Por mos t\u00eb harrojm\u00eb se p\u00ebrve\u00e7 rreziqeve t\u00eb k\u00ebsaj stine edhe arg\u00ebtimi e defrimi jan\u00eb shoq\u00ebrues t\u00eb mir\u00eb t\u00eb k\u00ebsaj stine gjithmon\u00eb n\u00ebse \u00e7do gj\u00eb ka kufirin e vet.<br \/>\nDielli p\u00ebrve\u00e7 rreziqeve ka edhe dob\u00ebsit\u00eb e tia t\u00eb cilat n\u00eb shumic\u00ebn e rasteve jan\u00eb edhe sheruese dhe shpesh her\u00eb b\u00ebn pun\u00eb fjala e urt\u00eb popullore \u201c ku hyn dielli s\u2019hyn\u00eb mjeku\u201d.<\/p>\n","protected":false},"excerpt":{"rendered":"<p>Shkruan Arlinda Sukaliqi Stina e veres \u00ebsht\u00eb josh\u00ebse p\u00ebr secilin prej nesh, pa marr\u00eb parasysh mosh\u00ebn. Vet\u00eb kjo stin\u00eb paraqet entuiziaz\u00ebm p\u00ebr aventura,p\u00ebr di\u00e7ka t\u00eb re, tjet\u00ebr, ndryshe, p\u00ebr loj\u00eb dhe arg\u00ebtim e d\u00ebfrim pa kufi. Mir\u00ebpo kur \u00ebsht\u00eb fjala p\u00ebr ver\u00ebn aty jan\u00eb prezent edhe rr\u00ebziqet q\u00eb katanosen pik\u00ebrisht\u00eb n\u00eb k\u00ebt\u00eb stin\u00eb p\u00ebr t\u00eb [&hellip;]<\/p>\n","protected":false},"author":1,"featured_media":0,"comment_status":"closed","ping_status":"closed","sticky":false,"template":"","format":"standard","meta":{"spay_email":"","jetpack_publicize_message":"","jetpack_is_tweetstorm":false,"jetpack_publicize_feature_enabled":true},"categories":[11],"tags":[],"jetpack_publicize_connections":[],"yoast_head":"<!-- This site is optimized with the Yoast SEO plugin v19.1 - https:\/\/yoast.com\/wordpress\/plugins\/seo\/ -->\n<title>Sukaliqi: Stina e ver\u00ebs dhe rr\u00ebziqet e saja ndaj f\u00ebmij\u00ebve - Lajme nga Ulqini<\/title>\n<meta name=\"description\" content=\"Shkruan Arlinda Sukaliqi Stina e veres \u00ebsht\u00eb josh\u00ebse p\u00ebr secilin prej nesh, pa marr\u00eb parasysh mosh\u00ebn. Vet\u00eb kjo stin\u00eb paraqet entuiziaz\u00ebm p\u00ebr aventura,p\u00ebr\" \/>\n<meta name=\"robots\" content=\"index, follow, max-snippet:-1, max-image-preview:large, max-video-preview:-1\" \/>\n<link rel=\"canonical\" href=\"https:\/\/www.visit-ulcinj.com\/blog\/2014\/07\/27\/sukaliqi-stina-e-veres-dhe-rreziqet-e-saja-ndaj-femijeve\/\" \/>\n<meta property=\"og:locale\" content=\"en_US\" \/>\n<meta property=\"og:type\" content=\"article\" \/>\n<meta property=\"og:title\" content=\"Sukaliqi: Stina e ver\u00ebs dhe rr\u00ebziqet e saja ndaj f\u00ebmij\u00ebve - Lajme nga Ulqini\" \/>\n<meta property=\"og:description\" content=\"Shkruan Arlinda Sukaliqi Stina e veres \u00ebsht\u00eb josh\u00ebse p\u00ebr secilin prej nesh, pa marr\u00eb parasysh mosh\u00ebn. Vet\u00eb kjo stin\u00eb paraqet entuiziaz\u00ebm p\u00ebr aventura,p\u00ebr\" \/>\n<meta property=\"og:url\" content=\"https:\/\/www.visit-ulcinj.com\/blog\/2014\/07\/27\/sukaliqi-stina-e-veres-dhe-rreziqet-e-saja-ndaj-femijeve\/\" \/>\n<meta property=\"og:site_name\" content=\"Lajme nga Ulqini\" \/>\n<meta property=\"article:published_time\" content=\"2014-07-27T17:23:56+00:00\" \/>\n<meta property=\"og:image\" content=\"http:\/\/www.visit-ulcinj.com\/blog\/wp-content\/uploads\/2014\/07\/MBROJTJA-NGA-DIELLI.jpg\" \/>\n<meta name=\"twitter:label1\" content=\"Written by\" \/>\n\t<meta name=\"twitter:data1\" content=\"ulqini\" \/>\n\t<meta name=\"twitter:label2\" content=\"Est. reading time\" \/>\n\t<meta name=\"twitter:data2\" content=\"5 minutes\" \/>\n<script type=\"application\/ld+json\" class=\"yoast-schema-graph\">{\"@context\":\"https:\/\/schema.org\",\"@graph\":[{\"@type\":\"WebSite\",\"@id\":\"https:\/\/www.visit-ulcinj.com\/blog\/#website\",\"url\":\"https:\/\/www.visit-ulcinj.com\/blog\/\",\"name\":\"Lajme nga Ulqini\",\"description\":\"Lajme,Vijesti,Ulqini,Ulqin,Crna Gora,Mali i Zi\",\"potentialAction\":[{\"@type\":\"SearchAction\",\"target\":{\"@type\":\"EntryPoint\",\"urlTemplate\":\"https:\/\/www.visit-ulcinj.com\/blog\/?s={search_term_string}\"},\"query-input\":\"required name=search_term_string\"}],\"inLanguage\":\"en-US\"},{\"@type\":\"ImageObject\",\"inLanguage\":\"en-US\",\"@id\":\"https:\/\/www.visit-ulcinj.com\/blog\/2014\/07\/27\/sukaliqi-stina-e-veres-dhe-rreziqet-e-saja-ndaj-femijeve\/#primaryimage\",\"url\":\"http:\/\/www.visit-ulcinj.com\/blog\/wp-content\/uploads\/2014\/07\/MBROJTJA-NGA-DIELLI.jpg\",\"contentUrl\":\"http:\/\/www.visit-ulcinj.com\/blog\/wp-content\/uploads\/2014\/07\/MBROJTJA-NGA-DIELLI.jpg\"},{\"@type\":\"WebPage\",\"@id\":\"https:\/\/www.visit-ulcinj.com\/blog\/2014\/07\/27\/sukaliqi-stina-e-veres-dhe-rreziqet-e-saja-ndaj-femijeve\/#webpage\",\"url\":\"https:\/\/www.visit-ulcinj.com\/blog\/2014\/07\/27\/sukaliqi-stina-e-veres-dhe-rreziqet-e-saja-ndaj-femijeve\/\",\"name\":\"Sukaliqi: Stina e ver\u00ebs dhe rr\u00ebziqet e saja ndaj f\u00ebmij\u00ebve - Lajme nga Ulqini\",\"isPartOf\":{\"@id\":\"https:\/\/www.visit-ulcinj.com\/blog\/#website\"},\"primaryImageOfPage\":{\"@id\":\"https:\/\/www.visit-ulcinj.com\/blog\/2014\/07\/27\/sukaliqi-stina-e-veres-dhe-rreziqet-e-saja-ndaj-femijeve\/#primaryimage\"},\"datePublished\":\"2014-07-27T17:23:56+00:00\",\"dateModified\":\"2014-07-27T17:23:56+00:00\",\"author\":{\"@id\":\"https:\/\/www.visit-ulcinj.com\/blog\/#\/schema\/person\/dcab619c614d3038751c63bc2aadc06d\"},\"description\":\"Shkruan Arlinda Sukaliqi Stina e veres \u00ebsht\u00eb josh\u00ebse p\u00ebr secilin prej nesh, pa marr\u00eb parasysh mosh\u00ebn. Vet\u00eb kjo stin\u00eb paraqet entuiziaz\u00ebm p\u00ebr aventura,p\u00ebr\",\"breadcrumb\":{\"@id\":\"https:\/\/www.visit-ulcinj.com\/blog\/2014\/07\/27\/sukaliqi-stina-e-veres-dhe-rreziqet-e-saja-ndaj-femijeve\/#breadcrumb\"},\"inLanguage\":\"en-US\",\"potentialAction\":[{\"@type\":\"ReadAction\",\"target\":[\"https:\/\/www.visit-ulcinj.com\/blog\/2014\/07\/27\/sukaliqi-stina-e-veres-dhe-rreziqet-e-saja-ndaj-femijeve\/\"]}]},{\"@type\":\"BreadcrumbList\",\"@id\":\"https:\/\/www.visit-ulcinj.com\/blog\/2014\/07\/27\/sukaliqi-stina-e-veres-dhe-rreziqet-e-saja-ndaj-femijeve\/#breadcrumb\",\"itemListElement\":[{\"@type\":\"ListItem\",\"position\":1,\"name\":\"Sukaliqi: Stina e ver\u00ebs dhe rr\u00ebziqet e saja ndaj f\u00ebmij\u00ebve\"}]},{\"@type\":\"Person\",\"@id\":\"https:\/\/www.visit-ulcinj.com\/blog\/#\/schema\/person\/dcab619c614d3038751c63bc2aadc06d\",\"name\":\"ulqini\",\"sameAs\":[\"http:\/\/www.visit-ulcinj.com\"],\"url\":\"https:\/\/www.visit-ulcinj.com\/blog\/author\/admin\/\"}]}<\/script>\n<!-- \/ Yoast SEO plugin. -->","yoast_head_json":{"title":"Sukaliqi: Stina e ver\u00ebs dhe rr\u00ebziqet e saja ndaj f\u00ebmij\u00ebve - Lajme nga Ulqini","description":"Shkruan Arlinda Sukaliqi Stina e veres \u00ebsht\u00eb josh\u00ebse p\u00ebr secilin prej nesh, pa marr\u00eb parasysh mosh\u00ebn. Vet\u00eb kjo stin\u00eb paraqet entuiziaz\u00ebm p\u00ebr aventura,p\u00ebr","robots":{"index":"index","follow":"follow","max-snippet":"max-snippet:-1","max-image-preview":"max-image-preview:large","max-video-preview":"max-video-preview:-1"},"canonical":"https:\/\/www.visit-ulcinj.com\/blog\/2014\/07\/27\/sukaliqi-stina-e-veres-dhe-rreziqet-e-saja-ndaj-femijeve\/","og_locale":"en_US","og_type":"article","og_title":"Sukaliqi: Stina e ver\u00ebs dhe rr\u00ebziqet e saja ndaj f\u00ebmij\u00ebve - Lajme nga Ulqini","og_description":"Shkruan Arlinda Sukaliqi Stina e veres \u00ebsht\u00eb josh\u00ebse p\u00ebr secilin prej nesh, pa marr\u00eb parasysh mosh\u00ebn. Vet\u00eb kjo stin\u00eb paraqet entuiziaz\u00ebm p\u00ebr aventura,p\u00ebr","og_url":"https:\/\/www.visit-ulcinj.com\/blog\/2014\/07\/27\/sukaliqi-stina-e-veres-dhe-rreziqet-e-saja-ndaj-femijeve\/","og_site_name":"Lajme nga Ulqini","article_published_time":"2014-07-27T17:23:56+00:00","og_image":[{"url":"http:\/\/www.visit-ulcinj.com\/blog\/wp-content\/uploads\/2014\/07\/MBROJTJA-NGA-DIELLI.jpg"}],"twitter_misc":{"Written by":"ulqini","Est. reading time":"5 minutes"},"schema":{"@context":"https:\/\/schema.org","@graph":[{"@type":"WebSite","@id":"https:\/\/www.visit-ulcinj.com\/blog\/#website","url":"https:\/\/www.visit-ulcinj.com\/blog\/","name":"Lajme nga Ulqini","description":"Lajme,Vijesti,Ulqini,Ulqin,Crna Gora,Mali i Zi","potentialAction":[{"@type":"SearchAction","target":{"@type":"EntryPoint","urlTemplate":"https:\/\/www.visit-ulcinj.com\/blog\/?s={search_term_string}"},"query-input":"required name=search_term_string"}],"inLanguage":"en-US"},{"@type":"ImageObject","inLanguage":"en-US","@id":"https:\/\/www.visit-ulcinj.com\/blog\/2014\/07\/27\/sukaliqi-stina-e-veres-dhe-rreziqet-e-saja-ndaj-femijeve\/#primaryimage","url":"http:\/\/www.visit-ulcinj.com\/blog\/wp-content\/uploads\/2014\/07\/MBROJTJA-NGA-DIELLI.jpg","contentUrl":"http:\/\/www.visit-ulcinj.com\/blog\/wp-content\/uploads\/2014\/07\/MBROJTJA-NGA-DIELLI.jpg"},{"@type":"WebPage","@id":"https:\/\/www.visit-ulcinj.com\/blog\/2014\/07\/27\/sukaliqi-stina-e-veres-dhe-rreziqet-e-saja-ndaj-femijeve\/#webpage","url":"https:\/\/www.visit-ulcinj.com\/blog\/2014\/07\/27\/sukaliqi-stina-e-veres-dhe-rreziqet-e-saja-ndaj-femijeve\/","name":"Sukaliqi: Stina e ver\u00ebs dhe rr\u00ebziqet e saja ndaj f\u00ebmij\u00ebve - Lajme nga Ulqini","isPartOf":{"@id":"https:\/\/www.visit-ulcinj.com\/blog\/#website"},"primaryImageOfPage":{"@id":"https:\/\/www.visit-ulcinj.com\/blog\/2014\/07\/27\/sukaliqi-stina-e-veres-dhe-rreziqet-e-saja-ndaj-femijeve\/#primaryimage"},"datePublished":"2014-07-27T17:23:56+00:00","dateModified":"2014-07-27T17:23:56+00:00","author":{"@id":"https:\/\/www.visit-ulcinj.com\/blog\/#\/schema\/person\/dcab619c614d3038751c63bc2aadc06d"},"description":"Shkruan Arlinda Sukaliqi Stina e veres \u00ebsht\u00eb josh\u00ebse p\u00ebr secilin prej nesh, pa marr\u00eb parasysh mosh\u00ebn. Vet\u00eb kjo stin\u00eb paraqet entuiziaz\u00ebm p\u00ebr aventura,p\u00ebr","breadcrumb":{"@id":"https:\/\/www.visit-ulcinj.com\/blog\/2014\/07\/27\/sukaliqi-stina-e-veres-dhe-rreziqet-e-saja-ndaj-femijeve\/#breadcrumb"},"inLanguage":"en-US","potentialAction":[{"@type":"ReadAction","target":["https:\/\/www.visit-ulcinj.com\/blog\/2014\/07\/27\/sukaliqi-stina-e-veres-dhe-rreziqet-e-saja-ndaj-femijeve\/"]}]},{"@type":"BreadcrumbList","@id":"https:\/\/www.visit-ulcinj.com\/blog\/2014\/07\/27\/sukaliqi-stina-e-veres-dhe-rreziqet-e-saja-ndaj-femijeve\/#breadcrumb","itemListElement":[{"@type":"ListItem","position":1,"name":"Sukaliqi: Stina e ver\u00ebs dhe rr\u00ebziqet e saja ndaj f\u00ebmij\u00ebve"}]},{"@type":"Person","@id":"https:\/\/www.visit-ulcinj.com\/blog\/#\/schema\/person\/dcab619c614d3038751c63bc2aadc06d","name":"ulqini","sameAs":["http:\/\/www.visit-ulcinj.com"],"url":"https:\/\/www.visit-ulcinj.com\/blog\/author\/admin\/"}]}},"jetpack_featured_media_url":"","jetpack_sharing_enabled":true,"jetpack_shortlink":"https:\/\/wp.me\/pe6lTn-lWY","_links":{"self":[{"href":"https:\/\/www.visit-ulcinj.com\/blog\/wp-json\/wp\/v2\/posts\/84380"}],"collection":[{"href":"https:\/\/www.visit-ulcinj.com\/blog\/wp-json\/wp\/v2\/posts"}],"about":[{"href":"https:\/\/www.visit-ulcinj.com\/blog\/wp-json\/wp\/v2\/types\/post"}],"author":[{"embeddable":true,"href":"https:\/\/www.visit-ulcinj.com\/blog\/wp-json\/wp\/v2\/users\/1"}],"replies":[{"embeddable":true,"href":"https:\/\/www.visit-ulcinj.com\/blog\/wp-json\/wp\/v2\/comments?post=84380"}],"version-history":[{"count":1,"href":"https:\/\/www.visit-ulcinj.com\/blog\/wp-json\/wp\/v2\/posts\/84380\/revisions"}],"predecessor-version":[{"id":84382,"href":"https:\/\/www.visit-ulcinj.com\/blog\/wp-json\/wp\/v2\/posts\/84380\/revisions\/84382"}],"wp:attachment":[{"href":"https:\/\/www.visit-ulcinj.com\/blog\/wp-json\/wp\/v2\/media?parent=84380"}],"wp:term":[{"taxonomy":"category","embeddable":true,"href":"https:\/\/www.visit-ulcinj.com\/blog\/wp-json\/wp\/v2\/categories?post=84380"},{"taxonomy":"post_tag","embeddable":true,"href":"https:\/\/www.visit-ulcinj.com\/blog\/wp-json\/wp\/v2\/tags?post=84380"}],"curies":[{"name":"wp","href":"https:\/\/api.w.org\/{rel}","templated":true}]}}