{"id":84410,"date":"2014-07-30T07:12:11","date_gmt":"2014-07-30T06:12:11","guid":{"rendered":"http:\/\/www.visit-ulcinj.com\/blog\/?p=84410"},"modified":"2014-07-31T08:15:15","modified_gmt":"2014-07-31T07:15:15","slug":"behet-prezantimi-tapicerive-31-07-ne-muzeun-e-kalase-ulqin","status":"publish","type":"post","link":"https:\/\/www.visit-ulcinj.com\/blog\/2014\/07\/30\/behet-prezantimi-tapicerive-31-07-ne-muzeun-e-kalase-ulqin\/","title":{"rendered":"B\u00ebhet prezantimi i tapicerive m\u00eb 31.07 n\u00eb Muzeun e Kalas\u00eb Ulqin"},"content":{"rendered":"<p><a href=\"http:\/\/www.visit-ulcinj.com\/blog\/wp-content\/uploads\/2014\/07\/Prezentacija-projekta-dokumentarni-vez-Ulcinj.jpg\"><img loading=\"lazy\" class=\"alignleft wp-image-84401\" src=\"http:\/\/www.visit-ulcinj.com\/blog\/wp-content\/uploads\/2014\/07\/Prezentacija-projekta-dokumentarni-vez-Ulcinj.jpg\" alt=\"Prezentacija projekta dokumentarni vez-Ulcinj\" width=\"508\" height=\"341\" srcset=\"https:\/\/www.visit-ulcinj.com\/blog\/wp-content\/uploads\/2014\/07\/Prezentacija-projekta-dokumentarni-vez-Ulcinj.jpg 651w, https:\/\/www.visit-ulcinj.com\/blog\/wp-content\/uploads\/2014\/07\/Prezentacija-projekta-dokumentarni-vez-Ulcinj-300x201.jpg 300w\" sizes=\"(max-width: 508px) 100vw, 508px\" \/><\/a>N\u00eb Muzeun e Kalas\u00eb nes\u00ebr mbr\u00ebma (t\u00eb enjten) me fillim n\u00eb ora 19, do t\u00eb prezantohen kat\u00ebr tapiceri t\u00eb punuara gjat\u00eb vitit 2013 dhe 2014 n\u00eb \u201cTurnen\u00eb e q\u00ebndisjes dokumentare\u201d n\u00eb Shtoj, Aradc, Manastir dhe Mostar, njofton portali Ul-info.<\/p>\n<p>\u201cK\u00ebto tapiceri paraqesin nj\u00eb lloj hulumtimi n\u00eb sfer\u00ebn e reprezentimit t\u00eb realitetit dhe eksperiment shoq\u00ebror n\u00eb t\u00eb cilin n\u00ebp\u00ebrmjet konsultimeve, diskutimeve dhe bashk\u00ebpunimit me diapazon t\u00eb gjer\u00eb t\u00eb pjes\u00ebmarr\u00ebsve lokal, tentojm\u00eb t\u00eb vijm\u00eb deri tek ideja m\u00eb e besueshme e t\u00eb p\u00ebrditshmes ton\u00eb shoq\u00ebrore\u201d, th\u00ebn\u00eb organizator\u00ebt e k\u00ebtij tubimi duke shtuar q\u00eb \u201cme k\u00ebt\u00eb rast t\u00eb kat\u00ebr tapicerit\u00eb do t\u00eb prezantohen p\u00ebr her\u00eb t\u00eb par\u00eb n\u00eb nj\u00eb vend q\u00eb do t\u00eb jet\u00eb shkas t\u00eb shqyrtohet universaliteti dhe specifikat e motiveve dhe situatave t\u00eb sh\u00ebnuara n\u00eb k\u00ebto lokalitete t\u00eb ndryshme\u201d, thuhet n\u00eb portalin Ul.info.<\/p>\n","protected":false},"excerpt":{"rendered":"<p>N\u00eb Muzeun e Kalas\u00eb nes\u00ebr mbr\u00ebma (t\u00eb enjten) me fillim n\u00eb ora 19, do t\u00eb prezantohen kat\u00ebr tapiceri t\u00eb punuara gjat\u00eb vitit 2013 dhe 2014 n\u00eb \u201cTurnen\u00eb e q\u00ebndisjes dokumentare\u201d n\u00eb Shtoj, Aradc, Manastir dhe Mostar, njofton portali Ul-info. \u201cK\u00ebto tapiceri paraqesin nj\u00eb lloj hulumtimi n\u00eb sfer\u00ebn e reprezentimit t\u00eb realitetit dhe eksperiment shoq\u00ebror n\u00eb [&hellip;]<\/p>\n","protected":false},"author":1,"featured_media":0,"comment_status":"closed","ping_status":"closed","sticky":false,"template":"","format":"standard","meta":{"spay_email":"","jetpack_publicize_message":"","jetpack_is_tweetstorm":false,"jetpack_publicize_feature_enabled":true},"categories":[4,6950],"tags":[],"jetpack_publicize_connections":[],"yoast_head":"<!-- This site is optimized with the Yoast SEO plugin v19.1 - https:\/\/yoast.com\/wordpress\/plugins\/seo\/ -->\n<title>B\u00ebhet prezantimi i tapicerive m\u00eb 31.07 n\u00eb Muzeun e Kalas\u00eb Ulqin - Lajme nga Ulqini<\/title>\n<meta name=\"description\" content=\"N\u00eb Muzeun e Kalas\u00eb nes\u00ebr mbr\u00ebma (t\u00eb enjten) me fillim n\u00eb ora 19, do t\u00eb prezantohen kat\u00ebr tapiceri t\u00eb punuara gjat\u00eb vitit 2013 dhe 2014 n\u00eb \u201cTurnen\u00eb e\" \/>\n<meta name=\"robots\" content=\"index, follow, max-snippet:-1, max-image-preview:large, max-video-preview:-1\" \/>\n<link rel=\"canonical\" href=\"https:\/\/www.visit-ulcinj.com\/blog\/2014\/07\/30\/behet-prezantimi-tapicerive-31-07-ne-muzeun-e-kalase-ulqin\/\" \/>\n<meta property=\"og:locale\" content=\"en_US\" \/>\n<meta property=\"og:type\" content=\"article\" \/>\n<meta property=\"og:title\" content=\"B\u00ebhet prezantimi i tapicerive m\u00eb 31.07 n\u00eb Muzeun e Kalas\u00eb Ulqin - Lajme nga Ulqini\" \/>\n<meta property=\"og:description\" content=\"N\u00eb Muzeun e Kalas\u00eb nes\u00ebr mbr\u00ebma (t\u00eb enjten) me fillim n\u00eb ora 19, do t\u00eb prezantohen kat\u00ebr tapiceri t\u00eb punuara gjat\u00eb vitit 2013 dhe 2014 n\u00eb \u201cTurnen\u00eb e\" \/>\n<meta property=\"og:url\" content=\"https:\/\/www.visit-ulcinj.com\/blog\/2014\/07\/30\/behet-prezantimi-tapicerive-31-07-ne-muzeun-e-kalase-ulqin\/\" \/>\n<meta property=\"og:site_name\" content=\"Lajme nga Ulqini\" \/>\n<meta property=\"article:published_time\" content=\"2014-07-30T06:12:11+00:00\" \/>\n<meta property=\"article:modified_time\" content=\"2014-07-31T07:15:15+00:00\" \/>\n<meta property=\"og:image\" content=\"http:\/\/www.visit-ulcinj.com\/blog\/wp-content\/uploads\/2014\/07\/Prezentacija-projekta-dokumentarni-vez-Ulcinj.jpg\" \/>\n<meta name=\"twitter:label1\" content=\"Written by\" \/>\n\t<meta name=\"twitter:data1\" content=\"ulqini\" \/>\n\t<meta name=\"twitter:label2\" content=\"Est. reading time\" \/>\n\t<meta name=\"twitter:data2\" content=\"1 minute\" \/>\n<script type=\"application\/ld+json\" class=\"yoast-schema-graph\">{\"@context\":\"https:\/\/schema.org\",\"@graph\":[{\"@type\":\"WebSite\",\"@id\":\"https:\/\/www.visit-ulcinj.com\/blog\/#website\",\"url\":\"https:\/\/www.visit-ulcinj.com\/blog\/\",\"name\":\"Lajme nga Ulqini\",\"description\":\"Lajme,Vijesti,Ulqini,Ulqin,Crna Gora,Mali i Zi\",\"potentialAction\":[{\"@type\":\"SearchAction\",\"target\":{\"@type\":\"EntryPoint\",\"urlTemplate\":\"https:\/\/www.visit-ulcinj.com\/blog\/?s={search_term_string}\"},\"query-input\":\"required name=search_term_string\"}],\"inLanguage\":\"en-US\"},{\"@type\":\"ImageObject\",\"inLanguage\":\"en-US\",\"@id\":\"https:\/\/www.visit-ulcinj.com\/blog\/2014\/07\/30\/behet-prezantimi-tapicerive-31-07-ne-muzeun-e-kalase-ulqin\/#primaryimage\",\"url\":\"https:\/\/www.visit-ulcinj.com\/blog\/wp-content\/uploads\/2014\/07\/Prezentacija-projekta-dokumentarni-vez-Ulcinj.jpg\",\"contentUrl\":\"https:\/\/www.visit-ulcinj.com\/blog\/wp-content\/uploads\/2014\/07\/Prezentacija-projekta-dokumentarni-vez-Ulcinj.jpg\",\"width\":651,\"height\":437},{\"@type\":\"WebPage\",\"@id\":\"https:\/\/www.visit-ulcinj.com\/blog\/2014\/07\/30\/behet-prezantimi-tapicerive-31-07-ne-muzeun-e-kalase-ulqin\/#webpage\",\"url\":\"https:\/\/www.visit-ulcinj.com\/blog\/2014\/07\/30\/behet-prezantimi-tapicerive-31-07-ne-muzeun-e-kalase-ulqin\/\",\"name\":\"B\u00ebhet prezantimi i tapicerive m\u00eb 31.07 n\u00eb Muzeun e Kalas\u00eb Ulqin - Lajme nga Ulqini\",\"isPartOf\":{\"@id\":\"https:\/\/www.visit-ulcinj.com\/blog\/#website\"},\"primaryImageOfPage\":{\"@id\":\"https:\/\/www.visit-ulcinj.com\/blog\/2014\/07\/30\/behet-prezantimi-tapicerive-31-07-ne-muzeun-e-kalase-ulqin\/#primaryimage\"},\"datePublished\":\"2014-07-30T06:12:11+00:00\",\"dateModified\":\"2014-07-31T07:15:15+00:00\",\"author\":{\"@id\":\"https:\/\/www.visit-ulcinj.com\/blog\/#\/schema\/person\/dcab619c614d3038751c63bc2aadc06d\"},\"description\":\"N\u00eb Muzeun e Kalas\u00eb nes\u00ebr mbr\u00ebma (t\u00eb enjten) me fillim n\u00eb ora 19, do t\u00eb prezantohen kat\u00ebr tapiceri t\u00eb punuara gjat\u00eb vitit 2013 dhe 2014 n\u00eb \u201cTurnen\u00eb e\",\"breadcrumb\":{\"@id\":\"https:\/\/www.visit-ulcinj.com\/blog\/2014\/07\/30\/behet-prezantimi-tapicerive-31-07-ne-muzeun-e-kalase-ulqin\/#breadcrumb\"},\"inLanguage\":\"en-US\",\"potentialAction\":[{\"@type\":\"ReadAction\",\"target\":[\"https:\/\/www.visit-ulcinj.com\/blog\/2014\/07\/30\/behet-prezantimi-tapicerive-31-07-ne-muzeun-e-kalase-ulqin\/\"]}]},{\"@type\":\"BreadcrumbList\",\"@id\":\"https:\/\/www.visit-ulcinj.com\/blog\/2014\/07\/30\/behet-prezantimi-tapicerive-31-07-ne-muzeun-e-kalase-ulqin\/#breadcrumb\",\"itemListElement\":[{\"@type\":\"ListItem\",\"position\":1,\"name\":\"B\u00ebhet prezantimi i tapicerive m\u00eb 31.07 n\u00eb Muzeun e Kalas\u00eb Ulqin\"}]},{\"@type\":\"Person\",\"@id\":\"https:\/\/www.visit-ulcinj.com\/blog\/#\/schema\/person\/dcab619c614d3038751c63bc2aadc06d\",\"name\":\"ulqini\",\"sameAs\":[\"http:\/\/www.visit-ulcinj.com\"],\"url\":\"https:\/\/www.visit-ulcinj.com\/blog\/author\/admin\/\"}]}<\/script>\n<!-- \/ Yoast SEO plugin. -->","yoast_head_json":{"title":"B\u00ebhet prezantimi i tapicerive m\u00eb 31.07 n\u00eb Muzeun e Kalas\u00eb Ulqin - Lajme nga Ulqini","description":"N\u00eb Muzeun e Kalas\u00eb nes\u00ebr mbr\u00ebma (t\u00eb enjten) me fillim n\u00eb ora 19, do t\u00eb prezantohen kat\u00ebr tapiceri t\u00eb punuara gjat\u00eb vitit 2013 dhe 2014 n\u00eb \u201cTurnen\u00eb e","robots":{"index":"index","follow":"follow","max-snippet":"max-snippet:-1","max-image-preview":"max-image-preview:large","max-video-preview":"max-video-preview:-1"},"canonical":"https:\/\/www.visit-ulcinj.com\/blog\/2014\/07\/30\/behet-prezantimi-tapicerive-31-07-ne-muzeun-e-kalase-ulqin\/","og_locale":"en_US","og_type":"article","og_title":"B\u00ebhet prezantimi i tapicerive m\u00eb 31.07 n\u00eb Muzeun e Kalas\u00eb Ulqin - Lajme nga Ulqini","og_description":"N\u00eb Muzeun e Kalas\u00eb nes\u00ebr mbr\u00ebma (t\u00eb enjten) me fillim n\u00eb ora 19, do t\u00eb prezantohen kat\u00ebr tapiceri t\u00eb punuara gjat\u00eb vitit 2013 dhe 2014 n\u00eb \u201cTurnen\u00eb e","og_url":"https:\/\/www.visit-ulcinj.com\/blog\/2014\/07\/30\/behet-prezantimi-tapicerive-31-07-ne-muzeun-e-kalase-ulqin\/","og_site_name":"Lajme nga Ulqini","article_published_time":"2014-07-30T06:12:11+00:00","article_modified_time":"2014-07-31T07:15:15+00:00","og_image":[{"url":"http:\/\/www.visit-ulcinj.com\/blog\/wp-content\/uploads\/2014\/07\/Prezentacija-projekta-dokumentarni-vez-Ulcinj.jpg"}],"twitter_misc":{"Written by":"ulqini","Est. reading time":"1 minute"},"schema":{"@context":"https:\/\/schema.org","@graph":[{"@type":"WebSite","@id":"https:\/\/www.visit-ulcinj.com\/blog\/#website","url":"https:\/\/www.visit-ulcinj.com\/blog\/","name":"Lajme nga Ulqini","description":"Lajme,Vijesti,Ulqini,Ulqin,Crna Gora,Mali i Zi","potentialAction":[{"@type":"SearchAction","target":{"@type":"EntryPoint","urlTemplate":"https:\/\/www.visit-ulcinj.com\/blog\/?s={search_term_string}"},"query-input":"required name=search_term_string"}],"inLanguage":"en-US"},{"@type":"ImageObject","inLanguage":"en-US","@id":"https:\/\/www.visit-ulcinj.com\/blog\/2014\/07\/30\/behet-prezantimi-tapicerive-31-07-ne-muzeun-e-kalase-ulqin\/#primaryimage","url":"https:\/\/www.visit-ulcinj.com\/blog\/wp-content\/uploads\/2014\/07\/Prezentacija-projekta-dokumentarni-vez-Ulcinj.jpg","contentUrl":"https:\/\/www.visit-ulcinj.com\/blog\/wp-content\/uploads\/2014\/07\/Prezentacija-projekta-dokumentarni-vez-Ulcinj.jpg","width":651,"height":437},{"@type":"WebPage","@id":"https:\/\/www.visit-ulcinj.com\/blog\/2014\/07\/30\/behet-prezantimi-tapicerive-31-07-ne-muzeun-e-kalase-ulqin\/#webpage","url":"https:\/\/www.visit-ulcinj.com\/blog\/2014\/07\/30\/behet-prezantimi-tapicerive-31-07-ne-muzeun-e-kalase-ulqin\/","name":"B\u00ebhet prezantimi i tapicerive m\u00eb 31.07 n\u00eb Muzeun e Kalas\u00eb Ulqin - Lajme nga Ulqini","isPartOf":{"@id":"https:\/\/www.visit-ulcinj.com\/blog\/#website"},"primaryImageOfPage":{"@id":"https:\/\/www.visit-ulcinj.com\/blog\/2014\/07\/30\/behet-prezantimi-tapicerive-31-07-ne-muzeun-e-kalase-ulqin\/#primaryimage"},"datePublished":"2014-07-30T06:12:11+00:00","dateModified":"2014-07-31T07:15:15+00:00","author":{"@id":"https:\/\/www.visit-ulcinj.com\/blog\/#\/schema\/person\/dcab619c614d3038751c63bc2aadc06d"},"description":"N\u00eb Muzeun e Kalas\u00eb nes\u00ebr mbr\u00ebma (t\u00eb enjten) me fillim n\u00eb ora 19, do t\u00eb prezantohen kat\u00ebr tapiceri t\u00eb punuara gjat\u00eb vitit 2013 dhe 2014 n\u00eb \u201cTurnen\u00eb e","breadcrumb":{"@id":"https:\/\/www.visit-ulcinj.com\/blog\/2014\/07\/30\/behet-prezantimi-tapicerive-31-07-ne-muzeun-e-kalase-ulqin\/#breadcrumb"},"inLanguage":"en-US","potentialAction":[{"@type":"ReadAction","target":["https:\/\/www.visit-ulcinj.com\/blog\/2014\/07\/30\/behet-prezantimi-tapicerive-31-07-ne-muzeun-e-kalase-ulqin\/"]}]},{"@type":"BreadcrumbList","@id":"https:\/\/www.visit-ulcinj.com\/blog\/2014\/07\/30\/behet-prezantimi-tapicerive-31-07-ne-muzeun-e-kalase-ulqin\/#breadcrumb","itemListElement":[{"@type":"ListItem","position":1,"name":"B\u00ebhet prezantimi i tapicerive m\u00eb 31.07 n\u00eb Muzeun e Kalas\u00eb Ulqin"}]},{"@type":"Person","@id":"https:\/\/www.visit-ulcinj.com\/blog\/#\/schema\/person\/dcab619c614d3038751c63bc2aadc06d","name":"ulqini","sameAs":["http:\/\/www.visit-ulcinj.com"],"url":"https:\/\/www.visit-ulcinj.com\/blog\/author\/admin\/"}]}},"jetpack_featured_media_url":"","jetpack_sharing_enabled":true,"jetpack_shortlink":"https:\/\/wp.me\/pe6lTn-lXs","_links":{"self":[{"href":"https:\/\/www.visit-ulcinj.com\/blog\/wp-json\/wp\/v2\/posts\/84410"}],"collection":[{"href":"https:\/\/www.visit-ulcinj.com\/blog\/wp-json\/wp\/v2\/posts"}],"about":[{"href":"https:\/\/www.visit-ulcinj.com\/blog\/wp-json\/wp\/v2\/types\/post"}],"author":[{"embeddable":true,"href":"https:\/\/www.visit-ulcinj.com\/blog\/wp-json\/wp\/v2\/users\/1"}],"replies":[{"embeddable":true,"href":"https:\/\/www.visit-ulcinj.com\/blog\/wp-json\/wp\/v2\/comments?post=84410"}],"version-history":[{"count":1,"href":"https:\/\/www.visit-ulcinj.com\/blog\/wp-json\/wp\/v2\/posts\/84410\/revisions"}],"predecessor-version":[{"id":84411,"href":"https:\/\/www.visit-ulcinj.com\/blog\/wp-json\/wp\/v2\/posts\/84410\/revisions\/84411"}],"wp:attachment":[{"href":"https:\/\/www.visit-ulcinj.com\/blog\/wp-json\/wp\/v2\/media?parent=84410"}],"wp:term":[{"taxonomy":"category","embeddable":true,"href":"https:\/\/www.visit-ulcinj.com\/blog\/wp-json\/wp\/v2\/categories?post=84410"},{"taxonomy":"post_tag","embeddable":true,"href":"https:\/\/www.visit-ulcinj.com\/blog\/wp-json\/wp\/v2\/tags?post=84410"}],"curies":[{"name":"wp","href":"https:\/\/api.w.org\/{rel}","templated":true}]}}