{"id":84421,"date":"2014-07-31T08:11:49","date_gmt":"2014-07-31T07:11:49","guid":{"rendered":"http:\/\/www.visit-ulcinj.com\/blog\/?p=84421"},"modified":"2014-07-31T19:51:55","modified_gmt":"2014-07-31T18:51:55","slug":"prej-neser-ne-ulqin-temperaturat-e-larta","status":"publish","type":"post","link":"https:\/\/www.visit-ulcinj.com\/blog\/2014\/07\/31\/prej-neser-ne-ulqin-temperaturat-e-larta\/","title":{"rendered":"Prej nes\u00ebr n\u00eb Ulqin temperaturat e larta"},"content":{"rendered":"<p><a href=\"http:\/\/www.visit-ulcinj.com\/blog\/wp-content\/uploads\/2014\/07\/neser-teperatura-e-lart-ne-Ulqin.jpg\"><img loading=\"lazy\" class=\"alignleft wp-image-84422\" src=\"http:\/\/www.visit-ulcinj.com\/blog\/wp-content\/uploads\/2014\/07\/neser-teperatura-e-lart-ne-Ulqin.jpg\" alt=\"neser teperatura e lart ne Ulqin\" width=\"508\" height=\"286\" srcset=\"https:\/\/www.visit-ulcinj.com\/blog\/wp-content\/uploads\/2014\/07\/neser-teperatura-e-lart-ne-Ulqin.jpg 640w, https:\/\/www.visit-ulcinj.com\/blog\/wp-content\/uploads\/2014\/07\/neser-teperatura-e-lart-ne-Ulqin-300x168.jpg 300w\" sizes=\"(max-width: 508px) 100vw, 508px\" \/><\/a>Sipas Institutit Meteorologjik t\u00eb Malit t\u00eb Zi, n\u00eb Ulqin p\u00ebr nes\u00ebr dhe dit\u00ebt n\u00eb vijim pritet t\u00eb mbaj\u00eb mot kryesisht me diell, kurse sot\u00eb do jet\u00eb mot me vran\u00ebsira t\u00eb cilat\u00a0 &#8211; n\u00eb jug dhe juglindje t\u00eb vendit &#8211; do t\u00eb shoq\u00ebrohen me riga t\u00eb izoluara t\u00eb shiut.<\/p>\n<p>Vlera minimale e temperatur\u00ebs do t\u00eb luhatet nga 25-29 grad\u00eb, nd\u00ebrsa maksimalja e dit\u00ebs pritet t\u00eb arrij\u00eb n\u00eb 30 grad\u00eb. Do t\u00eb fryj\u00eb er\u00eb nga veriu dhe veriper\u00ebndimi &#8211; e leht\u00eb dhe mesatare.<\/p>\n<p>Dit\u00ebt tjera t\u00eb jav\u00ebs priten t\u00eb jen\u00eb af\u00ebrsisht t\u00eb ngjashme, me temperatura t\u00eb cilat do t\u00eb luhaten nga 25-30 grad celsius.<\/p>\n<p>Sot n\u00eb Mal t\u00eb Zi mban  mot  kryesisht i vran\u00ebt. N\u00eb pjes\u00ebt veriore dhe qendrore vende vende me reshje t\u00eb dob\u00ebta t\u00eb shiut. Fryn\u00eb er\u00eb e dob\u00ebt deri mesatare nga drejtimet jugore dhe veriore. Temperaturat: Podgoric\u00eb 28, Tivar, H. Novi, Ulqin, Budv\u00eb e Tivat 27, Beran\u00eb 24, Cetin\u00eb e Plav\u00eb 23, Rozhaj\u00eb e B.Pole 22, Shavnik 21, Kolashin Plevle e Pluzhin\u00eb 20, Nikshiq 19 dhe n\u00eb Zhablak 18 grad\u00eb. P\u00ebr nes\u00ebr metereolog\u00ebt n\u00eb pjes\u00ebt veriore t\u00eb vendit paralajm\u00ebrojn\u00eb mot kryesisht t\u00eb vran\u00ebt dhe me reshje t\u00eb shiut dhe bubullin\u00eb,kurse n\u00eb pjes\u00ebn jugore dhe qendrore mot me vran\u00ebsira kalimtare dhe me intervale me diell. Do t\u00eb fryj\u00eb er\u00eb e dob\u00ebt deri mesatare e drejtimeve veriore. Temperatura e m\u00ebngjesit do t\u00eb sillet prej 11 deri n\u00eb 21 kurse m\u00eb e larta e dit\u00ebs prej 19 deri n\u00eb 30 gc.<\/p>\n","protected":false},"excerpt":{"rendered":"<p>Sipas Institutit Meteorologjik t\u00eb Malit t\u00eb Zi, n\u00eb Ulqin p\u00ebr nes\u00ebr dhe dit\u00ebt n\u00eb vijim pritet t\u00eb mbaj\u00eb mot kryesisht me diell, kurse sot\u00eb do jet\u00eb mot me vran\u00ebsira t\u00eb cilat\u00a0 &#8211; n\u00eb jug dhe juglindje t\u00eb vendit &#8211; do t\u00eb shoq\u00ebrohen me riga t\u00eb izoluara t\u00eb shiut. Vlera minimale e temperatur\u00ebs do t\u00eb luhatet [&hellip;]<\/p>\n","protected":false},"author":1,"featured_media":0,"comment_status":"closed","ping_status":"closed","sticky":false,"template":"","format":"standard","meta":{"spay_email":"","jetpack_publicize_message":"","jetpack_is_tweetstorm":false,"jetpack_publicize_feature_enabled":true},"categories":[1],"tags":[],"jetpack_publicize_connections":[],"yoast_head":"<!-- This site is optimized with the Yoast SEO plugin v19.1 - https:\/\/yoast.com\/wordpress\/plugins\/seo\/ -->\n<title>Prej nes\u00ebr n\u00eb Ulqin temperaturat e larta - Lajme nga Ulqini<\/title>\n<meta name=\"description\" content=\"Sipas Institutit Meteorologjik t\u00eb Malit t\u00eb Zi, n\u00eb Ulqin p\u00ebr nes\u00ebr dhe dit\u00ebt n\u00eb vijim pritet t\u00eb mbaj\u00eb mot kryesisht me diell, kurse sot\u00eb do jet\u00eb mot me\" \/>\n<meta name=\"robots\" content=\"index, follow, max-snippet:-1, max-image-preview:large, max-video-preview:-1\" \/>\n<link rel=\"canonical\" href=\"https:\/\/www.visit-ulcinj.com\/blog\/2014\/07\/31\/prej-neser-ne-ulqin-temperaturat-e-larta\/\" \/>\n<meta property=\"og:locale\" content=\"en_US\" \/>\n<meta property=\"og:type\" content=\"article\" \/>\n<meta property=\"og:title\" content=\"Prej nes\u00ebr n\u00eb Ulqin temperaturat e larta - Lajme nga Ulqini\" \/>\n<meta property=\"og:description\" content=\"Sipas Institutit Meteorologjik t\u00eb Malit t\u00eb Zi, n\u00eb Ulqin p\u00ebr nes\u00ebr dhe dit\u00ebt n\u00eb vijim pritet t\u00eb mbaj\u00eb mot kryesisht me diell, kurse sot\u00eb do jet\u00eb mot me\" \/>\n<meta property=\"og:url\" content=\"https:\/\/www.visit-ulcinj.com\/blog\/2014\/07\/31\/prej-neser-ne-ulqin-temperaturat-e-larta\/\" \/>\n<meta property=\"og:site_name\" content=\"Lajme nga Ulqini\" \/>\n<meta property=\"article:published_time\" content=\"2014-07-31T07:11:49+00:00\" \/>\n<meta property=\"article:modified_time\" content=\"2014-07-31T18:51:55+00:00\" \/>\n<meta property=\"og:image\" content=\"http:\/\/www.visit-ulcinj.com\/blog\/wp-content\/uploads\/2014\/07\/neser-teperatura-e-lart-ne-Ulqin.jpg\" \/>\n<meta name=\"twitter:label1\" content=\"Written by\" \/>\n\t<meta name=\"twitter:data1\" content=\"ulqini\" \/>\n\t<meta name=\"twitter:label2\" content=\"Est. reading time\" \/>\n\t<meta name=\"twitter:data2\" content=\"1 minute\" \/>\n<script type=\"application\/ld+json\" class=\"yoast-schema-graph\">{\"@context\":\"https:\/\/schema.org\",\"@graph\":[{\"@type\":\"WebSite\",\"@id\":\"https:\/\/www.visit-ulcinj.com\/blog\/#website\",\"url\":\"https:\/\/www.visit-ulcinj.com\/blog\/\",\"name\":\"Lajme nga Ulqini\",\"description\":\"Lajme,Vijesti,Ulqini,Ulqin,Crna Gora,Mali i Zi\",\"potentialAction\":[{\"@type\":\"SearchAction\",\"target\":{\"@type\":\"EntryPoint\",\"urlTemplate\":\"https:\/\/www.visit-ulcinj.com\/blog\/?s={search_term_string}\"},\"query-input\":\"required name=search_term_string\"}],\"inLanguage\":\"en-US\"},{\"@type\":\"ImageObject\",\"inLanguage\":\"en-US\",\"@id\":\"https:\/\/www.visit-ulcinj.com\/blog\/2014\/07\/31\/prej-neser-ne-ulqin-temperaturat-e-larta\/#primaryimage\",\"url\":\"https:\/\/www.visit-ulcinj.com\/blog\/wp-content\/uploads\/2014\/07\/neser-teperatura-e-lart-ne-Ulqin.jpg\",\"contentUrl\":\"https:\/\/www.visit-ulcinj.com\/blog\/wp-content\/uploads\/2014\/07\/neser-teperatura-e-lart-ne-Ulqin.jpg\",\"width\":640,\"height\":360},{\"@type\":\"WebPage\",\"@id\":\"https:\/\/www.visit-ulcinj.com\/blog\/2014\/07\/31\/prej-neser-ne-ulqin-temperaturat-e-larta\/#webpage\",\"url\":\"https:\/\/www.visit-ulcinj.com\/blog\/2014\/07\/31\/prej-neser-ne-ulqin-temperaturat-e-larta\/\",\"name\":\"Prej nes\u00ebr n\u00eb Ulqin temperaturat e larta - Lajme nga Ulqini\",\"isPartOf\":{\"@id\":\"https:\/\/www.visit-ulcinj.com\/blog\/#website\"},\"primaryImageOfPage\":{\"@id\":\"https:\/\/www.visit-ulcinj.com\/blog\/2014\/07\/31\/prej-neser-ne-ulqin-temperaturat-e-larta\/#primaryimage\"},\"datePublished\":\"2014-07-31T07:11:49+00:00\",\"dateModified\":\"2014-07-31T18:51:55+00:00\",\"author\":{\"@id\":\"https:\/\/www.visit-ulcinj.com\/blog\/#\/schema\/person\/dcab619c614d3038751c63bc2aadc06d\"},\"description\":\"Sipas Institutit Meteorologjik t\u00eb Malit t\u00eb Zi, n\u00eb Ulqin p\u00ebr nes\u00ebr dhe dit\u00ebt n\u00eb vijim pritet t\u00eb mbaj\u00eb mot kryesisht me diell, kurse sot\u00eb do jet\u00eb mot me\",\"breadcrumb\":{\"@id\":\"https:\/\/www.visit-ulcinj.com\/blog\/2014\/07\/31\/prej-neser-ne-ulqin-temperaturat-e-larta\/#breadcrumb\"},\"inLanguage\":\"en-US\",\"potentialAction\":[{\"@type\":\"ReadAction\",\"target\":[\"https:\/\/www.visit-ulcinj.com\/blog\/2014\/07\/31\/prej-neser-ne-ulqin-temperaturat-e-larta\/\"]}]},{\"@type\":\"BreadcrumbList\",\"@id\":\"https:\/\/www.visit-ulcinj.com\/blog\/2014\/07\/31\/prej-neser-ne-ulqin-temperaturat-e-larta\/#breadcrumb\",\"itemListElement\":[{\"@type\":\"ListItem\",\"position\":1,\"name\":\"Prej nes\u00ebr n\u00eb Ulqin temperaturat e larta\"}]},{\"@type\":\"Person\",\"@id\":\"https:\/\/www.visit-ulcinj.com\/blog\/#\/schema\/person\/dcab619c614d3038751c63bc2aadc06d\",\"name\":\"ulqini\",\"sameAs\":[\"http:\/\/www.visit-ulcinj.com\"],\"url\":\"https:\/\/www.visit-ulcinj.com\/blog\/author\/admin\/\"}]}<\/script>\n<!-- \/ Yoast SEO plugin. -->","yoast_head_json":{"title":"Prej nes\u00ebr n\u00eb Ulqin temperaturat e larta - Lajme nga Ulqini","description":"Sipas Institutit Meteorologjik t\u00eb Malit t\u00eb Zi, n\u00eb Ulqin p\u00ebr nes\u00ebr dhe dit\u00ebt n\u00eb vijim pritet t\u00eb mbaj\u00eb mot kryesisht me diell, kurse sot\u00eb do jet\u00eb mot me","robots":{"index":"index","follow":"follow","max-snippet":"max-snippet:-1","max-image-preview":"max-image-preview:large","max-video-preview":"max-video-preview:-1"},"canonical":"https:\/\/www.visit-ulcinj.com\/blog\/2014\/07\/31\/prej-neser-ne-ulqin-temperaturat-e-larta\/","og_locale":"en_US","og_type":"article","og_title":"Prej nes\u00ebr n\u00eb Ulqin temperaturat e larta - Lajme nga Ulqini","og_description":"Sipas Institutit Meteorologjik t\u00eb Malit t\u00eb Zi, n\u00eb Ulqin p\u00ebr nes\u00ebr dhe dit\u00ebt n\u00eb vijim pritet t\u00eb mbaj\u00eb mot kryesisht me diell, kurse sot\u00eb do jet\u00eb mot me","og_url":"https:\/\/www.visit-ulcinj.com\/blog\/2014\/07\/31\/prej-neser-ne-ulqin-temperaturat-e-larta\/","og_site_name":"Lajme nga Ulqini","article_published_time":"2014-07-31T07:11:49+00:00","article_modified_time":"2014-07-31T18:51:55+00:00","og_image":[{"url":"http:\/\/www.visit-ulcinj.com\/blog\/wp-content\/uploads\/2014\/07\/neser-teperatura-e-lart-ne-Ulqin.jpg"}],"twitter_misc":{"Written by":"ulqini","Est. reading time":"1 minute"},"schema":{"@context":"https:\/\/schema.org","@graph":[{"@type":"WebSite","@id":"https:\/\/www.visit-ulcinj.com\/blog\/#website","url":"https:\/\/www.visit-ulcinj.com\/blog\/","name":"Lajme nga Ulqini","description":"Lajme,Vijesti,Ulqini,Ulqin,Crna Gora,Mali i Zi","potentialAction":[{"@type":"SearchAction","target":{"@type":"EntryPoint","urlTemplate":"https:\/\/www.visit-ulcinj.com\/blog\/?s={search_term_string}"},"query-input":"required name=search_term_string"}],"inLanguage":"en-US"},{"@type":"ImageObject","inLanguage":"en-US","@id":"https:\/\/www.visit-ulcinj.com\/blog\/2014\/07\/31\/prej-neser-ne-ulqin-temperaturat-e-larta\/#primaryimage","url":"https:\/\/www.visit-ulcinj.com\/blog\/wp-content\/uploads\/2014\/07\/neser-teperatura-e-lart-ne-Ulqin.jpg","contentUrl":"https:\/\/www.visit-ulcinj.com\/blog\/wp-content\/uploads\/2014\/07\/neser-teperatura-e-lart-ne-Ulqin.jpg","width":640,"height":360},{"@type":"WebPage","@id":"https:\/\/www.visit-ulcinj.com\/blog\/2014\/07\/31\/prej-neser-ne-ulqin-temperaturat-e-larta\/#webpage","url":"https:\/\/www.visit-ulcinj.com\/blog\/2014\/07\/31\/prej-neser-ne-ulqin-temperaturat-e-larta\/","name":"Prej nes\u00ebr n\u00eb Ulqin temperaturat e larta - Lajme nga Ulqini","isPartOf":{"@id":"https:\/\/www.visit-ulcinj.com\/blog\/#website"},"primaryImageOfPage":{"@id":"https:\/\/www.visit-ulcinj.com\/blog\/2014\/07\/31\/prej-neser-ne-ulqin-temperaturat-e-larta\/#primaryimage"},"datePublished":"2014-07-31T07:11:49+00:00","dateModified":"2014-07-31T18:51:55+00:00","author":{"@id":"https:\/\/www.visit-ulcinj.com\/blog\/#\/schema\/person\/dcab619c614d3038751c63bc2aadc06d"},"description":"Sipas Institutit Meteorologjik t\u00eb Malit t\u00eb Zi, n\u00eb Ulqin p\u00ebr nes\u00ebr dhe dit\u00ebt n\u00eb vijim pritet t\u00eb mbaj\u00eb mot kryesisht me diell, kurse sot\u00eb do jet\u00eb mot me","breadcrumb":{"@id":"https:\/\/www.visit-ulcinj.com\/blog\/2014\/07\/31\/prej-neser-ne-ulqin-temperaturat-e-larta\/#breadcrumb"},"inLanguage":"en-US","potentialAction":[{"@type":"ReadAction","target":["https:\/\/www.visit-ulcinj.com\/blog\/2014\/07\/31\/prej-neser-ne-ulqin-temperaturat-e-larta\/"]}]},{"@type":"BreadcrumbList","@id":"https:\/\/www.visit-ulcinj.com\/blog\/2014\/07\/31\/prej-neser-ne-ulqin-temperaturat-e-larta\/#breadcrumb","itemListElement":[{"@type":"ListItem","position":1,"name":"Prej nes\u00ebr n\u00eb Ulqin temperaturat e larta"}]},{"@type":"Person","@id":"https:\/\/www.visit-ulcinj.com\/blog\/#\/schema\/person\/dcab619c614d3038751c63bc2aadc06d","name":"ulqini","sameAs":["http:\/\/www.visit-ulcinj.com"],"url":"https:\/\/www.visit-ulcinj.com\/blog\/author\/admin\/"}]}},"jetpack_featured_media_url":"","jetpack_sharing_enabled":true,"jetpack_shortlink":"https:\/\/wp.me\/pe6lTn-lXD","_links":{"self":[{"href":"https:\/\/www.visit-ulcinj.com\/blog\/wp-json\/wp\/v2\/posts\/84421"}],"collection":[{"href":"https:\/\/www.visit-ulcinj.com\/blog\/wp-json\/wp\/v2\/posts"}],"about":[{"href":"https:\/\/www.visit-ulcinj.com\/blog\/wp-json\/wp\/v2\/types\/post"}],"author":[{"embeddable":true,"href":"https:\/\/www.visit-ulcinj.com\/blog\/wp-json\/wp\/v2\/users\/1"}],"replies":[{"embeddable":true,"href":"https:\/\/www.visit-ulcinj.com\/blog\/wp-json\/wp\/v2\/comments?post=84421"}],"version-history":[{"count":2,"href":"https:\/\/www.visit-ulcinj.com\/blog\/wp-json\/wp\/v2\/posts\/84421\/revisions"}],"predecessor-version":[{"id":84450,"href":"https:\/\/www.visit-ulcinj.com\/blog\/wp-json\/wp\/v2\/posts\/84421\/revisions\/84450"}],"wp:attachment":[{"href":"https:\/\/www.visit-ulcinj.com\/blog\/wp-json\/wp\/v2\/media?parent=84421"}],"wp:term":[{"taxonomy":"category","embeddable":true,"href":"https:\/\/www.visit-ulcinj.com\/blog\/wp-json\/wp\/v2\/categories?post=84421"},{"taxonomy":"post_tag","embeddable":true,"href":"https:\/\/www.visit-ulcinj.com\/blog\/wp-json\/wp\/v2\/tags?post=84421"}],"curies":[{"name":"wp","href":"https:\/\/api.w.org\/{rel}","templated":true}]}}