{"id":84424,"date":"2014-07-31T09:14:54","date_gmt":"2014-07-31T08:14:54","guid":{"rendered":"http:\/\/www.visit-ulcinj.com\/blog\/?p=84424"},"modified":"2014-07-31T09:14:54","modified_gmt":"2014-07-31T08:14:54","slug":"procedurat-ne-kufi-krijojne-radhe-te-gjata","status":"publish","type":"post","link":"https:\/\/www.visit-ulcinj.com\/blog\/2014\/07\/31\/procedurat-ne-kufi-krijojne-radhe-te-gjata\/","title":{"rendered":"Procedurat n\u00eb kufi krijojn\u00eb radh\u00eb t\u00eb gjata"},"content":{"rendered":"<p><strong><a href=\"http:\/\/www.visit-ulcinj.com\/blog\/wp-content\/uploads\/2014\/07\/Procedurat-Kufi-Sukubin-Muriqan.jpg\"><img loading=\"lazy\" class=\"alignleft wp-image-84425\" src=\"http:\/\/www.visit-ulcinj.com\/blog\/wp-content\/uploads\/2014\/07\/Procedurat-Kufi-Sukubin-Muriqan.jpg\" alt=\"Procedurat-Kufi-Sukubin-Muriqan\" width=\"508\" height=\"276\" srcset=\"https:\/\/www.visit-ulcinj.com\/blog\/wp-content\/uploads\/2014\/07\/Procedurat-Kufi-Sukubin-Muriqan.jpg 645w, https:\/\/www.visit-ulcinj.com\/blog\/wp-content\/uploads\/2014\/07\/Procedurat-Kufi-Sukubin-Muriqan-300x162.jpg 300w\" sizes=\"(max-width: 508px) 100vw, 508px\" \/><\/a>Dit\u00ebt e para pas fest\u00ebs s\u00eb Fiter-Bajramit, kan\u00eb regjistruar num\u00ebr rekord t\u00eb shtetasve nga Kosova q\u00eb u jan\u00eb drejtuar plazheve t\u00eb Shqip\u00ebris\u00eb dhe t\u00eb Ulqinit, shkruan sot Koha Ditore. Vet\u00ebm gjat\u00eb dy or\u00ebve t\u00eb para t\u00eb m\u00ebngjesit t\u00eb dit\u00ebs s\u00eb m\u00ebrkur\u00eb kan\u00eb hyr\u00eb n\u00eb Shqip\u00ebri 7 mij\u00eb persona dhe mbi 3 mij\u00eb mjete.<\/strong><\/p>\n<div>\n<p>Nd\u00ebrkoh\u00eb q\u00eb dita e par\u00eb pas fest\u00ebs s\u00eb Fiter Bajramit, shum\u00eb pushues i ka gjetur n\u00eb breg t\u00eb detit. Durr\u00ebsi mbetet destinacioni i preferuar p\u00ebr pushuesit nga Kosova dhe Maqedonia, por edhe bregdeti i Jugut t\u00eb Shqip\u00ebris\u00eb dhe ai i Sh\u00ebngjinit e i Velipoj\u00ebs.<\/p>\n<p>Ata shprehen t\u00eb k\u00ebnaqur me kushtet e gjetura n\u00eb plazh, por dhe \u00e7mimet q\u00eb sipas tyre nuk kan\u00eb p\u00ebsuar rritje.<br \/>\nP\u00ebrgjat\u00eb zon\u00ebs s\u00eb plazhit n\u00eb Durr\u00ebs, dhomat me qira n\u00eb sht\u00ebpit\u00eb private q\u00eb prenotohen nga pushues nga Maqedonia dhe nga Kosova jan\u00eb 10 euro nata, nd\u00ebrsa hotelet buz\u00eb detit aplikojn\u00eb \u00e7mime q\u00eb shkojn\u00eb nga 15 deri 40 euro p\u00ebr nj\u00eb nat\u00eb. Por, problem vazhdon t\u00eb mbeten radh\u00eb t\u00eb gjata n\u00eb pik\u00ebkalimin kufitar Vermic\u00eb-Morin, kryesori q\u00eb lidh Kosov\u00ebn me Shqip\u00ebrin\u00eb.<\/p>\n<p>Qytetar\u00eb nga Kosova ankohen deri n\u00eb maltretim nga policia kufitare e Shqip\u00ebris\u00eb p\u00ebr sa i p\u00ebrket pritjes n\u00eb radh\u00eb, nd\u00ebrkoh\u00eb q\u00eb ka disa prej tyre q\u00eb thon\u00eb se vijn\u00eb n\u00eb Shqip\u00ebri vet\u00ebm se nuk mund t\u00eb udh\u00ebtojn\u00eb pa viza n\u00eb vende t\u00eb tjera. (Artikullin e plot\u00eb mund ta lexoni n\u00eb numrin e sot\u00ebm t\u00eb Koh\u00ebs Ditore).<\/p>\n<p><strong> KOHA.net <\/strong><\/p>\n<\/div>\n","protected":false},"excerpt":{"rendered":"<p>Dit\u00ebt e para pas fest\u00ebs s\u00eb Fiter-Bajramit, kan\u00eb regjistruar num\u00ebr rekord t\u00eb shtetasve nga Kosova q\u00eb u jan\u00eb drejtuar plazheve t\u00eb Shqip\u00ebris\u00eb dhe t\u00eb Ulqinit, shkruan sot Koha Ditore. Vet\u00ebm gjat\u00eb dy or\u00ebve t\u00eb para t\u00eb m\u00ebngjesit t\u00eb dit\u00ebs s\u00eb m\u00ebrkur\u00eb kan\u00eb hyr\u00eb n\u00eb Shqip\u00ebri 7 mij\u00eb persona dhe mbi 3 mij\u00eb mjete. Nd\u00ebrkoh\u00eb q\u00eb [&hellip;]<\/p>\n","protected":false},"author":1,"featured_media":0,"comment_status":"closed","ping_status":"closed","sticky":false,"template":"","format":"standard","meta":{"spay_email":"","jetpack_publicize_message":"","jetpack_is_tweetstorm":false,"jetpack_publicize_feature_enabled":true},"categories":[14],"tags":[],"jetpack_publicize_connections":[],"yoast_head":"<!-- This site is optimized with the Yoast SEO plugin v19.1 - https:\/\/yoast.com\/wordpress\/plugins\/seo\/ -->\n<title>Procedurat n\u00eb kufi krijojn\u00eb radh\u00eb t\u00eb gjata - Lajme nga Ulqini<\/title>\n<meta name=\"description\" content=\"Dit\u00ebt e para pas fest\u00ebs s\u00eb Fiter-Bajramit, kan\u00eb regjistruar num\u00ebr rekord t\u00eb shtetasve nga Kosova q\u00eb u jan\u00eb drejtuar plazheve t\u00eb Shqip\u00ebris\u00eb dhe t\u00eb Ulqinit,\" \/>\n<meta name=\"robots\" content=\"index, follow, max-snippet:-1, max-image-preview:large, max-video-preview:-1\" \/>\n<link rel=\"canonical\" href=\"https:\/\/www.visit-ulcinj.com\/blog\/2014\/07\/31\/procedurat-ne-kufi-krijojne-radhe-te-gjata\/\" \/>\n<meta property=\"og:locale\" content=\"en_US\" \/>\n<meta property=\"og:type\" content=\"article\" \/>\n<meta property=\"og:title\" content=\"Procedurat n\u00eb kufi krijojn\u00eb radh\u00eb t\u00eb gjata - Lajme nga Ulqini\" \/>\n<meta property=\"og:description\" content=\"Dit\u00ebt e para pas fest\u00ebs s\u00eb Fiter-Bajramit, kan\u00eb regjistruar num\u00ebr rekord t\u00eb shtetasve nga Kosova q\u00eb u jan\u00eb drejtuar plazheve t\u00eb Shqip\u00ebris\u00eb dhe t\u00eb Ulqinit,\" \/>\n<meta property=\"og:url\" content=\"https:\/\/www.visit-ulcinj.com\/blog\/2014\/07\/31\/procedurat-ne-kufi-krijojne-radhe-te-gjata\/\" \/>\n<meta property=\"og:site_name\" content=\"Lajme nga Ulqini\" \/>\n<meta property=\"article:published_time\" content=\"2014-07-31T08:14:54+00:00\" \/>\n<meta property=\"og:image\" content=\"http:\/\/www.visit-ulcinj.com\/blog\/wp-content\/uploads\/2014\/07\/Procedurat-Kufi-Sukubin-Muriqan.jpg\" \/>\n<meta name=\"twitter:label1\" content=\"Written by\" \/>\n\t<meta name=\"twitter:data1\" content=\"ulqini\" \/>\n\t<meta name=\"twitter:label2\" content=\"Est. reading time\" \/>\n\t<meta name=\"twitter:data2\" content=\"1 minute\" \/>\n<script type=\"application\/ld+json\" class=\"yoast-schema-graph\">{\"@context\":\"https:\/\/schema.org\",\"@graph\":[{\"@type\":\"WebSite\",\"@id\":\"https:\/\/www.visit-ulcinj.com\/blog\/#website\",\"url\":\"https:\/\/www.visit-ulcinj.com\/blog\/\",\"name\":\"Lajme nga Ulqini\",\"description\":\"Lajme,Vijesti,Ulqini,Ulqin,Crna Gora,Mali i Zi\",\"potentialAction\":[{\"@type\":\"SearchAction\",\"target\":{\"@type\":\"EntryPoint\",\"urlTemplate\":\"https:\/\/www.visit-ulcinj.com\/blog\/?s={search_term_string}\"},\"query-input\":\"required name=search_term_string\"}],\"inLanguage\":\"en-US\"},{\"@type\":\"ImageObject\",\"inLanguage\":\"en-US\",\"@id\":\"https:\/\/www.visit-ulcinj.com\/blog\/2014\/07\/31\/procedurat-ne-kufi-krijojne-radhe-te-gjata\/#primaryimage\",\"url\":\"https:\/\/www.visit-ulcinj.com\/blog\/wp-content\/uploads\/2014\/07\/Procedurat-Kufi-Sukubin-Muriqan.jpg\",\"contentUrl\":\"https:\/\/www.visit-ulcinj.com\/blog\/wp-content\/uploads\/2014\/07\/Procedurat-Kufi-Sukubin-Muriqan.jpg\",\"width\":645,\"height\":350},{\"@type\":\"WebPage\",\"@id\":\"https:\/\/www.visit-ulcinj.com\/blog\/2014\/07\/31\/procedurat-ne-kufi-krijojne-radhe-te-gjata\/#webpage\",\"url\":\"https:\/\/www.visit-ulcinj.com\/blog\/2014\/07\/31\/procedurat-ne-kufi-krijojne-radhe-te-gjata\/\",\"name\":\"Procedurat n\u00eb kufi krijojn\u00eb radh\u00eb t\u00eb gjata - Lajme nga Ulqini\",\"isPartOf\":{\"@id\":\"https:\/\/www.visit-ulcinj.com\/blog\/#website\"},\"primaryImageOfPage\":{\"@id\":\"https:\/\/www.visit-ulcinj.com\/blog\/2014\/07\/31\/procedurat-ne-kufi-krijojne-radhe-te-gjata\/#primaryimage\"},\"datePublished\":\"2014-07-31T08:14:54+00:00\",\"dateModified\":\"2014-07-31T08:14:54+00:00\",\"author\":{\"@id\":\"https:\/\/www.visit-ulcinj.com\/blog\/#\/schema\/person\/dcab619c614d3038751c63bc2aadc06d\"},\"description\":\"Dit\u00ebt e para pas fest\u00ebs s\u00eb Fiter-Bajramit, kan\u00eb regjistruar num\u00ebr rekord t\u00eb shtetasve nga Kosova q\u00eb u jan\u00eb drejtuar plazheve t\u00eb Shqip\u00ebris\u00eb dhe t\u00eb Ulqinit,\",\"breadcrumb\":{\"@id\":\"https:\/\/www.visit-ulcinj.com\/blog\/2014\/07\/31\/procedurat-ne-kufi-krijojne-radhe-te-gjata\/#breadcrumb\"},\"inLanguage\":\"en-US\",\"potentialAction\":[{\"@type\":\"ReadAction\",\"target\":[\"https:\/\/www.visit-ulcinj.com\/blog\/2014\/07\/31\/procedurat-ne-kufi-krijojne-radhe-te-gjata\/\"]}]},{\"@type\":\"BreadcrumbList\",\"@id\":\"https:\/\/www.visit-ulcinj.com\/blog\/2014\/07\/31\/procedurat-ne-kufi-krijojne-radhe-te-gjata\/#breadcrumb\",\"itemListElement\":[{\"@type\":\"ListItem\",\"position\":1,\"name\":\"Procedurat n\u00eb kufi krijojn\u00eb radh\u00eb t\u00eb gjata\"}]},{\"@type\":\"Person\",\"@id\":\"https:\/\/www.visit-ulcinj.com\/blog\/#\/schema\/person\/dcab619c614d3038751c63bc2aadc06d\",\"name\":\"ulqini\",\"sameAs\":[\"http:\/\/www.visit-ulcinj.com\"],\"url\":\"https:\/\/www.visit-ulcinj.com\/blog\/author\/admin\/\"}]}<\/script>\n<!-- \/ Yoast SEO plugin. -->","yoast_head_json":{"title":"Procedurat n\u00eb kufi krijojn\u00eb radh\u00eb t\u00eb gjata - Lajme nga Ulqini","description":"Dit\u00ebt e para pas fest\u00ebs s\u00eb Fiter-Bajramit, kan\u00eb regjistruar num\u00ebr rekord t\u00eb shtetasve nga Kosova q\u00eb u jan\u00eb drejtuar plazheve t\u00eb Shqip\u00ebris\u00eb dhe t\u00eb Ulqinit,","robots":{"index":"index","follow":"follow","max-snippet":"max-snippet:-1","max-image-preview":"max-image-preview:large","max-video-preview":"max-video-preview:-1"},"canonical":"https:\/\/www.visit-ulcinj.com\/blog\/2014\/07\/31\/procedurat-ne-kufi-krijojne-radhe-te-gjata\/","og_locale":"en_US","og_type":"article","og_title":"Procedurat n\u00eb kufi krijojn\u00eb radh\u00eb t\u00eb gjata - Lajme nga Ulqini","og_description":"Dit\u00ebt e para pas fest\u00ebs s\u00eb Fiter-Bajramit, kan\u00eb regjistruar num\u00ebr rekord t\u00eb shtetasve nga Kosova q\u00eb u jan\u00eb drejtuar plazheve t\u00eb Shqip\u00ebris\u00eb dhe t\u00eb Ulqinit,","og_url":"https:\/\/www.visit-ulcinj.com\/blog\/2014\/07\/31\/procedurat-ne-kufi-krijojne-radhe-te-gjata\/","og_site_name":"Lajme nga Ulqini","article_published_time":"2014-07-31T08:14:54+00:00","og_image":[{"url":"http:\/\/www.visit-ulcinj.com\/blog\/wp-content\/uploads\/2014\/07\/Procedurat-Kufi-Sukubin-Muriqan.jpg"}],"twitter_misc":{"Written by":"ulqini","Est. reading time":"1 minute"},"schema":{"@context":"https:\/\/schema.org","@graph":[{"@type":"WebSite","@id":"https:\/\/www.visit-ulcinj.com\/blog\/#website","url":"https:\/\/www.visit-ulcinj.com\/blog\/","name":"Lajme nga Ulqini","description":"Lajme,Vijesti,Ulqini,Ulqin,Crna Gora,Mali i Zi","potentialAction":[{"@type":"SearchAction","target":{"@type":"EntryPoint","urlTemplate":"https:\/\/www.visit-ulcinj.com\/blog\/?s={search_term_string}"},"query-input":"required name=search_term_string"}],"inLanguage":"en-US"},{"@type":"ImageObject","inLanguage":"en-US","@id":"https:\/\/www.visit-ulcinj.com\/blog\/2014\/07\/31\/procedurat-ne-kufi-krijojne-radhe-te-gjata\/#primaryimage","url":"https:\/\/www.visit-ulcinj.com\/blog\/wp-content\/uploads\/2014\/07\/Procedurat-Kufi-Sukubin-Muriqan.jpg","contentUrl":"https:\/\/www.visit-ulcinj.com\/blog\/wp-content\/uploads\/2014\/07\/Procedurat-Kufi-Sukubin-Muriqan.jpg","width":645,"height":350},{"@type":"WebPage","@id":"https:\/\/www.visit-ulcinj.com\/blog\/2014\/07\/31\/procedurat-ne-kufi-krijojne-radhe-te-gjata\/#webpage","url":"https:\/\/www.visit-ulcinj.com\/blog\/2014\/07\/31\/procedurat-ne-kufi-krijojne-radhe-te-gjata\/","name":"Procedurat n\u00eb kufi krijojn\u00eb radh\u00eb t\u00eb gjata - Lajme nga Ulqini","isPartOf":{"@id":"https:\/\/www.visit-ulcinj.com\/blog\/#website"},"primaryImageOfPage":{"@id":"https:\/\/www.visit-ulcinj.com\/blog\/2014\/07\/31\/procedurat-ne-kufi-krijojne-radhe-te-gjata\/#primaryimage"},"datePublished":"2014-07-31T08:14:54+00:00","dateModified":"2014-07-31T08:14:54+00:00","author":{"@id":"https:\/\/www.visit-ulcinj.com\/blog\/#\/schema\/person\/dcab619c614d3038751c63bc2aadc06d"},"description":"Dit\u00ebt e para pas fest\u00ebs s\u00eb Fiter-Bajramit, kan\u00eb regjistruar num\u00ebr rekord t\u00eb shtetasve nga Kosova q\u00eb u jan\u00eb drejtuar plazheve t\u00eb Shqip\u00ebris\u00eb dhe t\u00eb Ulqinit,","breadcrumb":{"@id":"https:\/\/www.visit-ulcinj.com\/blog\/2014\/07\/31\/procedurat-ne-kufi-krijojne-radhe-te-gjata\/#breadcrumb"},"inLanguage":"en-US","potentialAction":[{"@type":"ReadAction","target":["https:\/\/www.visit-ulcinj.com\/blog\/2014\/07\/31\/procedurat-ne-kufi-krijojne-radhe-te-gjata\/"]}]},{"@type":"BreadcrumbList","@id":"https:\/\/www.visit-ulcinj.com\/blog\/2014\/07\/31\/procedurat-ne-kufi-krijojne-radhe-te-gjata\/#breadcrumb","itemListElement":[{"@type":"ListItem","position":1,"name":"Procedurat n\u00eb kufi krijojn\u00eb radh\u00eb t\u00eb gjata"}]},{"@type":"Person","@id":"https:\/\/www.visit-ulcinj.com\/blog\/#\/schema\/person\/dcab619c614d3038751c63bc2aadc06d","name":"ulqini","sameAs":["http:\/\/www.visit-ulcinj.com"],"url":"https:\/\/www.visit-ulcinj.com\/blog\/author\/admin\/"}]}},"jetpack_featured_media_url":"","jetpack_sharing_enabled":true,"jetpack_shortlink":"https:\/\/wp.me\/pe6lTn-lXG","_links":{"self":[{"href":"https:\/\/www.visit-ulcinj.com\/blog\/wp-json\/wp\/v2\/posts\/84424"}],"collection":[{"href":"https:\/\/www.visit-ulcinj.com\/blog\/wp-json\/wp\/v2\/posts"}],"about":[{"href":"https:\/\/www.visit-ulcinj.com\/blog\/wp-json\/wp\/v2\/types\/post"}],"author":[{"embeddable":true,"href":"https:\/\/www.visit-ulcinj.com\/blog\/wp-json\/wp\/v2\/users\/1"}],"replies":[{"embeddable":true,"href":"https:\/\/www.visit-ulcinj.com\/blog\/wp-json\/wp\/v2\/comments?post=84424"}],"version-history":[{"count":1,"href":"https:\/\/www.visit-ulcinj.com\/blog\/wp-json\/wp\/v2\/posts\/84424\/revisions"}],"predecessor-version":[{"id":84426,"href":"https:\/\/www.visit-ulcinj.com\/blog\/wp-json\/wp\/v2\/posts\/84424\/revisions\/84426"}],"wp:attachment":[{"href":"https:\/\/www.visit-ulcinj.com\/blog\/wp-json\/wp\/v2\/media?parent=84424"}],"wp:term":[{"taxonomy":"category","embeddable":true,"href":"https:\/\/www.visit-ulcinj.com\/blog\/wp-json\/wp\/v2\/categories?post=84424"},{"taxonomy":"post_tag","embeddable":true,"href":"https:\/\/www.visit-ulcinj.com\/blog\/wp-json\/wp\/v2\/tags?post=84424"}],"curies":[{"name":"wp","href":"https:\/\/api.w.org\/{rel}","templated":true}]}}