{"id":84432,"date":"2014-07-31T11:55:41","date_gmt":"2014-07-31T10:55:41","guid":{"rendered":"http:\/\/www.visit-ulcinj.com\/blog\/?p=84432"},"modified":"2014-07-31T11:55:41","modified_gmt":"2014-07-31T10:55:41","slug":"nika-ngjarjet-dhe-skandalet-e-korrikut-2014","status":"publish","type":"post","link":"https:\/\/www.visit-ulcinj.com\/blog\/2014\/07\/31\/nika-ngjarjet-dhe-skandalet-e-korrikut-2014\/","title":{"rendered":"Nika: Ngjarjet dhe skandalet e korrikut 2014"},"content":{"rendered":"<p><strong><a href=\"http:\/\/www.visit-ulcinj.com\/blog\/wp-content\/uploads\/2009\/06\/muhamet-nika_ulqin.jpg\"><img loading=\"lazy\" class=\"alignleft wp-image-22312 size-full\" src=\"http:\/\/www.visit-ulcinj.com\/blog\/wp-content\/uploads\/2009\/06\/muhamet-nika_ulqin.jpg\" alt=\"MUHAMET NIKA _KRYETARI I KUVENDIT T\u00cb KOMUNES SE ULQINIT\" width=\"290\" height=\"218\" \/><\/a>Shkruan : Muhamet Nika<\/strong><\/p>\n<p>Numri i ngjarjeve dhe skandaleve t\u00eb d\u00ebgjuara n\u00eb politik\u00ebn Ulqinake \u00ebsht\u00eb tep\u00ebr i gjer\u00eb, kuptohet gjithnj\u00eb sipas nesh, por nga kjo list\u00eb po ve\u00e7ojm\u00eb disa:<\/p>\n<p><strong><em>I.Vendimi i ish \u2013kryetarit t\u00eb KNSH-s\u00eb, Z. Tahir Tahiri, q\u00eb rrug\u00ebs Sukubin\u00eb -Ulqin, t\u2019i vihet emri i kryetarit t\u00eb par\u00eb t\u00eb Lidhjes Demokratike , z. Mehmet Bardhi<\/em><\/strong> <strong><em>?!!<\/em><\/strong> Ky lajm ishte i postuar n\u00eb faqen personale kurse ata q\u00eb e shp\u00ebrndan\u00eb n\u00eb rrjetin e gjer\u00eb social si duket i shkelen deri diku \u201ckufijt\u00eb e liris\u00eb s\u00eb vet\u00eb\u201d t\u00eb shkrimit.<\/p>\n<p>Thuhet, se nj\u00eb intelektual nga Ulqini, kur e d\u00ebgjoi propozimin, u deklarua q\u00eb edhe ai vet\u00eb , nuk do t\u00eb kishte kund\u00ebr&#8230;, me kusht q\u00eb me k\u00ebt\u00eb em\u00ebr t\u00eb quhej e gjith\u00eb rruga- nga Sukubina deri n\u00eb Cetin\u00eb&#8230;?!!!<\/p>\n<p><strong><em>II.Vendimi ministris\u00eb s\u00eb financave q\u00eb ti vej\u00eb kapak l\u00ebnd\u00ebs \u201cPartizanski put\u201d.<\/em><\/strong><\/p>\n<p>Sipas gjitha gjasave , kjo ministri, ka vendosur t\u00eb p\u00ebrkrah ankes\u00ebn e organizat\u00ebs sindikaliste t\u00eb KK Ulqin, duke i dh\u00ebn\u00eb asaj mund\u00ebsin\u00eb e vjeljes s\u00eb nj\u00eb kredie tep\u00ebr t\u00eb but\u00eb financiare prej 600mij\u00eb eurove . N\u00ebse kjo b\u00ebhet realitet, at\u00ebher\u00eb t\u00eb pun\u00ebsuarit e komun\u00ebs do t\u00eb shlyenin 4 pagat e veta mujore. Vlera e k\u00ebsaj kredie, dihet se p\u00ebrputhet me shum\u00ebn q\u00eb banka i kish marr\u00eb komun\u00ebs duke i bllokuar asaj llogarin\u00eb rrjedh\u00ebse p\u00ebr disa jav\u00eb. Kjo b\u00ebhej n\u00eb em\u00ebr t\u00eb nj\u00eb borxhi , q\u00eb \u201cgjoja komuna e<\/p>\n<p>Ulqinit e trash\u00ebgonte\u201dndaj ish nd\u00ebrmarrjes komuniste \u201cPartizanski put \u201cnga Serbia?!<\/p>\n<p>Shtojm\u00eb q\u00eb n\u00eb em\u00ebr t\u00eb k\u00ebtij skandali dikur ishte paditur edhe vet\u00eb shteti iMalt t\u00eb Zi, por se si u t\u00ebrhoq nga padia, mbetet gjithnj\u00eb enigm\u00eb?!!<\/p>\n<p>Merret vesh se \u201cdrit\u00ebn e jeshile\u201d, p\u00ebr tu realizuar vendimi i dyshimt\u00eb i gjykat\u00ebs malazeze, e pat \u00a0nisur ish ministri i k\u00ebsaj ministrie- Ivanisheviq, q\u00eb \u00ebsht\u00eb i njohur p\u00ebr skandalin sex n\u00eb zyr\u00eb dhe q\u00eb m\u00eb pas p\u00ebr k\u00ebt\u00eb , u p\u00ebrjashtua nga posti duke ikur\u201dpa brek\u00eb dhe me presh n\u00eb dor\u00eb&#8230;\u201d?!!!<\/p>\n<p>Athua se edhe ne , si komun\u00eb , e p\u00ebsuam nga kusht\u00ebzimet q\u00eb i b\u00ebnin ish ministrit, prostitutat , mbase t\u00eb lidhur me fajdexhinjt\u00eb e gjykatave&#8230;, mir\u00ebpo e gjith\u00eb kjo mbetet t\u00eb d\u00ebshmohet? Kush e ka par\u00eb sken\u00ebn e filmuar t\u00eb seksit shum\u00eb t\u00eb p\u00ebrfolur, n\u00eb jutub\u00eb, v\u00ebren q\u00eb , prostituta, pas aktit i drejtohet ish -ministrit, me fjal\u00ebt se\u201dun\u00eb tashti t\u00eb kam n\u00eb dor\u00eb p\u00ebr \u00e7do gj\u00eb dhe leht\u00eb mund t\u00eb te komprometoj n\u00eb opinion&#8230;\u201d?!!!<\/p>\n<p>Se thon\u00eb kot, q\u00eb e la fjal\u00eb , Napoleoni, drit\u00eb past\u00eb, kur tha :sher she la fam( sebepi sherrit \u00ebsht\u00eb gruaja\u201d&#8230;?!!!<\/p>\n<p><strong><em> N\u00eb fund p\u00ebr skandalin, vet\u00ebm se duam t\u00eb pyesim: Athua q\u00eb dy n\u00ebnkryetar\u00ebt dhe t\u00eb tjer\u00ebt q\u00eb prit\u00ebn n\u00eb takim ambasadorin amerikan, mund t\u00eb jen\u00eb kujtuar dhe t\u00eb ken\u00eb paditur gjykatat me qeverin\u00eb malazeze, se si po i marrin komun\u00ebs, n\u00eb m\u00ebnyr\u00eb t\u00eb organizuar, n\u00eb em\u00ebr t\u00eb do borxheve t\u00eb pa qena , nga dy her\u00eb radhazi shuma t\u00eb majme parash . N\u00eb koh\u00ebn time , pas viteve 90, un\u00eb mbaj mend se vet\u00ebm k\u00ebt\u00eb pun\u00eb b\u00ebja n\u00eb kontaktet e mija met\u00eb huajt deri n\u00eb koh\u00ebn e Hajdinag\u00ebs&#8230;?!!<\/em><\/strong><\/p>\n<p><strong><em>III A thua q\u00eb Ulqini shum\u00eb shpejt do t\u00eb mbes pa Sht\u00ebpi t\u00eb Kultur\u00ebs<\/em><\/strong><\/p>\n<p>M\u00ebsohet se Atllas Mont Banka, q\u00eb administrohet , nga Atllas Grup, ka miratuar vendimin p\u00ebr dh\u00ebnien e nj\u00eb kredie prej 1milion e 200 mij\u00eb eurove komun\u00ebs s\u00eb Ulqinit, por q\u00eb p\u00ebr k\u00ebt\u00eb k\u00ebrkon t\u00eb vihet n\u00ebn hipotek\u00eb Biblioteka e qytetit. Kredia e till\u00eb me kushtet e veta \u00ebsht\u00eb miratuar edhe nga qeveria. Kujtojm\u00eb opinionin e gjer\u00eb q\u00eb \u201cAtlas grup\u201d, si trash\u00ebgimtar i <strong><em>Rekra tursit, i cili i ofron kredin\u00eb e p\u00ebrmendurs <\/em><\/strong>e padit\u00eb komun\u00ebn , rreth K-njishit, n\u00eb shum\u00ebn prej 10 miljon eurove&#8230;?!!!<\/p>\n<p>Duke e par\u00eb atmosfer\u00ebn e krijuar n\u00eb munges\u00eb t\u00eb nj\u00eb strategjie politike kulturore t\u00eb q\u00ebndrueshme n\u00eb qytetin ton\u00eb dhe r\u00ebnien e aktivitetit n\u00eb nivelin zero t\u00eb k\u00ebtij institucioni , ka mund\u00ebsi q\u00eb ky vendim i bank\u00ebs edhe t\u00eb votohet n\u00eb parlament. Tjet\u00ebr, n\u00eb favor t\u00eb k\u00ebsaj teze shkon edhe psikoza e ligjit t\u00eb kultur\u00ebs i cili parasheh se ajo duhet t\u00eb transformohet deri n\u00eb fund t\u00eb vitit . Kjo psikoz\u00eb e till\u00eb, gjith\u00eb se si i shkon n\u00eb favor themeluesit- Kuvendit t\u00eb Ulqinit, i cili e di q\u00eb shum\u00eb shpejt do ta humb ndikimin n\u00eb k\u00ebt\u00eb institucion. Kurse me k\u00ebt\u00eb politik\u00eb udh\u00ebheq\u00ebse t\u00eb sht\u00ebpis\u00eb t\u00eb kultur\u00ebs, ajo ve\u00e7 \u00ebsht\u00eb b\u00ebr\u00eb barr\u00eb si institucion publik dhe p\u00ebrkeq\u00ebson psikozen e formuar.<\/p>\n<p>Zaten edhe struktura e pa p\u00ebrvoj\u00eb dhe shum\u00eb e dob\u00ebt profesionale e k\u00ebshilltar\u00ebve n\u00eb kuvendin ekzistues l\u00eb shum\u00eb p\u00ebr t\u00eb dyshuar. Andaj ka gjasa, q\u00eb ata, shum\u00eb leht\u00eb t\u00eb \u00e7ojn\u00eb gisht p\u00ebr ta futur bibliotek\u00ebn ec p\u00ebrmendur si hipotek\u00eb&#8230;.?!!! Gjasat e k\u00ebsaj pune, jan\u00eb edhe m\u00eb t\u00eb m\u00ebdha, kur dihet q\u00eb p\u00ebr opsionet\u00a0\u00a0 e\u00a0\u00a0 v\u00ebnies s\u00eb hipotekave t\u00eb vendeve tjera jan\u00eb shum\u00eb t\u00eb m\u00ebdha edhe brenda vet\u00eb opsionit qeveris\u00ebs. Nga se ata mund t\u00eb shkelin zonat e sferave t\u00eb interesit politik dhe financiar t\u00eb atyre q\u00eb administrojn\u00eb me hap\u00ebsir\u00eb, qoft\u00eb n\u00eb m\u00ebnyr\u00eb private , qoft\u00eb p\u00ebrmes ndikimit n\u00eb politik\u00ebn e kuvendit duke qen\u00eb me mandat.<\/p>\n<p>&nbsp;<\/p>\n","protected":false},"excerpt":{"rendered":"<p>Shkruan : Muhamet Nika Numri i ngjarjeve dhe skandaleve t\u00eb d\u00ebgjuara n\u00eb politik\u00ebn Ulqinake \u00ebsht\u00eb tep\u00ebr i gjer\u00eb, kuptohet gjithnj\u00eb sipas nesh, por nga kjo list\u00eb po ve\u00e7ojm\u00eb disa: I.Vendimi i ish \u2013kryetarit t\u00eb KNSH-s\u00eb, Z. Tahir Tahiri, q\u00eb rrug\u00ebs Sukubin\u00eb -Ulqin, t\u2019i vihet emri i kryetarit t\u00eb par\u00eb t\u00eb Lidhjes Demokratike , z. Mehmet [&hellip;]<\/p>\n","protected":false},"author":1,"featured_media":0,"comment_status":"closed","ping_status":"closed","sticky":false,"template":"","format":"standard","meta":{"spay_email":"","jetpack_publicize_message":"","jetpack_is_tweetstorm":false,"jetpack_publicize_feature_enabled":true},"categories":[14249],"tags":[],"jetpack_publicize_connections":[],"yoast_head":"<!-- This site is optimized with the Yoast SEO plugin v19.1 - https:\/\/yoast.com\/wordpress\/plugins\/seo\/ -->\n<title>Nika: Ngjarjet dhe skandalet e korrikut 2014 - Lajme nga Ulqini<\/title>\n<meta name=\"description\" content=\"Shkruan : Muhamet Nika Numri i ngjarjeve dhe skandaleve t\u00eb d\u00ebgjuara n\u00eb politik\u00ebn Ulqinake \u00ebsht\u00eb tep\u00ebr i gjer\u00eb, kuptohet gjithnj\u00eb sipas nesh, por nga kjo\" \/>\n<meta name=\"robots\" content=\"index, follow, max-snippet:-1, max-image-preview:large, max-video-preview:-1\" \/>\n<link rel=\"canonical\" href=\"https:\/\/www.visit-ulcinj.com\/blog\/2014\/07\/31\/nika-ngjarjet-dhe-skandalet-e-korrikut-2014\/\" \/>\n<meta property=\"og:locale\" content=\"en_US\" \/>\n<meta property=\"og:type\" content=\"article\" \/>\n<meta property=\"og:title\" content=\"Nika: Ngjarjet dhe skandalet e korrikut 2014 - Lajme nga Ulqini\" \/>\n<meta property=\"og:description\" content=\"Shkruan : Muhamet Nika Numri i ngjarjeve dhe skandaleve t\u00eb d\u00ebgjuara n\u00eb politik\u00ebn Ulqinake \u00ebsht\u00eb tep\u00ebr i gjer\u00eb, kuptohet gjithnj\u00eb sipas nesh, por nga kjo\" \/>\n<meta property=\"og:url\" content=\"https:\/\/www.visit-ulcinj.com\/blog\/2014\/07\/31\/nika-ngjarjet-dhe-skandalet-e-korrikut-2014\/\" \/>\n<meta property=\"og:site_name\" content=\"Lajme nga Ulqini\" \/>\n<meta property=\"article:published_time\" content=\"2014-07-31T10:55:41+00:00\" \/>\n<meta property=\"og:image\" content=\"http:\/\/www.visit-ulcinj.com\/blog\/wp-content\/uploads\/2009\/06\/muhamet-nika_ulqin.jpg\" \/>\n<meta name=\"twitter:label1\" content=\"Written by\" \/>\n\t<meta name=\"twitter:data1\" content=\"ulqini\" \/>\n\t<meta name=\"twitter:label2\" content=\"Est. reading time\" \/>\n\t<meta name=\"twitter:data2\" content=\"5 minutes\" \/>\n<script type=\"application\/ld+json\" class=\"yoast-schema-graph\">{\"@context\":\"https:\/\/schema.org\",\"@graph\":[{\"@type\":\"WebSite\",\"@id\":\"https:\/\/www.visit-ulcinj.com\/blog\/#website\",\"url\":\"https:\/\/www.visit-ulcinj.com\/blog\/\",\"name\":\"Lajme nga Ulqini\",\"description\":\"Lajme,Vijesti,Ulqini,Ulqin,Crna Gora,Mali i Zi\",\"potentialAction\":[{\"@type\":\"SearchAction\",\"target\":{\"@type\":\"EntryPoint\",\"urlTemplate\":\"https:\/\/www.visit-ulcinj.com\/blog\/?s={search_term_string}\"},\"query-input\":\"required name=search_term_string\"}],\"inLanguage\":\"en-US\"},{\"@type\":\"ImageObject\",\"inLanguage\":\"en-US\",\"@id\":\"https:\/\/www.visit-ulcinj.com\/blog\/2014\/07\/31\/nika-ngjarjet-dhe-skandalet-e-korrikut-2014\/#primaryimage\",\"url\":\"https:\/\/www.visit-ulcinj.com\/blog\/wp-content\/uploads\/2009\/06\/muhamet-nika_ulqin.jpg\",\"contentUrl\":\"https:\/\/www.visit-ulcinj.com\/blog\/wp-content\/uploads\/2009\/06\/muhamet-nika_ulqin.jpg\",\"width\":\"290\",\"height\":\"218\"},{\"@type\":\"WebPage\",\"@id\":\"https:\/\/www.visit-ulcinj.com\/blog\/2014\/07\/31\/nika-ngjarjet-dhe-skandalet-e-korrikut-2014\/#webpage\",\"url\":\"https:\/\/www.visit-ulcinj.com\/blog\/2014\/07\/31\/nika-ngjarjet-dhe-skandalet-e-korrikut-2014\/\",\"name\":\"Nika: Ngjarjet dhe skandalet e korrikut 2014 - Lajme nga Ulqini\",\"isPartOf\":{\"@id\":\"https:\/\/www.visit-ulcinj.com\/blog\/#website\"},\"primaryImageOfPage\":{\"@id\":\"https:\/\/www.visit-ulcinj.com\/blog\/2014\/07\/31\/nika-ngjarjet-dhe-skandalet-e-korrikut-2014\/#primaryimage\"},\"datePublished\":\"2014-07-31T10:55:41+00:00\",\"dateModified\":\"2014-07-31T10:55:41+00:00\",\"author\":{\"@id\":\"https:\/\/www.visit-ulcinj.com\/blog\/#\/schema\/person\/dcab619c614d3038751c63bc2aadc06d\"},\"description\":\"Shkruan : Muhamet Nika Numri i ngjarjeve dhe skandaleve t\u00eb d\u00ebgjuara n\u00eb politik\u00ebn Ulqinake \u00ebsht\u00eb tep\u00ebr i gjer\u00eb, kuptohet gjithnj\u00eb sipas nesh, por nga kjo\",\"breadcrumb\":{\"@id\":\"https:\/\/www.visit-ulcinj.com\/blog\/2014\/07\/31\/nika-ngjarjet-dhe-skandalet-e-korrikut-2014\/#breadcrumb\"},\"inLanguage\":\"en-US\",\"potentialAction\":[{\"@type\":\"ReadAction\",\"target\":[\"https:\/\/www.visit-ulcinj.com\/blog\/2014\/07\/31\/nika-ngjarjet-dhe-skandalet-e-korrikut-2014\/\"]}]},{\"@type\":\"BreadcrumbList\",\"@id\":\"https:\/\/www.visit-ulcinj.com\/blog\/2014\/07\/31\/nika-ngjarjet-dhe-skandalet-e-korrikut-2014\/#breadcrumb\",\"itemListElement\":[{\"@type\":\"ListItem\",\"position\":1,\"name\":\"Nika: Ngjarjet dhe skandalet e korrikut 2014\"}]},{\"@type\":\"Person\",\"@id\":\"https:\/\/www.visit-ulcinj.com\/blog\/#\/schema\/person\/dcab619c614d3038751c63bc2aadc06d\",\"name\":\"ulqini\",\"sameAs\":[\"http:\/\/www.visit-ulcinj.com\"],\"url\":\"https:\/\/www.visit-ulcinj.com\/blog\/author\/admin\/\"}]}<\/script>\n<!-- \/ Yoast SEO plugin. -->","yoast_head_json":{"title":"Nika: Ngjarjet dhe skandalet e korrikut 2014 - Lajme nga Ulqini","description":"Shkruan : Muhamet Nika Numri i ngjarjeve dhe skandaleve t\u00eb d\u00ebgjuara n\u00eb politik\u00ebn Ulqinake \u00ebsht\u00eb tep\u00ebr i gjer\u00eb, kuptohet gjithnj\u00eb sipas nesh, por nga kjo","robots":{"index":"index","follow":"follow","max-snippet":"max-snippet:-1","max-image-preview":"max-image-preview:large","max-video-preview":"max-video-preview:-1"},"canonical":"https:\/\/www.visit-ulcinj.com\/blog\/2014\/07\/31\/nika-ngjarjet-dhe-skandalet-e-korrikut-2014\/","og_locale":"en_US","og_type":"article","og_title":"Nika: Ngjarjet dhe skandalet e korrikut 2014 - Lajme nga Ulqini","og_description":"Shkruan : Muhamet Nika Numri i ngjarjeve dhe skandaleve t\u00eb d\u00ebgjuara n\u00eb politik\u00ebn Ulqinake \u00ebsht\u00eb tep\u00ebr i gjer\u00eb, kuptohet gjithnj\u00eb sipas nesh, por nga kjo","og_url":"https:\/\/www.visit-ulcinj.com\/blog\/2014\/07\/31\/nika-ngjarjet-dhe-skandalet-e-korrikut-2014\/","og_site_name":"Lajme nga Ulqini","article_published_time":"2014-07-31T10:55:41+00:00","og_image":[{"url":"http:\/\/www.visit-ulcinj.com\/blog\/wp-content\/uploads\/2009\/06\/muhamet-nika_ulqin.jpg"}],"twitter_misc":{"Written by":"ulqini","Est. reading time":"5 minutes"},"schema":{"@context":"https:\/\/schema.org","@graph":[{"@type":"WebSite","@id":"https:\/\/www.visit-ulcinj.com\/blog\/#website","url":"https:\/\/www.visit-ulcinj.com\/blog\/","name":"Lajme nga Ulqini","description":"Lajme,Vijesti,Ulqini,Ulqin,Crna Gora,Mali i Zi","potentialAction":[{"@type":"SearchAction","target":{"@type":"EntryPoint","urlTemplate":"https:\/\/www.visit-ulcinj.com\/blog\/?s={search_term_string}"},"query-input":"required name=search_term_string"}],"inLanguage":"en-US"},{"@type":"ImageObject","inLanguage":"en-US","@id":"https:\/\/www.visit-ulcinj.com\/blog\/2014\/07\/31\/nika-ngjarjet-dhe-skandalet-e-korrikut-2014\/#primaryimage","url":"https:\/\/www.visit-ulcinj.com\/blog\/wp-content\/uploads\/2009\/06\/muhamet-nika_ulqin.jpg","contentUrl":"https:\/\/www.visit-ulcinj.com\/blog\/wp-content\/uploads\/2009\/06\/muhamet-nika_ulqin.jpg","width":"290","height":"218"},{"@type":"WebPage","@id":"https:\/\/www.visit-ulcinj.com\/blog\/2014\/07\/31\/nika-ngjarjet-dhe-skandalet-e-korrikut-2014\/#webpage","url":"https:\/\/www.visit-ulcinj.com\/blog\/2014\/07\/31\/nika-ngjarjet-dhe-skandalet-e-korrikut-2014\/","name":"Nika: Ngjarjet dhe skandalet e korrikut 2014 - Lajme nga Ulqini","isPartOf":{"@id":"https:\/\/www.visit-ulcinj.com\/blog\/#website"},"primaryImageOfPage":{"@id":"https:\/\/www.visit-ulcinj.com\/blog\/2014\/07\/31\/nika-ngjarjet-dhe-skandalet-e-korrikut-2014\/#primaryimage"},"datePublished":"2014-07-31T10:55:41+00:00","dateModified":"2014-07-31T10:55:41+00:00","author":{"@id":"https:\/\/www.visit-ulcinj.com\/blog\/#\/schema\/person\/dcab619c614d3038751c63bc2aadc06d"},"description":"Shkruan : Muhamet Nika Numri i ngjarjeve dhe skandaleve t\u00eb d\u00ebgjuara n\u00eb politik\u00ebn Ulqinake \u00ebsht\u00eb tep\u00ebr i gjer\u00eb, kuptohet gjithnj\u00eb sipas nesh, por nga kjo","breadcrumb":{"@id":"https:\/\/www.visit-ulcinj.com\/blog\/2014\/07\/31\/nika-ngjarjet-dhe-skandalet-e-korrikut-2014\/#breadcrumb"},"inLanguage":"en-US","potentialAction":[{"@type":"ReadAction","target":["https:\/\/www.visit-ulcinj.com\/blog\/2014\/07\/31\/nika-ngjarjet-dhe-skandalet-e-korrikut-2014\/"]}]},{"@type":"BreadcrumbList","@id":"https:\/\/www.visit-ulcinj.com\/blog\/2014\/07\/31\/nika-ngjarjet-dhe-skandalet-e-korrikut-2014\/#breadcrumb","itemListElement":[{"@type":"ListItem","position":1,"name":"Nika: Ngjarjet dhe skandalet e korrikut 2014"}]},{"@type":"Person","@id":"https:\/\/www.visit-ulcinj.com\/blog\/#\/schema\/person\/dcab619c614d3038751c63bc2aadc06d","name":"ulqini","sameAs":["http:\/\/www.visit-ulcinj.com"],"url":"https:\/\/www.visit-ulcinj.com\/blog\/author\/admin\/"}]}},"jetpack_featured_media_url":"","jetpack_sharing_enabled":true,"jetpack_shortlink":"https:\/\/wp.me\/pe6lTn-lXO","_links":{"self":[{"href":"https:\/\/www.visit-ulcinj.com\/blog\/wp-json\/wp\/v2\/posts\/84432"}],"collection":[{"href":"https:\/\/www.visit-ulcinj.com\/blog\/wp-json\/wp\/v2\/posts"}],"about":[{"href":"https:\/\/www.visit-ulcinj.com\/blog\/wp-json\/wp\/v2\/types\/post"}],"author":[{"embeddable":true,"href":"https:\/\/www.visit-ulcinj.com\/blog\/wp-json\/wp\/v2\/users\/1"}],"replies":[{"embeddable":true,"href":"https:\/\/www.visit-ulcinj.com\/blog\/wp-json\/wp\/v2\/comments?post=84432"}],"version-history":[{"count":1,"href":"https:\/\/www.visit-ulcinj.com\/blog\/wp-json\/wp\/v2\/posts\/84432\/revisions"}],"predecessor-version":[{"id":84433,"href":"https:\/\/www.visit-ulcinj.com\/blog\/wp-json\/wp\/v2\/posts\/84432\/revisions\/84433"}],"wp:attachment":[{"href":"https:\/\/www.visit-ulcinj.com\/blog\/wp-json\/wp\/v2\/media?parent=84432"}],"wp:term":[{"taxonomy":"category","embeddable":true,"href":"https:\/\/www.visit-ulcinj.com\/blog\/wp-json\/wp\/v2\/categories?post=84432"},{"taxonomy":"post_tag","embeddable":true,"href":"https:\/\/www.visit-ulcinj.com\/blog\/wp-json\/wp\/v2\/tags?post=84432"}],"curies":[{"name":"wp","href":"https:\/\/api.w.org\/{rel}","templated":true}]}}