{"id":84434,"date":"2014-07-31T19:06:03","date_gmt":"2014-07-31T18:06:03","guid":{"rendered":"http:\/\/www.visit-ulcinj.com\/blog\/?p=84434"},"modified":"2014-07-31T19:06:03","modified_gmt":"2014-07-31T18:06:03","slug":"mikan-zec-ulcinj-sa-akva-parkom-posjecenost-ce-biti-veca-20-30","status":"publish","type":"post","link":"https:\/\/www.visit-ulcinj.com\/blog\/2014\/07\/31\/mikan-zec-ulcinj-sa-akva-parkom-posjecenost-ce-biti-veca-20-30\/","title":{"rendered":"Mikan Zec: Ulcinj sa akva parkom posje\u0107enost \u0107e biti ve\u0107a 20-30%"},"content":{"rendered":"<p><a href=\"http:\/\/www.visit-ulcinj.com\/blog\/wp-content\/uploads\/2013\/11\/Radomir-Mikan-Zec-direktor-Ulcinjske-Rivijere.jpg\"><img loading=\"lazy\" class=\"alignleft wp-image-76266\" src=\"http:\/\/www.visit-ulcinj.com\/blog\/wp-content\/uploads\/2013\/11\/Radomir-Mikan-Zec-direktor-Ulcinjske-Rivijere.jpg\" alt=\"Radomir-Mikan-Zec-direktor-Ulcinjske-Rivijere\" width=\"508\" height=\"337\" srcset=\"https:\/\/www.visit-ulcinj.com\/blog\/wp-content\/uploads\/2013\/11\/Radomir-Mikan-Zec-direktor-Ulcinjske-Rivijere.jpg 640w, https:\/\/www.visit-ulcinj.com\/blog\/wp-content\/uploads\/2013\/11\/Radomir-Mikan-Zec-direktor-Ulcinjske-Rivijere-300x199.jpg 300w\" sizes=\"(max-width: 508px) 100vw, 508px\" \/><\/a>Prema nedavnoj najavi predsjednika Op\u0161tine Ulcinj Fatmira \u0110eke taj \u00a0grad \u00a0\u0107e u aprilu naredne godine dobiti \u00a0najve\u0107i i najatraktivniji akva-park u regionu, u koji \u0107e biti ulo\u017eeno oko pet miliona eura.<\/p>\n<p>Direktor Ulcinjske Rivijere Mikan Zec za na\u0161 radio ka\u017ee da \u0107e to bez dileme pobolj\u0161ati turisti\u010dku ponudu Ulcinja:<\/p>\n<p>\u201c Velika je \u00a0to stvar u ukupnoj turisti\u010dkoj ponudi Ulcinja, novo rukovodstvstvo je mnogo uradilo ne samo oko akva parka ve\u0107 generalno oko turisti\u010dke sezone, Ulcinj je ove godine mnogo \u010distiji. Vjerujem da \u0107e imati zna\u010dajno ve\u0107u posjetu, te sadr\u017eajniju ponudu\u201d.<\/p>\n<p>A koliko Zec procjenjuje da bi posjeta Ulcijnju bila ve\u0107a \u00a0otvaranjem akva parka:<\/p>\n<p>\u201c U najmanju ruku za 20 do 30 odsto \u0107e se pove\u0107ati posje\u0107enost Ulcinja, tako bi se doveli i znatno kvalitetniji, ja\u010di potro\u0161a\u0107i iz inostranstva i regiona\u201d<\/p>\n<p>Akva park trebalo bi da po\u010dne da se gradi u oktobru, za \u0161ta kako vjeruje Zec ne\u0107e postojati nikakvi problemi.<\/p>\n<p>Jelena \u0106etkovi\u0107<\/p>\n<p><strong>Izvor: <span style=\"color: #000000;\"><span class=\"art-postheadericons\">Radio Antena M<\/span><\/span><\/strong><\/p>\n","protected":false},"excerpt":{"rendered":"<p>Prema nedavnoj najavi predsjednika Op\u0161tine Ulcinj Fatmira \u0110eke taj \u00a0grad \u00a0\u0107e u aprilu naredne godine dobiti \u00a0najve\u0107i i najatraktivniji akva-park u regionu, u koji \u0107e biti ulo\u017eeno oko pet miliona eura. Direktor Ulcinjske Rivijere Mikan Zec za na\u0161 radio ka\u017ee da \u0107e to bez dileme pobolj\u0161ati turisti\u010dku ponudu Ulcinja: \u201c Velika je \u00a0to stvar u [&hellip;]<\/p>\n","protected":false},"author":1,"featured_media":0,"comment_status":"closed","ping_status":"closed","sticky":false,"template":"","format":"standard","meta":{"spay_email":"","jetpack_publicize_message":"","jetpack_is_tweetstorm":false,"jetpack_publicize_feature_enabled":true},"categories":[8337],"tags":[],"jetpack_publicize_connections":[],"yoast_head":"<!-- This site is optimized with the Yoast SEO plugin v19.1 - https:\/\/yoast.com\/wordpress\/plugins\/seo\/ -->\n<title>Mikan Zec: Ulcinj sa akva parkom posje\u0107enost \u0107e biti ve\u0107a 20-30% - Lajme nga Ulqini<\/title>\n<meta name=\"description\" content=\"Prema nedavnoj najavi predsjednika Op\u0161tine Ulcinj Fatmira \u0110eke taj \u00a0grad \u00a0\u0107e u aprilu naredne godine dobiti \u00a0najve\u0107i i najatraktivniji akva-park u\" \/>\n<meta name=\"robots\" content=\"index, follow, max-snippet:-1, max-image-preview:large, max-video-preview:-1\" \/>\n<link rel=\"canonical\" href=\"https:\/\/www.visit-ulcinj.com\/blog\/2014\/07\/31\/mikan-zec-ulcinj-sa-akva-parkom-posjecenost-ce-biti-veca-20-30\/\" \/>\n<meta property=\"og:locale\" content=\"en_US\" \/>\n<meta property=\"og:type\" content=\"article\" \/>\n<meta property=\"og:title\" content=\"Mikan Zec: Ulcinj sa akva parkom posje\u0107enost \u0107e biti ve\u0107a 20-30% - Lajme nga Ulqini\" \/>\n<meta property=\"og:description\" content=\"Prema nedavnoj najavi predsjednika Op\u0161tine Ulcinj Fatmira \u0110eke taj \u00a0grad \u00a0\u0107e u aprilu naredne godine dobiti \u00a0najve\u0107i i najatraktivniji akva-park u\" \/>\n<meta property=\"og:url\" content=\"https:\/\/www.visit-ulcinj.com\/blog\/2014\/07\/31\/mikan-zec-ulcinj-sa-akva-parkom-posjecenost-ce-biti-veca-20-30\/\" \/>\n<meta property=\"og:site_name\" content=\"Lajme nga Ulqini\" \/>\n<meta property=\"article:published_time\" content=\"2014-07-31T18:06:03+00:00\" \/>\n<meta property=\"og:image\" content=\"http:\/\/www.visit-ulcinj.com\/blog\/wp-content\/uploads\/2013\/11\/Radomir-Mikan-Zec-direktor-Ulcinjske-Rivijere.jpg\" \/>\n<meta name=\"twitter:label1\" content=\"Written by\" \/>\n\t<meta name=\"twitter:data1\" content=\"ulqini\" \/>\n\t<meta name=\"twitter:label2\" content=\"Est. reading time\" \/>\n\t<meta name=\"twitter:data2\" content=\"1 minute\" \/>\n<script type=\"application\/ld+json\" class=\"yoast-schema-graph\">{\"@context\":\"https:\/\/schema.org\",\"@graph\":[{\"@type\":\"WebSite\",\"@id\":\"https:\/\/www.visit-ulcinj.com\/blog\/#website\",\"url\":\"https:\/\/www.visit-ulcinj.com\/blog\/\",\"name\":\"Lajme nga Ulqini\",\"description\":\"Lajme,Vijesti,Ulqini,Ulqin,Crna Gora,Mali i Zi\",\"potentialAction\":[{\"@type\":\"SearchAction\",\"target\":{\"@type\":\"EntryPoint\",\"urlTemplate\":\"https:\/\/www.visit-ulcinj.com\/blog\/?s={search_term_string}\"},\"query-input\":\"required name=search_term_string\"}],\"inLanguage\":\"en-US\"},{\"@type\":\"ImageObject\",\"inLanguage\":\"en-US\",\"@id\":\"https:\/\/www.visit-ulcinj.com\/blog\/2014\/07\/31\/mikan-zec-ulcinj-sa-akva-parkom-posjecenost-ce-biti-veca-20-30\/#primaryimage\",\"url\":\"https:\/\/www.visit-ulcinj.com\/blog\/wp-content\/uploads\/2013\/11\/Radomir-Mikan-Zec-direktor-Ulcinjske-Rivijere.jpg\",\"contentUrl\":\"https:\/\/www.visit-ulcinj.com\/blog\/wp-content\/uploads\/2013\/11\/Radomir-Mikan-Zec-direktor-Ulcinjske-Rivijere.jpg\",\"width\":640,\"height\":425},{\"@type\":\"WebPage\",\"@id\":\"https:\/\/www.visit-ulcinj.com\/blog\/2014\/07\/31\/mikan-zec-ulcinj-sa-akva-parkom-posjecenost-ce-biti-veca-20-30\/#webpage\",\"url\":\"https:\/\/www.visit-ulcinj.com\/blog\/2014\/07\/31\/mikan-zec-ulcinj-sa-akva-parkom-posjecenost-ce-biti-veca-20-30\/\",\"name\":\"Mikan Zec: Ulcinj sa akva parkom posje\u0107enost \u0107e biti ve\u0107a 20-30% - Lajme nga Ulqini\",\"isPartOf\":{\"@id\":\"https:\/\/www.visit-ulcinj.com\/blog\/#website\"},\"primaryImageOfPage\":{\"@id\":\"https:\/\/www.visit-ulcinj.com\/blog\/2014\/07\/31\/mikan-zec-ulcinj-sa-akva-parkom-posjecenost-ce-biti-veca-20-30\/#primaryimage\"},\"datePublished\":\"2014-07-31T18:06:03+00:00\",\"dateModified\":\"2014-07-31T18:06:03+00:00\",\"author\":{\"@id\":\"https:\/\/www.visit-ulcinj.com\/blog\/#\/schema\/person\/dcab619c614d3038751c63bc2aadc06d\"},\"description\":\"Prema nedavnoj najavi predsjednika Op\u0161tine Ulcinj Fatmira \u0110eke taj \u00a0grad \u00a0\u0107e u aprilu naredne godine dobiti \u00a0najve\u0107i i najatraktivniji akva-park u\",\"breadcrumb\":{\"@id\":\"https:\/\/www.visit-ulcinj.com\/blog\/2014\/07\/31\/mikan-zec-ulcinj-sa-akva-parkom-posjecenost-ce-biti-veca-20-30\/#breadcrumb\"},\"inLanguage\":\"en-US\",\"potentialAction\":[{\"@type\":\"ReadAction\",\"target\":[\"https:\/\/www.visit-ulcinj.com\/blog\/2014\/07\/31\/mikan-zec-ulcinj-sa-akva-parkom-posjecenost-ce-biti-veca-20-30\/\"]}]},{\"@type\":\"BreadcrumbList\",\"@id\":\"https:\/\/www.visit-ulcinj.com\/blog\/2014\/07\/31\/mikan-zec-ulcinj-sa-akva-parkom-posjecenost-ce-biti-veca-20-30\/#breadcrumb\",\"itemListElement\":[{\"@type\":\"ListItem\",\"position\":1,\"name\":\"Mikan Zec: Ulcinj sa akva parkom posje\u0107enost \u0107e biti ve\u0107a 20-30%\"}]},{\"@type\":\"Person\",\"@id\":\"https:\/\/www.visit-ulcinj.com\/blog\/#\/schema\/person\/dcab619c614d3038751c63bc2aadc06d\",\"name\":\"ulqini\",\"sameAs\":[\"http:\/\/www.visit-ulcinj.com\"],\"url\":\"https:\/\/www.visit-ulcinj.com\/blog\/author\/admin\/\"}]}<\/script>\n<!-- \/ Yoast SEO plugin. -->","yoast_head_json":{"title":"Mikan Zec: Ulcinj sa akva parkom posje\u0107enost \u0107e biti ve\u0107a 20-30% - Lajme nga Ulqini","description":"Prema nedavnoj najavi predsjednika Op\u0161tine Ulcinj Fatmira \u0110eke taj \u00a0grad \u00a0\u0107e u aprilu naredne godine dobiti \u00a0najve\u0107i i najatraktivniji akva-park u","robots":{"index":"index","follow":"follow","max-snippet":"max-snippet:-1","max-image-preview":"max-image-preview:large","max-video-preview":"max-video-preview:-1"},"canonical":"https:\/\/www.visit-ulcinj.com\/blog\/2014\/07\/31\/mikan-zec-ulcinj-sa-akva-parkom-posjecenost-ce-biti-veca-20-30\/","og_locale":"en_US","og_type":"article","og_title":"Mikan Zec: Ulcinj sa akva parkom posje\u0107enost \u0107e biti ve\u0107a 20-30% - Lajme nga Ulqini","og_description":"Prema nedavnoj najavi predsjednika Op\u0161tine Ulcinj Fatmira \u0110eke taj \u00a0grad \u00a0\u0107e u aprilu naredne godine dobiti \u00a0najve\u0107i i najatraktivniji akva-park u","og_url":"https:\/\/www.visit-ulcinj.com\/blog\/2014\/07\/31\/mikan-zec-ulcinj-sa-akva-parkom-posjecenost-ce-biti-veca-20-30\/","og_site_name":"Lajme nga Ulqini","article_published_time":"2014-07-31T18:06:03+00:00","og_image":[{"url":"http:\/\/www.visit-ulcinj.com\/blog\/wp-content\/uploads\/2013\/11\/Radomir-Mikan-Zec-direktor-Ulcinjske-Rivijere.jpg"}],"twitter_misc":{"Written by":"ulqini","Est. reading time":"1 minute"},"schema":{"@context":"https:\/\/schema.org","@graph":[{"@type":"WebSite","@id":"https:\/\/www.visit-ulcinj.com\/blog\/#website","url":"https:\/\/www.visit-ulcinj.com\/blog\/","name":"Lajme nga Ulqini","description":"Lajme,Vijesti,Ulqini,Ulqin,Crna Gora,Mali i Zi","potentialAction":[{"@type":"SearchAction","target":{"@type":"EntryPoint","urlTemplate":"https:\/\/www.visit-ulcinj.com\/blog\/?s={search_term_string}"},"query-input":"required name=search_term_string"}],"inLanguage":"en-US"},{"@type":"ImageObject","inLanguage":"en-US","@id":"https:\/\/www.visit-ulcinj.com\/blog\/2014\/07\/31\/mikan-zec-ulcinj-sa-akva-parkom-posjecenost-ce-biti-veca-20-30\/#primaryimage","url":"https:\/\/www.visit-ulcinj.com\/blog\/wp-content\/uploads\/2013\/11\/Radomir-Mikan-Zec-direktor-Ulcinjske-Rivijere.jpg","contentUrl":"https:\/\/www.visit-ulcinj.com\/blog\/wp-content\/uploads\/2013\/11\/Radomir-Mikan-Zec-direktor-Ulcinjske-Rivijere.jpg","width":640,"height":425},{"@type":"WebPage","@id":"https:\/\/www.visit-ulcinj.com\/blog\/2014\/07\/31\/mikan-zec-ulcinj-sa-akva-parkom-posjecenost-ce-biti-veca-20-30\/#webpage","url":"https:\/\/www.visit-ulcinj.com\/blog\/2014\/07\/31\/mikan-zec-ulcinj-sa-akva-parkom-posjecenost-ce-biti-veca-20-30\/","name":"Mikan Zec: Ulcinj sa akva parkom posje\u0107enost \u0107e biti ve\u0107a 20-30% - Lajme nga Ulqini","isPartOf":{"@id":"https:\/\/www.visit-ulcinj.com\/blog\/#website"},"primaryImageOfPage":{"@id":"https:\/\/www.visit-ulcinj.com\/blog\/2014\/07\/31\/mikan-zec-ulcinj-sa-akva-parkom-posjecenost-ce-biti-veca-20-30\/#primaryimage"},"datePublished":"2014-07-31T18:06:03+00:00","dateModified":"2014-07-31T18:06:03+00:00","author":{"@id":"https:\/\/www.visit-ulcinj.com\/blog\/#\/schema\/person\/dcab619c614d3038751c63bc2aadc06d"},"description":"Prema nedavnoj najavi predsjednika Op\u0161tine Ulcinj Fatmira \u0110eke taj \u00a0grad \u00a0\u0107e u aprilu naredne godine dobiti \u00a0najve\u0107i i najatraktivniji akva-park u","breadcrumb":{"@id":"https:\/\/www.visit-ulcinj.com\/blog\/2014\/07\/31\/mikan-zec-ulcinj-sa-akva-parkom-posjecenost-ce-biti-veca-20-30\/#breadcrumb"},"inLanguage":"en-US","potentialAction":[{"@type":"ReadAction","target":["https:\/\/www.visit-ulcinj.com\/blog\/2014\/07\/31\/mikan-zec-ulcinj-sa-akva-parkom-posjecenost-ce-biti-veca-20-30\/"]}]},{"@type":"BreadcrumbList","@id":"https:\/\/www.visit-ulcinj.com\/blog\/2014\/07\/31\/mikan-zec-ulcinj-sa-akva-parkom-posjecenost-ce-biti-veca-20-30\/#breadcrumb","itemListElement":[{"@type":"ListItem","position":1,"name":"Mikan Zec: Ulcinj sa akva parkom posje\u0107enost \u0107e biti ve\u0107a 20-30%"}]},{"@type":"Person","@id":"https:\/\/www.visit-ulcinj.com\/blog\/#\/schema\/person\/dcab619c614d3038751c63bc2aadc06d","name":"ulqini","sameAs":["http:\/\/www.visit-ulcinj.com"],"url":"https:\/\/www.visit-ulcinj.com\/blog\/author\/admin\/"}]}},"jetpack_featured_media_url":"","jetpack_sharing_enabled":true,"jetpack_shortlink":"https:\/\/wp.me\/pe6lTn-lXQ","_links":{"self":[{"href":"https:\/\/www.visit-ulcinj.com\/blog\/wp-json\/wp\/v2\/posts\/84434"}],"collection":[{"href":"https:\/\/www.visit-ulcinj.com\/blog\/wp-json\/wp\/v2\/posts"}],"about":[{"href":"https:\/\/www.visit-ulcinj.com\/blog\/wp-json\/wp\/v2\/types\/post"}],"author":[{"embeddable":true,"href":"https:\/\/www.visit-ulcinj.com\/blog\/wp-json\/wp\/v2\/users\/1"}],"replies":[{"embeddable":true,"href":"https:\/\/www.visit-ulcinj.com\/blog\/wp-json\/wp\/v2\/comments?post=84434"}],"version-history":[{"count":1,"href":"https:\/\/www.visit-ulcinj.com\/blog\/wp-json\/wp\/v2\/posts\/84434\/revisions"}],"predecessor-version":[{"id":84435,"href":"https:\/\/www.visit-ulcinj.com\/blog\/wp-json\/wp\/v2\/posts\/84434\/revisions\/84435"}],"wp:attachment":[{"href":"https:\/\/www.visit-ulcinj.com\/blog\/wp-json\/wp\/v2\/media?parent=84434"}],"wp:term":[{"taxonomy":"category","embeddable":true,"href":"https:\/\/www.visit-ulcinj.com\/blog\/wp-json\/wp\/v2\/categories?post=84434"},{"taxonomy":"post_tag","embeddable":true,"href":"https:\/\/www.visit-ulcinj.com\/blog\/wp-json\/wp\/v2\/tags?post=84434"}],"curies":[{"name":"wp","href":"https:\/\/api.w.org\/{rel}","templated":true}]}}