{"id":84444,"date":"2014-07-31T19:40:32","date_gmt":"2014-07-31T18:40:32","guid":{"rendered":"http:\/\/www.visit-ulcinj.com\/blog\/?p=84444"},"modified":"2014-07-31T19:40:32","modified_gmt":"2014-07-31T18:40:32","slug":"koncert-ane-ide-muratagic-u-ulcinju-1-avgusta","status":"publish","type":"post","link":"https:\/\/www.visit-ulcinj.com\/blog\/2014\/07\/31\/koncert-ane-ide-muratagic-u-ulcinju-1-avgusta\/","title":{"rendered":"Koncert Ane i Ide Muratagi\u0107 u Ulcinju 1. avgusta"},"content":{"rendered":"<p><b style=\"line-height: 1.5em;\"><a href=\"http:\/\/www.visit-ulcinj.com\/blog\/wp-content\/uploads\/2014\/07\/ana_i_ida_muratagic.jpg\"><img loading=\"lazy\" class=\"alignleft wp-image-84445\" src=\"http:\/\/www.visit-ulcinj.com\/blog\/wp-content\/uploads\/2014\/07\/ana_i_ida_muratagic.jpg\" alt=\"ana_i_ida_muratagic\" width=\"508\" height=\"439\" \/><\/a>ULCINJ \u2013 Koncert klavirskog dua, koji \u010dine Ana i Ida Muratagi\u0107, bi\u0107e odr\u017ean u petak, 1. avgusta, u 21 sat u sali Muzi\u010dke \u0161kole.<\/b><\/p>\n<p><span style=\"line-height: 1.5em;\">Na programu koncerta, pod nazivom \u201eBo\u0161\u010daluk\u201c, na\u0107i \u0107e se djela Vladimira Mara\u0161a, Aleksandra Perunovi\u0107a, Sanje Drakuli\u0107, Senada Ga\u010devi\u0107a i Burhana Culi\u0107a.<\/span><\/p>\n<p style=\"text-align: justify;\">Koncert organizuju Centar za regionalnu saradnju iz Podgorice i Muzi\u010dka \u0161kola Ulcinj. Odr\u017eavanje koncerta omogu\u0107io je Fond za manjine Crne Gore.<\/p>\n<p><em><b>A. \u0110.<\/b><\/em><\/p>\n<p><strong>Izvor: POBJEDA<\/strong><\/p>\n","protected":false},"excerpt":{"rendered":"<p>ULCINJ \u2013 Koncert klavirskog dua, koji \u010dine Ana i Ida Muratagi\u0107, bi\u0107e odr\u017ean u petak, 1. avgusta, u 21 sat u sali Muzi\u010dke \u0161kole. Na programu koncerta, pod nazivom \u201eBo\u0161\u010daluk\u201c, na\u0107i \u0107e se djela Vladimira Mara\u0161a, Aleksandra Perunovi\u0107a, Sanje Drakuli\u0107, Senada Ga\u010devi\u0107a i Burhana Culi\u0107a. Koncert organizuju Centar za regionalnu saradnju iz Podgorice i Muzi\u010dka [&hellip;]<\/p>\n","protected":false},"author":1,"featured_media":0,"comment_status":"closed","ping_status":"closed","sticky":false,"template":"","format":"standard","meta":{"spay_email":"","jetpack_publicize_message":"","jetpack_is_tweetstorm":false,"jetpack_publicize_feature_enabled":true},"categories":[6950],"tags":[],"jetpack_publicize_connections":[],"yoast_head":"<!-- This site is optimized with the Yoast SEO plugin v19.1 - https:\/\/yoast.com\/wordpress\/plugins\/seo\/ -->\n<title>Koncert Ane i Ide Muratagi\u0107 u Ulcinju 1. avgusta - Lajme nga Ulqini<\/title>\n<meta name=\"description\" content=\"ULCINJ \u2013 Koncert klavirskog dua, koji \u010dine Ana i Ida Muratagi\u0107, bi\u0107e odr\u017ean u petak, 1. avgusta, u 21 sat u sali Muzi\u010dke \u0161kole. Na programu koncerta, pod\" \/>\n<meta name=\"robots\" content=\"index, follow, max-snippet:-1, max-image-preview:large, max-video-preview:-1\" \/>\n<link rel=\"canonical\" href=\"https:\/\/www.visit-ulcinj.com\/blog\/2014\/07\/31\/koncert-ane-ide-muratagic-u-ulcinju-1-avgusta\/\" \/>\n<meta property=\"og:locale\" content=\"en_US\" \/>\n<meta property=\"og:type\" content=\"article\" \/>\n<meta property=\"og:title\" content=\"Koncert Ane i Ide Muratagi\u0107 u Ulcinju 1. avgusta - Lajme nga Ulqini\" \/>\n<meta property=\"og:description\" content=\"ULCINJ \u2013 Koncert klavirskog dua, koji \u010dine Ana i Ida Muratagi\u0107, bi\u0107e odr\u017ean u petak, 1. avgusta, u 21 sat u sali Muzi\u010dke \u0161kole. Na programu koncerta, pod\" \/>\n<meta property=\"og:url\" content=\"https:\/\/www.visit-ulcinj.com\/blog\/2014\/07\/31\/koncert-ane-ide-muratagic-u-ulcinju-1-avgusta\/\" \/>\n<meta property=\"og:site_name\" content=\"Lajme nga Ulqini\" \/>\n<meta property=\"article:published_time\" content=\"2014-07-31T18:40:32+00:00\" \/>\n<meta property=\"og:image\" content=\"http:\/\/www.visit-ulcinj.com\/blog\/wp-content\/uploads\/2014\/07\/ana_i_ida_muratagic.jpg\" \/>\n<meta name=\"twitter:label1\" content=\"Written by\" \/>\n\t<meta name=\"twitter:data1\" content=\"ulqini\" \/>\n<script type=\"application\/ld+json\" class=\"yoast-schema-graph\">{\"@context\":\"https:\/\/schema.org\",\"@graph\":[{\"@type\":\"WebSite\",\"@id\":\"https:\/\/www.visit-ulcinj.com\/blog\/#website\",\"url\":\"https:\/\/www.visit-ulcinj.com\/blog\/\",\"name\":\"Lajme nga Ulqini\",\"description\":\"Lajme,Vijesti,Ulqini,Ulqin,Crna Gora,Mali i Zi\",\"potentialAction\":[{\"@type\":\"SearchAction\",\"target\":{\"@type\":\"EntryPoint\",\"urlTemplate\":\"https:\/\/www.visit-ulcinj.com\/blog\/?s={search_term_string}\"},\"query-input\":\"required name=search_term_string\"}],\"inLanguage\":\"en-US\"},{\"@type\":\"ImageObject\",\"inLanguage\":\"en-US\",\"@id\":\"https:\/\/www.visit-ulcinj.com\/blog\/2014\/07\/31\/koncert-ane-ide-muratagic-u-ulcinju-1-avgusta\/#primaryimage\",\"url\":\"http:\/\/www.visit-ulcinj.com\/blog\/wp-content\/uploads\/2014\/07\/ana_i_ida_muratagic.jpg\",\"contentUrl\":\"http:\/\/www.visit-ulcinj.com\/blog\/wp-content\/uploads\/2014\/07\/ana_i_ida_muratagic.jpg\"},{\"@type\":\"WebPage\",\"@id\":\"https:\/\/www.visit-ulcinj.com\/blog\/2014\/07\/31\/koncert-ane-ide-muratagic-u-ulcinju-1-avgusta\/#webpage\",\"url\":\"https:\/\/www.visit-ulcinj.com\/blog\/2014\/07\/31\/koncert-ane-ide-muratagic-u-ulcinju-1-avgusta\/\",\"name\":\"Koncert Ane i Ide Muratagi\u0107 u Ulcinju 1. avgusta - Lajme nga Ulqini\",\"isPartOf\":{\"@id\":\"https:\/\/www.visit-ulcinj.com\/blog\/#website\"},\"primaryImageOfPage\":{\"@id\":\"https:\/\/www.visit-ulcinj.com\/blog\/2014\/07\/31\/koncert-ane-ide-muratagic-u-ulcinju-1-avgusta\/#primaryimage\"},\"datePublished\":\"2014-07-31T18:40:32+00:00\",\"dateModified\":\"2014-07-31T18:40:32+00:00\",\"author\":{\"@id\":\"https:\/\/www.visit-ulcinj.com\/blog\/#\/schema\/person\/dcab619c614d3038751c63bc2aadc06d\"},\"description\":\"ULCINJ \u2013 Koncert klavirskog dua, koji \u010dine Ana i Ida Muratagi\u0107, bi\u0107e odr\u017ean u petak, 1. avgusta, u 21 sat u sali Muzi\u010dke \u0161kole. Na programu koncerta, pod\",\"breadcrumb\":{\"@id\":\"https:\/\/www.visit-ulcinj.com\/blog\/2014\/07\/31\/koncert-ane-ide-muratagic-u-ulcinju-1-avgusta\/#breadcrumb\"},\"inLanguage\":\"en-US\",\"potentialAction\":[{\"@type\":\"ReadAction\",\"target\":[\"https:\/\/www.visit-ulcinj.com\/blog\/2014\/07\/31\/koncert-ane-ide-muratagic-u-ulcinju-1-avgusta\/\"]}]},{\"@type\":\"BreadcrumbList\",\"@id\":\"https:\/\/www.visit-ulcinj.com\/blog\/2014\/07\/31\/koncert-ane-ide-muratagic-u-ulcinju-1-avgusta\/#breadcrumb\",\"itemListElement\":[{\"@type\":\"ListItem\",\"position\":1,\"name\":\"Koncert Ane i Ide Muratagi\u0107 u Ulcinju 1. avgusta\"}]},{\"@type\":\"Person\",\"@id\":\"https:\/\/www.visit-ulcinj.com\/blog\/#\/schema\/person\/dcab619c614d3038751c63bc2aadc06d\",\"name\":\"ulqini\",\"sameAs\":[\"http:\/\/www.visit-ulcinj.com\"],\"url\":\"https:\/\/www.visit-ulcinj.com\/blog\/author\/admin\/\"}]}<\/script>\n<!-- \/ Yoast SEO plugin. -->","yoast_head_json":{"title":"Koncert Ane i Ide Muratagi\u0107 u Ulcinju 1. avgusta - Lajme nga Ulqini","description":"ULCINJ \u2013 Koncert klavirskog dua, koji \u010dine Ana i Ida Muratagi\u0107, bi\u0107e odr\u017ean u petak, 1. avgusta, u 21 sat u sali Muzi\u010dke \u0161kole. Na programu koncerta, pod","robots":{"index":"index","follow":"follow","max-snippet":"max-snippet:-1","max-image-preview":"max-image-preview:large","max-video-preview":"max-video-preview:-1"},"canonical":"https:\/\/www.visit-ulcinj.com\/blog\/2014\/07\/31\/koncert-ane-ide-muratagic-u-ulcinju-1-avgusta\/","og_locale":"en_US","og_type":"article","og_title":"Koncert Ane i Ide Muratagi\u0107 u Ulcinju 1. avgusta - Lajme nga Ulqini","og_description":"ULCINJ \u2013 Koncert klavirskog dua, koji \u010dine Ana i Ida Muratagi\u0107, bi\u0107e odr\u017ean u petak, 1. avgusta, u 21 sat u sali Muzi\u010dke \u0161kole. Na programu koncerta, pod","og_url":"https:\/\/www.visit-ulcinj.com\/blog\/2014\/07\/31\/koncert-ane-ide-muratagic-u-ulcinju-1-avgusta\/","og_site_name":"Lajme nga Ulqini","article_published_time":"2014-07-31T18:40:32+00:00","og_image":[{"url":"http:\/\/www.visit-ulcinj.com\/blog\/wp-content\/uploads\/2014\/07\/ana_i_ida_muratagic.jpg"}],"twitter_misc":{"Written by":"ulqini"},"schema":{"@context":"https:\/\/schema.org","@graph":[{"@type":"WebSite","@id":"https:\/\/www.visit-ulcinj.com\/blog\/#website","url":"https:\/\/www.visit-ulcinj.com\/blog\/","name":"Lajme nga Ulqini","description":"Lajme,Vijesti,Ulqini,Ulqin,Crna Gora,Mali i Zi","potentialAction":[{"@type":"SearchAction","target":{"@type":"EntryPoint","urlTemplate":"https:\/\/www.visit-ulcinj.com\/blog\/?s={search_term_string}"},"query-input":"required name=search_term_string"}],"inLanguage":"en-US"},{"@type":"ImageObject","inLanguage":"en-US","@id":"https:\/\/www.visit-ulcinj.com\/blog\/2014\/07\/31\/koncert-ane-ide-muratagic-u-ulcinju-1-avgusta\/#primaryimage","url":"http:\/\/www.visit-ulcinj.com\/blog\/wp-content\/uploads\/2014\/07\/ana_i_ida_muratagic.jpg","contentUrl":"http:\/\/www.visit-ulcinj.com\/blog\/wp-content\/uploads\/2014\/07\/ana_i_ida_muratagic.jpg"},{"@type":"WebPage","@id":"https:\/\/www.visit-ulcinj.com\/blog\/2014\/07\/31\/koncert-ane-ide-muratagic-u-ulcinju-1-avgusta\/#webpage","url":"https:\/\/www.visit-ulcinj.com\/blog\/2014\/07\/31\/koncert-ane-ide-muratagic-u-ulcinju-1-avgusta\/","name":"Koncert Ane i Ide Muratagi\u0107 u Ulcinju 1. avgusta - Lajme nga Ulqini","isPartOf":{"@id":"https:\/\/www.visit-ulcinj.com\/blog\/#website"},"primaryImageOfPage":{"@id":"https:\/\/www.visit-ulcinj.com\/blog\/2014\/07\/31\/koncert-ane-ide-muratagic-u-ulcinju-1-avgusta\/#primaryimage"},"datePublished":"2014-07-31T18:40:32+00:00","dateModified":"2014-07-31T18:40:32+00:00","author":{"@id":"https:\/\/www.visit-ulcinj.com\/blog\/#\/schema\/person\/dcab619c614d3038751c63bc2aadc06d"},"description":"ULCINJ \u2013 Koncert klavirskog dua, koji \u010dine Ana i Ida Muratagi\u0107, bi\u0107e odr\u017ean u petak, 1. avgusta, u 21 sat u sali Muzi\u010dke \u0161kole. Na programu koncerta, pod","breadcrumb":{"@id":"https:\/\/www.visit-ulcinj.com\/blog\/2014\/07\/31\/koncert-ane-ide-muratagic-u-ulcinju-1-avgusta\/#breadcrumb"},"inLanguage":"en-US","potentialAction":[{"@type":"ReadAction","target":["https:\/\/www.visit-ulcinj.com\/blog\/2014\/07\/31\/koncert-ane-ide-muratagic-u-ulcinju-1-avgusta\/"]}]},{"@type":"BreadcrumbList","@id":"https:\/\/www.visit-ulcinj.com\/blog\/2014\/07\/31\/koncert-ane-ide-muratagic-u-ulcinju-1-avgusta\/#breadcrumb","itemListElement":[{"@type":"ListItem","position":1,"name":"Koncert Ane i Ide Muratagi\u0107 u Ulcinju 1. avgusta"}]},{"@type":"Person","@id":"https:\/\/www.visit-ulcinj.com\/blog\/#\/schema\/person\/dcab619c614d3038751c63bc2aadc06d","name":"ulqini","sameAs":["http:\/\/www.visit-ulcinj.com"],"url":"https:\/\/www.visit-ulcinj.com\/blog\/author\/admin\/"}]}},"jetpack_featured_media_url":"","jetpack_sharing_enabled":true,"jetpack_shortlink":"https:\/\/wp.me\/pe6lTn-lY0","_links":{"self":[{"href":"https:\/\/www.visit-ulcinj.com\/blog\/wp-json\/wp\/v2\/posts\/84444"}],"collection":[{"href":"https:\/\/www.visit-ulcinj.com\/blog\/wp-json\/wp\/v2\/posts"}],"about":[{"href":"https:\/\/www.visit-ulcinj.com\/blog\/wp-json\/wp\/v2\/types\/post"}],"author":[{"embeddable":true,"href":"https:\/\/www.visit-ulcinj.com\/blog\/wp-json\/wp\/v2\/users\/1"}],"replies":[{"embeddable":true,"href":"https:\/\/www.visit-ulcinj.com\/blog\/wp-json\/wp\/v2\/comments?post=84444"}],"version-history":[{"count":1,"href":"https:\/\/www.visit-ulcinj.com\/blog\/wp-json\/wp\/v2\/posts\/84444\/revisions"}],"predecessor-version":[{"id":84446,"href":"https:\/\/www.visit-ulcinj.com\/blog\/wp-json\/wp\/v2\/posts\/84444\/revisions\/84446"}],"wp:attachment":[{"href":"https:\/\/www.visit-ulcinj.com\/blog\/wp-json\/wp\/v2\/media?parent=84444"}],"wp:term":[{"taxonomy":"category","embeddable":true,"href":"https:\/\/www.visit-ulcinj.com\/blog\/wp-json\/wp\/v2\/categories?post=84444"},{"taxonomy":"post_tag","embeddable":true,"href":"https:\/\/www.visit-ulcinj.com\/blog\/wp-json\/wp\/v2\/tags?post=84444"}],"curies":[{"name":"wp","href":"https:\/\/api.w.org\/{rel}","templated":true}]}}