{"id":84460,"date":"2014-08-01T17:36:14","date_gmt":"2014-08-01T16:36:14","guid":{"rendered":"http:\/\/www.visit-ulcinj.com\/blog\/?p=84460"},"modified":"2014-08-01T17:36:14","modified_gmt":"2014-08-01T16:36:14","slug":"dritan-abazovic-vecina-go-pozitivne-protiv-pajovica","status":"publish","type":"post","link":"https:\/\/www.visit-ulcinj.com\/blog\/2014\/08\/01\/dritan-abazovic-vecina-go-pozitivne-protiv-pajovica\/","title":{"rendered":"Dritan Abazovi\u0107: Ve\u0107ina GO Pozitivne protiv Pajovi\u0107a"},"content":{"rendered":"<p><a href=\"http:\/\/www.visit-ulcinj.com\/blog\/wp-content\/uploads\/2014\/07\/Pajovic-Abazovic.jpg\"><img loading=\"lazy\" class=\"alignleft wp-image-84405 size-full\" src=\"http:\/\/www.visit-ulcinj.com\/blog\/wp-content\/uploads\/2014\/07\/Pajovic-Abazovic.jpg\" alt=\"Pajovic-Abazovic\" width=\"508\" height=\"403\" srcset=\"https:\/\/www.visit-ulcinj.com\/blog\/wp-content\/uploads\/2014\/07\/Pajovic-Abazovic.jpg 508w, https:\/\/www.visit-ulcinj.com\/blog\/wp-content\/uploads\/2014\/07\/Pajovic-Abazovic-300x237.jpg 300w\" sizes=\"(max-width: 508px) 100vw, 508px\" \/><\/a>\u010clan rukovodstva i poslanik Pozitivne Crne Gore Dritan Abazovi\u0107 je saop\u0161tio danas da je 26 od 51 \u010dlana Glavnog odbora te partije potpisalo zaklju\u010dke kojima se tra\u017ei ostavka predsjednika partije Darka Pajovi\u0107a, zakazivanje kongresa na jesen i ogra\u0111uje od Pajovi\u0107evih izjava na ra\u010dun potpredsjednika Pozitivne Mladena Bojani\u0107a i \u010dlana Predsjedni\u0161tva Nikole Necka Ko\u0107ala.<\/p>\n<p>Abazovi\u0107 je kazao i da je prirotet u odnosu na previranja u stranci formiranje opozicione vlasti u Podgorici.<\/p>\n<p>On je pozvao nosioca liste koalicije Evropsko lice Podgorice Dragana Bogojevi\u0107a da ne odustaje od kandidature za gradona\u010delnika, prenose Vijesti na svome portalu.<\/p>\n<p><strong>Izvor: PCNEN<\/strong><\/p>\n","protected":false},"excerpt":{"rendered":"<p>\u010clan rukovodstva i poslanik Pozitivne Crne Gore Dritan Abazovi\u0107 je saop\u0161tio danas da je 26 od 51 \u010dlana Glavnog odbora te partije potpisalo zaklju\u010dke kojima se tra\u017ei ostavka predsjednika partije Darka Pajovi\u0107a, zakazivanje kongresa na jesen i ogra\u0111uje od Pajovi\u0107evih izjava na ra\u010dun potpredsjednika Pozitivne Mladena Bojani\u0107a i \u010dlana Predsjedni\u0161tva Nikole Necka Ko\u0107ala. Abazovi\u0107 je [&hellip;]<\/p>\n","protected":false},"author":1,"featured_media":0,"comment_status":"closed","ping_status":"closed","sticky":false,"template":"","format":"standard","meta":{"spay_email":"","jetpack_publicize_message":"","jetpack_is_tweetstorm":false,"jetpack_publicize_feature_enabled":true},"categories":[6950],"tags":[],"jetpack_publicize_connections":[],"yoast_head":"<!-- This site is optimized with the Yoast SEO plugin v19.1 - https:\/\/yoast.com\/wordpress\/plugins\/seo\/ -->\n<title>Dritan Abazovi\u0107: Ve\u0107ina GO Pozitivne protiv Pajovi\u0107a - Lajme nga Ulqini<\/title>\n<meta name=\"description\" content=\"\u010clan rukovodstva i poslanik Pozitivne Crne Gore Dritan Abazovi\u0107 je saop\u0161tio danas da je 26 od 51 \u010dlana Glavnog odbora te partije potpisalo zaklju\u010dke\" \/>\n<meta name=\"robots\" content=\"index, follow, max-snippet:-1, max-image-preview:large, max-video-preview:-1\" \/>\n<link rel=\"canonical\" href=\"https:\/\/www.visit-ulcinj.com\/blog\/2014\/08\/01\/dritan-abazovic-vecina-go-pozitivne-protiv-pajovica\/\" \/>\n<meta property=\"og:locale\" content=\"en_US\" \/>\n<meta property=\"og:type\" content=\"article\" \/>\n<meta property=\"og:title\" content=\"Dritan Abazovi\u0107: Ve\u0107ina GO Pozitivne protiv Pajovi\u0107a - Lajme nga Ulqini\" \/>\n<meta property=\"og:description\" content=\"\u010clan rukovodstva i poslanik Pozitivne Crne Gore Dritan Abazovi\u0107 je saop\u0161tio danas da je 26 od 51 \u010dlana Glavnog odbora te partije potpisalo zaklju\u010dke\" \/>\n<meta property=\"og:url\" content=\"https:\/\/www.visit-ulcinj.com\/blog\/2014\/08\/01\/dritan-abazovic-vecina-go-pozitivne-protiv-pajovica\/\" \/>\n<meta property=\"og:site_name\" content=\"Lajme nga Ulqini\" \/>\n<meta property=\"article:published_time\" content=\"2014-08-01T16:36:14+00:00\" \/>\n<meta property=\"og:image\" content=\"http:\/\/www.visit-ulcinj.com\/blog\/wp-content\/uploads\/2014\/07\/Pajovic-Abazovic.jpg\" \/>\n<meta name=\"twitter:label1\" content=\"Written by\" \/>\n\t<meta name=\"twitter:data1\" content=\"ulqini\" \/>\n\t<meta name=\"twitter:label2\" content=\"Est. reading time\" \/>\n\t<meta name=\"twitter:data2\" content=\"1 minute\" \/>\n<script type=\"application\/ld+json\" class=\"yoast-schema-graph\">{\"@context\":\"https:\/\/schema.org\",\"@graph\":[{\"@type\":\"WebSite\",\"@id\":\"https:\/\/www.visit-ulcinj.com\/blog\/#website\",\"url\":\"https:\/\/www.visit-ulcinj.com\/blog\/\",\"name\":\"Lajme nga Ulqini\",\"description\":\"Lajme,Vijesti,Ulqini,Ulqin,Crna Gora,Mali i Zi\",\"potentialAction\":[{\"@type\":\"SearchAction\",\"target\":{\"@type\":\"EntryPoint\",\"urlTemplate\":\"https:\/\/www.visit-ulcinj.com\/blog\/?s={search_term_string}\"},\"query-input\":\"required name=search_term_string\"}],\"inLanguage\":\"en-US\"},{\"@type\":\"ImageObject\",\"inLanguage\":\"en-US\",\"@id\":\"https:\/\/www.visit-ulcinj.com\/blog\/2014\/08\/01\/dritan-abazovic-vecina-go-pozitivne-protiv-pajovica\/#primaryimage\",\"url\":\"https:\/\/www.visit-ulcinj.com\/blog\/wp-content\/uploads\/2014\/07\/Pajovic-Abazovic.jpg\",\"contentUrl\":\"https:\/\/www.visit-ulcinj.com\/blog\/wp-content\/uploads\/2014\/07\/Pajovic-Abazovic.jpg\",\"width\":508,\"height\":403},{\"@type\":\"WebPage\",\"@id\":\"https:\/\/www.visit-ulcinj.com\/blog\/2014\/08\/01\/dritan-abazovic-vecina-go-pozitivne-protiv-pajovica\/#webpage\",\"url\":\"https:\/\/www.visit-ulcinj.com\/blog\/2014\/08\/01\/dritan-abazovic-vecina-go-pozitivne-protiv-pajovica\/\",\"name\":\"Dritan Abazovi\u0107: Ve\u0107ina GO Pozitivne protiv Pajovi\u0107a - Lajme nga Ulqini\",\"isPartOf\":{\"@id\":\"https:\/\/www.visit-ulcinj.com\/blog\/#website\"},\"primaryImageOfPage\":{\"@id\":\"https:\/\/www.visit-ulcinj.com\/blog\/2014\/08\/01\/dritan-abazovic-vecina-go-pozitivne-protiv-pajovica\/#primaryimage\"},\"datePublished\":\"2014-08-01T16:36:14+00:00\",\"dateModified\":\"2014-08-01T16:36:14+00:00\",\"author\":{\"@id\":\"https:\/\/www.visit-ulcinj.com\/blog\/#\/schema\/person\/dcab619c614d3038751c63bc2aadc06d\"},\"description\":\"\u010clan rukovodstva i poslanik Pozitivne Crne Gore Dritan Abazovi\u0107 je saop\u0161tio danas da je 26 od 51 \u010dlana Glavnog odbora te partije potpisalo zaklju\u010dke\",\"breadcrumb\":{\"@id\":\"https:\/\/www.visit-ulcinj.com\/blog\/2014\/08\/01\/dritan-abazovic-vecina-go-pozitivne-protiv-pajovica\/#breadcrumb\"},\"inLanguage\":\"en-US\",\"potentialAction\":[{\"@type\":\"ReadAction\",\"target\":[\"https:\/\/www.visit-ulcinj.com\/blog\/2014\/08\/01\/dritan-abazovic-vecina-go-pozitivne-protiv-pajovica\/\"]}]},{\"@type\":\"BreadcrumbList\",\"@id\":\"https:\/\/www.visit-ulcinj.com\/blog\/2014\/08\/01\/dritan-abazovic-vecina-go-pozitivne-protiv-pajovica\/#breadcrumb\",\"itemListElement\":[{\"@type\":\"ListItem\",\"position\":1,\"name\":\"Dritan Abazovi\u0107: Ve\u0107ina GO Pozitivne protiv Pajovi\u0107a\"}]},{\"@type\":\"Person\",\"@id\":\"https:\/\/www.visit-ulcinj.com\/blog\/#\/schema\/person\/dcab619c614d3038751c63bc2aadc06d\",\"name\":\"ulqini\",\"sameAs\":[\"http:\/\/www.visit-ulcinj.com\"],\"url\":\"https:\/\/www.visit-ulcinj.com\/blog\/author\/admin\/\"}]}<\/script>\n<!-- \/ Yoast SEO plugin. -->","yoast_head_json":{"title":"Dritan Abazovi\u0107: Ve\u0107ina GO Pozitivne protiv Pajovi\u0107a - Lajme nga Ulqini","description":"\u010clan rukovodstva i poslanik Pozitivne Crne Gore Dritan Abazovi\u0107 je saop\u0161tio danas da je 26 od 51 \u010dlana Glavnog odbora te partije potpisalo zaklju\u010dke","robots":{"index":"index","follow":"follow","max-snippet":"max-snippet:-1","max-image-preview":"max-image-preview:large","max-video-preview":"max-video-preview:-1"},"canonical":"https:\/\/www.visit-ulcinj.com\/blog\/2014\/08\/01\/dritan-abazovic-vecina-go-pozitivne-protiv-pajovica\/","og_locale":"en_US","og_type":"article","og_title":"Dritan Abazovi\u0107: Ve\u0107ina GO Pozitivne protiv Pajovi\u0107a - Lajme nga Ulqini","og_description":"\u010clan rukovodstva i poslanik Pozitivne Crne Gore Dritan Abazovi\u0107 je saop\u0161tio danas da je 26 od 51 \u010dlana Glavnog odbora te partije potpisalo zaklju\u010dke","og_url":"https:\/\/www.visit-ulcinj.com\/blog\/2014\/08\/01\/dritan-abazovic-vecina-go-pozitivne-protiv-pajovica\/","og_site_name":"Lajme nga Ulqini","article_published_time":"2014-08-01T16:36:14+00:00","og_image":[{"url":"http:\/\/www.visit-ulcinj.com\/blog\/wp-content\/uploads\/2014\/07\/Pajovic-Abazovic.jpg"}],"twitter_misc":{"Written by":"ulqini","Est. reading time":"1 minute"},"schema":{"@context":"https:\/\/schema.org","@graph":[{"@type":"WebSite","@id":"https:\/\/www.visit-ulcinj.com\/blog\/#website","url":"https:\/\/www.visit-ulcinj.com\/blog\/","name":"Lajme nga Ulqini","description":"Lajme,Vijesti,Ulqini,Ulqin,Crna Gora,Mali i Zi","potentialAction":[{"@type":"SearchAction","target":{"@type":"EntryPoint","urlTemplate":"https:\/\/www.visit-ulcinj.com\/blog\/?s={search_term_string}"},"query-input":"required name=search_term_string"}],"inLanguage":"en-US"},{"@type":"ImageObject","inLanguage":"en-US","@id":"https:\/\/www.visit-ulcinj.com\/blog\/2014\/08\/01\/dritan-abazovic-vecina-go-pozitivne-protiv-pajovica\/#primaryimage","url":"https:\/\/www.visit-ulcinj.com\/blog\/wp-content\/uploads\/2014\/07\/Pajovic-Abazovic.jpg","contentUrl":"https:\/\/www.visit-ulcinj.com\/blog\/wp-content\/uploads\/2014\/07\/Pajovic-Abazovic.jpg","width":508,"height":403},{"@type":"WebPage","@id":"https:\/\/www.visit-ulcinj.com\/blog\/2014\/08\/01\/dritan-abazovic-vecina-go-pozitivne-protiv-pajovica\/#webpage","url":"https:\/\/www.visit-ulcinj.com\/blog\/2014\/08\/01\/dritan-abazovic-vecina-go-pozitivne-protiv-pajovica\/","name":"Dritan Abazovi\u0107: Ve\u0107ina GO Pozitivne protiv Pajovi\u0107a - Lajme nga Ulqini","isPartOf":{"@id":"https:\/\/www.visit-ulcinj.com\/blog\/#website"},"primaryImageOfPage":{"@id":"https:\/\/www.visit-ulcinj.com\/blog\/2014\/08\/01\/dritan-abazovic-vecina-go-pozitivne-protiv-pajovica\/#primaryimage"},"datePublished":"2014-08-01T16:36:14+00:00","dateModified":"2014-08-01T16:36:14+00:00","author":{"@id":"https:\/\/www.visit-ulcinj.com\/blog\/#\/schema\/person\/dcab619c614d3038751c63bc2aadc06d"},"description":"\u010clan rukovodstva i poslanik Pozitivne Crne Gore Dritan Abazovi\u0107 je saop\u0161tio danas da je 26 od 51 \u010dlana Glavnog odbora te partije potpisalo zaklju\u010dke","breadcrumb":{"@id":"https:\/\/www.visit-ulcinj.com\/blog\/2014\/08\/01\/dritan-abazovic-vecina-go-pozitivne-protiv-pajovica\/#breadcrumb"},"inLanguage":"en-US","potentialAction":[{"@type":"ReadAction","target":["https:\/\/www.visit-ulcinj.com\/blog\/2014\/08\/01\/dritan-abazovic-vecina-go-pozitivne-protiv-pajovica\/"]}]},{"@type":"BreadcrumbList","@id":"https:\/\/www.visit-ulcinj.com\/blog\/2014\/08\/01\/dritan-abazovic-vecina-go-pozitivne-protiv-pajovica\/#breadcrumb","itemListElement":[{"@type":"ListItem","position":1,"name":"Dritan Abazovi\u0107: Ve\u0107ina GO Pozitivne protiv Pajovi\u0107a"}]},{"@type":"Person","@id":"https:\/\/www.visit-ulcinj.com\/blog\/#\/schema\/person\/dcab619c614d3038751c63bc2aadc06d","name":"ulqini","sameAs":["http:\/\/www.visit-ulcinj.com"],"url":"https:\/\/www.visit-ulcinj.com\/blog\/author\/admin\/"}]}},"jetpack_featured_media_url":"","jetpack_sharing_enabled":true,"jetpack_shortlink":"https:\/\/wp.me\/pe6lTn-lYg","_links":{"self":[{"href":"https:\/\/www.visit-ulcinj.com\/blog\/wp-json\/wp\/v2\/posts\/84460"}],"collection":[{"href":"https:\/\/www.visit-ulcinj.com\/blog\/wp-json\/wp\/v2\/posts"}],"about":[{"href":"https:\/\/www.visit-ulcinj.com\/blog\/wp-json\/wp\/v2\/types\/post"}],"author":[{"embeddable":true,"href":"https:\/\/www.visit-ulcinj.com\/blog\/wp-json\/wp\/v2\/users\/1"}],"replies":[{"embeddable":true,"href":"https:\/\/www.visit-ulcinj.com\/blog\/wp-json\/wp\/v2\/comments?post=84460"}],"version-history":[{"count":1,"href":"https:\/\/www.visit-ulcinj.com\/blog\/wp-json\/wp\/v2\/posts\/84460\/revisions"}],"predecessor-version":[{"id":84461,"href":"https:\/\/www.visit-ulcinj.com\/blog\/wp-json\/wp\/v2\/posts\/84460\/revisions\/84461"}],"wp:attachment":[{"href":"https:\/\/www.visit-ulcinj.com\/blog\/wp-json\/wp\/v2\/media?parent=84460"}],"wp:term":[{"taxonomy":"category","embeddable":true,"href":"https:\/\/www.visit-ulcinj.com\/blog\/wp-json\/wp\/v2\/categories?post=84460"},{"taxonomy":"post_tag","embeddable":true,"href":"https:\/\/www.visit-ulcinj.com\/blog\/wp-json\/wp\/v2\/tags?post=84460"}],"curies":[{"name":"wp","href":"https:\/\/api.w.org\/{rel}","templated":true}]}}