{"id":84468,"date":"2014-08-01T18:23:36","date_gmt":"2014-08-01T17:23:36","guid":{"rendered":"http:\/\/www.visit-ulcinj.com\/blog\/?p=84468"},"modified":"2014-08-01T18:23:36","modified_gmt":"2014-08-01T17:23:36","slug":"mali-zi-leje-qendrimit-per-periudhe-te-gjate","status":"publish","type":"post","link":"https:\/\/www.visit-ulcinj.com\/blog\/2014\/08\/01\/mali-zi-leje-qendrimit-per-periudhe-te-gjate\/","title":{"rendered":"Mali i Zi me leje qendrimit per periudhe te gjate"},"content":{"rendered":"<p><strong><a href=\"http:\/\/www.visit-ulcinj.com\/blog\/wp-content\/uploads\/2014\/08\/Valixhe-me-para.jpg\"><img loading=\"lazy\" class=\"alignleft wp-image-84469\" src=\"http:\/\/www.visit-ulcinj.com\/blog\/wp-content\/uploads\/2014\/08\/Valixhe-me-para.jpg\" alt=\"Valixhe-me-para\" width=\"508\" height=\"444\" srcset=\"https:\/\/www.visit-ulcinj.com\/blog\/wp-content\/uploads\/2014\/08\/Valixhe-me-para.jpg 468w, https:\/\/www.visit-ulcinj.com\/blog\/wp-content\/uploads\/2014\/08\/Valixhe-me-para-300x262.jpg 300w\" sizes=\"(max-width: 508px) 100vw, 508px\" \/><\/a>Q\u00ebndrim m\u00eb i gjat\u00eb p\u00ebr t\u00eb huajt t\u00eb cil\u00ebt kan\u00eb pron\u00eb n\u00eb Mal t\u00eb Zi<\/strong><\/p>\n<p>Podgoric\u00eb, 1 gusht 2014 (MIA) &#8211; Qeveria malazeze dje e miratoi propozim ligjin p\u00ebr t\u00eb huaj, i cili do t&#8217;u mund\u00ebsoj\u00eb t\u00eb huajve q\u00eb kan\u00eb pron\u00eb n\u00eb Mal t\u00eb Zi t\u00eb mund t\u00eb q\u00ebndrojn\u00eb deri nj\u00eb vit, transmeton Tanjug-u.<\/p>\n<p>Deri m\u00eb tani, t\u00eb huajt, si dhe ata t\u00eb cil\u00ebt kan\u00eb pron\u00eb n\u00eb Mal t\u00eb Zi, mund t\u00eb q\u00ebndronin n\u00eb vend m\u00eb s\u00eb shumti 90 dit\u00eb.<\/p>\n<p>Drejtori i p\u00ebrgjithsh\u00ebm i Drejtoris\u00eb p\u00ebr pun\u00eb t\u00eb brendshme, Abid C\u00ebrnovrashanin deklaroi se me ligjin e ri do t\u00eb rregullohet \u00e7\u00ebshtja e pronar\u00ebve ekzistues dhe se do t\u00eb stimulohen t\u00eb huajt t\u00eb investojn\u00eb n\u00eb patundshm\u00ebri n\u00eb Mal t\u00eb Zi.<\/p>\n<p>Ai theksoi se p\u00ebr her\u00eb t\u00eb par\u00eb, pjesa p\u00ebr t\u00eb huajt, p\u00ebrkat\u00ebsisht \u00e7\u00ebshtja p\u00ebr daljen dhe hyrjen e tyre, q\u00ebndrimin, paraqitja p\u00ebr pun\u00ebsim, do t\u00eb jet\u00eb pjes\u00eb e nj\u00eb akti juridik.<\/p>\n<p>&#8220;Me ligjin e ri do t&#8217;u mund\u00ebsohet t\u00eb huajve t&#8217;i zgjidhin \u00e7\u00ebshtjet e tyre statusore, si dhe ato lidhur me pun\u00ebsimin, t\u00eb zgjidhen me nj\u00eb procedur\u00eb tek nj\u00eb organ, p\u00ebrkat\u00ebsisht n\u00eb Ministrin\u00eb e Pun\u00ebve t\u00eb Brendshme&#8221;, theksoi C\u00ebrnovrshanin.<\/p>\n<p>MIA<\/p>\n","protected":false},"excerpt":{"rendered":"<p>Q\u00ebndrim m\u00eb i gjat\u00eb p\u00ebr t\u00eb huajt t\u00eb cil\u00ebt kan\u00eb pron\u00eb n\u00eb Mal t\u00eb Zi Podgoric\u00eb, 1 gusht 2014 (MIA) &#8211; Qeveria malazeze dje e miratoi propozim ligjin p\u00ebr t\u00eb huaj, i cili do t&#8217;u mund\u00ebsoj\u00eb t\u00eb huajve q\u00eb kan\u00eb pron\u00eb n\u00eb Mal t\u00eb Zi t\u00eb mund t\u00eb q\u00ebndrojn\u00eb deri nj\u00eb vit, transmeton Tanjug-u. Deri [&hellip;]<\/p>\n","protected":false},"author":1,"featured_media":0,"comment_status":"closed","ping_status":"closed","sticky":false,"template":"","format":"standard","meta":{"spay_email":"","jetpack_publicize_message":"","jetpack_is_tweetstorm":false,"jetpack_publicize_feature_enabled":true},"categories":[2451],"tags":[],"jetpack_publicize_connections":[],"yoast_head":"<!-- This site is optimized with the Yoast SEO plugin v19.1 - https:\/\/yoast.com\/wordpress\/plugins\/seo\/ -->\n<title>Mali i Zi me leje qendrimit per periudhe te gjate - Lajme nga Ulqini<\/title>\n<meta name=\"description\" content=\"Q\u00ebndrim m\u00eb i gjat\u00eb p\u00ebr t\u00eb huajt t\u00eb cil\u00ebt kan\u00eb pron\u00eb n\u00eb Mal t\u00eb Zi Podgoric\u00eb, 1 gusht 2014 (MIA) - Qeveria malazeze dje e miratoi propozim ligjin p\u00ebr t\u00eb\" \/>\n<meta name=\"robots\" content=\"index, follow, max-snippet:-1, max-image-preview:large, max-video-preview:-1\" \/>\n<link rel=\"canonical\" href=\"https:\/\/www.visit-ulcinj.com\/blog\/2014\/08\/01\/mali-zi-leje-qendrimit-per-periudhe-te-gjate\/\" \/>\n<meta property=\"og:locale\" content=\"en_US\" \/>\n<meta property=\"og:type\" content=\"article\" \/>\n<meta property=\"og:title\" content=\"Mali i Zi me leje qendrimit per periudhe te gjate - Lajme nga Ulqini\" \/>\n<meta property=\"og:description\" content=\"Q\u00ebndrim m\u00eb i gjat\u00eb p\u00ebr t\u00eb huajt t\u00eb cil\u00ebt kan\u00eb pron\u00eb n\u00eb Mal t\u00eb Zi Podgoric\u00eb, 1 gusht 2014 (MIA) - Qeveria malazeze dje e miratoi propozim ligjin p\u00ebr t\u00eb\" \/>\n<meta property=\"og:url\" content=\"https:\/\/www.visit-ulcinj.com\/blog\/2014\/08\/01\/mali-zi-leje-qendrimit-per-periudhe-te-gjate\/\" \/>\n<meta property=\"og:site_name\" content=\"Lajme nga Ulqini\" \/>\n<meta property=\"article:published_time\" content=\"2014-08-01T17:23:36+00:00\" \/>\n<meta property=\"og:image\" content=\"http:\/\/www.visit-ulcinj.com\/blog\/wp-content\/uploads\/2014\/08\/Valixhe-me-para.jpg\" \/>\n<meta name=\"twitter:label1\" content=\"Written by\" \/>\n\t<meta name=\"twitter:data1\" content=\"ulqini\" \/>\n\t<meta name=\"twitter:label2\" content=\"Est. reading time\" \/>\n\t<meta name=\"twitter:data2\" content=\"1 minute\" \/>\n<script type=\"application\/ld+json\" class=\"yoast-schema-graph\">{\"@context\":\"https:\/\/schema.org\",\"@graph\":[{\"@type\":\"WebSite\",\"@id\":\"https:\/\/www.visit-ulcinj.com\/blog\/#website\",\"url\":\"https:\/\/www.visit-ulcinj.com\/blog\/\",\"name\":\"Lajme nga Ulqini\",\"description\":\"Lajme,Vijesti,Ulqini,Ulqin,Crna Gora,Mali i Zi\",\"potentialAction\":[{\"@type\":\"SearchAction\",\"target\":{\"@type\":\"EntryPoint\",\"urlTemplate\":\"https:\/\/www.visit-ulcinj.com\/blog\/?s={search_term_string}\"},\"query-input\":\"required name=search_term_string\"}],\"inLanguage\":\"en-US\"},{\"@type\":\"ImageObject\",\"inLanguage\":\"en-US\",\"@id\":\"https:\/\/www.visit-ulcinj.com\/blog\/2014\/08\/01\/mali-zi-leje-qendrimit-per-periudhe-te-gjate\/#primaryimage\",\"url\":\"https:\/\/www.visit-ulcinj.com\/blog\/wp-content\/uploads\/2014\/08\/Valixhe-me-para.jpg\",\"contentUrl\":\"https:\/\/www.visit-ulcinj.com\/blog\/wp-content\/uploads\/2014\/08\/Valixhe-me-para.jpg\",\"width\":468,\"height\":409},{\"@type\":\"WebPage\",\"@id\":\"https:\/\/www.visit-ulcinj.com\/blog\/2014\/08\/01\/mali-zi-leje-qendrimit-per-periudhe-te-gjate\/#webpage\",\"url\":\"https:\/\/www.visit-ulcinj.com\/blog\/2014\/08\/01\/mali-zi-leje-qendrimit-per-periudhe-te-gjate\/\",\"name\":\"Mali i Zi me leje qendrimit per periudhe te gjate - Lajme nga Ulqini\",\"isPartOf\":{\"@id\":\"https:\/\/www.visit-ulcinj.com\/blog\/#website\"},\"primaryImageOfPage\":{\"@id\":\"https:\/\/www.visit-ulcinj.com\/blog\/2014\/08\/01\/mali-zi-leje-qendrimit-per-periudhe-te-gjate\/#primaryimage\"},\"datePublished\":\"2014-08-01T17:23:36+00:00\",\"dateModified\":\"2014-08-01T17:23:36+00:00\",\"author\":{\"@id\":\"https:\/\/www.visit-ulcinj.com\/blog\/#\/schema\/person\/dcab619c614d3038751c63bc2aadc06d\"},\"description\":\"Q\u00ebndrim m\u00eb i gjat\u00eb p\u00ebr t\u00eb huajt t\u00eb cil\u00ebt kan\u00eb pron\u00eb n\u00eb Mal t\u00eb Zi Podgoric\u00eb, 1 gusht 2014 (MIA) - Qeveria malazeze dje e miratoi propozim ligjin p\u00ebr t\u00eb\",\"breadcrumb\":{\"@id\":\"https:\/\/www.visit-ulcinj.com\/blog\/2014\/08\/01\/mali-zi-leje-qendrimit-per-periudhe-te-gjate\/#breadcrumb\"},\"inLanguage\":\"en-US\",\"potentialAction\":[{\"@type\":\"ReadAction\",\"target\":[\"https:\/\/www.visit-ulcinj.com\/blog\/2014\/08\/01\/mali-zi-leje-qendrimit-per-periudhe-te-gjate\/\"]}]},{\"@type\":\"BreadcrumbList\",\"@id\":\"https:\/\/www.visit-ulcinj.com\/blog\/2014\/08\/01\/mali-zi-leje-qendrimit-per-periudhe-te-gjate\/#breadcrumb\",\"itemListElement\":[{\"@type\":\"ListItem\",\"position\":1,\"name\":\"Mali i Zi me leje qendrimit per periudhe te gjate\"}]},{\"@type\":\"Person\",\"@id\":\"https:\/\/www.visit-ulcinj.com\/blog\/#\/schema\/person\/dcab619c614d3038751c63bc2aadc06d\",\"name\":\"ulqini\",\"sameAs\":[\"http:\/\/www.visit-ulcinj.com\"],\"url\":\"https:\/\/www.visit-ulcinj.com\/blog\/author\/admin\/\"}]}<\/script>\n<!-- \/ Yoast SEO plugin. -->","yoast_head_json":{"title":"Mali i Zi me leje qendrimit per periudhe te gjate - Lajme nga Ulqini","description":"Q\u00ebndrim m\u00eb i gjat\u00eb p\u00ebr t\u00eb huajt t\u00eb cil\u00ebt kan\u00eb pron\u00eb n\u00eb Mal t\u00eb Zi Podgoric\u00eb, 1 gusht 2014 (MIA) - Qeveria malazeze dje e miratoi propozim ligjin p\u00ebr t\u00eb","robots":{"index":"index","follow":"follow","max-snippet":"max-snippet:-1","max-image-preview":"max-image-preview:large","max-video-preview":"max-video-preview:-1"},"canonical":"https:\/\/www.visit-ulcinj.com\/blog\/2014\/08\/01\/mali-zi-leje-qendrimit-per-periudhe-te-gjate\/","og_locale":"en_US","og_type":"article","og_title":"Mali i Zi me leje qendrimit per periudhe te gjate - Lajme nga Ulqini","og_description":"Q\u00ebndrim m\u00eb i gjat\u00eb p\u00ebr t\u00eb huajt t\u00eb cil\u00ebt kan\u00eb pron\u00eb n\u00eb Mal t\u00eb Zi Podgoric\u00eb, 1 gusht 2014 (MIA) - Qeveria malazeze dje e miratoi propozim ligjin p\u00ebr t\u00eb","og_url":"https:\/\/www.visit-ulcinj.com\/blog\/2014\/08\/01\/mali-zi-leje-qendrimit-per-periudhe-te-gjate\/","og_site_name":"Lajme nga Ulqini","article_published_time":"2014-08-01T17:23:36+00:00","og_image":[{"url":"http:\/\/www.visit-ulcinj.com\/blog\/wp-content\/uploads\/2014\/08\/Valixhe-me-para.jpg"}],"twitter_misc":{"Written by":"ulqini","Est. reading time":"1 minute"},"schema":{"@context":"https:\/\/schema.org","@graph":[{"@type":"WebSite","@id":"https:\/\/www.visit-ulcinj.com\/blog\/#website","url":"https:\/\/www.visit-ulcinj.com\/blog\/","name":"Lajme nga Ulqini","description":"Lajme,Vijesti,Ulqini,Ulqin,Crna Gora,Mali i Zi","potentialAction":[{"@type":"SearchAction","target":{"@type":"EntryPoint","urlTemplate":"https:\/\/www.visit-ulcinj.com\/blog\/?s={search_term_string}"},"query-input":"required name=search_term_string"}],"inLanguage":"en-US"},{"@type":"ImageObject","inLanguage":"en-US","@id":"https:\/\/www.visit-ulcinj.com\/blog\/2014\/08\/01\/mali-zi-leje-qendrimit-per-periudhe-te-gjate\/#primaryimage","url":"https:\/\/www.visit-ulcinj.com\/blog\/wp-content\/uploads\/2014\/08\/Valixhe-me-para.jpg","contentUrl":"https:\/\/www.visit-ulcinj.com\/blog\/wp-content\/uploads\/2014\/08\/Valixhe-me-para.jpg","width":468,"height":409},{"@type":"WebPage","@id":"https:\/\/www.visit-ulcinj.com\/blog\/2014\/08\/01\/mali-zi-leje-qendrimit-per-periudhe-te-gjate\/#webpage","url":"https:\/\/www.visit-ulcinj.com\/blog\/2014\/08\/01\/mali-zi-leje-qendrimit-per-periudhe-te-gjate\/","name":"Mali i Zi me leje qendrimit per periudhe te gjate - Lajme nga Ulqini","isPartOf":{"@id":"https:\/\/www.visit-ulcinj.com\/blog\/#website"},"primaryImageOfPage":{"@id":"https:\/\/www.visit-ulcinj.com\/blog\/2014\/08\/01\/mali-zi-leje-qendrimit-per-periudhe-te-gjate\/#primaryimage"},"datePublished":"2014-08-01T17:23:36+00:00","dateModified":"2014-08-01T17:23:36+00:00","author":{"@id":"https:\/\/www.visit-ulcinj.com\/blog\/#\/schema\/person\/dcab619c614d3038751c63bc2aadc06d"},"description":"Q\u00ebndrim m\u00eb i gjat\u00eb p\u00ebr t\u00eb huajt t\u00eb cil\u00ebt kan\u00eb pron\u00eb n\u00eb Mal t\u00eb Zi Podgoric\u00eb, 1 gusht 2014 (MIA) - Qeveria malazeze dje e miratoi propozim ligjin p\u00ebr t\u00eb","breadcrumb":{"@id":"https:\/\/www.visit-ulcinj.com\/blog\/2014\/08\/01\/mali-zi-leje-qendrimit-per-periudhe-te-gjate\/#breadcrumb"},"inLanguage":"en-US","potentialAction":[{"@type":"ReadAction","target":["https:\/\/www.visit-ulcinj.com\/blog\/2014\/08\/01\/mali-zi-leje-qendrimit-per-periudhe-te-gjate\/"]}]},{"@type":"BreadcrumbList","@id":"https:\/\/www.visit-ulcinj.com\/blog\/2014\/08\/01\/mali-zi-leje-qendrimit-per-periudhe-te-gjate\/#breadcrumb","itemListElement":[{"@type":"ListItem","position":1,"name":"Mali i Zi me leje qendrimit per periudhe te gjate"}]},{"@type":"Person","@id":"https:\/\/www.visit-ulcinj.com\/blog\/#\/schema\/person\/dcab619c614d3038751c63bc2aadc06d","name":"ulqini","sameAs":["http:\/\/www.visit-ulcinj.com"],"url":"https:\/\/www.visit-ulcinj.com\/blog\/author\/admin\/"}]}},"jetpack_featured_media_url":"","jetpack_sharing_enabled":true,"jetpack_shortlink":"https:\/\/wp.me\/pe6lTn-lYo","_links":{"self":[{"href":"https:\/\/www.visit-ulcinj.com\/blog\/wp-json\/wp\/v2\/posts\/84468"}],"collection":[{"href":"https:\/\/www.visit-ulcinj.com\/blog\/wp-json\/wp\/v2\/posts"}],"about":[{"href":"https:\/\/www.visit-ulcinj.com\/blog\/wp-json\/wp\/v2\/types\/post"}],"author":[{"embeddable":true,"href":"https:\/\/www.visit-ulcinj.com\/blog\/wp-json\/wp\/v2\/users\/1"}],"replies":[{"embeddable":true,"href":"https:\/\/www.visit-ulcinj.com\/blog\/wp-json\/wp\/v2\/comments?post=84468"}],"version-history":[{"count":1,"href":"https:\/\/www.visit-ulcinj.com\/blog\/wp-json\/wp\/v2\/posts\/84468\/revisions"}],"predecessor-version":[{"id":84470,"href":"https:\/\/www.visit-ulcinj.com\/blog\/wp-json\/wp\/v2\/posts\/84468\/revisions\/84470"}],"wp:attachment":[{"href":"https:\/\/www.visit-ulcinj.com\/blog\/wp-json\/wp\/v2\/media?parent=84468"}],"wp:term":[{"taxonomy":"category","embeddable":true,"href":"https:\/\/www.visit-ulcinj.com\/blog\/wp-json\/wp\/v2\/categories?post=84468"},{"taxonomy":"post_tag","embeddable":true,"href":"https:\/\/www.visit-ulcinj.com\/blog\/wp-json\/wp\/v2\/tags?post=84468"}],"curies":[{"name":"wp","href":"https:\/\/api.w.org\/{rel}","templated":true}]}}