{"id":84491,"date":"2014-08-03T22:41:41","date_gmt":"2014-08-03T21:41:41","guid":{"rendered":"http:\/\/www.visit-ulcinj.com\/blog\/?p=84491"},"modified":"2014-08-05T14:58:04","modified_gmt":"2014-08-05T13:58:04","slug":"turistet-shqiptare-ne-ulqin-rreziten-duke-vallezuar-video","status":"publish","type":"post","link":"https:\/\/www.visit-ulcinj.com\/blog\/2014\/08\/03\/turistet-shqiptare-ne-ulqin-rreziten-duke-vallezuar-video\/","title":{"rendered":"Turist\u00ebt shqiptar\u00eb n\u00eb Ulqin: Rreziten duke vall\u00ebzuar! (Video)"},"content":{"rendered":"<p><a href=\"http:\/\/www.visit-ulcinj.com\/blog\/wp-content\/uploads\/2014\/08\/Pushuesit-shqiptar\u00eb-n\u00eb-Ulqin.jpg\"><img loading=\"lazy\" class=\"alignleft wp-image-84492\" src=\"http:\/\/www.visit-ulcinj.com\/blog\/wp-content\/uploads\/2014\/08\/Pushuesit-shqiptar\u00eb-n\u00eb-Ulqin.jpg\" alt=\"Pushuesit shqiptar\u00eb n\u00eb Ulqin\" width=\"508\" height=\"286\" srcset=\"https:\/\/www.visit-ulcinj.com\/blog\/wp-content\/uploads\/2014\/08\/Pushuesit-shqiptar\u00eb-n\u00eb-Ulqin.jpg 640w, https:\/\/www.visit-ulcinj.com\/blog\/wp-content\/uploads\/2014\/08\/Pushuesit-shqiptar\u00eb-n\u00eb-Ulqin-300x168.jpg 300w\" sizes=\"(max-width: 508px) 100vw, 508px\" \/><\/a>Plazhin e Madh t\u00eb Ulqinit, shqiptaret nga diaspora kan\u00eb filluar ta shfryt\u00ebzojn\u00eb &#8211; m\u00eb shum\u00eb se p\u00ebr rrezitje &#8211; p\u00ebr valle n\u00ebn ritmet tallava.<br \/>\nPortali Gazeta Plus sjell nj\u00eb video ku ju mund t\u2019i shihni turist\u00ebt bashk\u00ebvend\u00ebs q\u00eb pushojn\u00eb n\u00eb Ulqin, t\u00eb kapur dor\u00eb p\u00ebr dore e duke vall\u00ebzuar n\u00eb rroba t\u00eb larjes.<\/p>\n<p>Duket se dasmat e k\u00ebsaj vere, atyre u kan\u00eb si \u201cprelud\u201d p\u00ebr atmosfer\u00ebn ndryshe n\u00eb Ulqin.<\/p>\n<p>Telegrafi<\/p>\n<p><iframe loading=\"lazy\" src=\"\/\/www.dailymotion.com\/embed\/video\/x22q6q0?autoPlay=1\" width=\"508&lt;br \/&gt;&lt;br \/&gt;&lt;br \/&gt;\n0\" height=\"315\" frameborder=\"0\" allowfullscreen=\"allowfullscreen\"><\/iframe><\/p>\n","protected":false},"excerpt":{"rendered":"<p>Plazhin e Madh t\u00eb Ulqinit, shqiptaret nga diaspora kan\u00eb filluar ta shfryt\u00ebzojn\u00eb &#8211; m\u00eb shum\u00eb se p\u00ebr rrezitje &#8211; p\u00ebr valle n\u00ebn ritmet tallava. Portali Gazeta Plus sjell nj\u00eb video ku ju mund t\u2019i shihni turist\u00ebt bashk\u00ebvend\u00ebs q\u00eb pushojn\u00eb n\u00eb Ulqin, t\u00eb kapur dor\u00eb p\u00ebr dore e duke vall\u00ebzuar n\u00eb rroba t\u00eb larjes. Duket se [&hellip;]<\/p>\n","protected":false},"author":1,"featured_media":0,"comment_status":"closed","ping_status":"closed","sticky":false,"template":"","format":"standard","meta":{"spay_email":"","jetpack_publicize_message":"","jetpack_is_tweetstorm":false,"jetpack_publicize_feature_enabled":true},"categories":[1,14],"tags":[],"jetpack_publicize_connections":[],"yoast_head":"<!-- This site is optimized with the Yoast SEO plugin v19.1 - https:\/\/yoast.com\/wordpress\/plugins\/seo\/ -->\n<title>Turist\u00ebt shqiptar\u00eb n\u00eb Ulqin: Rreziten duke vall\u00ebzuar! (Video) - Lajme nga Ulqini<\/title>\n<meta name=\"description\" content=\"Plazhin e Madh t\u00eb Ulqinit, shqiptaret nga diaspora kan\u00eb filluar ta shfryt\u00ebzojn\u00eb - m\u00eb shum\u00eb se p\u00ebr rrezitje - p\u00ebr valle n\u00ebn ritmet tallava. Portali Gazeta\" \/>\n<meta name=\"robots\" content=\"index, follow, max-snippet:-1, max-image-preview:large, max-video-preview:-1\" \/>\n<link rel=\"canonical\" href=\"https:\/\/www.visit-ulcinj.com\/blog\/2014\/08\/03\/turistet-shqiptare-ne-ulqin-rreziten-duke-vallezuar-video\/\" \/>\n<meta property=\"og:locale\" content=\"en_US\" \/>\n<meta property=\"og:type\" content=\"article\" \/>\n<meta property=\"og:title\" content=\"Turist\u00ebt shqiptar\u00eb n\u00eb Ulqin: Rreziten duke vall\u00ebzuar! (Video) - Lajme nga Ulqini\" \/>\n<meta property=\"og:description\" content=\"Plazhin e Madh t\u00eb Ulqinit, shqiptaret nga diaspora kan\u00eb filluar ta shfryt\u00ebzojn\u00eb - m\u00eb shum\u00eb se p\u00ebr rrezitje - p\u00ebr valle n\u00ebn ritmet tallava. Portali Gazeta\" \/>\n<meta property=\"og:url\" content=\"https:\/\/www.visit-ulcinj.com\/blog\/2014\/08\/03\/turistet-shqiptare-ne-ulqin-rreziten-duke-vallezuar-video\/\" \/>\n<meta property=\"og:site_name\" content=\"Lajme nga Ulqini\" \/>\n<meta property=\"article:published_time\" content=\"2014-08-03T21:41:41+00:00\" \/>\n<meta property=\"article:modified_time\" content=\"2014-08-05T13:58:04+00:00\" \/>\n<meta name=\"twitter:label1\" content=\"Written by\" \/>\n\t<meta name=\"twitter:data1\" content=\"ulqini\" \/>\n<script type=\"application\/ld+json\" class=\"yoast-schema-graph\">{\"@context\":\"https:\/\/schema.org\",\"@graph\":[{\"@type\":\"WebSite\",\"@id\":\"https:\/\/www.visit-ulcinj.com\/blog\/#website\",\"url\":\"https:\/\/www.visit-ulcinj.com\/blog\/\",\"name\":\"Lajme nga Ulqini\",\"description\":\"Lajme,Vijesti,Ulqini,Ulqin,Crna Gora,Mali i Zi\",\"potentialAction\":[{\"@type\":\"SearchAction\",\"target\":{\"@type\":\"EntryPoint\",\"urlTemplate\":\"https:\/\/www.visit-ulcinj.com\/blog\/?s={search_term_string}\"},\"query-input\":\"required name=search_term_string\"}],\"inLanguage\":\"en-US\"},{\"@type\":\"WebPage\",\"@id\":\"https:\/\/www.visit-ulcinj.com\/blog\/2014\/08\/03\/turistet-shqiptare-ne-ulqin-rreziten-duke-vallezuar-video\/#webpage\",\"url\":\"https:\/\/www.visit-ulcinj.com\/blog\/2014\/08\/03\/turistet-shqiptare-ne-ulqin-rreziten-duke-vallezuar-video\/\",\"name\":\"Turist\u00ebt shqiptar\u00eb n\u00eb Ulqin: Rreziten duke vall\u00ebzuar! (Video) - Lajme nga Ulqini\",\"isPartOf\":{\"@id\":\"https:\/\/www.visit-ulcinj.com\/blog\/#website\"},\"datePublished\":\"2014-08-03T21:41:41+00:00\",\"dateModified\":\"2014-08-05T13:58:04+00:00\",\"author\":{\"@id\":\"https:\/\/www.visit-ulcinj.com\/blog\/#\/schema\/person\/dcab619c614d3038751c63bc2aadc06d\"},\"description\":\"Plazhin e Madh t\u00eb Ulqinit, shqiptaret nga diaspora kan\u00eb filluar ta shfryt\u00ebzojn\u00eb - m\u00eb shum\u00eb se p\u00ebr rrezitje - p\u00ebr valle n\u00ebn ritmet tallava. Portali Gazeta\",\"breadcrumb\":{\"@id\":\"https:\/\/www.visit-ulcinj.com\/blog\/2014\/08\/03\/turistet-shqiptare-ne-ulqin-rreziten-duke-vallezuar-video\/#breadcrumb\"},\"inLanguage\":\"en-US\",\"potentialAction\":[{\"@type\":\"ReadAction\",\"target\":[\"https:\/\/www.visit-ulcinj.com\/blog\/2014\/08\/03\/turistet-shqiptare-ne-ulqin-rreziten-duke-vallezuar-video\/\"]}]},{\"@type\":\"BreadcrumbList\",\"@id\":\"https:\/\/www.visit-ulcinj.com\/blog\/2014\/08\/03\/turistet-shqiptare-ne-ulqin-rreziten-duke-vallezuar-video\/#breadcrumb\",\"itemListElement\":[{\"@type\":\"ListItem\",\"position\":1,\"name\":\"Turist\u00ebt shqiptar\u00eb n\u00eb Ulqin: Rreziten duke vall\u00ebzuar! (Video)\"}]},{\"@type\":\"Person\",\"@id\":\"https:\/\/www.visit-ulcinj.com\/blog\/#\/schema\/person\/dcab619c614d3038751c63bc2aadc06d\",\"name\":\"ulqini\",\"sameAs\":[\"http:\/\/www.visit-ulcinj.com\"],\"url\":\"https:\/\/www.visit-ulcinj.com\/blog\/author\/admin\/\"}]}<\/script>\n<!-- \/ Yoast SEO plugin. -->","yoast_head_json":{"title":"Turist\u00ebt shqiptar\u00eb n\u00eb Ulqin: Rreziten duke vall\u00ebzuar! (Video) - Lajme nga Ulqini","description":"Plazhin e Madh t\u00eb Ulqinit, shqiptaret nga diaspora kan\u00eb filluar ta shfryt\u00ebzojn\u00eb - m\u00eb shum\u00eb se p\u00ebr rrezitje - p\u00ebr valle n\u00ebn ritmet tallava. Portali Gazeta","robots":{"index":"index","follow":"follow","max-snippet":"max-snippet:-1","max-image-preview":"max-image-preview:large","max-video-preview":"max-video-preview:-1"},"canonical":"https:\/\/www.visit-ulcinj.com\/blog\/2014\/08\/03\/turistet-shqiptare-ne-ulqin-rreziten-duke-vallezuar-video\/","og_locale":"en_US","og_type":"article","og_title":"Turist\u00ebt shqiptar\u00eb n\u00eb Ulqin: Rreziten duke vall\u00ebzuar! (Video) - Lajme nga Ulqini","og_description":"Plazhin e Madh t\u00eb Ulqinit, shqiptaret nga diaspora kan\u00eb filluar ta shfryt\u00ebzojn\u00eb - m\u00eb shum\u00eb se p\u00ebr rrezitje - p\u00ebr valle n\u00ebn ritmet tallava. Portali Gazeta","og_url":"https:\/\/www.visit-ulcinj.com\/blog\/2014\/08\/03\/turistet-shqiptare-ne-ulqin-rreziten-duke-vallezuar-video\/","og_site_name":"Lajme nga Ulqini","article_published_time":"2014-08-03T21:41:41+00:00","article_modified_time":"2014-08-05T13:58:04+00:00","twitter_misc":{"Written by":"ulqini"},"schema":{"@context":"https:\/\/schema.org","@graph":[{"@type":"WebSite","@id":"https:\/\/www.visit-ulcinj.com\/blog\/#website","url":"https:\/\/www.visit-ulcinj.com\/blog\/","name":"Lajme nga Ulqini","description":"Lajme,Vijesti,Ulqini,Ulqin,Crna Gora,Mali i Zi","potentialAction":[{"@type":"SearchAction","target":{"@type":"EntryPoint","urlTemplate":"https:\/\/www.visit-ulcinj.com\/blog\/?s={search_term_string}"},"query-input":"required name=search_term_string"}],"inLanguage":"en-US"},{"@type":"WebPage","@id":"https:\/\/www.visit-ulcinj.com\/blog\/2014\/08\/03\/turistet-shqiptare-ne-ulqin-rreziten-duke-vallezuar-video\/#webpage","url":"https:\/\/www.visit-ulcinj.com\/blog\/2014\/08\/03\/turistet-shqiptare-ne-ulqin-rreziten-duke-vallezuar-video\/","name":"Turist\u00ebt shqiptar\u00eb n\u00eb Ulqin: Rreziten duke vall\u00ebzuar! (Video) - Lajme nga Ulqini","isPartOf":{"@id":"https:\/\/www.visit-ulcinj.com\/blog\/#website"},"datePublished":"2014-08-03T21:41:41+00:00","dateModified":"2014-08-05T13:58:04+00:00","author":{"@id":"https:\/\/www.visit-ulcinj.com\/blog\/#\/schema\/person\/dcab619c614d3038751c63bc2aadc06d"},"description":"Plazhin e Madh t\u00eb Ulqinit, shqiptaret nga diaspora kan\u00eb filluar ta shfryt\u00ebzojn\u00eb - m\u00eb shum\u00eb se p\u00ebr rrezitje - p\u00ebr valle n\u00ebn ritmet tallava. Portali Gazeta","breadcrumb":{"@id":"https:\/\/www.visit-ulcinj.com\/blog\/2014\/08\/03\/turistet-shqiptare-ne-ulqin-rreziten-duke-vallezuar-video\/#breadcrumb"},"inLanguage":"en-US","potentialAction":[{"@type":"ReadAction","target":["https:\/\/www.visit-ulcinj.com\/blog\/2014\/08\/03\/turistet-shqiptare-ne-ulqin-rreziten-duke-vallezuar-video\/"]}]},{"@type":"BreadcrumbList","@id":"https:\/\/www.visit-ulcinj.com\/blog\/2014\/08\/03\/turistet-shqiptare-ne-ulqin-rreziten-duke-vallezuar-video\/#breadcrumb","itemListElement":[{"@type":"ListItem","position":1,"name":"Turist\u00ebt shqiptar\u00eb n\u00eb Ulqin: Rreziten duke vall\u00ebzuar! (Video)"}]},{"@type":"Person","@id":"https:\/\/www.visit-ulcinj.com\/blog\/#\/schema\/person\/dcab619c614d3038751c63bc2aadc06d","name":"ulqini","sameAs":["http:\/\/www.visit-ulcinj.com"],"url":"https:\/\/www.visit-ulcinj.com\/blog\/author\/admin\/"}]}},"jetpack_featured_media_url":"","jetpack_sharing_enabled":true,"jetpack_shortlink":"https:\/\/wp.me\/pe6lTn-lYL","_links":{"self":[{"href":"https:\/\/www.visit-ulcinj.com\/blog\/wp-json\/wp\/v2\/posts\/84491"}],"collection":[{"href":"https:\/\/www.visit-ulcinj.com\/blog\/wp-json\/wp\/v2\/posts"}],"about":[{"href":"https:\/\/www.visit-ulcinj.com\/blog\/wp-json\/wp\/v2\/types\/post"}],"author":[{"embeddable":true,"href":"https:\/\/www.visit-ulcinj.com\/blog\/wp-json\/wp\/v2\/users\/1"}],"replies":[{"embeddable":true,"href":"https:\/\/www.visit-ulcinj.com\/blog\/wp-json\/wp\/v2\/comments?post=84491"}],"version-history":[{"count":5,"href":"https:\/\/www.visit-ulcinj.com\/blog\/wp-json\/wp\/v2\/posts\/84491\/revisions"}],"predecessor-version":[{"id":84525,"href":"https:\/\/www.visit-ulcinj.com\/blog\/wp-json\/wp\/v2\/posts\/84491\/revisions\/84525"}],"wp:attachment":[{"href":"https:\/\/www.visit-ulcinj.com\/blog\/wp-json\/wp\/v2\/media?parent=84491"}],"wp:term":[{"taxonomy":"category","embeddable":true,"href":"https:\/\/www.visit-ulcinj.com\/blog\/wp-json\/wp\/v2\/categories?post=84491"},{"taxonomy":"post_tag","embeddable":true,"href":"https:\/\/www.visit-ulcinj.com\/blog\/wp-json\/wp\/v2\/tags?post=84491"}],"curies":[{"name":"wp","href":"https:\/\/api.w.org\/{rel}","templated":true}]}}