{"id":84496,"date":"2014-08-04T08:42:18","date_gmt":"2014-08-04T07:42:18","guid":{"rendered":"http:\/\/www.visit-ulcinj.com\/blog\/?p=84496"},"modified":"2014-08-04T08:44:47","modified_gmt":"2014-08-04T07:44:47","slug":"ne-ulqin-nis-kalimera-poetike","status":"publish","type":"post","link":"https:\/\/www.visit-ulcinj.com\/blog\/2014\/08\/04\/ne-ulqin-nis-kalimera-poetike\/","title":{"rendered":"N\u00eb Ulqin nis \u201cKalimera Poetike\u201d &#8211; Video"},"content":{"rendered":"<p><a href=\"http:\/\/www.visit-ulcinj.com\/blog\/wp-content\/uploads\/2012\/07\/kalimera-poetike-ulqin.jpg\"><img loading=\"lazy\" class=\"alignleft wp-image-62478 size-full\" src=\"http:\/\/www.visit-ulcinj.com\/blog\/wp-content\/uploads\/2012\/07\/kalimera-poetike-ulqin.jpg\" alt=\"kalimera poetike ulqin\" width=\"508\" height=\"472\" srcset=\"https:\/\/www.visit-ulcinj.com\/blog\/wp-content\/uploads\/2012\/07\/kalimera-poetike-ulqin.jpg 508w, https:\/\/www.visit-ulcinj.com\/blog\/wp-content\/uploads\/2012\/07\/kalimera-poetike-ulqin-300x278.jpg 300w\" sizes=\"(max-width: 508px) 100vw, 508px\" \/><\/a>Edicioni i 23-t\u00eb i manifestimit \u201cKalimera Poetike\u201d, i cili organizohet nga Shoqata e Artist\u00ebve dhe Intelektual\u00ebve \u201cArt Club\u201d, nisi mbr\u00ebm\u00eb n\u00eb Kalan\u00eb e Ulqinit, me poeten shqiptare Luljeta Leshanaku.<\/p>\n<p>Kalaja e cila thuhet q\u00eb \u00ebsht\u00eb nd\u00ebrtuar para 2 mij\u00ebvjeqar\u00ebve e gjysm\u00eb, p\u00ebr tre net\u00eb rradhazi do t\u00eb mir\u00ebpres t\u00eb pranishmit q\u00eb t\u00eb jen\u00eb pjes\u00eb e or\u00ebve letrare. Edicioni i nj\u00ebzet\u00eb e tret\u00eb i k\u00ebtij manifestimi, i cili do t\u00eb mbahet n\u00eb datat 2-4 gusht, do t\u00eb vazhdoj\u00eb tradit\u00ebn e edicioneve t\u00eb kaluara, ku kan\u00eb marr\u00eb pjes\u00eb shkrimtar\u00eb t\u00eb njohur shqiptar dhe nga vendet tjera.<\/p>\n<p>Pervec shkrimtar\u00ebs e cila edhe hapi zyrtarisht \u201ckalimeren\u00eb\u201d e sivjetme, pjes\u00eb e k\u00ebtij edicioni do t\u00eb jen\u00eb edhe shkrimtari malazias Mirash Martinoviq autori i romanit \u201cTeuta\u201d, p\u00ebr t\u00eb cilin qyteti bregdetar e ka rezervuar nat\u00ebn e dyt\u00eb dhe shkrimtari nga Kosova, Beq\u00eb Cufaj, t\u00eb cilit gjithashtu do t\u2019i kushtohet mbr\u00ebmje autoriale nw mbrwmjet e fundit.<\/p>\n<p>\u201cQ\u00ebllimi kryesor i k\u00ebsaj veprimtarie \u00ebsht\u00eb t\u00eb promovoj\u00eb krijimtarin\u00eb m\u00eb t\u00eb mir\u00eb letrare shqiptare, por edhe ballkanike dhe t\u00eb huaj, n\u00eb m\u00ebnyr\u00eb q\u00eb ta b\u00ebj\u00eb at\u00eb t\u00eb njohur p\u00ebr publikun vendas dhe turist\u00ebt\u201d, thuhet k\u00ebshtu n\u00eb kumtes\u00ebn, e cila paralajm\u00ebron edicionin e ri t\u00eb \u201cKalimeres\u00eb Poetike\u201d, e cila shkon drejt dhjet\u00ebvjet\u00ebshit t\u00eb tret\u00eb t\u00eb organizimit.<\/p>\n<p>\u201cKalimera Poetike\u201d vler\u00ebsohet si ngjarja m\u00eb e r\u00ebnd\u00ebsishme letrare nd\u00ebr shqiptar\u00ebt e Malit t\u00eb Zi dhe m\u00eb gjer\u00eb. Organizator\u00ebt e shohin manifestimit si or\u00eb letrare akademike t\u00eb let\u00ebrsis\u00eb shqipe. Gjat\u00eb mbr\u00ebmjeve gjat\u00eb t\u00eb cilat do t\u00eb mbahet kjo ngjarje, p\u00ebrvec shkrimtar\u00ebve q\u00eb jan\u00eb subjek i manifestimit, do t\u2019u bashkohen edhe shum\u00eb krijues letrar\u00eb, n\u00eb ambientin i cili cil\u00ebsohet si vendtakimi i shkrimtar\u00ebve shqiptar e t\u00eb huaj.<\/p>\n<p>\u00c7do edicion i k\u00ebtij manifestimi letrar ka pasuruar ofert\u00ebn turistike t\u00eb qytetit t\u00eb Ulqinit, me shkrimtar t\u00eb njohur. Vitin e kaluar pjes\u00eb e \u201cKalimer\u00ebs Poetike\u201d, ishin shkrimtar\u00ebt Kim Mehmeti, Mehmet Kraja dhe slloveni Slavko Pregl.<\/p>\n<p>Z\u00ebri<\/p>\n<!--YouTube Error: bad URL entered-->\n","protected":false},"excerpt":{"rendered":"<p>Edicioni i 23-t\u00eb i manifestimit \u201cKalimera Poetike\u201d, i cili organizohet nga Shoqata e Artist\u00ebve dhe Intelektual\u00ebve \u201cArt Club\u201d, nisi mbr\u00ebm\u00eb n\u00eb Kalan\u00eb e Ulqinit, me poeten shqiptare Luljeta Leshanaku. Kalaja e cila thuhet q\u00eb \u00ebsht\u00eb nd\u00ebrtuar para 2 mij\u00ebvjeqar\u00ebve e gjysm\u00eb, p\u00ebr tre net\u00eb rradhazi do t\u00eb mir\u00ebpres t\u00eb pranishmit q\u00eb t\u00eb jen\u00eb pjes\u00eb e [&hellip;]<\/p>\n","protected":false},"author":1,"featured_media":0,"comment_status":"closed","ping_status":"closed","sticky":false,"template":"","format":"standard","meta":{"spay_email":"","jetpack_publicize_message":"","jetpack_is_tweetstorm":false,"jetpack_publicize_feature_enabled":true},"categories":[6950],"tags":[],"jetpack_publicize_connections":[],"yoast_head":"<!-- This site is optimized with the Yoast SEO plugin v19.1 - https:\/\/yoast.com\/wordpress\/plugins\/seo\/ -->\n<title>N\u00eb Ulqin nis \u201cKalimera Poetike\u201d - Video - Lajme nga Ulqini<\/title>\n<meta name=\"description\" content=\"Edicioni i 23-t\u00eb i manifestimit \u201cKalimera Poetike\u201d, i cili organizohet nga Shoqata e Artist\u00ebve dhe Intelektual\u00ebve \u201cArt Club\u201d, nisi mbr\u00ebm\u00eb n\u00eb Kalan\u00eb e\" \/>\n<meta name=\"robots\" content=\"index, follow, max-snippet:-1, max-image-preview:large, max-video-preview:-1\" \/>\n<link rel=\"canonical\" href=\"https:\/\/www.visit-ulcinj.com\/blog\/2014\/08\/04\/ne-ulqin-nis-kalimera-poetike\/\" \/>\n<meta property=\"og:locale\" content=\"en_US\" \/>\n<meta property=\"og:type\" content=\"article\" \/>\n<meta property=\"og:title\" content=\"N\u00eb Ulqin nis \u201cKalimera Poetike\u201d - Video - Lajme nga Ulqini\" \/>\n<meta property=\"og:description\" content=\"Edicioni i 23-t\u00eb i manifestimit \u201cKalimera Poetike\u201d, i cili organizohet nga Shoqata e Artist\u00ebve dhe Intelektual\u00ebve \u201cArt Club\u201d, nisi mbr\u00ebm\u00eb n\u00eb Kalan\u00eb e\" \/>\n<meta property=\"og:url\" content=\"https:\/\/www.visit-ulcinj.com\/blog\/2014\/08\/04\/ne-ulqin-nis-kalimera-poetike\/\" \/>\n<meta property=\"og:site_name\" content=\"Lajme nga Ulqini\" \/>\n<meta property=\"article:published_time\" content=\"2014-08-04T07:42:18+00:00\" \/>\n<meta property=\"article:modified_time\" content=\"2014-08-04T07:44:47+00:00\" \/>\n<meta property=\"og:image\" content=\"http:\/\/www.visit-ulcinj.com\/blog\/wp-content\/uploads\/2012\/07\/kalimera-poetike-ulqin.jpg\" \/>\n<meta name=\"twitter:label1\" content=\"Written by\" \/>\n\t<meta name=\"twitter:data1\" content=\"ulqini\" \/>\n\t<meta name=\"twitter:label2\" content=\"Est. reading time\" \/>\n\t<meta name=\"twitter:data2\" content=\"2 minutes\" \/>\n<script type=\"application\/ld+json\" class=\"yoast-schema-graph\">{\"@context\":\"https:\/\/schema.org\",\"@graph\":[{\"@type\":\"WebSite\",\"@id\":\"https:\/\/www.visit-ulcinj.com\/blog\/#website\",\"url\":\"https:\/\/www.visit-ulcinj.com\/blog\/\",\"name\":\"Lajme nga Ulqini\",\"description\":\"Lajme,Vijesti,Ulqini,Ulqin,Crna Gora,Mali i Zi\",\"potentialAction\":[{\"@type\":\"SearchAction\",\"target\":{\"@type\":\"EntryPoint\",\"urlTemplate\":\"https:\/\/www.visit-ulcinj.com\/blog\/?s={search_term_string}\"},\"query-input\":\"required name=search_term_string\"}],\"inLanguage\":\"en-US\"},{\"@type\":\"ImageObject\",\"inLanguage\":\"en-US\",\"@id\":\"https:\/\/www.visit-ulcinj.com\/blog\/2014\/08\/04\/ne-ulqin-nis-kalimera-poetike\/#primaryimage\",\"url\":\"https:\/\/www.visit-ulcinj.com\/blog\/wp-content\/uploads\/2012\/07\/kalimera-poetike-ulqin.jpg\",\"contentUrl\":\"https:\/\/www.visit-ulcinj.com\/blog\/wp-content\/uploads\/2012\/07\/kalimera-poetike-ulqin.jpg\",\"width\":\"508\",\"height\":\"472\"},{\"@type\":\"WebPage\",\"@id\":\"https:\/\/www.visit-ulcinj.com\/blog\/2014\/08\/04\/ne-ulqin-nis-kalimera-poetike\/#webpage\",\"url\":\"https:\/\/www.visit-ulcinj.com\/blog\/2014\/08\/04\/ne-ulqin-nis-kalimera-poetike\/\",\"name\":\"N\u00eb Ulqin nis \u201cKalimera Poetike\u201d - Video - Lajme nga Ulqini\",\"isPartOf\":{\"@id\":\"https:\/\/www.visit-ulcinj.com\/blog\/#website\"},\"primaryImageOfPage\":{\"@id\":\"https:\/\/www.visit-ulcinj.com\/blog\/2014\/08\/04\/ne-ulqin-nis-kalimera-poetike\/#primaryimage\"},\"datePublished\":\"2014-08-04T07:42:18+00:00\",\"dateModified\":\"2014-08-04T07:44:47+00:00\",\"author\":{\"@id\":\"https:\/\/www.visit-ulcinj.com\/blog\/#\/schema\/person\/dcab619c614d3038751c63bc2aadc06d\"},\"description\":\"Edicioni i 23-t\u00eb i manifestimit \u201cKalimera Poetike\u201d, i cili organizohet nga Shoqata e Artist\u00ebve dhe Intelektual\u00ebve \u201cArt Club\u201d, nisi mbr\u00ebm\u00eb n\u00eb Kalan\u00eb e\",\"breadcrumb\":{\"@id\":\"https:\/\/www.visit-ulcinj.com\/blog\/2014\/08\/04\/ne-ulqin-nis-kalimera-poetike\/#breadcrumb\"},\"inLanguage\":\"en-US\",\"potentialAction\":[{\"@type\":\"ReadAction\",\"target\":[\"https:\/\/www.visit-ulcinj.com\/blog\/2014\/08\/04\/ne-ulqin-nis-kalimera-poetike\/\"]}]},{\"@type\":\"BreadcrumbList\",\"@id\":\"https:\/\/www.visit-ulcinj.com\/blog\/2014\/08\/04\/ne-ulqin-nis-kalimera-poetike\/#breadcrumb\",\"itemListElement\":[{\"@type\":\"ListItem\",\"position\":1,\"name\":\"N\u00eb Ulqin nis \u201cKalimera Poetike\u201d &#8211; Video\"}]},{\"@type\":\"Person\",\"@id\":\"https:\/\/www.visit-ulcinj.com\/blog\/#\/schema\/person\/dcab619c614d3038751c63bc2aadc06d\",\"name\":\"ulqini\",\"sameAs\":[\"http:\/\/www.visit-ulcinj.com\"],\"url\":\"https:\/\/www.visit-ulcinj.com\/blog\/author\/admin\/\"}]}<\/script>\n<!-- \/ Yoast SEO plugin. -->","yoast_head_json":{"title":"N\u00eb Ulqin nis \u201cKalimera Poetike\u201d - Video - Lajme nga Ulqini","description":"Edicioni i 23-t\u00eb i manifestimit \u201cKalimera Poetike\u201d, i cili organizohet nga Shoqata e Artist\u00ebve dhe Intelektual\u00ebve \u201cArt Club\u201d, nisi mbr\u00ebm\u00eb n\u00eb Kalan\u00eb e","robots":{"index":"index","follow":"follow","max-snippet":"max-snippet:-1","max-image-preview":"max-image-preview:large","max-video-preview":"max-video-preview:-1"},"canonical":"https:\/\/www.visit-ulcinj.com\/blog\/2014\/08\/04\/ne-ulqin-nis-kalimera-poetike\/","og_locale":"en_US","og_type":"article","og_title":"N\u00eb Ulqin nis \u201cKalimera Poetike\u201d - Video - Lajme nga Ulqini","og_description":"Edicioni i 23-t\u00eb i manifestimit \u201cKalimera Poetike\u201d, i cili organizohet nga Shoqata e Artist\u00ebve dhe Intelektual\u00ebve \u201cArt Club\u201d, nisi mbr\u00ebm\u00eb n\u00eb Kalan\u00eb e","og_url":"https:\/\/www.visit-ulcinj.com\/blog\/2014\/08\/04\/ne-ulqin-nis-kalimera-poetike\/","og_site_name":"Lajme nga Ulqini","article_published_time":"2014-08-04T07:42:18+00:00","article_modified_time":"2014-08-04T07:44:47+00:00","og_image":[{"url":"http:\/\/www.visit-ulcinj.com\/blog\/wp-content\/uploads\/2012\/07\/kalimera-poetike-ulqin.jpg"}],"twitter_misc":{"Written by":"ulqini","Est. reading time":"2 minutes"},"schema":{"@context":"https:\/\/schema.org","@graph":[{"@type":"WebSite","@id":"https:\/\/www.visit-ulcinj.com\/blog\/#website","url":"https:\/\/www.visit-ulcinj.com\/blog\/","name":"Lajme nga Ulqini","description":"Lajme,Vijesti,Ulqini,Ulqin,Crna Gora,Mali i Zi","potentialAction":[{"@type":"SearchAction","target":{"@type":"EntryPoint","urlTemplate":"https:\/\/www.visit-ulcinj.com\/blog\/?s={search_term_string}"},"query-input":"required name=search_term_string"}],"inLanguage":"en-US"},{"@type":"ImageObject","inLanguage":"en-US","@id":"https:\/\/www.visit-ulcinj.com\/blog\/2014\/08\/04\/ne-ulqin-nis-kalimera-poetike\/#primaryimage","url":"https:\/\/www.visit-ulcinj.com\/blog\/wp-content\/uploads\/2012\/07\/kalimera-poetike-ulqin.jpg","contentUrl":"https:\/\/www.visit-ulcinj.com\/blog\/wp-content\/uploads\/2012\/07\/kalimera-poetike-ulqin.jpg","width":"508","height":"472"},{"@type":"WebPage","@id":"https:\/\/www.visit-ulcinj.com\/blog\/2014\/08\/04\/ne-ulqin-nis-kalimera-poetike\/#webpage","url":"https:\/\/www.visit-ulcinj.com\/blog\/2014\/08\/04\/ne-ulqin-nis-kalimera-poetike\/","name":"N\u00eb Ulqin nis \u201cKalimera Poetike\u201d - Video - Lajme nga Ulqini","isPartOf":{"@id":"https:\/\/www.visit-ulcinj.com\/blog\/#website"},"primaryImageOfPage":{"@id":"https:\/\/www.visit-ulcinj.com\/blog\/2014\/08\/04\/ne-ulqin-nis-kalimera-poetike\/#primaryimage"},"datePublished":"2014-08-04T07:42:18+00:00","dateModified":"2014-08-04T07:44:47+00:00","author":{"@id":"https:\/\/www.visit-ulcinj.com\/blog\/#\/schema\/person\/dcab619c614d3038751c63bc2aadc06d"},"description":"Edicioni i 23-t\u00eb i manifestimit \u201cKalimera Poetike\u201d, i cili organizohet nga Shoqata e Artist\u00ebve dhe Intelektual\u00ebve \u201cArt Club\u201d, nisi mbr\u00ebm\u00eb n\u00eb Kalan\u00eb e","breadcrumb":{"@id":"https:\/\/www.visit-ulcinj.com\/blog\/2014\/08\/04\/ne-ulqin-nis-kalimera-poetike\/#breadcrumb"},"inLanguage":"en-US","potentialAction":[{"@type":"ReadAction","target":["https:\/\/www.visit-ulcinj.com\/blog\/2014\/08\/04\/ne-ulqin-nis-kalimera-poetike\/"]}]},{"@type":"BreadcrumbList","@id":"https:\/\/www.visit-ulcinj.com\/blog\/2014\/08\/04\/ne-ulqin-nis-kalimera-poetike\/#breadcrumb","itemListElement":[{"@type":"ListItem","position":1,"name":"N\u00eb Ulqin nis \u201cKalimera Poetike\u201d &#8211; Video"}]},{"@type":"Person","@id":"https:\/\/www.visit-ulcinj.com\/blog\/#\/schema\/person\/dcab619c614d3038751c63bc2aadc06d","name":"ulqini","sameAs":["http:\/\/www.visit-ulcinj.com"],"url":"https:\/\/www.visit-ulcinj.com\/blog\/author\/admin\/"}]}},"jetpack_featured_media_url":"","jetpack_sharing_enabled":true,"jetpack_shortlink":"https:\/\/wp.me\/pe6lTn-lYQ","_links":{"self":[{"href":"https:\/\/www.visit-ulcinj.com\/blog\/wp-json\/wp\/v2\/posts\/84496"}],"collection":[{"href":"https:\/\/www.visit-ulcinj.com\/blog\/wp-json\/wp\/v2\/posts"}],"about":[{"href":"https:\/\/www.visit-ulcinj.com\/blog\/wp-json\/wp\/v2\/types\/post"}],"author":[{"embeddable":true,"href":"https:\/\/www.visit-ulcinj.com\/blog\/wp-json\/wp\/v2\/users\/1"}],"replies":[{"embeddable":true,"href":"https:\/\/www.visit-ulcinj.com\/blog\/wp-json\/wp\/v2\/comments?post=84496"}],"version-history":[{"count":3,"href":"https:\/\/www.visit-ulcinj.com\/blog\/wp-json\/wp\/v2\/posts\/84496\/revisions"}],"predecessor-version":[{"id":84499,"href":"https:\/\/www.visit-ulcinj.com\/blog\/wp-json\/wp\/v2\/posts\/84496\/revisions\/84499"}],"wp:attachment":[{"href":"https:\/\/www.visit-ulcinj.com\/blog\/wp-json\/wp\/v2\/media?parent=84496"}],"wp:term":[{"taxonomy":"category","embeddable":true,"href":"https:\/\/www.visit-ulcinj.com\/blog\/wp-json\/wp\/v2\/categories?post=84496"},{"taxonomy":"post_tag","embeddable":true,"href":"https:\/\/www.visit-ulcinj.com\/blog\/wp-json\/wp\/v2\/tags?post=84496"}],"curies":[{"name":"wp","href":"https:\/\/api.w.org\/{rel}","templated":true}]}}