{"id":84500,"date":"2014-08-04T08:49:09","date_gmt":"2014-08-04T07:49:09","guid":{"rendered":"http:\/\/www.visit-ulcinj.com\/blog\/?p=84500"},"modified":"2014-08-04T08:49:09","modified_gmt":"2014-08-04T07:49:09","slug":"lufta-per-ulqinin-sipas-kendveshtrimit-anglez-1880","status":"publish","type":"post","link":"https:\/\/www.visit-ulcinj.com\/blog\/2014\/08\/04\/lufta-per-ulqinin-sipas-kendveshtrimit-anglez-1880\/","title":{"rendered":"Lufta p\u00ebr Ulqinin, sipas k\u00ebndv\u00ebshtrimit anglez, 1880"},"content":{"rendered":"<p><strong><a href=\"http:\/\/www.visit-ulcinj.com\/blog\/wp-content\/uploads\/2014\/08\/Lufta-p\u00ebr-Ulqinin-1880.jpg\"><img loading=\"lazy\" class=\"alignleft wp-image-84501\" src=\"http:\/\/www.visit-ulcinj.com\/blog\/wp-content\/uploads\/2014\/08\/Lufta-p\u00ebr-Ulqinin-1880.jpg\" alt=\"Lufta p\u00ebr Ulqinin-1880\" width=\"508\" height=\"337\" srcset=\"https:\/\/www.visit-ulcinj.com\/blog\/wp-content\/uploads\/2014\/08\/Lufta-p\u00ebr-Ulqinin-1880.jpg 596w, https:\/\/www.visit-ulcinj.com\/blog\/wp-content\/uploads\/2014\/08\/Lufta-p\u00ebr-Ulqinin-1880-300x198.jpg 300w\" sizes=\"(max-width: 508px) 100vw, 508px\" \/><\/a>P\u00ebrgatiti: Flamur Maxharri<\/strong><\/p>\n<p><strong>Pjesa e I<\/strong><\/p>\n<p>Ulqini, nj\u00eb qytet i vog\u00ebl buz\u00eb Adriatikut deri n\u00eb vitin 1878, ishte i panjohur p\u00ebr Evrop\u00ebn, por pastaj pushtoi gazetat evropiane, duke raportuar p\u00ebr rezistenc\u00ebn shqiptare kund\u00ebr t\u00eb gjith\u00ebve. Me vendim t\u00eb Kongresit t\u00eb Berlinit, Ulqini, Tivari dhe nj\u00eb pjes\u00eb e Vilajetit t\u00eb Shkodr\u00ebs iu fal\u00ebn Malit t\u00eb Zi.<\/p>\n<p>Lidhja Shqiptare ishte ajo q\u00eb i sfidoi e vetme vendimet e Kongresit t\u00eb Berlinit, duke i mbrojtur tokat shqiptare me luft\u00eb. Ngjarjet u mbuluan nga korrespodent\u00ebt anglez\u00eb t\u00eb cil\u00ebt ishin d\u00ebrguar p\u00ebr t\u00eb raportuar ngjarjet nga Ulqini.<\/p>\n<p>Demonstrimet e flot\u00ebs detare t\u00eb b\u00ebra nga skuadrone t\u00eb Fuqive Evropiane t\u00eb mbledhura n\u00eb Adriatik p\u00ebr t\u00eb zbatuar vendimin e Traktatit t\u00eb Berlinit p\u00ebr transferimin e Ulqinit nga Perandoria Osmane n\u00eb Principat\u00ebn e Malit t\u00eb Zi.<\/p>\n<p>Qyteti port i vog\u00ebl i Ulqinit, n\u00eb bregdetin e Adriatikut, ku deri m\u00eb tani i p\u00ebrkiste Shqip\u00ebris\u00eb, Ulqini \u00ebsht\u00eb nj\u00eb qytet me 5000 banor\u00eb, prej t\u00eb cil\u00ebve 3500 i takojn\u00eb besimit muhamedan.<\/p>\n<p>Linja me komb\u00ebsi shqiptare, sipas Konsullit Sax, si burim kryesor i besuesh\u00ebm, shkon rreth gjysm\u00eb rrug\u00eb nd\u00ebrmjet Tivarit dhe Ulqinit, dhe me \u00e7do milje nga kjo pik\u00eb n\u00eb drejtim t\u00eb jugut elementi shqiptar, natyrisht, rritet. Konsulli Sax thot\u00eb se statistikat popullsis\u00eb s\u00eb Ulqinit jan\u00eb: 8400 muhamedan\u00eb shqiptar\u00eb dhe 4000 shqiptar\u00eb katolik\u00eb n\u00eb Qarkun e Ulqinit.<\/p>\n<p>Porti i Ulqinit kufizohet me fqinjin e saj verior, Ragusa si qyteti m\u00eb i af\u00ebrt, megjithat\u00eb, me porte t\u00eb vogla dhe t\u00eb cek\u00ebta, ku nuk mund t\u00eb ankorojn\u00eb anijet m\u00eb t\u00eb m\u00ebdha se sa 200 ton\u00eb. Porti tjet\u00ebr i quajtur Val di Noce- \u00ebsht\u00eb sikur Gravosa p\u00ebr Raguz\u00ebn, dhe mund t\u00eb ankoroj\u00eb anije t\u00eb m\u00ebdha.<\/p>\n<p>Por hyrja \u00ebsht\u00eb e mundimshme p\u00ebr shkak t\u00eb kanalit t\u00eb ngusht\u00eb, dhe k\u00ebshtu ndonj\u00ebher\u00eb vapori austriak Lloyd, i cili zakonisht ndalonte n\u00eb portin e Shen Gjinit, nj\u00eb procedur\u00eb e zgjedhur dhe d\u00ebmshme p\u00ebr prosperitetin e Ulqinit, si port i Shkodr\u00ebs.<\/p>\n<p>N\u00eb vitin 1860 Ulqini kishte 190 anije lundrimi; aktualisht ajo ka jo m\u00eb shum\u00eb se 80 deri 90 anije t\u00eb angazhuar ekskluzivisht n\u00eb nj\u00eb tregti p\u00ebrgjat\u00eb bregut. Dikur, para ekzistenc\u00ebs s\u00eb nj\u00eb flote t\u00eb ve\u00e7ant\u00eb austriake, Ulqini ishte nj\u00eb baze pirat\u00ebsh fam\u00ebkeq, i cili kishte t\u00eb ankoruar plot\u00ebsisht 400 anije pirat\u00ebsh.<\/p>\n<p>Por nga viti 1815, kur Pirat\u00ebt prit\u00ebn anijet austriake, numri i k\u00ebtyre anijeve u zvog\u00eblua me shpejt\u00ebsi, dhe ato q\u00eb mbet\u00ebn u shnd\u00ebrruan n\u00eb zeje tregtare. K\u00ebto, p\u00ebrs\u00ebri, u nd\u00ebrtuan, por u zhduk\u00ebn prap\u00eb gjat\u00eb Luft\u00ebs Greke. Qyteti i vjet\u00ebr dhe i ri i Ulqinit jan\u00eb t\u00eb ndar\u00eb nga nj\u00ebri-tjetri nga portet e vogla.<\/p>\n<p>Pjesa e cila p\u00ebrfshin Kalan\u00eb, nuk ka tani m\u00eb shum\u00eb se tet\u00ebdhjet\u00eb sht\u00ebpi, gjysma e t\u00eb cilave jan\u00eb t\u00eb pabanuara. Kalaja,\u00ebsht\u00eb e rrethuar nga muret e forta dhe t\u00eb m\u00ebdha, ku tani nuk ka me ndonj\u00eb r\u00ebnd\u00ebsi; artileria moderne do t\u00eb t\u00eb urdh\u00ebroj\u00eb at\u00eb nga lart\u00ebsit\u00eb mbi Kala.<\/p>\n<p>Qyteti i ri ka rreth 400 sht\u00ebpi. Ka rreth 2800 banor\u00eb shqiptar\u00eb muhamedan\u00eb, dymb\u00ebdhjet\u00eb familje serbe, me rreth tet\u00ebdhjet\u00eb persona, q\u00eb i p\u00ebrkasin Kish\u00ebs Ortodokse Greke, tet\u00eb familje katolike shqiptare, me dyzet persona, dhe rreth nj\u00eb duzin\u00eb t\u00eb kasolleve t\u00eb banuara nga tet\u00ebdhjet\u00eb jevgj.<\/p>\n<p>Vet\u00ebm prej vitit 1858 t\u00eb krishter\u00ebt jan\u00eb lejuar t\u00eb jetojn\u00eb n\u00eb Ulqin. Qyteti, i cili \u00ebsht\u00eb quajtur nga shqiptar\u00ebt Ulqin, nga turqit Olgun, nga Serb\u00ebt Ulshin, lindi n\u00eb koh\u00ebt e lashta me emrin e Ulcinium, dhe m\u00eb par\u00eb Olciniumi.<\/p>\n<p>Gai Plin Sekundi si\u00e7 na tregon, Ulqini u themelua nga t\u00eb arratisurit nga Colchis, t\u00eb cil\u00ebt i dhan\u00eb asaj emrin e Colchinium. Pas ndarjes s\u00eb perandoris\u00eb, Ulqini ra n\u00eb duart e sundimtar\u00ebve t\u00eb Lindjes, dhe mbeti deri n\u00eb shekullin e XI, n\u00ebn sundim t\u00eb Kostandinopoj\u00ebs.<\/p>\n<p>N\u00eb vitin 1180 serb\u00ebt pushtojn\u00eb Ulqinin, duke e mbajtur at\u00eb deri n\u00eb vitin 1408; pastaj duke r\u00ebn\u00eb n\u00ebn sundimin venedikas, duke e mbajtur at\u00eb deri n\u00eb vitin 1571, kur turqit, n\u00ebn komand\u00ebn e Ahmet Pash\u00ebs e mor\u00ebn at\u00eb.<\/p>\n<p>Venedikasit b\u00ebn\u00eb disa p\u00ebrpjekje p\u00ebr t\u00eb rimarr Ulqinin, ve\u00e7an\u00ebrisht n\u00eb vitin 1718, n\u00ebn komand\u00ebn Schlenburg. Q\u00eb nga ajo dat\u00eb turqit ishin zot\u00ebr t\u00eb padiskutuesh\u00ebm t\u00eb Ulqinit deri n\u00eb vitin 1878, me pas u pushtua nga malazez\u00ebt me vendim e Traktatit t\u00eb Berlinit.<\/p>\n<p>Me at\u00eb rast 1000 shqiptar\u00eb t\u00eb cil\u00ebt luftuan p\u00ebr t\u00eb mbrojtur Ulqinin u vran\u00eb dhe 500 t\u00eb tjer\u00eb u kap\u00ebn rob\u00ebr lufte. Kurse te malazez\u00ebt 180 burra mbet\u00ebn t\u00eb vrar\u00eb dhe 300 t\u00eb plagosur. Gjat\u00eb sulmit qytetit iu vu zjarri dhe pjesa m\u00eb e madhe ishte djegur deri n\u00eb themel.<\/p>\n<p>M\u00eb pas, malazez\u00ebt b\u00ebn\u00eb p\u00ebrpjekje p\u00ebr t\u00eb b\u00ebr\u00eb p\u00ebr vete banor\u00ebt e Ulqinit. Propozimi p\u00ebr z\u00ebvend\u00ebsimin e Ulqinit sepse lugina Lim dhe rrethi Tuzit jep nj\u00eb kuptim m\u00eb n\u00eb fund t\u00eb k\u00ebsaj pike t\u00eb Traktatit t\u00eb Berlinit i cili lejoi Malit t\u00eb Zi lundrimin e lir\u00eb n\u00eb Lumin Buna. Tregtia n\u00eb mes Ulqinit dhe Shkodr\u00ebs b\u00ebhet p\u00ebrmes lumit Buna. Lundrimi, megjithat\u00eb, n\u00eb gryk\u00ebn e lumit nuk \u00ebsht\u00eb shum\u00eb i sigurt.<\/p>\n<p>Z\u00ebri<\/p>\n","protected":false},"excerpt":{"rendered":"<p>P\u00ebrgatiti: Flamur Maxharri Pjesa e I Ulqini, nj\u00eb qytet i vog\u00ebl buz\u00eb Adriatikut deri n\u00eb vitin 1878, ishte i panjohur p\u00ebr Evrop\u00ebn, por pastaj pushtoi gazetat evropiane, duke raportuar p\u00ebr rezistenc\u00ebn shqiptare kund\u00ebr t\u00eb gjith\u00ebve. Me vendim t\u00eb Kongresit t\u00eb Berlinit, Ulqini, Tivari dhe nj\u00eb pjes\u00eb e Vilajetit t\u00eb Shkodr\u00ebs iu fal\u00ebn Malit t\u00eb Zi. [&hellip;]<\/p>\n","protected":false},"author":1,"featured_media":0,"comment_status":"closed","ping_status":"closed","sticky":false,"template":"","format":"standard","meta":{"spay_email":"","jetpack_publicize_message":"","jetpack_is_tweetstorm":false,"jetpack_publicize_feature_enabled":true},"categories":[12],"tags":[],"jetpack_publicize_connections":[],"yoast_head":"<!-- This site is optimized with the Yoast SEO plugin v19.1 - https:\/\/yoast.com\/wordpress\/plugins\/seo\/ -->\n<title>Lufta p\u00ebr Ulqinin, sipas k\u00ebndv\u00ebshtrimit anglez, 1880 - Lajme nga Ulqini<\/title>\n<meta name=\"description\" content=\"P\u00ebrgatiti: Flamur Maxharri Pjesa e I Ulqini, nj\u00eb qytet i vog\u00ebl buz\u00eb Adriatikut deri n\u00eb vitin 1878, ishte i panjohur p\u00ebr Evrop\u00ebn, por pastaj pushtoi\" \/>\n<meta name=\"robots\" content=\"index, follow, max-snippet:-1, max-image-preview:large, max-video-preview:-1\" \/>\n<link rel=\"canonical\" href=\"https:\/\/www.visit-ulcinj.com\/blog\/2014\/08\/04\/lufta-per-ulqinin-sipas-kendveshtrimit-anglez-1880\/\" \/>\n<meta property=\"og:locale\" content=\"en_US\" \/>\n<meta property=\"og:type\" content=\"article\" \/>\n<meta property=\"og:title\" content=\"Lufta p\u00ebr Ulqinin, sipas k\u00ebndv\u00ebshtrimit anglez, 1880 - Lajme nga Ulqini\" \/>\n<meta property=\"og:description\" content=\"P\u00ebrgatiti: Flamur Maxharri Pjesa e I Ulqini, nj\u00eb qytet i vog\u00ebl buz\u00eb Adriatikut deri n\u00eb vitin 1878, ishte i panjohur p\u00ebr Evrop\u00ebn, por pastaj pushtoi\" \/>\n<meta property=\"og:url\" content=\"https:\/\/www.visit-ulcinj.com\/blog\/2014\/08\/04\/lufta-per-ulqinin-sipas-kendveshtrimit-anglez-1880\/\" \/>\n<meta property=\"og:site_name\" content=\"Lajme nga Ulqini\" \/>\n<meta property=\"article:published_time\" content=\"2014-08-04T07:49:09+00:00\" \/>\n<meta name=\"twitter:label1\" content=\"Written by\" \/>\n\t<meta name=\"twitter:data1\" content=\"ulqini\" \/>\n\t<meta name=\"twitter:label2\" content=\"Est. reading time\" \/>\n\t<meta name=\"twitter:data2\" content=\"4 minutes\" \/>\n<script type=\"application\/ld+json\" class=\"yoast-schema-graph\">{\"@context\":\"https:\/\/schema.org\",\"@graph\":[{\"@type\":\"WebSite\",\"@id\":\"https:\/\/www.visit-ulcinj.com\/blog\/#website\",\"url\":\"https:\/\/www.visit-ulcinj.com\/blog\/\",\"name\":\"Lajme nga Ulqini\",\"description\":\"Lajme,Vijesti,Ulqini,Ulqin,Crna Gora,Mali i Zi\",\"potentialAction\":[{\"@type\":\"SearchAction\",\"target\":{\"@type\":\"EntryPoint\",\"urlTemplate\":\"https:\/\/www.visit-ulcinj.com\/blog\/?s={search_term_string}\"},\"query-input\":\"required name=search_term_string\"}],\"inLanguage\":\"en-US\"},{\"@type\":\"WebPage\",\"@id\":\"https:\/\/www.visit-ulcinj.com\/blog\/2014\/08\/04\/lufta-per-ulqinin-sipas-kendveshtrimit-anglez-1880\/#webpage\",\"url\":\"https:\/\/www.visit-ulcinj.com\/blog\/2014\/08\/04\/lufta-per-ulqinin-sipas-kendveshtrimit-anglez-1880\/\",\"name\":\"Lufta p\u00ebr Ulqinin, sipas k\u00ebndv\u00ebshtrimit anglez, 1880 - Lajme nga Ulqini\",\"isPartOf\":{\"@id\":\"https:\/\/www.visit-ulcinj.com\/blog\/#website\"},\"datePublished\":\"2014-08-04T07:49:09+00:00\",\"dateModified\":\"2014-08-04T07:49:09+00:00\",\"author\":{\"@id\":\"https:\/\/www.visit-ulcinj.com\/blog\/#\/schema\/person\/dcab619c614d3038751c63bc2aadc06d\"},\"description\":\"P\u00ebrgatiti: Flamur Maxharri Pjesa e I Ulqini, nj\u00eb qytet i vog\u00ebl buz\u00eb Adriatikut deri n\u00eb vitin 1878, ishte i panjohur p\u00ebr Evrop\u00ebn, por pastaj pushtoi\",\"breadcrumb\":{\"@id\":\"https:\/\/www.visit-ulcinj.com\/blog\/2014\/08\/04\/lufta-per-ulqinin-sipas-kendveshtrimit-anglez-1880\/#breadcrumb\"},\"inLanguage\":\"en-US\",\"potentialAction\":[{\"@type\":\"ReadAction\",\"target\":[\"https:\/\/www.visit-ulcinj.com\/blog\/2014\/08\/04\/lufta-per-ulqinin-sipas-kendveshtrimit-anglez-1880\/\"]}]},{\"@type\":\"BreadcrumbList\",\"@id\":\"https:\/\/www.visit-ulcinj.com\/blog\/2014\/08\/04\/lufta-per-ulqinin-sipas-kendveshtrimit-anglez-1880\/#breadcrumb\",\"itemListElement\":[{\"@type\":\"ListItem\",\"position\":1,\"name\":\"Lufta p\u00ebr Ulqinin, sipas k\u00ebndv\u00ebshtrimit anglez, 1880\"}]},{\"@type\":\"Person\",\"@id\":\"https:\/\/www.visit-ulcinj.com\/blog\/#\/schema\/person\/dcab619c614d3038751c63bc2aadc06d\",\"name\":\"ulqini\",\"sameAs\":[\"http:\/\/www.visit-ulcinj.com\"],\"url\":\"https:\/\/www.visit-ulcinj.com\/blog\/author\/admin\/\"}]}<\/script>\n<!-- \/ Yoast SEO plugin. -->","yoast_head_json":{"title":"Lufta p\u00ebr Ulqinin, sipas k\u00ebndv\u00ebshtrimit anglez, 1880 - Lajme nga Ulqini","description":"P\u00ebrgatiti: Flamur Maxharri Pjesa e I Ulqini, nj\u00eb qytet i vog\u00ebl buz\u00eb Adriatikut deri n\u00eb vitin 1878, ishte i panjohur p\u00ebr Evrop\u00ebn, por pastaj pushtoi","robots":{"index":"index","follow":"follow","max-snippet":"max-snippet:-1","max-image-preview":"max-image-preview:large","max-video-preview":"max-video-preview:-1"},"canonical":"https:\/\/www.visit-ulcinj.com\/blog\/2014\/08\/04\/lufta-per-ulqinin-sipas-kendveshtrimit-anglez-1880\/","og_locale":"en_US","og_type":"article","og_title":"Lufta p\u00ebr Ulqinin, sipas k\u00ebndv\u00ebshtrimit anglez, 1880 - Lajme nga Ulqini","og_description":"P\u00ebrgatiti: Flamur Maxharri Pjesa e I Ulqini, nj\u00eb qytet i vog\u00ebl buz\u00eb Adriatikut deri n\u00eb vitin 1878, ishte i panjohur p\u00ebr Evrop\u00ebn, por pastaj pushtoi","og_url":"https:\/\/www.visit-ulcinj.com\/blog\/2014\/08\/04\/lufta-per-ulqinin-sipas-kendveshtrimit-anglez-1880\/","og_site_name":"Lajme nga Ulqini","article_published_time":"2014-08-04T07:49:09+00:00","twitter_misc":{"Written by":"ulqini","Est. reading time":"4 minutes"},"schema":{"@context":"https:\/\/schema.org","@graph":[{"@type":"WebSite","@id":"https:\/\/www.visit-ulcinj.com\/blog\/#website","url":"https:\/\/www.visit-ulcinj.com\/blog\/","name":"Lajme nga Ulqini","description":"Lajme,Vijesti,Ulqini,Ulqin,Crna Gora,Mali i Zi","potentialAction":[{"@type":"SearchAction","target":{"@type":"EntryPoint","urlTemplate":"https:\/\/www.visit-ulcinj.com\/blog\/?s={search_term_string}"},"query-input":"required name=search_term_string"}],"inLanguage":"en-US"},{"@type":"WebPage","@id":"https:\/\/www.visit-ulcinj.com\/blog\/2014\/08\/04\/lufta-per-ulqinin-sipas-kendveshtrimit-anglez-1880\/#webpage","url":"https:\/\/www.visit-ulcinj.com\/blog\/2014\/08\/04\/lufta-per-ulqinin-sipas-kendveshtrimit-anglez-1880\/","name":"Lufta p\u00ebr Ulqinin, sipas k\u00ebndv\u00ebshtrimit anglez, 1880 - Lajme nga Ulqini","isPartOf":{"@id":"https:\/\/www.visit-ulcinj.com\/blog\/#website"},"datePublished":"2014-08-04T07:49:09+00:00","dateModified":"2014-08-04T07:49:09+00:00","author":{"@id":"https:\/\/www.visit-ulcinj.com\/blog\/#\/schema\/person\/dcab619c614d3038751c63bc2aadc06d"},"description":"P\u00ebrgatiti: Flamur Maxharri Pjesa e I Ulqini, nj\u00eb qytet i vog\u00ebl buz\u00eb Adriatikut deri n\u00eb vitin 1878, ishte i panjohur p\u00ebr Evrop\u00ebn, por pastaj pushtoi","breadcrumb":{"@id":"https:\/\/www.visit-ulcinj.com\/blog\/2014\/08\/04\/lufta-per-ulqinin-sipas-kendveshtrimit-anglez-1880\/#breadcrumb"},"inLanguage":"en-US","potentialAction":[{"@type":"ReadAction","target":["https:\/\/www.visit-ulcinj.com\/blog\/2014\/08\/04\/lufta-per-ulqinin-sipas-kendveshtrimit-anglez-1880\/"]}]},{"@type":"BreadcrumbList","@id":"https:\/\/www.visit-ulcinj.com\/blog\/2014\/08\/04\/lufta-per-ulqinin-sipas-kendveshtrimit-anglez-1880\/#breadcrumb","itemListElement":[{"@type":"ListItem","position":1,"name":"Lufta p\u00ebr Ulqinin, sipas k\u00ebndv\u00ebshtrimit anglez, 1880"}]},{"@type":"Person","@id":"https:\/\/www.visit-ulcinj.com\/blog\/#\/schema\/person\/dcab619c614d3038751c63bc2aadc06d","name":"ulqini","sameAs":["http:\/\/www.visit-ulcinj.com"],"url":"https:\/\/www.visit-ulcinj.com\/blog\/author\/admin\/"}]}},"jetpack_featured_media_url":"","jetpack_sharing_enabled":true,"jetpack_shortlink":"https:\/\/wp.me\/pe6lTn-lYU","_links":{"self":[{"href":"https:\/\/www.visit-ulcinj.com\/blog\/wp-json\/wp\/v2\/posts\/84500"}],"collection":[{"href":"https:\/\/www.visit-ulcinj.com\/blog\/wp-json\/wp\/v2\/posts"}],"about":[{"href":"https:\/\/www.visit-ulcinj.com\/blog\/wp-json\/wp\/v2\/types\/post"}],"author":[{"embeddable":true,"href":"https:\/\/www.visit-ulcinj.com\/blog\/wp-json\/wp\/v2\/users\/1"}],"replies":[{"embeddable":true,"href":"https:\/\/www.visit-ulcinj.com\/blog\/wp-json\/wp\/v2\/comments?post=84500"}],"version-history":[{"count":1,"href":"https:\/\/www.visit-ulcinj.com\/blog\/wp-json\/wp\/v2\/posts\/84500\/revisions"}],"predecessor-version":[{"id":84502,"href":"https:\/\/www.visit-ulcinj.com\/blog\/wp-json\/wp\/v2\/posts\/84500\/revisions\/84502"}],"wp:attachment":[{"href":"https:\/\/www.visit-ulcinj.com\/blog\/wp-json\/wp\/v2\/media?parent=84500"}],"wp:term":[{"taxonomy":"category","embeddable":true,"href":"https:\/\/www.visit-ulcinj.com\/blog\/wp-json\/wp\/v2\/categories?post=84500"},{"taxonomy":"post_tag","embeddable":true,"href":"https:\/\/www.visit-ulcinj.com\/blog\/wp-json\/wp\/v2\/tags?post=84500"}],"curies":[{"name":"wp","href":"https:\/\/api.w.org\/{rel}","templated":true}]}}