{"id":84503,"date":"2014-08-04T09:53:00","date_gmt":"2014-08-04T08:53:00","guid":{"rendered":"http:\/\/www.visit-ulcinj.com\/blog\/?p=84503"},"modified":"2014-08-04T10:06:45","modified_gmt":"2014-08-04T09:06:45","slug":"interviste-astrit-dragovoja-muho-uruci-ali-zigeli-1-kafe-labin-ne-valdanos-video","status":"publish","type":"post","link":"https:\/\/www.visit-ulcinj.com\/blog\/2014\/08\/04\/interviste-astrit-dragovoja-muho-uruci-ali-zigeli-1-kafe-labin-ne-valdanos-video\/","title":{"rendered":"Interviste Astrit Dragovoja, Muho Uruci, Ali Zigeli 1 Kafe me Labin n\u00eb Valdanos &#8211; Video"},"content":{"rendered":"<p><a href=\"http:\/\/www.visit-ulcinj.com\/blog\/wp-content\/uploads\/2014\/08\/Astrit-Dragovoja-Muho-Uruci-Ali-Zigeli-1-kafe-me-Labin-Ulqin.jpg\"><img loading=\"lazy\" class=\"alignleft wp-image-84504\" src=\"http:\/\/www.visit-ulcinj.com\/blog\/wp-content\/uploads\/2014\/08\/Astrit-Dragovoja-Muho-Uruci-Ali-Zigeli-1-kafe-me-Labin-Ulqin.jpg\" alt=\"Astrit-Dragovoja, Muho-Uruci, Ali-Zigeli-1-kafe-me-Labin-Ulqin\" width=\"508\" height=\"291\" srcset=\"https:\/\/www.visit-ulcinj.com\/blog\/wp-content\/uploads\/2014\/08\/Astrit-Dragovoja-Muho-Uruci-Ali-Zigeli-1-kafe-me-Labin-Ulqin.jpg 680w, https:\/\/www.visit-ulcinj.com\/blog\/wp-content\/uploads\/2014\/08\/Astrit-Dragovoja-Muho-Uruci-Ali-Zigeli-1-kafe-me-Labin-Ulqin-300x171.jpg 300w\" sizes=\"(max-width: 508px) 100vw, 508px\" \/><\/a>N\u00eb intervist\u00eb n\u00eb 1 kafe me Labin u zhvillua n\u00eb plazhin si vend m\u00eb eskluziv n\u00eb Ulqin por edhe me gjere. Gjirimi i emisionit u zhvillua n\u00eb Plazhen e\u00a0 Valdanosit q\u00eb gjendet n\u00eb nj\u00eb vend unik, vend t\u00eb paprekur nga dora e njeriut, e rrethuar nga pishat dhe ullinj\u00ebt mij\u00ebvje\u00e7are t\u00eb cilat p\u00ebrve\u00e7 tjerash i falin freskin\u00eb e pap\u00ebrjetuar ku tjet\u00ebr.<\/p>\n<p><a href=\"http:\/\/www.visit-ulcinj.com\/blog\/wp-content\/uploads\/2014\/08\/Plazhi-Valdanos-Ulqin-Ulcinj.jpg\"><img loading=\"lazy\" class=\"alignleft wp-image-84505\" src=\"http:\/\/www.visit-ulcinj.com\/blog\/wp-content\/uploads\/2014\/08\/Plazhi-Valdanos-Ulqin-Ulcinj.jpg\" alt=\"Plazhi-Valdanos-Ulqin-Ulcinj\" width=\"508\" height=\"340\" srcset=\"https:\/\/www.visit-ulcinj.com\/blog\/wp-content\/uploads\/2014\/08\/Plazhi-Valdanos-Ulqin-Ulcinj.jpg 960w, https:\/\/www.visit-ulcinj.com\/blog\/wp-content\/uploads\/2014\/08\/Plazhi-Valdanos-Ulqin-Ulcinj-300x200.jpg 300w\" sizes=\"(max-width: 508px) 100vw, 508px\" \/><\/a><\/p>\n<p>Restoranti Aragosta n\u00eb Valdanos \u00ebsht\u00eb nj\u00eb plazh\u00eb me\u00a0guralec\u00eb e pajisur me t\u00eb gjitha pajisjet e nevojshme p\u00ebr nj\u00eb pushim t\u00eb k\u00ebndsh\u00ebm, duke filluar nga \u00e7adrat e gj\u00ebra, shtret\u00ebrit e rehatsh\u00ebm me mbulesa speciale, garderober\u00ebve e objekteve sanitare si tualeti e dushi. N\u00eb kuad\u00ebr t\u00eb plazh\u00ebs \u00ebsht\u00eb edhe restauranti me nj\u00eb pamje shum\u00eb t\u00eb ve\u00e7ant\u00eb e speciale ku vet\u00ebm pishat arrijn\u00eb t\u00eb freskojn\u00eb ajrin e nxeht\u00eb veror\u00eb. Nj\u00eb presonel shum\u00eb i k\u00ebndsh\u00ebm e profesional do t\u00eb ju sh\u00ebrbej specialitete t\u00eb ndryshme peshku, pizza, sallata freskuese e shum\u00eb surpriza p\u00ebr t\u00eb cilat do t\u00eb bindeni edhe vete.<\/p>\n<p><a href=\"http:\/\/www.visit-ulcinj.com\/blog\/wp-content\/uploads\/2014\/08\/Plazhi-Valdanos-Ulqin-Ulcinj-1.jpg\"><img loading=\"lazy\" class=\"alignleft wp-image-84506\" src=\"http:\/\/www.visit-ulcinj.com\/blog\/wp-content\/uploads\/2014\/08\/Plazhi-Valdanos-Ulqin-Ulcinj-1.jpg\" alt=\"Plazhi-Valdanos-Ulqin-Ulcinj-1\" width=\"508\" height=\"340\" srcset=\"https:\/\/www.visit-ulcinj.com\/blog\/wp-content\/uploads\/2014\/08\/Plazhi-Valdanos-Ulqin-Ulcinj-1.jpg 960w, https:\/\/www.visit-ulcinj.com\/blog\/wp-content\/uploads\/2014\/08\/Plazhi-Valdanos-Ulqin-Ulcinj-1-300x200.jpg 300w\" sizes=\"(max-width: 508px) 100vw, 508px\" \/><\/a><\/p>\n<p>Nga plazhi dhe vet restauranti n\u00eb Valdanos mund t\u00eb soditni per\u00ebndimin e diellit ku vet\u00ebm nuancat e kuq\u00ebrremta t\u00eb p\u00ebrzierjes s\u00eb detit e qiellit t\u00eb kalt\u00ebrt do t\u00eb ju b\u00ebjn\u00eb t\u00eb p\u00ebrjetoni \u00e7aste t\u00eb shk\u00eblqyera duke pir\u00eb kafen\u00eb e pasdites.<\/p>\n<p><a href=\"http:\/\/www.visit-ulcinj.com\/blog\/wp-content\/uploads\/2014\/08\/Plazhi-Valdanos-Ulqin-Ulcinj-2.jpg\"><img loading=\"lazy\" class=\"alignleft wp-image-84507\" src=\"http:\/\/www.visit-ulcinj.com\/blog\/wp-content\/uploads\/2014\/08\/Plazhi-Valdanos-Ulqin-Ulcinj-2.jpg\" alt=\"Plazhi-Valdanos-Ulqin-Ulcinj-2\" width=\"508\" height=\"340\" srcset=\"https:\/\/www.visit-ulcinj.com\/blog\/wp-content\/uploads\/2014\/08\/Plazhi-Valdanos-Ulqin-Ulcinj-2.jpg 960w, https:\/\/www.visit-ulcinj.com\/blog\/wp-content\/uploads\/2014\/08\/Plazhi-Valdanos-Ulqin-Ulcinj-2-300x200.jpg 300w\" sizes=\"(max-width: 508px) 100vw, 508px\" \/><\/a><\/p>\n<p>N\u00eb plazhin privat t\u00eb Valdanosit mund t\u00eb merrni me qera shezllone, \u00e7adra, dhe t\u00eb shfryt\u00ebzoni barin dhe restorantin p\u00ebr drek\u00ebn tuaj. Pavar\u00ebsisht zonave me plazhe private, aty mund t\u00eb gjeni shum\u00eb zona me plazhe publike.<\/p>\n<p><a href=\"http:\/\/www.visit-ulcinj.com\/blog\/wp-content\/uploads\/2014\/08\/Plazhi-Valdanos-Ulqin-Ulcinj-3.jpg\"><img loading=\"lazy\" class=\"alignleft wp-image-84508\" src=\"http:\/\/www.visit-ulcinj.com\/blog\/wp-content\/uploads\/2014\/08\/Plazhi-Valdanos-Ulqin-Ulcinj-3.jpg\" alt=\"Plazhi-Valdanos-Ulqin-Ulcinj-3\" width=\"508\" height=\"340\" srcset=\"https:\/\/www.visit-ulcinj.com\/blog\/wp-content\/uploads\/2014\/08\/Plazhi-Valdanos-Ulqin-Ulcinj-3.jpg 960w, https:\/\/www.visit-ulcinj.com\/blog\/wp-content\/uploads\/2014\/08\/Plazhi-Valdanos-Ulqin-Ulcinj-3-300x200.jpg 300w\" sizes=\"(max-width: 508px) 100vw, 508px\" \/><\/a><\/p>\n<p>Gjiri i Valdanosit \u00ebsht\u00eb nj\u00eb vend me restorant\u00eb dhe bar\u00eb n\u00eb plazhe nga ku mund t\u00eb shijohet m\u00eb s\u00eb miri nj\u00eb per\u00ebndim romantik dielli. Ky plazh \u00ebsht\u00eb nj\u00eb nga plazhet m\u00eb natyrale t\u00eb Rivier\u00ebs s\u00eb Ulqinit. Plazhi i Valdanosit \u00ebsht\u00eb shum\u00eb i izoluar dhe ofron nj\u00eb p\u00ebrvoj\u00eb t\u00eb k\u00ebndshme plazhi. K\u00ebtu mund t\u00eb gjejni pak intimitet duke ndjekur shtigjet q\u00eb t\u00eb \u00e7ojn\u00eb larg plazheve t\u00eb mbipopulluara t\u00eb Ulqinit.\/Lajme nga Ulqini\/<\/p>\n<!--YouTube Error: bad URL entered-->\n<p>&nbsp;<\/p>\n<h6><\/h6>\n","protected":false},"excerpt":{"rendered":"<p>N\u00eb intervist\u00eb n\u00eb 1 kafe me Labin u zhvillua n\u00eb plazhin si vend m\u00eb eskluziv n\u00eb Ulqin por edhe me gjere. Gjirimi i emisionit u zhvillua n\u00eb Plazhen e\u00a0 Valdanosit q\u00eb gjendet n\u00eb nj\u00eb vend unik, vend t\u00eb paprekur nga dora e njeriut, e rrethuar nga pishat dhe ullinj\u00ebt mij\u00ebvje\u00e7are t\u00eb cilat p\u00ebrve\u00e7 tjerash i [&hellip;]<\/p>\n","protected":false},"author":1,"featured_media":0,"comment_status":"closed","ping_status":"closed","sticky":false,"template":"","format":"standard","meta":{"spay_email":"","jetpack_publicize_message":"","jetpack_is_tweetstorm":false,"jetpack_publicize_feature_enabled":true},"categories":[5],"tags":[],"jetpack_publicize_connections":[],"yoast_head":"<!-- This site is optimized with the Yoast SEO plugin v19.1 - https:\/\/yoast.com\/wordpress\/plugins\/seo\/ -->\n<title>Interviste Astrit Dragovoja, Muho Uruci, Ali Zigeli 1 Kafe me Labin n\u00eb Valdanos - Video - Lajme nga Ulqini<\/title>\n<meta name=\"description\" content=\"N\u00eb intervist\u00eb n\u00eb 1 kafe me Labin u zhvillua n\u00eb plazhin si vend m\u00eb eskluziv n\u00eb Ulqin por edhe me gjere. Gjirimi i emisionit u zhvillua n\u00eb Plazhen e\u00a0\" \/>\n<meta name=\"robots\" content=\"index, follow, max-snippet:-1, max-image-preview:large, max-video-preview:-1\" \/>\n<link rel=\"canonical\" href=\"https:\/\/www.visit-ulcinj.com\/blog\/2014\/08\/04\/interviste-astrit-dragovoja-muho-uruci-ali-zigeli-1-kafe-labin-ne-valdanos-video\/\" \/>\n<meta property=\"og:locale\" content=\"en_US\" \/>\n<meta property=\"og:type\" content=\"article\" \/>\n<meta property=\"og:title\" content=\"Interviste Astrit Dragovoja, Muho Uruci, Ali Zigeli 1 Kafe me Labin n\u00eb Valdanos - Video - Lajme nga Ulqini\" \/>\n<meta property=\"og:description\" content=\"N\u00eb intervist\u00eb n\u00eb 1 kafe me Labin u zhvillua n\u00eb plazhin si vend m\u00eb eskluziv n\u00eb Ulqin por edhe me gjere. Gjirimi i emisionit u zhvillua n\u00eb Plazhen e\u00a0\" \/>\n<meta property=\"og:url\" content=\"https:\/\/www.visit-ulcinj.com\/blog\/2014\/08\/04\/interviste-astrit-dragovoja-muho-uruci-ali-zigeli-1-kafe-labin-ne-valdanos-video\/\" \/>\n<meta property=\"og:site_name\" content=\"Lajme nga Ulqini\" \/>\n<meta property=\"article:published_time\" content=\"2014-08-04T08:53:00+00:00\" \/>\n<meta property=\"article:modified_time\" content=\"2014-08-04T09:06:45+00:00\" \/>\n<meta property=\"og:image\" content=\"http:\/\/www.visit-ulcinj.com\/blog\/wp-content\/uploads\/2014\/08\/Astrit-Dragovoja-Muho-Uruci-Ali-Zigeli-1-kafe-me-Labin-Ulqin.jpg\" \/>\n<meta name=\"twitter:label1\" content=\"Written by\" \/>\n\t<meta name=\"twitter:data1\" content=\"ulqini\" \/>\n\t<meta name=\"twitter:label2\" content=\"Est. reading time\" \/>\n\t<meta name=\"twitter:data2\" content=\"2 minutes\" \/>\n<script type=\"application\/ld+json\" class=\"yoast-schema-graph\">{\"@context\":\"https:\/\/schema.org\",\"@graph\":[{\"@type\":\"WebSite\",\"@id\":\"https:\/\/www.visit-ulcinj.com\/blog\/#website\",\"url\":\"https:\/\/www.visit-ulcinj.com\/blog\/\",\"name\":\"Lajme nga Ulqini\",\"description\":\"Lajme,Vijesti,Ulqini,Ulqin,Crna Gora,Mali i Zi\",\"potentialAction\":[{\"@type\":\"SearchAction\",\"target\":{\"@type\":\"EntryPoint\",\"urlTemplate\":\"https:\/\/www.visit-ulcinj.com\/blog\/?s={search_term_string}\"},\"query-input\":\"required name=search_term_string\"}],\"inLanguage\":\"en-US\"},{\"@type\":\"ImageObject\",\"inLanguage\":\"en-US\",\"@id\":\"https:\/\/www.visit-ulcinj.com\/blog\/2014\/08\/04\/interviste-astrit-dragovoja-muho-uruci-ali-zigeli-1-kafe-labin-ne-valdanos-video\/#primaryimage\",\"url\":\"https:\/\/www.visit-ulcinj.com\/blog\/wp-content\/uploads\/2014\/08\/Astrit-Dragovoja-Muho-Uruci-Ali-Zigeli-1-kafe-me-Labin-Ulqin.jpg\",\"contentUrl\":\"https:\/\/www.visit-ulcinj.com\/blog\/wp-content\/uploads\/2014\/08\/Astrit-Dragovoja-Muho-Uruci-Ali-Zigeli-1-kafe-me-Labin-Ulqin.jpg\",\"width\":680,\"height\":389},{\"@type\":\"WebPage\",\"@id\":\"https:\/\/www.visit-ulcinj.com\/blog\/2014\/08\/04\/interviste-astrit-dragovoja-muho-uruci-ali-zigeli-1-kafe-labin-ne-valdanos-video\/#webpage\",\"url\":\"https:\/\/www.visit-ulcinj.com\/blog\/2014\/08\/04\/interviste-astrit-dragovoja-muho-uruci-ali-zigeli-1-kafe-labin-ne-valdanos-video\/\",\"name\":\"Interviste Astrit Dragovoja, Muho Uruci, Ali Zigeli 1 Kafe me Labin n\u00eb Valdanos - Video - Lajme nga Ulqini\",\"isPartOf\":{\"@id\":\"https:\/\/www.visit-ulcinj.com\/blog\/#website\"},\"primaryImageOfPage\":{\"@id\":\"https:\/\/www.visit-ulcinj.com\/blog\/2014\/08\/04\/interviste-astrit-dragovoja-muho-uruci-ali-zigeli-1-kafe-labin-ne-valdanos-video\/#primaryimage\"},\"datePublished\":\"2014-08-04T08:53:00+00:00\",\"dateModified\":\"2014-08-04T09:06:45+00:00\",\"author\":{\"@id\":\"https:\/\/www.visit-ulcinj.com\/blog\/#\/schema\/person\/dcab619c614d3038751c63bc2aadc06d\"},\"description\":\"N\u00eb intervist\u00eb n\u00eb 1 kafe me Labin u zhvillua n\u00eb plazhin si vend m\u00eb eskluziv n\u00eb Ulqin por edhe me gjere. Gjirimi i emisionit u zhvillua n\u00eb Plazhen e\u00a0\",\"breadcrumb\":{\"@id\":\"https:\/\/www.visit-ulcinj.com\/blog\/2014\/08\/04\/interviste-astrit-dragovoja-muho-uruci-ali-zigeli-1-kafe-labin-ne-valdanos-video\/#breadcrumb\"},\"inLanguage\":\"en-US\",\"potentialAction\":[{\"@type\":\"ReadAction\",\"target\":[\"https:\/\/www.visit-ulcinj.com\/blog\/2014\/08\/04\/interviste-astrit-dragovoja-muho-uruci-ali-zigeli-1-kafe-labin-ne-valdanos-video\/\"]}]},{\"@type\":\"BreadcrumbList\",\"@id\":\"https:\/\/www.visit-ulcinj.com\/blog\/2014\/08\/04\/interviste-astrit-dragovoja-muho-uruci-ali-zigeli-1-kafe-labin-ne-valdanos-video\/#breadcrumb\",\"itemListElement\":[{\"@type\":\"ListItem\",\"position\":1,\"name\":\"Interviste Astrit Dragovoja, Muho Uruci, Ali Zigeli 1 Kafe me Labin n\u00eb Valdanos &#8211; Video\"}]},{\"@type\":\"Person\",\"@id\":\"https:\/\/www.visit-ulcinj.com\/blog\/#\/schema\/person\/dcab619c614d3038751c63bc2aadc06d\",\"name\":\"ulqini\",\"sameAs\":[\"http:\/\/www.visit-ulcinj.com\"],\"url\":\"https:\/\/www.visit-ulcinj.com\/blog\/author\/admin\/\"}]}<\/script>\n<!-- \/ Yoast SEO plugin. -->","yoast_head_json":{"title":"Interviste Astrit Dragovoja, Muho Uruci, Ali Zigeli 1 Kafe me Labin n\u00eb Valdanos - Video - Lajme nga Ulqini","description":"N\u00eb intervist\u00eb n\u00eb 1 kafe me Labin u zhvillua n\u00eb plazhin si vend m\u00eb eskluziv n\u00eb Ulqin por edhe me gjere. Gjirimi i emisionit u zhvillua n\u00eb Plazhen e\u00a0","robots":{"index":"index","follow":"follow","max-snippet":"max-snippet:-1","max-image-preview":"max-image-preview:large","max-video-preview":"max-video-preview:-1"},"canonical":"https:\/\/www.visit-ulcinj.com\/blog\/2014\/08\/04\/interviste-astrit-dragovoja-muho-uruci-ali-zigeli-1-kafe-labin-ne-valdanos-video\/","og_locale":"en_US","og_type":"article","og_title":"Interviste Astrit Dragovoja, Muho Uruci, Ali Zigeli 1 Kafe me Labin n\u00eb Valdanos - Video - Lajme nga Ulqini","og_description":"N\u00eb intervist\u00eb n\u00eb 1 kafe me Labin u zhvillua n\u00eb plazhin si vend m\u00eb eskluziv n\u00eb Ulqin por edhe me gjere. Gjirimi i emisionit u zhvillua n\u00eb Plazhen e\u00a0","og_url":"https:\/\/www.visit-ulcinj.com\/blog\/2014\/08\/04\/interviste-astrit-dragovoja-muho-uruci-ali-zigeli-1-kafe-labin-ne-valdanos-video\/","og_site_name":"Lajme nga Ulqini","article_published_time":"2014-08-04T08:53:00+00:00","article_modified_time":"2014-08-04T09:06:45+00:00","og_image":[{"url":"http:\/\/www.visit-ulcinj.com\/blog\/wp-content\/uploads\/2014\/08\/Astrit-Dragovoja-Muho-Uruci-Ali-Zigeli-1-kafe-me-Labin-Ulqin.jpg"}],"twitter_misc":{"Written by":"ulqini","Est. reading time":"2 minutes"},"schema":{"@context":"https:\/\/schema.org","@graph":[{"@type":"WebSite","@id":"https:\/\/www.visit-ulcinj.com\/blog\/#website","url":"https:\/\/www.visit-ulcinj.com\/blog\/","name":"Lajme nga Ulqini","description":"Lajme,Vijesti,Ulqini,Ulqin,Crna Gora,Mali i Zi","potentialAction":[{"@type":"SearchAction","target":{"@type":"EntryPoint","urlTemplate":"https:\/\/www.visit-ulcinj.com\/blog\/?s={search_term_string}"},"query-input":"required name=search_term_string"}],"inLanguage":"en-US"},{"@type":"ImageObject","inLanguage":"en-US","@id":"https:\/\/www.visit-ulcinj.com\/blog\/2014\/08\/04\/interviste-astrit-dragovoja-muho-uruci-ali-zigeli-1-kafe-labin-ne-valdanos-video\/#primaryimage","url":"https:\/\/www.visit-ulcinj.com\/blog\/wp-content\/uploads\/2014\/08\/Astrit-Dragovoja-Muho-Uruci-Ali-Zigeli-1-kafe-me-Labin-Ulqin.jpg","contentUrl":"https:\/\/www.visit-ulcinj.com\/blog\/wp-content\/uploads\/2014\/08\/Astrit-Dragovoja-Muho-Uruci-Ali-Zigeli-1-kafe-me-Labin-Ulqin.jpg","width":680,"height":389},{"@type":"WebPage","@id":"https:\/\/www.visit-ulcinj.com\/blog\/2014\/08\/04\/interviste-astrit-dragovoja-muho-uruci-ali-zigeli-1-kafe-labin-ne-valdanos-video\/#webpage","url":"https:\/\/www.visit-ulcinj.com\/blog\/2014\/08\/04\/interviste-astrit-dragovoja-muho-uruci-ali-zigeli-1-kafe-labin-ne-valdanos-video\/","name":"Interviste Astrit Dragovoja, Muho Uruci, Ali Zigeli 1 Kafe me Labin n\u00eb Valdanos - Video - Lajme nga Ulqini","isPartOf":{"@id":"https:\/\/www.visit-ulcinj.com\/blog\/#website"},"primaryImageOfPage":{"@id":"https:\/\/www.visit-ulcinj.com\/blog\/2014\/08\/04\/interviste-astrit-dragovoja-muho-uruci-ali-zigeli-1-kafe-labin-ne-valdanos-video\/#primaryimage"},"datePublished":"2014-08-04T08:53:00+00:00","dateModified":"2014-08-04T09:06:45+00:00","author":{"@id":"https:\/\/www.visit-ulcinj.com\/blog\/#\/schema\/person\/dcab619c614d3038751c63bc2aadc06d"},"description":"N\u00eb intervist\u00eb n\u00eb 1 kafe me Labin u zhvillua n\u00eb plazhin si vend m\u00eb eskluziv n\u00eb Ulqin por edhe me gjere. Gjirimi i emisionit u zhvillua n\u00eb Plazhen e\u00a0","breadcrumb":{"@id":"https:\/\/www.visit-ulcinj.com\/blog\/2014\/08\/04\/interviste-astrit-dragovoja-muho-uruci-ali-zigeli-1-kafe-labin-ne-valdanos-video\/#breadcrumb"},"inLanguage":"en-US","potentialAction":[{"@type":"ReadAction","target":["https:\/\/www.visit-ulcinj.com\/blog\/2014\/08\/04\/interviste-astrit-dragovoja-muho-uruci-ali-zigeli-1-kafe-labin-ne-valdanos-video\/"]}]},{"@type":"BreadcrumbList","@id":"https:\/\/www.visit-ulcinj.com\/blog\/2014\/08\/04\/interviste-astrit-dragovoja-muho-uruci-ali-zigeli-1-kafe-labin-ne-valdanos-video\/#breadcrumb","itemListElement":[{"@type":"ListItem","position":1,"name":"Interviste Astrit Dragovoja, Muho Uruci, Ali Zigeli 1 Kafe me Labin n\u00eb Valdanos &#8211; Video"}]},{"@type":"Person","@id":"https:\/\/www.visit-ulcinj.com\/blog\/#\/schema\/person\/dcab619c614d3038751c63bc2aadc06d","name":"ulqini","sameAs":["http:\/\/www.visit-ulcinj.com"],"url":"https:\/\/www.visit-ulcinj.com\/blog\/author\/admin\/"}]}},"jetpack_featured_media_url":"","jetpack_sharing_enabled":true,"jetpack_shortlink":"https:\/\/wp.me\/pe6lTn-lYX","_links":{"self":[{"href":"https:\/\/www.visit-ulcinj.com\/blog\/wp-json\/wp\/v2\/posts\/84503"}],"collection":[{"href":"https:\/\/www.visit-ulcinj.com\/blog\/wp-json\/wp\/v2\/posts"}],"about":[{"href":"https:\/\/www.visit-ulcinj.com\/blog\/wp-json\/wp\/v2\/types\/post"}],"author":[{"embeddable":true,"href":"https:\/\/www.visit-ulcinj.com\/blog\/wp-json\/wp\/v2\/users\/1"}],"replies":[{"embeddable":true,"href":"https:\/\/www.visit-ulcinj.com\/blog\/wp-json\/wp\/v2\/comments?post=84503"}],"version-history":[{"count":4,"href":"https:\/\/www.visit-ulcinj.com\/blog\/wp-json\/wp\/v2\/posts\/84503\/revisions"}],"predecessor-version":[{"id":84512,"href":"https:\/\/www.visit-ulcinj.com\/blog\/wp-json\/wp\/v2\/posts\/84503\/revisions\/84512"}],"wp:attachment":[{"href":"https:\/\/www.visit-ulcinj.com\/blog\/wp-json\/wp\/v2\/media?parent=84503"}],"wp:term":[{"taxonomy":"category","embeddable":true,"href":"https:\/\/www.visit-ulcinj.com\/blog\/wp-json\/wp\/v2\/categories?post=84503"},{"taxonomy":"post_tag","embeddable":true,"href":"https:\/\/www.visit-ulcinj.com\/blog\/wp-json\/wp\/v2\/tags?post=84503"}],"curies":[{"name":"wp","href":"https:\/\/api.w.org\/{rel}","templated":true}]}}