{"id":84517,"date":"2014-08-05T14:52:44","date_gmt":"2014-08-05T13:52:44","guid":{"rendered":"http:\/\/www.visit-ulcinj.com\/blog\/?p=84517"},"modified":"2014-08-08T10:38:05","modified_gmt":"2014-08-08T09:38:05","slug":"fluks-turistesh-ne-piken-kufitare-ne-sukubin-muriqan","status":"publish","type":"post","link":"https:\/\/www.visit-ulcinj.com\/blog\/2014\/08\/05\/fluks-turistesh-ne-piken-kufitare-ne-sukubin-muriqan\/","title":{"rendered":"Fluks turist\u00ebsh n\u00eb pik\u00ebn kufitare n\u00eb Sukubin &#8211; Muriqan"},"content":{"rendered":"<p><a href=\"http:\/\/www.visit-ulcinj.com\/blog\/wp-content\/uploads\/2014\/08\/Fluksi-turistik-ne-Sukubin-Muriqan-1.jpg\"><img loading=\"lazy\" class=\"alignleft wp-image-84519\" src=\"http:\/\/www.visit-ulcinj.com\/blog\/wp-content\/uploads\/2014\/08\/Fluksi-turistik-ne-Sukubin-Muriqan-1.jpg\" alt=\"Fluksi -turistik-ne-Sukubin-Muriqan-1\" width=\"508\" height=\"286\" srcset=\"https:\/\/www.visit-ulcinj.com\/blog\/wp-content\/uploads\/2014\/08\/Fluksi-turistik-ne-Sukubin-Muriqan-1.jpg 999w, https:\/\/www.visit-ulcinj.com\/blog\/wp-content\/uploads\/2014\/08\/Fluksi-turistik-ne-Sukubin-Muriqan-1-300x168.jpg 300w\" sizes=\"(max-width: 508px) 100vw, 508px\" \/><\/a>N\u00eb pik\u00ebn kufitare t\u00eb Sukubin &#8211; Muriqanit n\u00eb Shkod\u00ebr k\u00ebt\u00eb muaj jan\u00eb rritur hyrjet dhe daljet e turist\u00ebve t\u00eb huaj.<\/p>\n<p>Burimet zyrtare nga Drejtoria Rajonale e Kufirit thon\u00eb p\u00ebr ATA se n\u00eb raport me hyrje e daljet, numri m\u00eb i madh v\u00ebrehet n\u00eb hyrje, ku krahas turist\u00ebve t\u00eb huaj, shifrat e t\u00eb cil\u00ebve jan\u00eb gjithnj\u00eb e n\u00eb rritje, pjesen m\u00eb ta madhe e p\u00ebrb\u00ebjn\u00eb kryesisht emigrant\u00ebt, t\u00eb cil\u00ebt preferojn\u00eb t\u00eb kthehen n\u00eb Shqip\u00ebri p\u00ebr t\u00eb kaluar pushimet verore.<\/p>\n<div style=\"text-align: justify;\">\n<p>Nga informacionet e marr\u00eb pran\u00eb Policis\u00eb Kufitare n\u00eb pik\u00ebn e kalimit kufitar n\u00eb Muriqan, vetem n\u00eb tre dit\u00ebt e para t\u00eb k\u00ebtij muaji, numri i personave q\u00eb kan\u00eb hyr\u00eb n\u00eb territorin shqiptar eshte 27.363, nd\u00ebrsa e mjeteve n\u00eb t\u00eb nj\u00ebjt\u00ebn periudh\u00eb kohore \u00ebsht\u00eb 5525.<\/p>\n<p>Nd\u00ebrsa n\u00eb harkun kohor t\u00eb muajit korrik, shifrat n\u00eb hyrje e dalje n\u00eb k\u00ebt\u00eb pik\u00eb kufitare jan\u00eb 201.261 shtetas, ndersa ajo e mjeteve eshte 59. 577. Piku i fluksit t\u00eb l\u00ebvizjeve, qoft\u00eb n\u00eb dalje dhe hyrje, jane oret e paradites e sidomos oret emesdites n\u00eb hyrje, koh\u00eb qe p\u00ebrkon edhe me orarin e ardhjes s\u00eb tragetit t\u00eb linjes Itali-Bari (Tivar) i Malit t\u00eb Zi, qe duke q\u00ebn\u00eb nj\u00eb port shum\u00eb pran\u00eb kufirit me Shqip\u00ebrin\u00eb, ka nje frekuentim te madh nga ana e emigrat\u00ebve.<\/p>\n<p>Nga ana e Drejtoris\u00eb Rajonale t\u00eb Kufirit Shkod\u00ebr jan\u00eb marr\u00eb t\u00eb gjitha masat me shtimin e numrit t\u00eb efektivave policor\u00eb dhe t\u00eb sporteleve t\u00eb p\u00ebrpunimit t\u00eb dokumentacionit, ne menyre qe koha e pritjes t\u00eb jet\u00eb sa m\u00eb e shkurter.<\/p>\n<p><strong>Gazeta Sot<\/strong><\/p>\n<\/div>\n","protected":false},"excerpt":{"rendered":"<p>N\u00eb pik\u00ebn kufitare t\u00eb Sukubin &#8211; Muriqanit n\u00eb Shkod\u00ebr k\u00ebt\u00eb muaj jan\u00eb rritur hyrjet dhe daljet e turist\u00ebve t\u00eb huaj. Burimet zyrtare nga Drejtoria Rajonale e Kufirit thon\u00eb p\u00ebr ATA se n\u00eb raport me hyrje e daljet, numri m\u00eb i madh v\u00ebrehet n\u00eb hyrje, ku krahas turist\u00ebve t\u00eb huaj, shifrat e t\u00eb cil\u00ebve jan\u00eb gjithnj\u00eb [&hellip;]<\/p>\n","protected":false},"author":1,"featured_media":0,"comment_status":"closed","ping_status":"closed","sticky":false,"template":"","format":"standard","meta":{"spay_email":"","jetpack_publicize_message":"","jetpack_is_tweetstorm":false,"jetpack_publicize_feature_enabled":true},"categories":[10,1],"tags":[],"jetpack_publicize_connections":[],"yoast_head":"<!-- This site is optimized with the Yoast SEO plugin v19.1 - https:\/\/yoast.com\/wordpress\/plugins\/seo\/ -->\n<title>Fluks turist\u00ebsh n\u00eb pik\u00ebn kufitare n\u00eb Sukubin - Muriqan - Lajme nga Ulqini<\/title>\n<meta name=\"description\" content=\"N\u00eb pik\u00ebn kufitare t\u00eb Sukubin - Muriqanit n\u00eb Shkod\u00ebr k\u00ebt\u00eb muaj jan\u00eb rritur hyrjet dhe daljet e turist\u00ebve t\u00eb huaj. Burimet zyrtare nga Drejtoria Rajonale e\" \/>\n<meta name=\"robots\" content=\"index, follow, max-snippet:-1, max-image-preview:large, max-video-preview:-1\" \/>\n<link rel=\"canonical\" href=\"https:\/\/www.visit-ulcinj.com\/blog\/2014\/08\/05\/fluks-turistesh-ne-piken-kufitare-ne-sukubin-muriqan\/\" \/>\n<meta property=\"og:locale\" content=\"en_US\" \/>\n<meta property=\"og:type\" content=\"article\" \/>\n<meta property=\"og:title\" content=\"Fluks turist\u00ebsh n\u00eb pik\u00ebn kufitare n\u00eb Sukubin - Muriqan - Lajme nga Ulqini\" \/>\n<meta property=\"og:description\" content=\"N\u00eb pik\u00ebn kufitare t\u00eb Sukubin - Muriqanit n\u00eb Shkod\u00ebr k\u00ebt\u00eb muaj jan\u00eb rritur hyrjet dhe daljet e turist\u00ebve t\u00eb huaj. Burimet zyrtare nga Drejtoria Rajonale e\" \/>\n<meta property=\"og:url\" content=\"https:\/\/www.visit-ulcinj.com\/blog\/2014\/08\/05\/fluks-turistesh-ne-piken-kufitare-ne-sukubin-muriqan\/\" \/>\n<meta property=\"og:site_name\" content=\"Lajme nga Ulqini\" \/>\n<meta property=\"article:published_time\" content=\"2014-08-05T13:52:44+00:00\" \/>\n<meta property=\"article:modified_time\" content=\"2014-08-08T09:38:05+00:00\" \/>\n<meta property=\"og:image\" content=\"http:\/\/www.visit-ulcinj.com\/blog\/wp-content\/uploads\/2014\/08\/Fluksi-turistik-ne-Sukubin-Muriqan-1.jpg\" \/>\n<meta name=\"twitter:label1\" content=\"Written by\" \/>\n\t<meta name=\"twitter:data1\" content=\"ulqini\" \/>\n\t<meta name=\"twitter:label2\" content=\"Est. reading time\" \/>\n\t<meta name=\"twitter:data2\" content=\"1 minute\" \/>\n<script type=\"application\/ld+json\" class=\"yoast-schema-graph\">{\"@context\":\"https:\/\/schema.org\",\"@graph\":[{\"@type\":\"WebSite\",\"@id\":\"https:\/\/www.visit-ulcinj.com\/blog\/#website\",\"url\":\"https:\/\/www.visit-ulcinj.com\/blog\/\",\"name\":\"Lajme nga Ulqini\",\"description\":\"Lajme,Vijesti,Ulqini,Ulqin,Crna Gora,Mali i Zi\",\"potentialAction\":[{\"@type\":\"SearchAction\",\"target\":{\"@type\":\"EntryPoint\",\"urlTemplate\":\"https:\/\/www.visit-ulcinj.com\/blog\/?s={search_term_string}\"},\"query-input\":\"required name=search_term_string\"}],\"inLanguage\":\"en-US\"},{\"@type\":\"ImageObject\",\"inLanguage\":\"en-US\",\"@id\":\"https:\/\/www.visit-ulcinj.com\/blog\/2014\/08\/05\/fluks-turistesh-ne-piken-kufitare-ne-sukubin-muriqan\/#primaryimage\",\"url\":\"https:\/\/www.visit-ulcinj.com\/blog\/wp-content\/uploads\/2014\/08\/Fluksi-turistik-ne-Sukubin-Muriqan-1.jpg\",\"contentUrl\":\"https:\/\/www.visit-ulcinj.com\/blog\/wp-content\/uploads\/2014\/08\/Fluksi-turistik-ne-Sukubin-Muriqan-1.jpg\",\"width\":999,\"height\":562},{\"@type\":\"WebPage\",\"@id\":\"https:\/\/www.visit-ulcinj.com\/blog\/2014\/08\/05\/fluks-turistesh-ne-piken-kufitare-ne-sukubin-muriqan\/#webpage\",\"url\":\"https:\/\/www.visit-ulcinj.com\/blog\/2014\/08\/05\/fluks-turistesh-ne-piken-kufitare-ne-sukubin-muriqan\/\",\"name\":\"Fluks turist\u00ebsh n\u00eb pik\u00ebn kufitare n\u00eb Sukubin - Muriqan - Lajme nga Ulqini\",\"isPartOf\":{\"@id\":\"https:\/\/www.visit-ulcinj.com\/blog\/#website\"},\"primaryImageOfPage\":{\"@id\":\"https:\/\/www.visit-ulcinj.com\/blog\/2014\/08\/05\/fluks-turistesh-ne-piken-kufitare-ne-sukubin-muriqan\/#primaryimage\"},\"datePublished\":\"2014-08-05T13:52:44+00:00\",\"dateModified\":\"2014-08-08T09:38:05+00:00\",\"author\":{\"@id\":\"https:\/\/www.visit-ulcinj.com\/blog\/#\/schema\/person\/dcab619c614d3038751c63bc2aadc06d\"},\"description\":\"N\u00eb pik\u00ebn kufitare t\u00eb Sukubin - Muriqanit n\u00eb Shkod\u00ebr k\u00ebt\u00eb muaj jan\u00eb rritur hyrjet dhe daljet e turist\u00ebve t\u00eb huaj. Burimet zyrtare nga Drejtoria Rajonale e\",\"breadcrumb\":{\"@id\":\"https:\/\/www.visit-ulcinj.com\/blog\/2014\/08\/05\/fluks-turistesh-ne-piken-kufitare-ne-sukubin-muriqan\/#breadcrumb\"},\"inLanguage\":\"en-US\",\"potentialAction\":[{\"@type\":\"ReadAction\",\"target\":[\"https:\/\/www.visit-ulcinj.com\/blog\/2014\/08\/05\/fluks-turistesh-ne-piken-kufitare-ne-sukubin-muriqan\/\"]}]},{\"@type\":\"BreadcrumbList\",\"@id\":\"https:\/\/www.visit-ulcinj.com\/blog\/2014\/08\/05\/fluks-turistesh-ne-piken-kufitare-ne-sukubin-muriqan\/#breadcrumb\",\"itemListElement\":[{\"@type\":\"ListItem\",\"position\":1,\"name\":\"Fluks turist\u00ebsh n\u00eb pik\u00ebn kufitare n\u00eb Sukubin &#8211; Muriqan\"}]},{\"@type\":\"Person\",\"@id\":\"https:\/\/www.visit-ulcinj.com\/blog\/#\/schema\/person\/dcab619c614d3038751c63bc2aadc06d\",\"name\":\"ulqini\",\"sameAs\":[\"http:\/\/www.visit-ulcinj.com\"],\"url\":\"https:\/\/www.visit-ulcinj.com\/blog\/author\/admin\/\"}]}<\/script>\n<!-- \/ Yoast SEO plugin. -->","yoast_head_json":{"title":"Fluks turist\u00ebsh n\u00eb pik\u00ebn kufitare n\u00eb Sukubin - Muriqan - Lajme nga Ulqini","description":"N\u00eb pik\u00ebn kufitare t\u00eb Sukubin - Muriqanit n\u00eb Shkod\u00ebr k\u00ebt\u00eb muaj jan\u00eb rritur hyrjet dhe daljet e turist\u00ebve t\u00eb huaj. Burimet zyrtare nga Drejtoria Rajonale e","robots":{"index":"index","follow":"follow","max-snippet":"max-snippet:-1","max-image-preview":"max-image-preview:large","max-video-preview":"max-video-preview:-1"},"canonical":"https:\/\/www.visit-ulcinj.com\/blog\/2014\/08\/05\/fluks-turistesh-ne-piken-kufitare-ne-sukubin-muriqan\/","og_locale":"en_US","og_type":"article","og_title":"Fluks turist\u00ebsh n\u00eb pik\u00ebn kufitare n\u00eb Sukubin - Muriqan - Lajme nga Ulqini","og_description":"N\u00eb pik\u00ebn kufitare t\u00eb Sukubin - Muriqanit n\u00eb Shkod\u00ebr k\u00ebt\u00eb muaj jan\u00eb rritur hyrjet dhe daljet e turist\u00ebve t\u00eb huaj. Burimet zyrtare nga Drejtoria Rajonale e","og_url":"https:\/\/www.visit-ulcinj.com\/blog\/2014\/08\/05\/fluks-turistesh-ne-piken-kufitare-ne-sukubin-muriqan\/","og_site_name":"Lajme nga Ulqini","article_published_time":"2014-08-05T13:52:44+00:00","article_modified_time":"2014-08-08T09:38:05+00:00","og_image":[{"url":"http:\/\/www.visit-ulcinj.com\/blog\/wp-content\/uploads\/2014\/08\/Fluksi-turistik-ne-Sukubin-Muriqan-1.jpg"}],"twitter_misc":{"Written by":"ulqini","Est. reading time":"1 minute"},"schema":{"@context":"https:\/\/schema.org","@graph":[{"@type":"WebSite","@id":"https:\/\/www.visit-ulcinj.com\/blog\/#website","url":"https:\/\/www.visit-ulcinj.com\/blog\/","name":"Lajme nga Ulqini","description":"Lajme,Vijesti,Ulqini,Ulqin,Crna Gora,Mali i Zi","potentialAction":[{"@type":"SearchAction","target":{"@type":"EntryPoint","urlTemplate":"https:\/\/www.visit-ulcinj.com\/blog\/?s={search_term_string}"},"query-input":"required name=search_term_string"}],"inLanguage":"en-US"},{"@type":"ImageObject","inLanguage":"en-US","@id":"https:\/\/www.visit-ulcinj.com\/blog\/2014\/08\/05\/fluks-turistesh-ne-piken-kufitare-ne-sukubin-muriqan\/#primaryimage","url":"https:\/\/www.visit-ulcinj.com\/blog\/wp-content\/uploads\/2014\/08\/Fluksi-turistik-ne-Sukubin-Muriqan-1.jpg","contentUrl":"https:\/\/www.visit-ulcinj.com\/blog\/wp-content\/uploads\/2014\/08\/Fluksi-turistik-ne-Sukubin-Muriqan-1.jpg","width":999,"height":562},{"@type":"WebPage","@id":"https:\/\/www.visit-ulcinj.com\/blog\/2014\/08\/05\/fluks-turistesh-ne-piken-kufitare-ne-sukubin-muriqan\/#webpage","url":"https:\/\/www.visit-ulcinj.com\/blog\/2014\/08\/05\/fluks-turistesh-ne-piken-kufitare-ne-sukubin-muriqan\/","name":"Fluks turist\u00ebsh n\u00eb pik\u00ebn kufitare n\u00eb Sukubin - Muriqan - Lajme nga Ulqini","isPartOf":{"@id":"https:\/\/www.visit-ulcinj.com\/blog\/#website"},"primaryImageOfPage":{"@id":"https:\/\/www.visit-ulcinj.com\/blog\/2014\/08\/05\/fluks-turistesh-ne-piken-kufitare-ne-sukubin-muriqan\/#primaryimage"},"datePublished":"2014-08-05T13:52:44+00:00","dateModified":"2014-08-08T09:38:05+00:00","author":{"@id":"https:\/\/www.visit-ulcinj.com\/blog\/#\/schema\/person\/dcab619c614d3038751c63bc2aadc06d"},"description":"N\u00eb pik\u00ebn kufitare t\u00eb Sukubin - Muriqanit n\u00eb Shkod\u00ebr k\u00ebt\u00eb muaj jan\u00eb rritur hyrjet dhe daljet e turist\u00ebve t\u00eb huaj. Burimet zyrtare nga Drejtoria Rajonale e","breadcrumb":{"@id":"https:\/\/www.visit-ulcinj.com\/blog\/2014\/08\/05\/fluks-turistesh-ne-piken-kufitare-ne-sukubin-muriqan\/#breadcrumb"},"inLanguage":"en-US","potentialAction":[{"@type":"ReadAction","target":["https:\/\/www.visit-ulcinj.com\/blog\/2014\/08\/05\/fluks-turistesh-ne-piken-kufitare-ne-sukubin-muriqan\/"]}]},{"@type":"BreadcrumbList","@id":"https:\/\/www.visit-ulcinj.com\/blog\/2014\/08\/05\/fluks-turistesh-ne-piken-kufitare-ne-sukubin-muriqan\/#breadcrumb","itemListElement":[{"@type":"ListItem","position":1,"name":"Fluks turist\u00ebsh n\u00eb pik\u00ebn kufitare n\u00eb Sukubin &#8211; Muriqan"}]},{"@type":"Person","@id":"https:\/\/www.visit-ulcinj.com\/blog\/#\/schema\/person\/dcab619c614d3038751c63bc2aadc06d","name":"ulqini","sameAs":["http:\/\/www.visit-ulcinj.com"],"url":"https:\/\/www.visit-ulcinj.com\/blog\/author\/admin\/"}]}},"jetpack_featured_media_url":"","jetpack_sharing_enabled":true,"jetpack_shortlink":"https:\/\/wp.me\/pe6lTn-lZb","_links":{"self":[{"href":"https:\/\/www.visit-ulcinj.com\/blog\/wp-json\/wp\/v2\/posts\/84517"}],"collection":[{"href":"https:\/\/www.visit-ulcinj.com\/blog\/wp-json\/wp\/v2\/posts"}],"about":[{"href":"https:\/\/www.visit-ulcinj.com\/blog\/wp-json\/wp\/v2\/types\/post"}],"author":[{"embeddable":true,"href":"https:\/\/www.visit-ulcinj.com\/blog\/wp-json\/wp\/v2\/users\/1"}],"replies":[{"embeddable":true,"href":"https:\/\/www.visit-ulcinj.com\/blog\/wp-json\/wp\/v2\/comments?post=84517"}],"version-history":[{"count":5,"href":"https:\/\/www.visit-ulcinj.com\/blog\/wp-json\/wp\/v2\/posts\/84517\/revisions"}],"predecessor-version":[{"id":84524,"href":"https:\/\/www.visit-ulcinj.com\/blog\/wp-json\/wp\/v2\/posts\/84517\/revisions\/84524"}],"wp:attachment":[{"href":"https:\/\/www.visit-ulcinj.com\/blog\/wp-json\/wp\/v2\/media?parent=84517"}],"wp:term":[{"taxonomy":"category","embeddable":true,"href":"https:\/\/www.visit-ulcinj.com\/blog\/wp-json\/wp\/v2\/categories?post=84517"},{"taxonomy":"post_tag","embeddable":true,"href":"https:\/\/www.visit-ulcinj.com\/blog\/wp-json\/wp\/v2\/tags?post=84517"}],"curies":[{"name":"wp","href":"https:\/\/api.w.org\/{rel}","templated":true}]}}