{"id":84526,"date":"2014-08-08T10:32:58","date_gmt":"2014-08-08T09:32:58","guid":{"rendered":"http:\/\/www.visit-ulcinj.com\/blog\/?p=84526"},"modified":"2014-08-10T18:48:06","modified_gmt":"2014-08-10T17:48:06","slug":"gazeta-koha-javore-ne-gjendje-kritike","status":"publish","type":"post","link":"https:\/\/www.visit-ulcinj.com\/blog\/2014\/08\/08\/gazeta-koha-javore-ne-gjendje-kritike\/","title":{"rendered":"Gazeta &#8220;Koha Javore&#8221; ne gjendje kritike"},"content":{"rendered":"<p style=\"text-align: center;\"><strong><a href=\"http:\/\/www.visit-ulcinj.com\/blog\/wp-content\/uploads\/2010\/02\/Ali-Salaj_urednik-koha-javore.jpg\"><img loading=\"lazy\" class=\"alignleft wp-image-30130\" src=\"http:\/\/www.visit-ulcinj.com\/blog\/wp-content\/uploads\/2010\/02\/Ali-Salaj_urednik-koha-javore.jpg\" alt=\"Ali Salaj_urednik koha javore\" width=\"300\" height=\"323\" srcset=\"https:\/\/www.visit-ulcinj.com\/blog\/wp-content\/uploads\/2010\/02\/Ali-Salaj_urednik-koha-javore.jpg 413w, https:\/\/www.visit-ulcinj.com\/blog\/wp-content\/uploads\/2010\/02\/Ali-Salaj_urednik-koha-javore-278x300.jpg 278w\" sizes=\"(max-width: 300px) 100vw, 300px\" \/><\/a>Njoftim mbi \u00e7\u00ebshtjen e gazet\u00ebs \u201cKoha javore\u201d<\/strong><\/p>\n<p style=\"text-align: left;\"><strong>Nga Ali Salaj<\/strong><\/p>\n<p>Si pasoj\u00eb e falimentimit t\u00eb Sht\u00ebpis\u00eb Botuese \u201cPobjeda\u201d SH.A., gazeta e vetme n\u00eb gjuh\u00ebn shqipe n\u00eb Mal t\u00eb Zi \u201cKoha javore\u201d u gjet n\u00eb nj\u00eb pozit\u00eb delikate dhe kritike p\u00ebr t\u00eb ardhmen e saj. \u201cKoha javore\u201d nuk duhet t\u00eb p\u00ebrfshihet n\u00eb procesin e falimentimit t\u00eb \u201cPobjed\u00ebs\u201d, as n\u00eb kuadrin e privatizimit t\u00eb mundsh\u00ebm t\u00eb saj, pasi mediat e pakicave duhet t\u00eb ruhen dhe t\u00eb mb\u00ebshteten nga institucionet p\u00ebrkat\u00ebse shtet\u00ebrore p\u00ebr shkak t\u00eb misionit t\u00eb tyre t\u00eb caktuar n\u00eb shoq\u00ebrin\u00eb multietnike, por edhe nga fakti se k\u00ebto media nuk mund t\u00eb jen\u00eb profitabile. Situata e krijuar k\u00ebrkon nd\u00ebrhyrjen dhe ndihm\u00ebn e institucioneve shtet\u00ebrore, t\u00eb faktorit politik e posa\u00e7\u00ebrisht t\u00eb Parlamentit t\u00eb Malit t\u00eb Zi, i cili \u00ebsht\u00eb themelues i gazet\u00ebs \u201cKoha javore\u201d.<\/p>\n<p>\u201cKoha javore\u201d u themelua nga Parlamenti i Malit t\u00eb Zi n\u00eb dhjetor t\u00eb vitit 1999 dhe i nj\u00ebjti em\u00ebroi K\u00ebshillin Programor, kurse botimi i saj nisi n\u00eb shkurt t\u00eb vitit 2002. N\u00eb veprimtarin\u00eb e saj 13-vje\u00e7are \u201cKoha javore\u201d ka luajtur nj\u00eb rol t\u00eb r\u00ebnd\u00ebsish\u00ebm p\u00ebr lexuesin shqiptar jo vet\u00ebm n\u00eb Mal t\u00eb Zi, por edhe m\u00eb gjer\u00eb. P\u00ebr k\u00ebt\u00eb arsye besoj se me autoritetin Tuaj mund t\u00eb kontribuoni q\u00eb e vetmja gazet\u00eb n\u00eb gjuh\u00ebn shqipe t\u00eb mbetet n\u00eb sken\u00ebn mediatike duke i siguruar asaj pjes\u00eb proporcionale t\u00eb financimit nga Parlamenti, Qeveria apo Fondi p\u00ebr Ruajtjen dhe Realizimin e t\u00eb Drejtave t\u00eb Pakicave. Kjo nuk do t\u00eb n\u00ebnkuptonte ndonj\u00eb kosto t\u00eb madhe financimi pasi redaksin\u00eb e k\u00ebsaj javoreje e p\u00ebrb\u00ebjn\u00eb vet\u00ebm kat\u00ebr punonj\u00ebs, q\u00eb \u00ebsht\u00eb rast i ve\u00e7ant\u00eb dhe i pad\u00ebgjuar n\u00eb mediat e shkruara.<\/p>\n<p>Po p\u00ebrmendi shembujt n\u00eb rajon, ku fjala vjen, vet\u00ebm n\u00eb Serbi botohen me dhjet\u00ebra gazeta t\u00eb pakicave: \u201eBunjeva\u010dke novine\u201d (n\u00eb gjuh\u00ebn bunjase), \u201eHlas Hudu\u201d (n\u00eb gjuh\u00ebn sllovake), \u201eLibertatea\u201d (n\u00eb gjuh\u00ebn rumune), \u201cMagyar Szo\u201d (n\u00eb gjuh\u00ebn hungareze), \u201eRuske slovo\u201d (n\u00eb gjuh\u00ebn rusine), \u201eNacional\u201d (n\u00eb gjuh\u00ebn shqipe)\u2026 ose botimi i shum\u00eb gazetave n\u00eb rajon: Slloveni, Kroaci, Kosov\u00eb dhe Maqedoni. T\u00eb gjitha k\u00ebto gazeta financohen nga ministrit\u00eb e qeverive t\u00eb vendeve p\u00ebrkat\u00ebse, vet\u00ebm me nj\u00eb ndryshim formal: t\u00eb drejtat e themelimit nga Kuvendi jan\u00eb bartur te k\u00ebshillat nacionale t\u00eb pakicave ose te ndonj\u00eb subjekt tjet\u00ebr, por gjithnj\u00eb duke e ruajtur burimin e financimit e q\u00eb \u00ebsht\u00eb Qeveria. Me k\u00ebt\u00eb veprim, t\u00eb gjtha k\u00ebto vende respektojn\u00eb Konvent\u00ebn Korniz\u00eb p\u00ebr Mbrojtjen e Pakicave Nacionale dhe Konvent\u00ebn Evropiane mbi Gjuh\u00ebt Rajonale dhe t\u00eb Pakicave q\u00eb \u00ebsht\u00eb detyrim edhe i shtetit t\u00eb Malit t\u00eb Zi.<\/p>\n<p>Pasi \u00e7\u00ebshtja e gazet\u00ebs \u201cKoh\u00ebs javore\u201d tanim\u00eb \u00ebsht\u00eb shnd\u00ebrruar n\u00eb \u00e7\u00ebshtje politike, \u00ebsht\u00eb detyrim i imi q\u00eb p\u00ebr ecurin\u00eb dhe fatin e t\u00eb vetmes gazet\u00eb n\u00eb gjuh\u00ebn shqipe ta njoftoj opinionin vendor dhe nderkomb\u00ebtar, faktorin politik, Qeverin\u00eb dhe Parlamentin e Malit t\u00eb Zi, ambasadat e akredituara n\u00eb Podgoric\u00eb, kongresist\u00ebt dhe senator\u00ebt amerikan\u00eb, Departamentin Amerikan t\u00eb Shtetit, diaspor\u00ebn dhe Lobin shqiptar n\u00eb SHBA.<\/p>\n<p>Me besimin se \u00e7\u00ebshtja e gazet\u00ebs \u201cKoha javore\u201c do t\u00eb shqyrtohet me v\u00ebmendje nga ana Juaj, paraprakisht ju fal\u00ebnderoj.<\/p>\n<p>&nbsp;<\/p>\n<p><em>Podgoric\u00eb, m\u00eb 07. 08. 2014<\/em><strong>\u00a0\u00a0\u00a0\u00a0\u00a0\u00a0\u00a0\u00a0\u00a0\u00a0\u00a0\u00a0\u00a0\u00a0\u00a0\u00a0\u00a0\u00a0\u00a0\u00a0\u00a0\u00a0\u00a0\u00a0\u00a0\u00a0\u00a0\u00a0\u00a0\u00a0\u00a0\u00a0\u00a0\u00a0\u00a0\u00a0\u00a0\u00a0\u00a0\u00a0\u00a0\u00a0\u00a0\u00a0\u00a0\u00a0\u00a0\u00a0\u00a0\u00a0\u00a0\u00a0\u00a0\u00a0\u00a0\u00a0\u00a0<\/strong><\/p>\n<p style=\"text-align: right;\"><strong>Redaktori p\u00ebrgjegj\u00ebs<\/strong><\/p>\n<p style=\"text-align: right;\">\u00a0Ali Salaj<\/p>\n","protected":false},"excerpt":{"rendered":"<p>Njoftim mbi \u00e7\u00ebshtjen e gazet\u00ebs \u201cKoha javore\u201d Nga Ali Salaj Si pasoj\u00eb e falimentimit t\u00eb Sht\u00ebpis\u00eb Botuese \u201cPobjeda\u201d SH.A., gazeta e vetme n\u00eb gjuh\u00ebn shqipe n\u00eb Mal t\u00eb Zi \u201cKoha javore\u201d u gjet n\u00eb nj\u00eb pozit\u00eb delikate dhe kritike p\u00ebr t\u00eb ardhmen e saj. \u201cKoha javore\u201d nuk duhet t\u00eb p\u00ebrfshihet n\u00eb procesin e falimentimit t\u00eb [&hellip;]<\/p>\n","protected":false},"author":1,"featured_media":0,"comment_status":"closed","ping_status":"closed","sticky":false,"template":"","format":"standard","meta":{"spay_email":"","jetpack_publicize_message":"","jetpack_is_tweetstorm":false,"jetpack_publicize_feature_enabled":true},"categories":[4,1],"tags":[],"jetpack_publicize_connections":[],"yoast_head":"<!-- This site is optimized with the Yoast SEO plugin v19.1 - https:\/\/yoast.com\/wordpress\/plugins\/seo\/ -->\n<title>Gazeta &quot;Koha Javore&quot; ne gjendje kritike - Lajme nga Ulqini<\/title>\n<meta name=\"description\" content=\"Njoftim mbi \u00e7\u00ebshtjen e gazet\u00ebs \u201cKoha javore\u201d Nga Ali Salaj Si pasoj\u00eb e falimentimit t\u00eb Sht\u00ebpis\u00eb Botuese \u201cPobjeda\u201d SH.A., gazeta e vetme n\u00eb gjuh\u00ebn shqipe\" \/>\n<meta name=\"robots\" content=\"index, follow, max-snippet:-1, max-image-preview:large, max-video-preview:-1\" \/>\n<link rel=\"canonical\" href=\"https:\/\/www.visit-ulcinj.com\/blog\/2014\/08\/08\/gazeta-koha-javore-ne-gjendje-kritike\/\" \/>\n<meta property=\"og:locale\" content=\"en_US\" \/>\n<meta property=\"og:type\" content=\"article\" \/>\n<meta property=\"og:title\" content=\"Gazeta &quot;Koha Javore&quot; ne gjendje kritike - Lajme nga Ulqini\" \/>\n<meta property=\"og:description\" content=\"Njoftim mbi \u00e7\u00ebshtjen e gazet\u00ebs \u201cKoha javore\u201d Nga Ali Salaj Si pasoj\u00eb e falimentimit t\u00eb Sht\u00ebpis\u00eb Botuese \u201cPobjeda\u201d SH.A., gazeta e vetme n\u00eb gjuh\u00ebn shqipe\" \/>\n<meta property=\"og:url\" content=\"https:\/\/www.visit-ulcinj.com\/blog\/2014\/08\/08\/gazeta-koha-javore-ne-gjendje-kritike\/\" \/>\n<meta property=\"og:site_name\" content=\"Lajme nga Ulqini\" \/>\n<meta property=\"article:published_time\" content=\"2014-08-08T09:32:58+00:00\" \/>\n<meta property=\"article:modified_time\" content=\"2014-08-10T17:48:06+00:00\" \/>\n<meta property=\"og:image\" content=\"http:\/\/www.visit-ulcinj.com\/blog\/wp-content\/uploads\/2010\/02\/Ali-Salaj_urednik-koha-javore.jpg\" \/>\n<meta name=\"twitter:label1\" content=\"Written by\" \/>\n\t<meta name=\"twitter:data1\" content=\"ulqini\" \/>\n\t<meta name=\"twitter:label2\" content=\"Est. reading time\" \/>\n\t<meta name=\"twitter:data2\" content=\"3 minutes\" \/>\n<script type=\"application\/ld+json\" class=\"yoast-schema-graph\">{\"@context\":\"https:\/\/schema.org\",\"@graph\":[{\"@type\":\"WebSite\",\"@id\":\"https:\/\/www.visit-ulcinj.com\/blog\/#website\",\"url\":\"https:\/\/www.visit-ulcinj.com\/blog\/\",\"name\":\"Lajme nga Ulqini\",\"description\":\"Lajme,Vijesti,Ulqini,Ulqin,Crna Gora,Mali i Zi\",\"potentialAction\":[{\"@type\":\"SearchAction\",\"target\":{\"@type\":\"EntryPoint\",\"urlTemplate\":\"https:\/\/www.visit-ulcinj.com\/blog\/?s={search_term_string}\"},\"query-input\":\"required name=search_term_string\"}],\"inLanguage\":\"en-US\"},{\"@type\":\"ImageObject\",\"inLanguage\":\"en-US\",\"@id\":\"https:\/\/www.visit-ulcinj.com\/blog\/2014\/08\/08\/gazeta-koha-javore-ne-gjendje-kritike\/#primaryimage\",\"url\":\"https:\/\/www.visit-ulcinj.com\/blog\/wp-content\/uploads\/2010\/02\/Ali-Salaj_urednik-koha-javore.jpg\",\"contentUrl\":\"https:\/\/www.visit-ulcinj.com\/blog\/wp-content\/uploads\/2010\/02\/Ali-Salaj_urednik-koha-javore.jpg\",\"width\":\"413\",\"height\":\"445\"},{\"@type\":\"WebPage\",\"@id\":\"https:\/\/www.visit-ulcinj.com\/blog\/2014\/08\/08\/gazeta-koha-javore-ne-gjendje-kritike\/#webpage\",\"url\":\"https:\/\/www.visit-ulcinj.com\/blog\/2014\/08\/08\/gazeta-koha-javore-ne-gjendje-kritike\/\",\"name\":\"Gazeta \\\"Koha Javore\\\" ne gjendje kritike - Lajme nga Ulqini\",\"isPartOf\":{\"@id\":\"https:\/\/www.visit-ulcinj.com\/blog\/#website\"},\"primaryImageOfPage\":{\"@id\":\"https:\/\/www.visit-ulcinj.com\/blog\/2014\/08\/08\/gazeta-koha-javore-ne-gjendje-kritike\/#primaryimage\"},\"datePublished\":\"2014-08-08T09:32:58+00:00\",\"dateModified\":\"2014-08-10T17:48:06+00:00\",\"author\":{\"@id\":\"https:\/\/www.visit-ulcinj.com\/blog\/#\/schema\/person\/dcab619c614d3038751c63bc2aadc06d\"},\"description\":\"Njoftim mbi \u00e7\u00ebshtjen e gazet\u00ebs \u201cKoha javore\u201d Nga Ali Salaj Si pasoj\u00eb e falimentimit t\u00eb Sht\u00ebpis\u00eb Botuese \u201cPobjeda\u201d SH.A., gazeta e vetme n\u00eb gjuh\u00ebn shqipe\",\"breadcrumb\":{\"@id\":\"https:\/\/www.visit-ulcinj.com\/blog\/2014\/08\/08\/gazeta-koha-javore-ne-gjendje-kritike\/#breadcrumb\"},\"inLanguage\":\"en-US\",\"potentialAction\":[{\"@type\":\"ReadAction\",\"target\":[\"https:\/\/www.visit-ulcinj.com\/blog\/2014\/08\/08\/gazeta-koha-javore-ne-gjendje-kritike\/\"]}]},{\"@type\":\"BreadcrumbList\",\"@id\":\"https:\/\/www.visit-ulcinj.com\/blog\/2014\/08\/08\/gazeta-koha-javore-ne-gjendje-kritike\/#breadcrumb\",\"itemListElement\":[{\"@type\":\"ListItem\",\"position\":1,\"name\":\"Gazeta &#8220;Koha Javore&#8221; ne gjendje kritike\"}]},{\"@type\":\"Person\",\"@id\":\"https:\/\/www.visit-ulcinj.com\/blog\/#\/schema\/person\/dcab619c614d3038751c63bc2aadc06d\",\"name\":\"ulqini\",\"sameAs\":[\"http:\/\/www.visit-ulcinj.com\"],\"url\":\"https:\/\/www.visit-ulcinj.com\/blog\/author\/admin\/\"}]}<\/script>\n<!-- \/ Yoast SEO plugin. -->","yoast_head_json":{"title":"Gazeta \"Koha Javore\" ne gjendje kritike - Lajme nga Ulqini","description":"Njoftim mbi \u00e7\u00ebshtjen e gazet\u00ebs \u201cKoha javore\u201d Nga Ali Salaj Si pasoj\u00eb e falimentimit t\u00eb Sht\u00ebpis\u00eb Botuese \u201cPobjeda\u201d SH.A., gazeta e vetme n\u00eb gjuh\u00ebn shqipe","robots":{"index":"index","follow":"follow","max-snippet":"max-snippet:-1","max-image-preview":"max-image-preview:large","max-video-preview":"max-video-preview:-1"},"canonical":"https:\/\/www.visit-ulcinj.com\/blog\/2014\/08\/08\/gazeta-koha-javore-ne-gjendje-kritike\/","og_locale":"en_US","og_type":"article","og_title":"Gazeta \"Koha Javore\" ne gjendje kritike - Lajme nga Ulqini","og_description":"Njoftim mbi \u00e7\u00ebshtjen e gazet\u00ebs \u201cKoha javore\u201d Nga Ali Salaj Si pasoj\u00eb e falimentimit t\u00eb Sht\u00ebpis\u00eb Botuese \u201cPobjeda\u201d SH.A., gazeta e vetme n\u00eb gjuh\u00ebn shqipe","og_url":"https:\/\/www.visit-ulcinj.com\/blog\/2014\/08\/08\/gazeta-koha-javore-ne-gjendje-kritike\/","og_site_name":"Lajme nga Ulqini","article_published_time":"2014-08-08T09:32:58+00:00","article_modified_time":"2014-08-10T17:48:06+00:00","og_image":[{"url":"http:\/\/www.visit-ulcinj.com\/blog\/wp-content\/uploads\/2010\/02\/Ali-Salaj_urednik-koha-javore.jpg"}],"twitter_misc":{"Written by":"ulqini","Est. reading time":"3 minutes"},"schema":{"@context":"https:\/\/schema.org","@graph":[{"@type":"WebSite","@id":"https:\/\/www.visit-ulcinj.com\/blog\/#website","url":"https:\/\/www.visit-ulcinj.com\/blog\/","name":"Lajme nga Ulqini","description":"Lajme,Vijesti,Ulqini,Ulqin,Crna Gora,Mali i Zi","potentialAction":[{"@type":"SearchAction","target":{"@type":"EntryPoint","urlTemplate":"https:\/\/www.visit-ulcinj.com\/blog\/?s={search_term_string}"},"query-input":"required name=search_term_string"}],"inLanguage":"en-US"},{"@type":"ImageObject","inLanguage":"en-US","@id":"https:\/\/www.visit-ulcinj.com\/blog\/2014\/08\/08\/gazeta-koha-javore-ne-gjendje-kritike\/#primaryimage","url":"https:\/\/www.visit-ulcinj.com\/blog\/wp-content\/uploads\/2010\/02\/Ali-Salaj_urednik-koha-javore.jpg","contentUrl":"https:\/\/www.visit-ulcinj.com\/blog\/wp-content\/uploads\/2010\/02\/Ali-Salaj_urednik-koha-javore.jpg","width":"413","height":"445"},{"@type":"WebPage","@id":"https:\/\/www.visit-ulcinj.com\/blog\/2014\/08\/08\/gazeta-koha-javore-ne-gjendje-kritike\/#webpage","url":"https:\/\/www.visit-ulcinj.com\/blog\/2014\/08\/08\/gazeta-koha-javore-ne-gjendje-kritike\/","name":"Gazeta \"Koha Javore\" ne gjendje kritike - Lajme nga Ulqini","isPartOf":{"@id":"https:\/\/www.visit-ulcinj.com\/blog\/#website"},"primaryImageOfPage":{"@id":"https:\/\/www.visit-ulcinj.com\/blog\/2014\/08\/08\/gazeta-koha-javore-ne-gjendje-kritike\/#primaryimage"},"datePublished":"2014-08-08T09:32:58+00:00","dateModified":"2014-08-10T17:48:06+00:00","author":{"@id":"https:\/\/www.visit-ulcinj.com\/blog\/#\/schema\/person\/dcab619c614d3038751c63bc2aadc06d"},"description":"Njoftim mbi \u00e7\u00ebshtjen e gazet\u00ebs \u201cKoha javore\u201d Nga Ali Salaj Si pasoj\u00eb e falimentimit t\u00eb Sht\u00ebpis\u00eb Botuese \u201cPobjeda\u201d SH.A., gazeta e vetme n\u00eb gjuh\u00ebn shqipe","breadcrumb":{"@id":"https:\/\/www.visit-ulcinj.com\/blog\/2014\/08\/08\/gazeta-koha-javore-ne-gjendje-kritike\/#breadcrumb"},"inLanguage":"en-US","potentialAction":[{"@type":"ReadAction","target":["https:\/\/www.visit-ulcinj.com\/blog\/2014\/08\/08\/gazeta-koha-javore-ne-gjendje-kritike\/"]}]},{"@type":"BreadcrumbList","@id":"https:\/\/www.visit-ulcinj.com\/blog\/2014\/08\/08\/gazeta-koha-javore-ne-gjendje-kritike\/#breadcrumb","itemListElement":[{"@type":"ListItem","position":1,"name":"Gazeta &#8220;Koha Javore&#8221; ne gjendje kritike"}]},{"@type":"Person","@id":"https:\/\/www.visit-ulcinj.com\/blog\/#\/schema\/person\/dcab619c614d3038751c63bc2aadc06d","name":"ulqini","sameAs":["http:\/\/www.visit-ulcinj.com"],"url":"https:\/\/www.visit-ulcinj.com\/blog\/author\/admin\/"}]}},"jetpack_featured_media_url":"","jetpack_sharing_enabled":true,"jetpack_shortlink":"https:\/\/wp.me\/pe6lTn-lZk","_links":{"self":[{"href":"https:\/\/www.visit-ulcinj.com\/blog\/wp-json\/wp\/v2\/posts\/84526"}],"collection":[{"href":"https:\/\/www.visit-ulcinj.com\/blog\/wp-json\/wp\/v2\/posts"}],"about":[{"href":"https:\/\/www.visit-ulcinj.com\/blog\/wp-json\/wp\/v2\/types\/post"}],"author":[{"embeddable":true,"href":"https:\/\/www.visit-ulcinj.com\/blog\/wp-json\/wp\/v2\/users\/1"}],"replies":[{"embeddable":true,"href":"https:\/\/www.visit-ulcinj.com\/blog\/wp-json\/wp\/v2\/comments?post=84526"}],"version-history":[{"count":1,"href":"https:\/\/www.visit-ulcinj.com\/blog\/wp-json\/wp\/v2\/posts\/84526\/revisions"}],"predecessor-version":[{"id":84527,"href":"https:\/\/www.visit-ulcinj.com\/blog\/wp-json\/wp\/v2\/posts\/84526\/revisions\/84527"}],"wp:attachment":[{"href":"https:\/\/www.visit-ulcinj.com\/blog\/wp-json\/wp\/v2\/media?parent=84526"}],"wp:term":[{"taxonomy":"category","embeddable":true,"href":"https:\/\/www.visit-ulcinj.com\/blog\/wp-json\/wp\/v2\/categories?post=84526"},{"taxonomy":"post_tag","embeddable":true,"href":"https:\/\/www.visit-ulcinj.com\/blog\/wp-json\/wp\/v2\/tags?post=84526"}],"curies":[{"name":"wp","href":"https:\/\/api.w.org\/{rel}","templated":true}]}}