{"id":84539,"date":"2014-08-10T18:45:54","date_gmt":"2014-08-10T17:45:54","guid":{"rendered":"http:\/\/www.visit-ulcinj.com\/blog\/?p=84539"},"modified":"2014-08-13T09:30:32","modified_gmt":"2014-08-13T08:30:32","slug":"12-gushte-fillon-manifestimi-dita-e-diaspores-ne-ane-te-malit","status":"publish","type":"post","link":"https:\/\/www.visit-ulcinj.com\/blog\/2014\/08\/10\/12-gushte-fillon-manifestimi-dita-e-diaspores-ne-ane-te-malit\/","title":{"rendered":"M\u00eb 12 gusht\u00eb fillon manifestimi \u201cDita e Diaspor\u00ebs&#8221; n\u00eb An\u00eb t\u00eb Malit"},"content":{"rendered":"<p>P\u00ebr t\u00eb dyt\u00ebn her\u00eb organizohet manifestimi \u201cDita e Diaspor\u00ebs\u201d me 12 gusht 2014 n\u00eb mjediset e kompleksit Lamiga Group n\u00eb Kryth\u00eb t\u00eb Komun\u00ebs s\u00eb Ulqinit. Ky aktivitet tashm\u00eb tradicional organizohet nga Biznes Klub Ana Mali, n\u00eb bashk\u00ebpunim me Shoqat\u00ebn Ana e Malit n\u00eb New Yourk.<\/p>\n<p><a href=\"http:\/\/www.visit-ulcinj.com\/blog\/wp-content\/uploads\/2014\/08\/dita-diaspores-ana-malit.jpg\"><img loading=\"lazy\" class=\"alignleft wp-image-84541\" src=\"http:\/\/www.visit-ulcinj.com\/blog\/wp-content\/uploads\/2014\/08\/dita-diaspores-ana-malit.jpg\" alt=\"dita-diaspores-ana-malit\" width=\"508\" height=\"711\" srcset=\"https:\/\/www.visit-ulcinj.com\/blog\/wp-content\/uploads\/2014\/08\/dita-diaspores-ana-malit.jpg 686w, https:\/\/www.visit-ulcinj.com\/blog\/wp-content\/uploads\/2014\/08\/dita-diaspores-ana-malit-214x300.jpg 214w\" sizes=\"(max-width: 508px) 100vw, 508px\" \/><\/a><\/p>\n<p>Kabil Kurti president i Biznes Klub Ana Malit,,tregon p\u00ebr agjencionin e lajmeve \u201cToskanapress.info\u201d se q\u00ebllimi i k\u00ebtij manifestimit \u00ebsht\u00eb si pik\u00eb takimi i p\u00ebrbashk\u00ebt me bashk\u00ebvendasit tan\u00eb q\u00eb p\u00ebr momentin gjinden n\u00eb vendlindje n\u00eb pushime. Ai tregon se \u00a0\u00a0qytetar\u00ebt e k\u00ebsaj ane dhe familjar\u00ebt do t\u00eb ken\u00eb mund\u00ebsi q\u00eb t\u00eb takohen, njihen e bisedojn\u00eb nd\u00ebrmjet vete.<br \/>\nQ\u00eb manifestimi t\u00eb jet\u00eb sa m\u00eb madh\u00ebshtor, Shoqata e Ana Malit \u00a0n\u00eb New Yourk dhe Biznes Klub Ana Malit nga Ulqini, kan\u00eb organizuar edhe aktivitete t\u00eb ndryshme, ku do t\u00eb marrin pjes\u00eb grupe nga t\u00eb gjitha viset shqiptare. \u00a0.<\/p>\n<p>Pjes\u00ebn kryesore t\u00eb k\u00ebtij manifestimi n\u00eb mbr\u00ebmje do e mbaj\u00eb Shoq\u00ebria Artisike \u201cTradita\u201d me programin e vet kulturor q\u00eb ruan traditat foklorike tradicionale t\u00eb k\u00ebsaj\u00eb treve. Si mysafir do marrin pjes\u00eb shoq\u00ebri kulturore artistike nga Shqip\u00ebria, Kosova e Maqedonia.<\/p>\n<p>Kabil Kurti, shpreson se n\u00eb t\u00eb ardhmen ky aktvitet t\u00eb b\u00ebhet tradicional dhe q\u00eb ky vend takim t\u00eb jet\u00eb dhe nj\u00ebherit si gur\u00eb themel i nj\u00eb festivali. Nd\u00ebrsa gjat\u00eb dit\u00ebs do t\u00eb mbahen aktivitete t\u00eb ndryshme sportive, kulturore e t\u00eb tjera.<\/p>\n<p><strong>Besim Toska<\/strong><\/p>\n<!--YouTube Error: bad URL entered-->\n","protected":false},"excerpt":{"rendered":"<p>P\u00ebr t\u00eb dyt\u00ebn her\u00eb organizohet manifestimi \u201cDita e Diaspor\u00ebs\u201d me 12 gusht 2014 n\u00eb mjediset e kompleksit Lamiga Group n\u00eb Kryth\u00eb t\u00eb Komun\u00ebs s\u00eb Ulqinit. Ky aktivitet tashm\u00eb tradicional organizohet nga Biznes Klub Ana Mali, n\u00eb bashk\u00ebpunim me Shoqat\u00ebn Ana e Malit n\u00eb New Yourk. Kabil Kurti president i Biznes Klub Ana Malit,,tregon p\u00ebr agjencionin [&hellip;]<\/p>\n","protected":false},"author":1,"featured_media":0,"comment_status":"closed","ping_status":"closed","sticky":false,"template":"","format":"standard","meta":{"spay_email":"","jetpack_publicize_message":"","jetpack_is_tweetstorm":false,"jetpack_publicize_feature_enabled":true},"categories":[1],"tags":[],"jetpack_publicize_connections":[],"yoast_head":"<!-- This site is optimized with the Yoast SEO plugin v19.1 - https:\/\/yoast.com\/wordpress\/plugins\/seo\/ -->\n<title>M\u00eb 12 gusht\u00eb fillon manifestimi \u201cDita e Diaspor\u00ebs&quot; n\u00eb An\u00eb t\u00eb Malit - Lajme nga Ulqini<\/title>\n<meta name=\"description\" content=\"P\u00ebr t\u00eb dyt\u00ebn her\u00eb organizohet manifestimi \u201cDita e Diaspor\u00ebs\u201d me 12 gusht 2014 n\u00eb mjediset e kompleksit Lamiga Group n\u00eb Kryth\u00eb t\u00eb Komun\u00ebs s\u00eb Ulqinit. Ky\" \/>\n<meta name=\"robots\" content=\"index, follow, max-snippet:-1, max-image-preview:large, max-video-preview:-1\" \/>\n<link rel=\"canonical\" href=\"https:\/\/www.visit-ulcinj.com\/blog\/2014\/08\/10\/12-gushte-fillon-manifestimi-dita-e-diaspores-ne-ane-te-malit\/\" \/>\n<meta property=\"og:locale\" content=\"en_US\" \/>\n<meta property=\"og:type\" content=\"article\" \/>\n<meta property=\"og:title\" content=\"M\u00eb 12 gusht\u00eb fillon manifestimi \u201cDita e Diaspor\u00ebs&quot; n\u00eb An\u00eb t\u00eb Malit - Lajme nga Ulqini\" \/>\n<meta property=\"og:description\" content=\"P\u00ebr t\u00eb dyt\u00ebn her\u00eb organizohet manifestimi \u201cDita e Diaspor\u00ebs\u201d me 12 gusht 2014 n\u00eb mjediset e kompleksit Lamiga Group n\u00eb Kryth\u00eb t\u00eb Komun\u00ebs s\u00eb Ulqinit. Ky\" \/>\n<meta property=\"og:url\" content=\"https:\/\/www.visit-ulcinj.com\/blog\/2014\/08\/10\/12-gushte-fillon-manifestimi-dita-e-diaspores-ne-ane-te-malit\/\" \/>\n<meta property=\"og:site_name\" content=\"Lajme nga Ulqini\" \/>\n<meta property=\"article:published_time\" content=\"2014-08-10T17:45:54+00:00\" \/>\n<meta property=\"article:modified_time\" content=\"2014-08-13T08:30:32+00:00\" \/>\n<meta property=\"og:image\" content=\"http:\/\/www.visit-ulcinj.com\/blog\/wp-content\/uploads\/2014\/08\/dita-diaspores-ana-malit.jpg\" \/>\n<meta name=\"twitter:label1\" content=\"Written by\" \/>\n\t<meta name=\"twitter:data1\" content=\"ulqini\" \/>\n\t<meta name=\"twitter:label2\" content=\"Est. reading time\" \/>\n\t<meta name=\"twitter:data2\" content=\"1 minute\" \/>\n<script type=\"application\/ld+json\" class=\"yoast-schema-graph\">{\"@context\":\"https:\/\/schema.org\",\"@graph\":[{\"@type\":\"WebSite\",\"@id\":\"https:\/\/www.visit-ulcinj.com\/blog\/#website\",\"url\":\"https:\/\/www.visit-ulcinj.com\/blog\/\",\"name\":\"Lajme nga Ulqini\",\"description\":\"Lajme,Vijesti,Ulqini,Ulqin,Crna Gora,Mali i Zi\",\"potentialAction\":[{\"@type\":\"SearchAction\",\"target\":{\"@type\":\"EntryPoint\",\"urlTemplate\":\"https:\/\/www.visit-ulcinj.com\/blog\/?s={search_term_string}\"},\"query-input\":\"required name=search_term_string\"}],\"inLanguage\":\"en-US\"},{\"@type\":\"ImageObject\",\"inLanguage\":\"en-US\",\"@id\":\"https:\/\/www.visit-ulcinj.com\/blog\/2014\/08\/10\/12-gushte-fillon-manifestimi-dita-e-diaspores-ne-ane-te-malit\/#primaryimage\",\"url\":\"https:\/\/www.visit-ulcinj.com\/blog\/wp-content\/uploads\/2014\/08\/dita-diaspores-ana-malit.jpg\",\"contentUrl\":\"https:\/\/www.visit-ulcinj.com\/blog\/wp-content\/uploads\/2014\/08\/dita-diaspores-ana-malit.jpg\",\"width\":686,\"height\":960},{\"@type\":\"WebPage\",\"@id\":\"https:\/\/www.visit-ulcinj.com\/blog\/2014\/08\/10\/12-gushte-fillon-manifestimi-dita-e-diaspores-ne-ane-te-malit\/#webpage\",\"url\":\"https:\/\/www.visit-ulcinj.com\/blog\/2014\/08\/10\/12-gushte-fillon-manifestimi-dita-e-diaspores-ne-ane-te-malit\/\",\"name\":\"M\u00eb 12 gusht\u00eb fillon manifestimi \u201cDita e Diaspor\u00ebs\\\" n\u00eb An\u00eb t\u00eb Malit - Lajme nga Ulqini\",\"isPartOf\":{\"@id\":\"https:\/\/www.visit-ulcinj.com\/blog\/#website\"},\"primaryImageOfPage\":{\"@id\":\"https:\/\/www.visit-ulcinj.com\/blog\/2014\/08\/10\/12-gushte-fillon-manifestimi-dita-e-diaspores-ne-ane-te-malit\/#primaryimage\"},\"datePublished\":\"2014-08-10T17:45:54+00:00\",\"dateModified\":\"2014-08-13T08:30:32+00:00\",\"author\":{\"@id\":\"https:\/\/www.visit-ulcinj.com\/blog\/#\/schema\/person\/dcab619c614d3038751c63bc2aadc06d\"},\"description\":\"P\u00ebr t\u00eb dyt\u00ebn her\u00eb organizohet manifestimi \u201cDita e Diaspor\u00ebs\u201d me 12 gusht 2014 n\u00eb mjediset e kompleksit Lamiga Group n\u00eb Kryth\u00eb t\u00eb Komun\u00ebs s\u00eb Ulqinit. Ky\",\"breadcrumb\":{\"@id\":\"https:\/\/www.visit-ulcinj.com\/blog\/2014\/08\/10\/12-gushte-fillon-manifestimi-dita-e-diaspores-ne-ane-te-malit\/#breadcrumb\"},\"inLanguage\":\"en-US\",\"potentialAction\":[{\"@type\":\"ReadAction\",\"target\":[\"https:\/\/www.visit-ulcinj.com\/blog\/2014\/08\/10\/12-gushte-fillon-manifestimi-dita-e-diaspores-ne-ane-te-malit\/\"]}]},{\"@type\":\"BreadcrumbList\",\"@id\":\"https:\/\/www.visit-ulcinj.com\/blog\/2014\/08\/10\/12-gushte-fillon-manifestimi-dita-e-diaspores-ne-ane-te-malit\/#breadcrumb\",\"itemListElement\":[{\"@type\":\"ListItem\",\"position\":1,\"name\":\"M\u00eb 12 gusht\u00eb fillon manifestimi \u201cDita e Diaspor\u00ebs&#8221; n\u00eb An\u00eb t\u00eb Malit\"}]},{\"@type\":\"Person\",\"@id\":\"https:\/\/www.visit-ulcinj.com\/blog\/#\/schema\/person\/dcab619c614d3038751c63bc2aadc06d\",\"name\":\"ulqini\",\"sameAs\":[\"http:\/\/www.visit-ulcinj.com\"],\"url\":\"https:\/\/www.visit-ulcinj.com\/blog\/author\/admin\/\"}]}<\/script>\n<!-- \/ Yoast SEO plugin. -->","yoast_head_json":{"title":"M\u00eb 12 gusht\u00eb fillon manifestimi \u201cDita e Diaspor\u00ebs\" n\u00eb An\u00eb t\u00eb Malit - Lajme nga Ulqini","description":"P\u00ebr t\u00eb dyt\u00ebn her\u00eb organizohet manifestimi \u201cDita e Diaspor\u00ebs\u201d me 12 gusht 2014 n\u00eb mjediset e kompleksit Lamiga Group n\u00eb Kryth\u00eb t\u00eb Komun\u00ebs s\u00eb Ulqinit. Ky","robots":{"index":"index","follow":"follow","max-snippet":"max-snippet:-1","max-image-preview":"max-image-preview:large","max-video-preview":"max-video-preview:-1"},"canonical":"https:\/\/www.visit-ulcinj.com\/blog\/2014\/08\/10\/12-gushte-fillon-manifestimi-dita-e-diaspores-ne-ane-te-malit\/","og_locale":"en_US","og_type":"article","og_title":"M\u00eb 12 gusht\u00eb fillon manifestimi \u201cDita e Diaspor\u00ebs\" n\u00eb An\u00eb t\u00eb Malit - Lajme nga Ulqini","og_description":"P\u00ebr t\u00eb dyt\u00ebn her\u00eb organizohet manifestimi \u201cDita e Diaspor\u00ebs\u201d me 12 gusht 2014 n\u00eb mjediset e kompleksit Lamiga Group n\u00eb Kryth\u00eb t\u00eb Komun\u00ebs s\u00eb Ulqinit. Ky","og_url":"https:\/\/www.visit-ulcinj.com\/blog\/2014\/08\/10\/12-gushte-fillon-manifestimi-dita-e-diaspores-ne-ane-te-malit\/","og_site_name":"Lajme nga Ulqini","article_published_time":"2014-08-10T17:45:54+00:00","article_modified_time":"2014-08-13T08:30:32+00:00","og_image":[{"url":"http:\/\/www.visit-ulcinj.com\/blog\/wp-content\/uploads\/2014\/08\/dita-diaspores-ana-malit.jpg"}],"twitter_misc":{"Written by":"ulqini","Est. reading time":"1 minute"},"schema":{"@context":"https:\/\/schema.org","@graph":[{"@type":"WebSite","@id":"https:\/\/www.visit-ulcinj.com\/blog\/#website","url":"https:\/\/www.visit-ulcinj.com\/blog\/","name":"Lajme nga Ulqini","description":"Lajme,Vijesti,Ulqini,Ulqin,Crna Gora,Mali i Zi","potentialAction":[{"@type":"SearchAction","target":{"@type":"EntryPoint","urlTemplate":"https:\/\/www.visit-ulcinj.com\/blog\/?s={search_term_string}"},"query-input":"required name=search_term_string"}],"inLanguage":"en-US"},{"@type":"ImageObject","inLanguage":"en-US","@id":"https:\/\/www.visit-ulcinj.com\/blog\/2014\/08\/10\/12-gushte-fillon-manifestimi-dita-e-diaspores-ne-ane-te-malit\/#primaryimage","url":"https:\/\/www.visit-ulcinj.com\/blog\/wp-content\/uploads\/2014\/08\/dita-diaspores-ana-malit.jpg","contentUrl":"https:\/\/www.visit-ulcinj.com\/blog\/wp-content\/uploads\/2014\/08\/dita-diaspores-ana-malit.jpg","width":686,"height":960},{"@type":"WebPage","@id":"https:\/\/www.visit-ulcinj.com\/blog\/2014\/08\/10\/12-gushte-fillon-manifestimi-dita-e-diaspores-ne-ane-te-malit\/#webpage","url":"https:\/\/www.visit-ulcinj.com\/blog\/2014\/08\/10\/12-gushte-fillon-manifestimi-dita-e-diaspores-ne-ane-te-malit\/","name":"M\u00eb 12 gusht\u00eb fillon manifestimi \u201cDita e Diaspor\u00ebs\" n\u00eb An\u00eb t\u00eb Malit - Lajme nga Ulqini","isPartOf":{"@id":"https:\/\/www.visit-ulcinj.com\/blog\/#website"},"primaryImageOfPage":{"@id":"https:\/\/www.visit-ulcinj.com\/blog\/2014\/08\/10\/12-gushte-fillon-manifestimi-dita-e-diaspores-ne-ane-te-malit\/#primaryimage"},"datePublished":"2014-08-10T17:45:54+00:00","dateModified":"2014-08-13T08:30:32+00:00","author":{"@id":"https:\/\/www.visit-ulcinj.com\/blog\/#\/schema\/person\/dcab619c614d3038751c63bc2aadc06d"},"description":"P\u00ebr t\u00eb dyt\u00ebn her\u00eb organizohet manifestimi \u201cDita e Diaspor\u00ebs\u201d me 12 gusht 2014 n\u00eb mjediset e kompleksit Lamiga Group n\u00eb Kryth\u00eb t\u00eb Komun\u00ebs s\u00eb Ulqinit. Ky","breadcrumb":{"@id":"https:\/\/www.visit-ulcinj.com\/blog\/2014\/08\/10\/12-gushte-fillon-manifestimi-dita-e-diaspores-ne-ane-te-malit\/#breadcrumb"},"inLanguage":"en-US","potentialAction":[{"@type":"ReadAction","target":["https:\/\/www.visit-ulcinj.com\/blog\/2014\/08\/10\/12-gushte-fillon-manifestimi-dita-e-diaspores-ne-ane-te-malit\/"]}]},{"@type":"BreadcrumbList","@id":"https:\/\/www.visit-ulcinj.com\/blog\/2014\/08\/10\/12-gushte-fillon-manifestimi-dita-e-diaspores-ne-ane-te-malit\/#breadcrumb","itemListElement":[{"@type":"ListItem","position":1,"name":"M\u00eb 12 gusht\u00eb fillon manifestimi \u201cDita e Diaspor\u00ebs&#8221; n\u00eb An\u00eb t\u00eb Malit"}]},{"@type":"Person","@id":"https:\/\/www.visit-ulcinj.com\/blog\/#\/schema\/person\/dcab619c614d3038751c63bc2aadc06d","name":"ulqini","sameAs":["http:\/\/www.visit-ulcinj.com"],"url":"https:\/\/www.visit-ulcinj.com\/blog\/author\/admin\/"}]}},"jetpack_featured_media_url":"","jetpack_sharing_enabled":true,"jetpack_shortlink":"https:\/\/wp.me\/pe6lTn-lZx","_links":{"self":[{"href":"https:\/\/www.visit-ulcinj.com\/blog\/wp-json\/wp\/v2\/posts\/84539"}],"collection":[{"href":"https:\/\/www.visit-ulcinj.com\/blog\/wp-json\/wp\/v2\/posts"}],"about":[{"href":"https:\/\/www.visit-ulcinj.com\/blog\/wp-json\/wp\/v2\/types\/post"}],"author":[{"embeddable":true,"href":"https:\/\/www.visit-ulcinj.com\/blog\/wp-json\/wp\/v2\/users\/1"}],"replies":[{"embeddable":true,"href":"https:\/\/www.visit-ulcinj.com\/blog\/wp-json\/wp\/v2\/comments?post=84539"}],"version-history":[{"count":4,"href":"https:\/\/www.visit-ulcinj.com\/blog\/wp-json\/wp\/v2\/posts\/84539\/revisions"}],"predecessor-version":[{"id":84569,"href":"https:\/\/www.visit-ulcinj.com\/blog\/wp-json\/wp\/v2\/posts\/84539\/revisions\/84569"}],"wp:attachment":[{"href":"https:\/\/www.visit-ulcinj.com\/blog\/wp-json\/wp\/v2\/media?parent=84539"}],"wp:term":[{"taxonomy":"category","embeddable":true,"href":"https:\/\/www.visit-ulcinj.com\/blog\/wp-json\/wp\/v2\/categories?post=84539"},{"taxonomy":"post_tag","embeddable":true,"href":"https:\/\/www.visit-ulcinj.com\/blog\/wp-json\/wp\/v2\/tags?post=84539"}],"curies":[{"name":"wp","href":"https:\/\/api.w.org\/{rel}","templated":true}]}}