{"id":84545,"date":"2014-08-10T19:44:11","date_gmt":"2014-08-10T18:44:11","guid":{"rendered":"http:\/\/www.visit-ulcinj.com\/blog\/?p=84545"},"modified":"2014-08-10T19:44:11","modified_gmt":"2014-08-10T18:44:11","slug":"ada-bojana-vas-slager-sezone-2014","status":"publish","type":"post","link":"https:\/\/www.visit-ulcinj.com\/blog\/2014\/08\/10\/ada-bojana-vas-slager-sezone-2014\/","title":{"rendered":"Ada Bojana va\u0161 \u0161lager sezone 2014"},"content":{"rendered":"<p><b style=\"line-height: 1.5em;\"><a href=\"http:\/\/www.visit-ulcinj.com\/blog\/wp-content\/uploads\/2014\/08\/ada-bojana.jpg\"><img loading=\"lazy\" class=\"alignleft wp-image-84546\" src=\"http:\/\/www.visit-ulcinj.com\/blog\/wp-content\/uploads\/2014\/08\/ada-bojana.jpg\" alt=\"ada-bojana\" width=\"508\" height=\"240\" srcset=\"https:\/\/www.visit-ulcinj.com\/blog\/wp-content\/uploads\/2014\/08\/ada-bojana.jpg 616w, https:\/\/www.visit-ulcinj.com\/blog\/wp-content\/uploads\/2014\/08\/ada-bojana-300x141.jpg 300w\" sizes=\"(max-width: 508px) 100vw, 508px\" \/><\/a>Svakog ljeta dolazim u Ulcinj ali ovoga mi je najljep\u0161i. Nema vi\u0161e problema sa vodom, a Ada je pravi \u0161lager sezone.<\/b><\/p>\n<p style=\"text-align: justify;\">Ovim rije\u010dima Mirele Had\u017ei\u0107 iz Sarajeva mo\u017ee se najbolje opisati ovogodi\u0161nji avgust u Ulcinju. Uostalom, na svakom koraku se vidi da na\u0161 najju\u017eniji grad \u201evrvi\u201c od rekorda. Na Velikoj pla\u017ei, na raju za nudiste na Adi Bojani, u ulcinjskim hotelima i restortanima\u2026<\/p>\n<p style=\"text-align: justify;\">Jedino mi smeta \u0161to Ulcinj nema luksuznih hotela kakve i zaslu\u017euje, pri\u010da Mirela.<\/p>\n<p style=\"text-align: justify;\"><b>\u0160est kampova<\/b><\/p>\n<p style=\"text-align: justify;\">O tome smo razgovarali i sa Zanom Sarvan, direktoricom Turisti\u010dke organizacije Ulcinj, koja za Pobjedu nedjeljom ka\u017ee:<\/p>\n<p style=\"text-align: justify;\"><a href=\"http:\/\/www.visit-ulcinj.com\/blog\/wp-content\/uploads\/2013\/09\/zanasarvan.jpg\"><img loading=\"lazy\" class=\"alignleft size-full wp-image-74468\" src=\"http:\/\/www.visit-ulcinj.com\/blog\/wp-content\/uploads\/2013\/09\/zanasarvan.jpg\" alt=\"zanasarvan\" width=\"372\" height=\"371\" srcset=\"https:\/\/www.visit-ulcinj.com\/blog\/wp-content\/uploads\/2013\/09\/zanasarvan.jpg 372w, https:\/\/www.visit-ulcinj.com\/blog\/wp-content\/uploads\/2013\/09\/zanasarvan-150x150.jpg 150w, https:\/\/www.visit-ulcinj.com\/blog\/wp-content\/uploads\/2013\/09\/zanasarvan-300x300.jpg 300w\" sizes=\"(max-width: 372px) 100vw, 372px\" \/><\/a><\/p>\n<p style=\"text-align: justify;\">&#8211; Na\u017ealost, Ulcinj se ne mo\u017ee pohvaliti hotelskim kapacitetima sa 4 i 5 zvjezdica kao, recimo, Budva. Mi smo mnogo koraka napravili unazad \u0161to se ti\u010de hotelske ponude. Nema hotela Galeb koji je sru\u0161en poslije privatizacije, a na lokaciji hotela Jadran se nije gradio novi, sru\u0161en je i hotel Lido, ali zato imamo jako lijepih i luksuznih privatnih ku\u0107a i apartmana. Tako\u0111e, sve vi\u0161e stranih gostiju se odlu\u010duje da kampuje u Crnoj Gori, a me\u0111u top kamping destinacije spada i Ulcinjska rivijera. U Ulcinju imamo \u0161est kampova a uglavnom ih posjete strani gosti koji su kako ka\u017eu odu\u0161evljeni netaknutom ljepotom i\u00a0 gradom koji ima najbolje ure\u0111ena kupali\u0161ta.<\/p>\n<p style=\"text-align: justify;\"><a href=\"http:\/\/www.visit-ulcinj.com\/blog\/wp-content\/uploads\/2014\/08\/Nudist-beach-Ada-Bojana.jpg\"><img loading=\"lazy\" class=\"alignleft wp-image-84547\" src=\"http:\/\/www.visit-ulcinj.com\/blog\/wp-content\/uploads\/2014\/08\/Nudist-beach-Ada-Bojana.jpg\" alt=\"Nudist-beach-Ada-Bojana\" width=\"508\" height=\"339\" srcset=\"https:\/\/www.visit-ulcinj.com\/blog\/wp-content\/uploads\/2014\/08\/Nudist-beach-Ada-Bojana.jpg 700w, https:\/\/www.visit-ulcinj.com\/blog\/wp-content\/uploads\/2014\/08\/Nudist-beach-Ada-Bojana-300x200.jpg 300w\" sizes=\"(max-width: 508px) 100vw, 508px\" \/><\/a><\/p>\n<p style=\"text-align: justify;\"><b>Dvocifrene stope <\/b><\/p>\n<p style=\"text-align: justify;\">Ina\u010de, u Ulcinju se ovih dana tra\u017ei krevet vi\u0161e i le\u017ealjka vi\u0161e. Naime, prema podacima od petka u Ulcinju padaju rekordi na svakom koraku.<\/p>\n<p style=\"text-align: justify;\">&#8211; U na\u0161oj op\u0161tini bilje\u017eimo rast kako u hotelima za 10% tako i u privatnom smje\u0161taju i kampovima za 21%, odnosno 20%. Turisti\u010dka organizacija Ulcinj je ulo\u017eila velike napore da ova sezona bude uspje\u0161na i moramo re\u0107i da smo zadovoljni ali uvijek mo\u017ee bolje. Tek na kraju sezone \u0107emo znati ta\u010dne uporedne podatke sa pro\u0161lom godinom, jo\u0161 je rano da se pri\u010da o tome. \u010ceka\u0107emo i septembar za kojeg su najavili da \u0107e biti topao i naravno vidje\u0107emo i po naplati boravi\u0161ne takse koja je trenutno na pro\u0161logodi\u0161njem nivou \u2013 ka\u017ee na\u0161a sagovonica.<\/p>\n<p style=\"text-align: justify;\">Treba re\u0107i da su ulcinjski turisti\u010dki radnici do ovih rekorda do\u0161li marljivim radom u predsezoni.<\/p>\n<p style=\"text-align: justify;\"><a href=\"http:\/\/www.visit-ulcinj.com\/blog\/wp-content\/uploads\/2014\/08\/ada-bojana-kait-surf.jpg\"><img loading=\"lazy\" class=\"alignleft wp-image-84548\" src=\"http:\/\/www.visit-ulcinj.com\/blog\/wp-content\/uploads\/2014\/08\/ada-bojana-kait-surf.jpg\" alt=\"ada-bojana-kait-surf\" width=\"508\" height=\"337\" srcset=\"https:\/\/www.visit-ulcinj.com\/blog\/wp-content\/uploads\/2014\/08\/ada-bojana-kait-surf.jpg 640w, https:\/\/www.visit-ulcinj.com\/blog\/wp-content\/uploads\/2014\/08\/ada-bojana-kait-surf-300x199.jpg 300w\" sizes=\"(max-width: 508px) 100vw, 508px\" \/><\/a><\/p>\n<p style=\"text-align: justify;\"><b>Kite Surf<\/b><\/p>\n<p style=\"text-align: justify;\">&#8211; Mi smo ove godine predstavili svoju ponudu na vi\u0161e od 10 sajamskih nastupa i mo\u017eemo re\u0107i da smo bili zadovoljni interesovanjem koje je vladalo za Ulcinj tako da shodno tome najvi\u0161e imamo stranih turista koji su uglavnom sa Kosova, BiH, Srbije, Rusije, a zadnjih godina imamo pove\u0107anje gostiju iz Poljske, \u010ce\u0161ke i Njema\u010dke. Pored lijepih pla\u017ea i prirodne ljepote poku\u0161ali smo da promovi\u0161emo \u0161to vi\u0161e i Kite Surf i ruralni turizam kao vid aktivnog odmora. Moramo re\u0107i da je Velika pla\u017ea jedna od najpoznatijih destinacija za Kite Surf koja pru\u017ea idealne uslove za ovaj sport tako da sve vi\u0161e mladih ljudi iz Austrije, Njema\u010dke, Poljske, Rusije posje\u0107uju pla\u017ee koje pru\u017eaju usluge za u\u010denje Kite Surf-a.<\/p>\n<p style=\"text-align: justify;\"><b>Bojana i \u0160asko<\/b><\/p>\n<p style=\"text-align: justify;\">&#8211; Ulcinj je jedinstven kad je u pitanju turisti\u010dka ponuda. Prirodne ljepote, more, rijeka Bojana i \u0160asko jezero sa svojim kulturno-istorijkim naslje\u0111em su jo\u0161 neiskori\u0161\u0107eni dovoljno u turisti\u010dke svrhe \u2013 ka\u017ee gospo\u0111a Sarvan za Pobjedu nedjeljom na kraju.<\/p>\n<h4 style=\"text-align: justify;\"><strong>Tra\u017ei se krevet vi\u0161e<\/strong><\/h4>\n<p style=\"text-align: justify;\">&#8211; Mi smo na neki na\u010din i znali da \u0107e od avgusta krenuti onaj pravi \u0161pic sezone i na\u0161a o\u010dekivanja su ispunjena jer u gradu se ve\u0107 nekoliko dana tra\u017ei krevet vi\u0161e, \u0161to zna\u010di da je 100% popunjeno. Ne mo\u017eemo znati ta\u010dan broj turista ali sigurno ih je bilo oko 100.000 tokom ove nedjelje, a pokazatelji svega toga su i kolone prema Velikoj pla\u017ei, gu\u017eve u saobara\u0107aju u gradu, nedostatak slobodnih mjesta po parkinzima \u2013 ka\u017ee Zana Sarvan.<\/p>\n<p style=\"text-align: justify;\"><a href=\"http:\/\/www.visit-ulcinj.com\/blog\/wp-content\/uploads\/2014\/08\/Lagator-plaza-ulcinj.jpg\"><img loading=\"lazy\" class=\"alignleft wp-image-84549\" src=\"http:\/\/www.visit-ulcinj.com\/blog\/wp-content\/uploads\/2014\/08\/Lagator-plaza-ulcinj.jpg\" alt=\"Lagator-plaza-ulcinj\" width=\"508\" height=\"340\" srcset=\"https:\/\/www.visit-ulcinj.com\/blog\/wp-content\/uploads\/2014\/08\/Lagator-plaza-ulcinj.jpg 640w, https:\/\/www.visit-ulcinj.com\/blog\/wp-content\/uploads\/2014\/08\/Lagator-plaza-ulcinj-300x200.jpg 300w\" sizes=\"(max-width: 508px) 100vw, 508px\" \/><\/a><\/p>\n<h4 style=\"text-align: justify;\"><strong>Turisti iz 45 zemalja<\/strong><\/h4>\n<p style=\"text-align: justify;\">Na\u0161a sagovornica nagla\u0161ava da je najve\u0107i broj turista u Ulcinju stranih. Naime, prema podacima od 31. jula Ulcinj su posjetili<b> <\/b>turisti iz 45 zemalja svijeta, kao \u0161to smo rekli i ranije preko 90 % posjetilaca \u2013 turista su stranci a tu po no\u0107enjima prednja\u010de turisti sa Kosova, Rusije, Srbije, \u0160vajcarske, Njema\u010dke, BiH, Poljaci su na 7 mjestu \u2026 \u2013 isti\u010de gospo\u0111a Sarvan za Pobjedu nedjeljom.<\/p>\n<p style=\"text-align: justify;\"><em><b><b>J.Stamatovi\u0107 &#8211;\u00a0<\/b>D.Cvijovi\u0107<\/b><\/em><\/p>\n<p style=\"text-align: justify;\"><strong>Izvor: POBJEDA<\/strong><\/p>\n","protected":false},"excerpt":{"rendered":"<p>Svakog ljeta dolazim u Ulcinj ali ovoga mi je najljep\u0161i. Nema vi\u0161e problema sa vodom, a Ada je pravi \u0161lager sezone. Ovim rije\u010dima Mirele Had\u017ei\u0107 iz Sarajeva mo\u017ee se najbolje opisati ovogodi\u0161nji avgust u Ulcinju. Uostalom, na svakom koraku se vidi da na\u0161 najju\u017eniji grad \u201evrvi\u201c od rekorda. Na Velikoj pla\u017ei, na raju za nudiste [&hellip;]<\/p>\n","protected":false},"author":1,"featured_media":0,"comment_status":"closed","ping_status":"closed","sticky":false,"template":"","format":"standard","meta":{"spay_email":"","jetpack_publicize_message":"","jetpack_is_tweetstorm":false,"jetpack_publicize_feature_enabled":true},"categories":[8337],"tags":[],"jetpack_publicize_connections":[],"yoast_head":"<!-- This site is optimized with the Yoast SEO plugin v19.1 - https:\/\/yoast.com\/wordpress\/plugins\/seo\/ -->\n<title>Ada Bojana va\u0161 \u0161lager sezone 2014 - Lajme nga Ulqini<\/title>\n<meta name=\"description\" content=\"Svakog ljeta dolazim u Ulcinj ali ovoga mi je najljep\u0161i. Nema vi\u0161e problema sa vodom, a Ada je pravi \u0161lager sezone. Ovim rije\u010dima Mirele Had\u017ei\u0107 iz\" \/>\n<meta name=\"robots\" content=\"index, follow, max-snippet:-1, max-image-preview:large, max-video-preview:-1\" \/>\n<link rel=\"canonical\" href=\"https:\/\/www.visit-ulcinj.com\/blog\/2014\/08\/10\/ada-bojana-vas-slager-sezone-2014\/\" \/>\n<meta property=\"og:locale\" content=\"en_US\" \/>\n<meta property=\"og:type\" content=\"article\" \/>\n<meta property=\"og:title\" content=\"Ada Bojana va\u0161 \u0161lager sezone 2014 - Lajme nga Ulqini\" \/>\n<meta property=\"og:description\" content=\"Svakog ljeta dolazim u Ulcinj ali ovoga mi je najljep\u0161i. Nema vi\u0161e problema sa vodom, a Ada je pravi \u0161lager sezone. Ovim rije\u010dima Mirele Had\u017ei\u0107 iz\" \/>\n<meta property=\"og:url\" content=\"https:\/\/www.visit-ulcinj.com\/blog\/2014\/08\/10\/ada-bojana-vas-slager-sezone-2014\/\" \/>\n<meta property=\"og:site_name\" content=\"Lajme nga Ulqini\" \/>\n<meta property=\"article:published_time\" content=\"2014-08-10T18:44:11+00:00\" \/>\n<meta property=\"og:image\" content=\"http:\/\/www.visit-ulcinj.com\/blog\/wp-content\/uploads\/2014\/08\/ada-bojana.jpg\" \/>\n<meta name=\"twitter:label1\" content=\"Written by\" \/>\n\t<meta name=\"twitter:data1\" content=\"ulqini\" \/>\n\t<meta name=\"twitter:label2\" content=\"Est. reading time\" \/>\n\t<meta name=\"twitter:data2\" content=\"4 minutes\" \/>\n<script type=\"application\/ld+json\" class=\"yoast-schema-graph\">{\"@context\":\"https:\/\/schema.org\",\"@graph\":[{\"@type\":\"WebSite\",\"@id\":\"https:\/\/www.visit-ulcinj.com\/blog\/#website\",\"url\":\"https:\/\/www.visit-ulcinj.com\/blog\/\",\"name\":\"Lajme nga Ulqini\",\"description\":\"Lajme,Vijesti,Ulqini,Ulqin,Crna Gora,Mali i Zi\",\"potentialAction\":[{\"@type\":\"SearchAction\",\"target\":{\"@type\":\"EntryPoint\",\"urlTemplate\":\"https:\/\/www.visit-ulcinj.com\/blog\/?s={search_term_string}\"},\"query-input\":\"required name=search_term_string\"}],\"inLanguage\":\"en-US\"},{\"@type\":\"ImageObject\",\"inLanguage\":\"en-US\",\"@id\":\"https:\/\/www.visit-ulcinj.com\/blog\/2014\/08\/10\/ada-bojana-vas-slager-sezone-2014\/#primaryimage\",\"url\":\"https:\/\/www.visit-ulcinj.com\/blog\/wp-content\/uploads\/2014\/08\/ada-bojana.jpg\",\"contentUrl\":\"https:\/\/www.visit-ulcinj.com\/blog\/wp-content\/uploads\/2014\/08\/ada-bojana.jpg\",\"width\":616,\"height\":291},{\"@type\":\"WebPage\",\"@id\":\"https:\/\/www.visit-ulcinj.com\/blog\/2014\/08\/10\/ada-bojana-vas-slager-sezone-2014\/#webpage\",\"url\":\"https:\/\/www.visit-ulcinj.com\/blog\/2014\/08\/10\/ada-bojana-vas-slager-sezone-2014\/\",\"name\":\"Ada Bojana va\u0161 \u0161lager sezone 2014 - Lajme nga Ulqini\",\"isPartOf\":{\"@id\":\"https:\/\/www.visit-ulcinj.com\/blog\/#website\"},\"primaryImageOfPage\":{\"@id\":\"https:\/\/www.visit-ulcinj.com\/blog\/2014\/08\/10\/ada-bojana-vas-slager-sezone-2014\/#primaryimage\"},\"datePublished\":\"2014-08-10T18:44:11+00:00\",\"dateModified\":\"2014-08-10T18:44:11+00:00\",\"author\":{\"@id\":\"https:\/\/www.visit-ulcinj.com\/blog\/#\/schema\/person\/dcab619c614d3038751c63bc2aadc06d\"},\"description\":\"Svakog ljeta dolazim u Ulcinj ali ovoga mi je najljep\u0161i. Nema vi\u0161e problema sa vodom, a Ada je pravi \u0161lager sezone. Ovim rije\u010dima Mirele Had\u017ei\u0107 iz\",\"breadcrumb\":{\"@id\":\"https:\/\/www.visit-ulcinj.com\/blog\/2014\/08\/10\/ada-bojana-vas-slager-sezone-2014\/#breadcrumb\"},\"inLanguage\":\"en-US\",\"potentialAction\":[{\"@type\":\"ReadAction\",\"target\":[\"https:\/\/www.visit-ulcinj.com\/blog\/2014\/08\/10\/ada-bojana-vas-slager-sezone-2014\/\"]}]},{\"@type\":\"BreadcrumbList\",\"@id\":\"https:\/\/www.visit-ulcinj.com\/blog\/2014\/08\/10\/ada-bojana-vas-slager-sezone-2014\/#breadcrumb\",\"itemListElement\":[{\"@type\":\"ListItem\",\"position\":1,\"name\":\"Ada Bojana va\u0161 \u0161lager sezone 2014\"}]},{\"@type\":\"Person\",\"@id\":\"https:\/\/www.visit-ulcinj.com\/blog\/#\/schema\/person\/dcab619c614d3038751c63bc2aadc06d\",\"name\":\"ulqini\",\"sameAs\":[\"http:\/\/www.visit-ulcinj.com\"],\"url\":\"https:\/\/www.visit-ulcinj.com\/blog\/author\/admin\/\"}]}<\/script>\n<!-- \/ Yoast SEO plugin. -->","yoast_head_json":{"title":"Ada Bojana va\u0161 \u0161lager sezone 2014 - Lajme nga Ulqini","description":"Svakog ljeta dolazim u Ulcinj ali ovoga mi je najljep\u0161i. Nema vi\u0161e problema sa vodom, a Ada je pravi \u0161lager sezone. Ovim rije\u010dima Mirele Had\u017ei\u0107 iz","robots":{"index":"index","follow":"follow","max-snippet":"max-snippet:-1","max-image-preview":"max-image-preview:large","max-video-preview":"max-video-preview:-1"},"canonical":"https:\/\/www.visit-ulcinj.com\/blog\/2014\/08\/10\/ada-bojana-vas-slager-sezone-2014\/","og_locale":"en_US","og_type":"article","og_title":"Ada Bojana va\u0161 \u0161lager sezone 2014 - Lajme nga Ulqini","og_description":"Svakog ljeta dolazim u Ulcinj ali ovoga mi je najljep\u0161i. Nema vi\u0161e problema sa vodom, a Ada je pravi \u0161lager sezone. Ovim rije\u010dima Mirele Had\u017ei\u0107 iz","og_url":"https:\/\/www.visit-ulcinj.com\/blog\/2014\/08\/10\/ada-bojana-vas-slager-sezone-2014\/","og_site_name":"Lajme nga Ulqini","article_published_time":"2014-08-10T18:44:11+00:00","og_image":[{"url":"http:\/\/www.visit-ulcinj.com\/blog\/wp-content\/uploads\/2014\/08\/ada-bojana.jpg"}],"twitter_misc":{"Written by":"ulqini","Est. reading time":"4 minutes"},"schema":{"@context":"https:\/\/schema.org","@graph":[{"@type":"WebSite","@id":"https:\/\/www.visit-ulcinj.com\/blog\/#website","url":"https:\/\/www.visit-ulcinj.com\/blog\/","name":"Lajme nga Ulqini","description":"Lajme,Vijesti,Ulqini,Ulqin,Crna Gora,Mali i Zi","potentialAction":[{"@type":"SearchAction","target":{"@type":"EntryPoint","urlTemplate":"https:\/\/www.visit-ulcinj.com\/blog\/?s={search_term_string}"},"query-input":"required name=search_term_string"}],"inLanguage":"en-US"},{"@type":"ImageObject","inLanguage":"en-US","@id":"https:\/\/www.visit-ulcinj.com\/blog\/2014\/08\/10\/ada-bojana-vas-slager-sezone-2014\/#primaryimage","url":"https:\/\/www.visit-ulcinj.com\/blog\/wp-content\/uploads\/2014\/08\/ada-bojana.jpg","contentUrl":"https:\/\/www.visit-ulcinj.com\/blog\/wp-content\/uploads\/2014\/08\/ada-bojana.jpg","width":616,"height":291},{"@type":"WebPage","@id":"https:\/\/www.visit-ulcinj.com\/blog\/2014\/08\/10\/ada-bojana-vas-slager-sezone-2014\/#webpage","url":"https:\/\/www.visit-ulcinj.com\/blog\/2014\/08\/10\/ada-bojana-vas-slager-sezone-2014\/","name":"Ada Bojana va\u0161 \u0161lager sezone 2014 - Lajme nga Ulqini","isPartOf":{"@id":"https:\/\/www.visit-ulcinj.com\/blog\/#website"},"primaryImageOfPage":{"@id":"https:\/\/www.visit-ulcinj.com\/blog\/2014\/08\/10\/ada-bojana-vas-slager-sezone-2014\/#primaryimage"},"datePublished":"2014-08-10T18:44:11+00:00","dateModified":"2014-08-10T18:44:11+00:00","author":{"@id":"https:\/\/www.visit-ulcinj.com\/blog\/#\/schema\/person\/dcab619c614d3038751c63bc2aadc06d"},"description":"Svakog ljeta dolazim u Ulcinj ali ovoga mi je najljep\u0161i. Nema vi\u0161e problema sa vodom, a Ada je pravi \u0161lager sezone. Ovim rije\u010dima Mirele Had\u017ei\u0107 iz","breadcrumb":{"@id":"https:\/\/www.visit-ulcinj.com\/blog\/2014\/08\/10\/ada-bojana-vas-slager-sezone-2014\/#breadcrumb"},"inLanguage":"en-US","potentialAction":[{"@type":"ReadAction","target":["https:\/\/www.visit-ulcinj.com\/blog\/2014\/08\/10\/ada-bojana-vas-slager-sezone-2014\/"]}]},{"@type":"BreadcrumbList","@id":"https:\/\/www.visit-ulcinj.com\/blog\/2014\/08\/10\/ada-bojana-vas-slager-sezone-2014\/#breadcrumb","itemListElement":[{"@type":"ListItem","position":1,"name":"Ada Bojana va\u0161 \u0161lager sezone 2014"}]},{"@type":"Person","@id":"https:\/\/www.visit-ulcinj.com\/blog\/#\/schema\/person\/dcab619c614d3038751c63bc2aadc06d","name":"ulqini","sameAs":["http:\/\/www.visit-ulcinj.com"],"url":"https:\/\/www.visit-ulcinj.com\/blog\/author\/admin\/"}]}},"jetpack_featured_media_url":"","jetpack_sharing_enabled":true,"jetpack_shortlink":"https:\/\/wp.me\/pe6lTn-lZD","_links":{"self":[{"href":"https:\/\/www.visit-ulcinj.com\/blog\/wp-json\/wp\/v2\/posts\/84545"}],"collection":[{"href":"https:\/\/www.visit-ulcinj.com\/blog\/wp-json\/wp\/v2\/posts"}],"about":[{"href":"https:\/\/www.visit-ulcinj.com\/blog\/wp-json\/wp\/v2\/types\/post"}],"author":[{"embeddable":true,"href":"https:\/\/www.visit-ulcinj.com\/blog\/wp-json\/wp\/v2\/users\/1"}],"replies":[{"embeddable":true,"href":"https:\/\/www.visit-ulcinj.com\/blog\/wp-json\/wp\/v2\/comments?post=84545"}],"version-history":[{"count":1,"href":"https:\/\/www.visit-ulcinj.com\/blog\/wp-json\/wp\/v2\/posts\/84545\/revisions"}],"predecessor-version":[{"id":84550,"href":"https:\/\/www.visit-ulcinj.com\/blog\/wp-json\/wp\/v2\/posts\/84545\/revisions\/84550"}],"wp:attachment":[{"href":"https:\/\/www.visit-ulcinj.com\/blog\/wp-json\/wp\/v2\/media?parent=84545"}],"wp:term":[{"taxonomy":"category","embeddable":true,"href":"https:\/\/www.visit-ulcinj.com\/blog\/wp-json\/wp\/v2\/categories?post=84545"},{"taxonomy":"post_tag","embeddable":true,"href":"https:\/\/www.visit-ulcinj.com\/blog\/wp-json\/wp\/v2\/tags?post=84545"}],"curies":[{"name":"wp","href":"https:\/\/api.w.org\/{rel}","templated":true}]}}