{"id":84564,"date":"2014-08-12T10:18:00","date_gmt":"2014-08-12T09:18:00","guid":{"rendered":"http:\/\/www.visit-ulcinj.com\/blog\/?p=84564"},"modified":"2014-08-13T18:38:17","modified_gmt":"2014-08-13T17:38:17","slug":"ulqinaket-nuk-harrojne-traditen-e-tyre","status":"publish","type":"post","link":"https:\/\/www.visit-ulcinj.com\/blog\/2014\/08\/12\/ulqinaket-nuk-harrojne-traditen-e-tyre\/","title":{"rendered":"Ulqinak\u00ebt nuk harrojn\u00eb tradit\u00ebn e tyre"},"content":{"rendered":"<p><a href=\"http:\/\/www.visit-ulcinj.com\/blog\/wp-content\/uploads\/2014\/08\/Tampico-beach-Ulqin-1.jpg\"><img loading=\"lazy\" class=\"alignleft wp-image-84565 size-full\" src=\"http:\/\/www.visit-ulcinj.com\/blog\/wp-content\/uploads\/2014\/08\/Tampico-beach-Ulqin-1.jpg\" alt=\"Tampico-beach-Ulqin-1\" width=\"508\" height=\"327\" srcset=\"https:\/\/www.visit-ulcinj.com\/blog\/wp-content\/uploads\/2014\/08\/Tampico-beach-Ulqin-1.jpg 508w, https:\/\/www.visit-ulcinj.com\/blog\/wp-content\/uploads\/2014\/08\/Tampico-beach-Ulqin-1-300x193.jpg 300w\" sizes=\"(max-width: 508px) 100vw, 508px\" \/><\/a><strong>Shkruan Haxhi Zeneli<\/strong><\/p>\n<p>Gjat\u00eb muajit Gusht,n\u00eb Ulqin kalojn\u00eb pushimet verore,mjaft bashkatdhetar t\u00eb cil\u00ebt kan\u00eb ardhur nga diaspora,por edhe nga viset tjera shqiptare.<\/p>\n<p>Bile v\u00ebshtir\u00eb \u00ebsht\u00eb t\u00eb p\u00ebrballojn\u00eb ky qytet t\u00eb gjith\u00eb k\u00ebto vizitor q\u00eb ja kan\u00eb m\u00ebsyar k\u00ebti qyteti piktoresk dhe mikprit\u00ebs,q\u00eb ka nj\u00eb tradit\u00eb shum\u00eb vje\u00e7are,ku din n\u00eb m\u00ebnyr\u00ebn m\u00eb kreative din\u00eb ta b\u00ebjn\u00eb vet\u00ebm ulqinak\u00ebt t\u00eb cil\u00ebt mundoh\u00ebn q\u00eb mos t\u00eb zbrap\u00ebsi pas asnj\u00eb vizitor,por ti akomodojn\u00eb t\u00eb gjith\u00eb ata q\u00eb kan\u00eb si destinacion k\u00ebt\u00eb qytet.<\/p>\n<p>Me q\u00eb Ulqini \u00ebsht\u00eb i njohur edhe me plazh\u00ebt shum\u00eb t\u00eb bukura me nj\u00eb r\u00ebr\u00eb t\u00eb im\u00ebt q\u00eb rrall\u00eb ku mund ta gjejsh\u00eb,me rrezet sh\u00ebruese t\u00eb Diellit q\u00eb vet\u00ebm n\u00eb Ulqin t\u00eb japin nj\u00eb ngjyr\u00eb t\u00eb ve\u00e7ant dhe t\u00eb hijesh\u00ebme t\u00eb fizikut.<\/p>\n<p>Mund t\u00eb konstatojm\u00eb se plazh\u00ebt jan\u00eb t\u00eb rregulluara mir\u00eb,me nj\u00eb organizim dhe past\u00ebrti t\u00eb nivelit t\u00eb duhur.<\/p>\n<p>Pra k\u00ebto dit\u00eb i vizituam gati t\u00eb gjitha k\u00ebto p\u00ebr t\u00eb par\u00eb se a ka ndryshuar di\u00e7ka nga vit\u00ebt e kaluara n\u00eb k\u00ebto plazhe.<\/p>\n<p>Ku vit\u00ebve t\u00eb m\u00ebpar\u00ebshme,q\u00eb n\u00eb disa prej tyre plazh\u00ebve,sidomos ata q\u00eb gjind\u00ebn n\u00eb vij\u00ebn e Pinjeshit plazhet t\u00eb ashtuquajtura plazhe mbi gur,vite me rradh\u00eb mbret\u00ebronte zhurma e \u00a0volumit t\u00eb lart\u00eb t\u00eb DJ,t\u00eb cil\u00ebt l\u00ebshonin muzik\u00ebn&#8221;Rap&#8221;me tekste banale t\u00eb k\u00ebng\u00ebve t\u00eb pa kontrolluara,k\u00ebshtu q\u00eb ishe i detyruar ta l\u00ebshoje at\u00eb plazh.<\/p>\n<p>Si\u00e7 duk\u00ebt k\u00ebt\u00eb vit Ulqini ka ardhur tek sensi i vet\u00eb,i cili ofron varietete t\u00eb plazheve.<\/p>\n<p>Pra k\u00ebt\u00eb vit\u00eb jemi n\u00eb k\u00ebrkim p\u00ebr plazhe q\u00eb kan\u00eb nj\u00eb qet\u00ebsi me t\u00eb organizuar,q\u00eb pushimi b\u00ebhet pushim.<\/p>\n<p>Ka vite q\u00eb n\u00eb bregun e 14 kilometrave t\u00eb Plazhit t\u00eb Madh,na p\u00eblqen t\u00eb ndalemi tek nj\u00eb plazh\u00eb pak m\u00eb i ve\u00e7ant,pak m\u00eb ndryshe,ku na la p\u00ebrshtypje si nj\u00eb vend q\u00eb ishte kthyar Ulqini i viteve t\u00eb 80 ta,ato vit\u00ebt e rinis sime,kur\u00eb dikur tuboh\u00ebshim me shok\u00ebt dhe me intrumentin e kitarres p\u00ebrcillnim vargjet e k\u00ebng\u00ebs s\u00eb pa vdek\u00ebshme&#8221;Vajta kalova t\u00ebr\u00eb Kalabrin&#8221;dhe k\u00ebng\u00eb t\u00eb tjera Shqipe.<\/p>\n<p><a href=\"http:\/\/www.visit-ulcinj.com\/blog\/wp-content\/uploads\/2014\/08\/Tampico-beach-Ulqin.jpg\"><img loading=\"lazy\" class=\"alignleft wp-image-84566\" src=\"http:\/\/www.visit-ulcinj.com\/blog\/wp-content\/uploads\/2014\/08\/Tampico-beach-Ulqin.jpg\" alt=\"Tampico-beach-Ulqin\" width=\"508\" height=\"381\" srcset=\"https:\/\/www.visit-ulcinj.com\/blog\/wp-content\/uploads\/2014\/08\/Tampico-beach-Ulqin.jpg 960w, https:\/\/www.visit-ulcinj.com\/blog\/wp-content\/uploads\/2014\/08\/Tampico-beach-Ulqin-300x225.jpg 300w\" sizes=\"(max-width: 508px) 100vw, 508px\" \/><\/a><\/p>\n<p>Pra sot ndalemi tek ky plazh me emrin&#8221;Tampico&#8221;.<\/p>\n<p>Pra k\u00ebtu nuk kemi t\u00eb b\u00ebjm\u00eb me qytetin Tampico n\u00eb shtetin e Tamaulikas t\u00eb Meksik\u00ebs,por kemi t\u00eb b\u00ebjm\u00eb me nj\u00eb plazh privat n\u00eb plazhin e madh t\u00eb Ulqinit,ku n\u00eb restoranin e k\u00ebti plazhi mbret\u00ebron nj\u00eb atmosfer\u00eb arg\u00ebtuese.<\/p>\n<p>Se\u00e7 mi zuri veshi k\u00ebto tinguj t\u00eb k\u00ebng\u00ebs qytetare shqiptare,&#8221;Vajta Kalova tan\u00eb Kalabrin\u00eb&#8221;e cila m\u00eb ktheu pas n\u00eb rinin time,kur\u00eb ktheva kok\u00ebn p\u00ebr t\u00eb par\u00eb se nga vinin tingujt e k\u00ebsaj k\u00ebnge t\u00eb pa vdeksh\u00ebme 600 vje\u00e7are,mu ndal\u00ebn syt tek restorani i k\u00ebti plazhi,ku pash nj\u00eb vajz\u00eb t\u00eb re e cila k\u00ebndonte disa k\u00ebng\u00eb t\u00eb vjetra shqipe,por n\u00eb repertuarin e saj k\u00ebndonte edhe k\u00ebng\u00eb angleze,ku \u00a0pas k\u00ebtyre k\u00ebng\u00eb,vazhduan me tingujt e perlava t\u00eb melodive shqiptare,ku n\u00eb m\u00ebnyr\u00eb shum\u00eb t\u00eb qytet\u00ebruar t\u00eb rinj\u00ebt vall\u00ebzonin me k\u00ebto tinguj,duke kaluar n\u00eb nj\u00eb atmosfer\u00eb t\u00eb g\u00ebzuar.E gjith\u00eb kjo m\u00eb b\u00ebri t\u00eb mburr\u00ebm me bashk\u00ebvendasit e mi q\u00eb nuk harrojn\u00eb traditat e k\u00ebti qyteti iliro-shqiptar.<\/p>\n<p>M\u00eb interesoj\u00eb ta di se kush\u00eb \u00ebsht\u00eb pronar\u00eb i k\u00ebti plazhi!dhe pa humbur koh\u00eb,ju afrova nj\u00eb djaloshi simpatik dhe i buz\u00ebqeshur,i cili rrinte n\u00eb hyrje t\u00eb lokali,duke e pyetur,se kush\u00eb \u00ebsht\u00eb pronari?djaloshi mu p\u00ebrgjigj\u00eb se ishte ai vet\u00eb,dhe u prezentu me emrin Munir Karamanaga.<\/p>\n<p>Sipas mbiemrit Karamanaga kuptova se \u00ebsht\u00eb nga qyteti i vjet\u00ebr i Ulqinit,ku vendasit i th\u00ebrrasin kalalinj\u00eb pra nga kalaja,vend ku jetojn\u00eb shqiptar\u00ebt m\u00eb autokton t\u00eb k\u00ebti qyteti mij\u00ebra vje\u00e7ar,aty ku fillon historia e Servantesit me vajz\u00ebn ulqinake Dol\u00e7inea.<\/p>\n<p>M\u00eb g\u00ebzoj\u00eb fakti,q\u00eb ky i ri Ulqinak e kishte kuptuar seriozisht tradit\u00ebn e Ulqinit,duke i treguar pushues\u00ebve,se Ulqini ka nj\u00eb tradit t\u00eb lasht\u00eb t\u00eb k\u00ebng\u00ebve dhe valleve tradicionale,dhe se ulqinak\u00ebt din\u00eb ti \u00e7mojn\u00eb vlerat e artit,dhe ruajn ato me nj\u00eb fanatiz\u00ebm pozitiv,dhe gjithnj\u00eb vazhdojn\u00eb ta trashigojn\u00eb tek brezat e rinj.<\/p>\n<p>Kur\u00eb e pyeta djaloshin se \u00e7ka t\u00eb ka shtyr\u00eb t\u00eb krijosh nj\u00eb atmosfer\u00eb t\u00eb till kaq\u00eb t\u00eb bukur\u00eb k\u00ebtu p\u00ebr musafir\u00ebt e plazhit tuaj?<\/p>\n<p>Ai mu p\u00ebrgjigj\u00eb se kjo \u00ebsht\u00eb tradita e Ulqinit t\u00eb qytet\u00ebruar,me variete t\u00eb k\u00ebng\u00ebve dhe melodive tradicionale,q\u00eb ne t\u00eb rinj\u00ebt ulqinak nuk e harrojm\u00eb,por i trash\u00ebgojm\u00eb brez pas brezi.<\/p>\n<p>Ulqinak\u00ebt jo q\u00eb vet\u00ebm ishin t\u00eb shquar si detar t\u00eb mir\u00eb,ato paralel m\u00eb k\u00ebt\u00eb industri i ka shoq\u00ebruar edhe k\u00ebnga,ku n\u00eb detin e hapur ata edhe kan\u00eb k\u00ebnduar k\u00ebng\u00eb p\u00ebr kapedanat e tyre,si\u00e7 ishin k\u00ebng\u00ebt e njohura&#8221;O ti det o uj i njelm\u00ebt&#8221;,k\u00ebnga e piratit t\u00eb njohur &#8220;Haxhi Alis&#8221;,mandej k\u00ebnga e &#8220;Tahir Kasemit&#8221;e shum\u00eb k\u00ebng\u00eb t\u00eb tjera ulqinake.<\/p>\n<p>Pra me gjestin t\u00eb k\u00ebti djaloshi simpatik,na shtoh\u00ebt kurajoja se Ulqini po i ktheh\u00ebt tradit\u00ebs s\u00eb vet\u00eb.Asaj tradite si\u00e7 ishte m\u00eb her\u00ebt,q\u00eb turist\u00ebve t\u00eb ju paraqit\u00ebt imazhi i v\u00ebtret\u00eb i k\u00ebti qyteti t\u00eb lasht\u00eb bregdetar.<\/p>\n<p>Duke ju treguar atyre t\u00eb v\u00ebrtet\u00ebn e k\u00ebti populli autokton,q\u00eb megjith\u00ebse ka qen\u00eb i pushtuar nga shum\u00eb pushtues,ky qytet se humbi asnj\u00ebher\u00eb tradit\u00ebn e ti.<\/p>\n<p>Pra ulqinak\u00ebt ngulin k\u00ebmb\u00eb n\u00eb folklorin e tyre tradicional,q\u00eb mos t\u00eb humbas.<\/p>\n<p>Gusht, 2014<\/p>\n","protected":false},"excerpt":{"rendered":"<p>Shkruan Haxhi Zeneli Gjat\u00eb muajit Gusht,n\u00eb Ulqin kalojn\u00eb pushimet verore,mjaft bashkatdhetar t\u00eb cil\u00ebt kan\u00eb ardhur nga diaspora,por edhe nga viset tjera shqiptare. Bile v\u00ebshtir\u00eb \u00ebsht\u00eb t\u00eb p\u00ebrballojn\u00eb ky qytet t\u00eb gjith\u00eb k\u00ebto vizitor q\u00eb ja kan\u00eb m\u00ebsyar k\u00ebti qyteti piktoresk dhe mikprit\u00ebs,q\u00eb ka nj\u00eb tradit\u00eb shum\u00eb vje\u00e7are,ku din n\u00eb m\u00ebnyr\u00ebn m\u00eb kreative din\u00eb ta b\u00ebjn\u00eb [&hellip;]<\/p>\n","protected":false},"author":1,"featured_media":0,"comment_status":"closed","ping_status":"closed","sticky":false,"template":"","format":"standard","meta":{"spay_email":"","jetpack_publicize_message":"","jetpack_is_tweetstorm":false,"jetpack_publicize_feature_enabled":true},"categories":[1,15],"tags":[],"jetpack_publicize_connections":[],"yoast_head":"<!-- This site is optimized with the Yoast SEO plugin v19.1 - https:\/\/yoast.com\/wordpress\/plugins\/seo\/ -->\n<title>Ulqinak\u00ebt nuk harrojn\u00eb tradit\u00ebn e tyre - Lajme nga Ulqini<\/title>\n<meta name=\"description\" content=\"Shkruan Haxhi Zeneli Gjat\u00eb muajit Gusht,n\u00eb Ulqin kalojn\u00eb pushimet verore,mjaft bashkatdhetar t\u00eb cil\u00ebt kan\u00eb ardhur nga diaspora,por edhe nga viset tjera\" \/>\n<meta name=\"robots\" content=\"index, follow, max-snippet:-1, max-image-preview:large, max-video-preview:-1\" \/>\n<link rel=\"canonical\" href=\"https:\/\/www.visit-ulcinj.com\/blog\/2014\/08\/12\/ulqinaket-nuk-harrojne-traditen-e-tyre\/\" \/>\n<meta property=\"og:locale\" content=\"en_US\" \/>\n<meta property=\"og:type\" content=\"article\" \/>\n<meta property=\"og:title\" content=\"Ulqinak\u00ebt nuk harrojn\u00eb tradit\u00ebn e tyre - Lajme nga Ulqini\" \/>\n<meta property=\"og:description\" content=\"Shkruan Haxhi Zeneli Gjat\u00eb muajit Gusht,n\u00eb Ulqin kalojn\u00eb pushimet verore,mjaft bashkatdhetar t\u00eb cil\u00ebt kan\u00eb ardhur nga diaspora,por edhe nga viset tjera\" \/>\n<meta property=\"og:url\" content=\"https:\/\/www.visit-ulcinj.com\/blog\/2014\/08\/12\/ulqinaket-nuk-harrojne-traditen-e-tyre\/\" \/>\n<meta property=\"og:site_name\" content=\"Lajme nga Ulqini\" \/>\n<meta property=\"article:published_time\" content=\"2014-08-12T09:18:00+00:00\" \/>\n<meta property=\"article:modified_time\" content=\"2014-08-13T17:38:17+00:00\" \/>\n<meta property=\"og:image\" content=\"http:\/\/www.visit-ulcinj.com\/blog\/wp-content\/uploads\/2014\/08\/Tampico-beach-Ulqin-1.jpg\" \/>\n<meta name=\"twitter:label1\" content=\"Written by\" \/>\n\t<meta name=\"twitter:data1\" content=\"ulqini\" \/>\n\t<meta name=\"twitter:label2\" content=\"Est. reading time\" \/>\n\t<meta name=\"twitter:data2\" content=\"5 minutes\" \/>\n<script type=\"application\/ld+json\" class=\"yoast-schema-graph\">{\"@context\":\"https:\/\/schema.org\",\"@graph\":[{\"@type\":\"WebSite\",\"@id\":\"https:\/\/www.visit-ulcinj.com\/blog\/#website\",\"url\":\"https:\/\/www.visit-ulcinj.com\/blog\/\",\"name\":\"Lajme nga Ulqini\",\"description\":\"Lajme,Vijesti,Ulqini,Ulqin,Crna Gora,Mali i Zi\",\"potentialAction\":[{\"@type\":\"SearchAction\",\"target\":{\"@type\":\"EntryPoint\",\"urlTemplate\":\"https:\/\/www.visit-ulcinj.com\/blog\/?s={search_term_string}\"},\"query-input\":\"required name=search_term_string\"}],\"inLanguage\":\"en-US\"},{\"@type\":\"ImageObject\",\"inLanguage\":\"en-US\",\"@id\":\"https:\/\/www.visit-ulcinj.com\/blog\/2014\/08\/12\/ulqinaket-nuk-harrojne-traditen-e-tyre\/#primaryimage\",\"url\":\"https:\/\/www.visit-ulcinj.com\/blog\/wp-content\/uploads\/2014\/08\/Tampico-beach-Ulqin-1.jpg\",\"contentUrl\":\"https:\/\/www.visit-ulcinj.com\/blog\/wp-content\/uploads\/2014\/08\/Tampico-beach-Ulqin-1.jpg\",\"width\":508,\"height\":327},{\"@type\":\"WebPage\",\"@id\":\"https:\/\/www.visit-ulcinj.com\/blog\/2014\/08\/12\/ulqinaket-nuk-harrojne-traditen-e-tyre\/#webpage\",\"url\":\"https:\/\/www.visit-ulcinj.com\/blog\/2014\/08\/12\/ulqinaket-nuk-harrojne-traditen-e-tyre\/\",\"name\":\"Ulqinak\u00ebt nuk harrojn\u00eb tradit\u00ebn e tyre - Lajme nga Ulqini\",\"isPartOf\":{\"@id\":\"https:\/\/www.visit-ulcinj.com\/blog\/#website\"},\"primaryImageOfPage\":{\"@id\":\"https:\/\/www.visit-ulcinj.com\/blog\/2014\/08\/12\/ulqinaket-nuk-harrojne-traditen-e-tyre\/#primaryimage\"},\"datePublished\":\"2014-08-12T09:18:00+00:00\",\"dateModified\":\"2014-08-13T17:38:17+00:00\",\"author\":{\"@id\":\"https:\/\/www.visit-ulcinj.com\/blog\/#\/schema\/person\/dcab619c614d3038751c63bc2aadc06d\"},\"description\":\"Shkruan Haxhi Zeneli Gjat\u00eb muajit Gusht,n\u00eb Ulqin kalojn\u00eb pushimet verore,mjaft bashkatdhetar t\u00eb cil\u00ebt kan\u00eb ardhur nga diaspora,por edhe nga viset tjera\",\"breadcrumb\":{\"@id\":\"https:\/\/www.visit-ulcinj.com\/blog\/2014\/08\/12\/ulqinaket-nuk-harrojne-traditen-e-tyre\/#breadcrumb\"},\"inLanguage\":\"en-US\",\"potentialAction\":[{\"@type\":\"ReadAction\",\"target\":[\"https:\/\/www.visit-ulcinj.com\/blog\/2014\/08\/12\/ulqinaket-nuk-harrojne-traditen-e-tyre\/\"]}]},{\"@type\":\"BreadcrumbList\",\"@id\":\"https:\/\/www.visit-ulcinj.com\/blog\/2014\/08\/12\/ulqinaket-nuk-harrojne-traditen-e-tyre\/#breadcrumb\",\"itemListElement\":[{\"@type\":\"ListItem\",\"position\":1,\"name\":\"Ulqinak\u00ebt nuk harrojn\u00eb tradit\u00ebn e tyre\"}]},{\"@type\":\"Person\",\"@id\":\"https:\/\/www.visit-ulcinj.com\/blog\/#\/schema\/person\/dcab619c614d3038751c63bc2aadc06d\",\"name\":\"ulqini\",\"sameAs\":[\"http:\/\/www.visit-ulcinj.com\"],\"url\":\"https:\/\/www.visit-ulcinj.com\/blog\/author\/admin\/\"}]}<\/script>\n<!-- \/ Yoast SEO plugin. -->","yoast_head_json":{"title":"Ulqinak\u00ebt nuk harrojn\u00eb tradit\u00ebn e tyre - Lajme nga Ulqini","description":"Shkruan Haxhi Zeneli Gjat\u00eb muajit Gusht,n\u00eb Ulqin kalojn\u00eb pushimet verore,mjaft bashkatdhetar t\u00eb cil\u00ebt kan\u00eb ardhur nga diaspora,por edhe nga viset tjera","robots":{"index":"index","follow":"follow","max-snippet":"max-snippet:-1","max-image-preview":"max-image-preview:large","max-video-preview":"max-video-preview:-1"},"canonical":"https:\/\/www.visit-ulcinj.com\/blog\/2014\/08\/12\/ulqinaket-nuk-harrojne-traditen-e-tyre\/","og_locale":"en_US","og_type":"article","og_title":"Ulqinak\u00ebt nuk harrojn\u00eb tradit\u00ebn e tyre - Lajme nga Ulqini","og_description":"Shkruan Haxhi Zeneli Gjat\u00eb muajit Gusht,n\u00eb Ulqin kalojn\u00eb pushimet verore,mjaft bashkatdhetar t\u00eb cil\u00ebt kan\u00eb ardhur nga diaspora,por edhe nga viset tjera","og_url":"https:\/\/www.visit-ulcinj.com\/blog\/2014\/08\/12\/ulqinaket-nuk-harrojne-traditen-e-tyre\/","og_site_name":"Lajme nga Ulqini","article_published_time":"2014-08-12T09:18:00+00:00","article_modified_time":"2014-08-13T17:38:17+00:00","og_image":[{"url":"http:\/\/www.visit-ulcinj.com\/blog\/wp-content\/uploads\/2014\/08\/Tampico-beach-Ulqin-1.jpg"}],"twitter_misc":{"Written by":"ulqini","Est. reading time":"5 minutes"},"schema":{"@context":"https:\/\/schema.org","@graph":[{"@type":"WebSite","@id":"https:\/\/www.visit-ulcinj.com\/blog\/#website","url":"https:\/\/www.visit-ulcinj.com\/blog\/","name":"Lajme nga Ulqini","description":"Lajme,Vijesti,Ulqini,Ulqin,Crna Gora,Mali i Zi","potentialAction":[{"@type":"SearchAction","target":{"@type":"EntryPoint","urlTemplate":"https:\/\/www.visit-ulcinj.com\/blog\/?s={search_term_string}"},"query-input":"required name=search_term_string"}],"inLanguage":"en-US"},{"@type":"ImageObject","inLanguage":"en-US","@id":"https:\/\/www.visit-ulcinj.com\/blog\/2014\/08\/12\/ulqinaket-nuk-harrojne-traditen-e-tyre\/#primaryimage","url":"https:\/\/www.visit-ulcinj.com\/blog\/wp-content\/uploads\/2014\/08\/Tampico-beach-Ulqin-1.jpg","contentUrl":"https:\/\/www.visit-ulcinj.com\/blog\/wp-content\/uploads\/2014\/08\/Tampico-beach-Ulqin-1.jpg","width":508,"height":327},{"@type":"WebPage","@id":"https:\/\/www.visit-ulcinj.com\/blog\/2014\/08\/12\/ulqinaket-nuk-harrojne-traditen-e-tyre\/#webpage","url":"https:\/\/www.visit-ulcinj.com\/blog\/2014\/08\/12\/ulqinaket-nuk-harrojne-traditen-e-tyre\/","name":"Ulqinak\u00ebt nuk harrojn\u00eb tradit\u00ebn e tyre - Lajme nga Ulqini","isPartOf":{"@id":"https:\/\/www.visit-ulcinj.com\/blog\/#website"},"primaryImageOfPage":{"@id":"https:\/\/www.visit-ulcinj.com\/blog\/2014\/08\/12\/ulqinaket-nuk-harrojne-traditen-e-tyre\/#primaryimage"},"datePublished":"2014-08-12T09:18:00+00:00","dateModified":"2014-08-13T17:38:17+00:00","author":{"@id":"https:\/\/www.visit-ulcinj.com\/blog\/#\/schema\/person\/dcab619c614d3038751c63bc2aadc06d"},"description":"Shkruan Haxhi Zeneli Gjat\u00eb muajit Gusht,n\u00eb Ulqin kalojn\u00eb pushimet verore,mjaft bashkatdhetar t\u00eb cil\u00ebt kan\u00eb ardhur nga diaspora,por edhe nga viset tjera","breadcrumb":{"@id":"https:\/\/www.visit-ulcinj.com\/blog\/2014\/08\/12\/ulqinaket-nuk-harrojne-traditen-e-tyre\/#breadcrumb"},"inLanguage":"en-US","potentialAction":[{"@type":"ReadAction","target":["https:\/\/www.visit-ulcinj.com\/blog\/2014\/08\/12\/ulqinaket-nuk-harrojne-traditen-e-tyre\/"]}]},{"@type":"BreadcrumbList","@id":"https:\/\/www.visit-ulcinj.com\/blog\/2014\/08\/12\/ulqinaket-nuk-harrojne-traditen-e-tyre\/#breadcrumb","itemListElement":[{"@type":"ListItem","position":1,"name":"Ulqinak\u00ebt nuk harrojn\u00eb tradit\u00ebn e tyre"}]},{"@type":"Person","@id":"https:\/\/www.visit-ulcinj.com\/blog\/#\/schema\/person\/dcab619c614d3038751c63bc2aadc06d","name":"ulqini","sameAs":["http:\/\/www.visit-ulcinj.com"],"url":"https:\/\/www.visit-ulcinj.com\/blog\/author\/admin\/"}]}},"jetpack_featured_media_url":"","jetpack_sharing_enabled":true,"jetpack_shortlink":"https:\/\/wp.me\/pe6lTn-lZW","_links":{"self":[{"href":"https:\/\/www.visit-ulcinj.com\/blog\/wp-json\/wp\/v2\/posts\/84564"}],"collection":[{"href":"https:\/\/www.visit-ulcinj.com\/blog\/wp-json\/wp\/v2\/posts"}],"about":[{"href":"https:\/\/www.visit-ulcinj.com\/blog\/wp-json\/wp\/v2\/types\/post"}],"author":[{"embeddable":true,"href":"https:\/\/www.visit-ulcinj.com\/blog\/wp-json\/wp\/v2\/users\/1"}],"replies":[{"embeddable":true,"href":"https:\/\/www.visit-ulcinj.com\/blog\/wp-json\/wp\/v2\/comments?post=84564"}],"version-history":[{"count":2,"href":"https:\/\/www.visit-ulcinj.com\/blog\/wp-json\/wp\/v2\/posts\/84564\/revisions"}],"predecessor-version":[{"id":84568,"href":"https:\/\/www.visit-ulcinj.com\/blog\/wp-json\/wp\/v2\/posts\/84564\/revisions\/84568"}],"wp:attachment":[{"href":"https:\/\/www.visit-ulcinj.com\/blog\/wp-json\/wp\/v2\/media?parent=84564"}],"wp:term":[{"taxonomy":"category","embeddable":true,"href":"https:\/\/www.visit-ulcinj.com\/blog\/wp-json\/wp\/v2\/categories?post=84564"},{"taxonomy":"post_tag","embeddable":true,"href":"https:\/\/www.visit-ulcinj.com\/blog\/wp-json\/wp\/v2\/tags?post=84564"}],"curies":[{"name":"wp","href":"https:\/\/api.w.org\/{rel}","templated":true}]}}