{"id":84570,"date":"2014-08-12T10:29:25","date_gmt":"2014-08-12T09:29:25","guid":{"rendered":"http:\/\/www.visit-ulcinj.com\/blog\/?p=84570"},"modified":"2014-08-12T10:29:25","modified_gmt":"2014-08-12T09:29:25","slug":"nika-pse-rasti-hajdinaga-kelmendi-nuk-eshte-si-rasti-kulaces-ne-budve-ii","status":"publish","type":"post","link":"https:\/\/www.visit-ulcinj.com\/blog\/2014\/08\/12\/nika-pse-rasti-hajdinaga-kelmendi-nuk-eshte-si-rasti-kulaces-ne-budve-ii\/","title":{"rendered":"Nika: Pse rasti Hajdinaga (Kelmendi) , nuk \u00ebsht\u00eb si rasti i Kula\u00e7\u00ebs n\u00eb Budv\u00eb ( II )"},"content":{"rendered":"<p><strong><em><a href=\"http:\/\/www.visit-ulcinj.com\/blog\/wp-content\/uploads\/2014\/03\/Muhamet-Nika-Shef-i-sherbimit-sigurise-komunes-ulqinit.jpg\"><img loading=\"lazy\" class=\"alignleft wp-image-80933\" src=\"http:\/\/www.visit-ulcinj.com\/blog\/wp-content\/uploads\/2014\/03\/Muhamet-Nika-Shef-i-sherbimit-sigurise-komunes-ulqinit.jpg\" alt=\"Muhamet-Nika-Shef-i-sherbimit-sigurise-komunes-ulqinit\" width=\"508\" height=\"370\" srcset=\"https:\/\/www.visit-ulcinj.com\/blog\/wp-content\/uploads\/2014\/03\/Muhamet-Nika-Shef-i-sherbimit-sigurise-komunes-ulqinit.jpg 539w, https:\/\/www.visit-ulcinj.com\/blog\/wp-content\/uploads\/2014\/03\/Muhamet-Nika-Shef-i-sherbimit-sigurise-komunes-ulqinit-300x218.jpg 300w\" sizes=\"(max-width: 508px) 100vw, 508px\" \/><\/a>Shkruan Muhamet Nika:<\/em><\/strong><\/p>\n<p><strong><em>PSE RASTI HAJDINAGA (KELMENDI) , NUK \u00cbSHT\u00cb SI RASTI I KULA\u00c7\u00cbS N\u00cb BUDV\u00cb N\u00cb RAPORT ME LIGJIN SI\u00c7 POHON MANSI DHE N\u00cbNKRYETARI BECI P\u00cbR VJESTI&#8230;?!!<\/em><\/strong><\/p>\n<p><strong><em>(II)<\/em><\/strong><\/p>\n<p>Shikuar realisht Hajdinaga edhe nuk kish mbledhur me k\u00ebt\u00eb rast komunalit q\u00eb n\u00ebnkupton legalizim t\u00eb objekteve. N\u00eb kontratat e tij t\u00eb n\u00ebnshkruar me qytetar\u00eb , thuhej se komuna merrte prej tyre akontacion(parapages\u00eb) p\u00ebr t\u00eb hartuar dokumentacionin teknik, pa marr\u00eb parasysh q\u00eb t\u00eb tjer\u00ebt, pagesat e b\u00ebra , b\u00ebjn\u00eb p\u00ebrpjekje , t\u2019i quajn\u00eb s pun\u00eb komunalie?!<\/p>\n<p>Nj\u00eb dallim tjet\u00ebr, duhet t\u00eb jet\u00eb n\u00eb struktur\u00ebn profesionale t\u00eb stafit t\u00eb Hajdinag\u00ebs dhe t\u00eb Kula\u00e7\u00ebs. Sipas fakteve, k\u00ebto t\u00eb Hajdinag\u00ebs, nuk i plot\u00ebsonin fare kushtet e parapara me ligj p\u00ebr t\u00eb mbuluar funksionet e p\u00ebrmendura<\/p>\n<p>\u00cbsht\u00eb interesant q\u00eb k\u00ebt\u00eb parregullsi t\u00eb Hajdinag\u00ebs, e toleronte edhe vet\u00eb DPS. Po kujtojm\u00eb k\u00ebtu , nj\u00eb deklarat\u00eb t\u00eb n\u00ebnkryetarit t\u00eb DPS-it. Maroviq i cili n\u00ebnshkrimin e koalicionit t\u00eb DPS-s\u00eb me Union, e arsyetoi , q\u00eb koalicioni do t\u00eb shkoj\u00eb n\u00eb favor t\u00eb UDSH-s\u00eb, sepse kan\u00eb p\u00ebr t\u2019i aft\u00ebsuar p\u00ebr t\u00eb udh\u00ebhequr si parti m\u00eb e madhe&#8230;?!<\/p>\n<p><strong><em>Hadinaga nuk e konsultonte Kuvendin&#8230;?!!<\/em><\/strong><\/p>\n<p>N\u00eb koh\u00ebn e Hajdinag\u00ebs, kam p\u00ebrshtypjen q\u00eb ishte krijuar nj\u00eb praktik\u00eb tep\u00ebr e keqe e cila vazhdon edhe sot. Kuvendi kish p\u00ebrjetuar p\u00ebruljen e tij m\u00eb t\u00eb madhe nga kompetencat e veta, gjat\u00eb procesit t\u00eb nxjerrjes s\u00eb vendimeve ,si n\u00eb\u00a0\u00a0 p\u00ebrfaq\u00ebsim t\u00eb qytetar\u00ebve dhe kontrollit t\u00eb pushtetit etj. Ai kishte r\u00ebn\u00eb n\u00eb pozitat e nj\u00eb bashk\u00ebsie lokale dhe nuk pyetej pothuajse fare , sidomos kur ishte n\u00eb pyetje kontrolli i vendimeve t\u00eb marra&#8230;?! Dhe p\u00ebr dallim nga Kuvendi i Ulqinit , Kuvendi i Budv\u00ebs funksiononte dhe k\u00ebshtu pas vendimeve t\u00eb Kula\u00e7\u00ebs q\u00ebndronte edhe vet\u00eb populli. Madje u pa q\u00eb n\u00eb shenj revolte, pas arrestimit t\u00eb tij u organizuan edhe protesta t\u00eb qytetar\u00ebve.<\/p>\n<p>Por, pa marr\u00eb parasysh k\u00ebt\u00eb, ai ishte me gjith\u00eb at\u00eb m\u00eb i suksesshmi , n\u00eb planin e nxjerrjes s\u00eb vendimeve dhe t\u00eb p\u00ebrfaq\u00ebsimit t\u00eb qytetar\u00ebve. Mbi principin e shumic\u00ebs parlamentare , i bie t\u00eb jen\u00eb nxjerr\u00eb, p\u00ebr her\u00eb t\u00eb par\u00eb, pas r\u00ebnies s\u00eb komunizmit, me dhjet\u00ebra plane urbanistike q\u00eb hapnin perspektiv\u00eb zhvillimi.<\/p>\n<p><strong><em>Hajdinaga\u00a0\u00a0 n\u00ebse \u201cishte i privilegjuar\u201d n\u00eb raport me Kula\u00e7\u00ebn, ai ishte i masakruar n\u00eb raport me ish kryetar\u00ebt e m\u00eb hersh\u00ebm t\u00eb komun\u00ebs&#8230;?!!!<\/em><\/strong><\/p>\n<p>Sipas nesh, ai nuk shpiku as nj\u00eb metod\u00eb t\u00eb re , kur ishte n\u00eb pyetje lidhja e kontratave me qytetar\u00ebt p\u00ebr objekte jasht\u00eb zon\u00ebs urbanistike. N\u00ebse u referohemi fakteve, rasti i dh\u00ebnies s\u00eb lejeve p\u00ebr nd\u00ebrtim, pa dokumentacion q\u00eb b\u00ebri ai, dhe e krahasojm\u00eb k\u00ebt\u00eb me t\u00eb kaluar\u00ebn nga nj\u00eb shkrim i Vjestit, shohim q\u00eb i ndjeri Nimani , si kryetar kish dh\u00ebn\u00eb 11 leje nd\u00ebrtimi , nd\u00ebrsa numri i kontratave m\u00eb t\u00eb m\u00ebdha i l\u00ebshuar sipas k\u00ebsaj metode kishte ndodhur n\u00eb periudhat e m\u00eb hershme . Bile nga kjo koh\u00eb evidentohen edhe rastet q\u00eb \u00a0kontratat e tipit t\u00eb ndrysh\u00ebm me qytetar\u00eb, as q\u00eb b\u00ebheshin n\u00eb komun\u00eb , por lidheshin direkt n\u00eb \u201cpisarnic\u00eb\u201d t\u00eb gjykat\u00ebs komunale&#8230;.?!!!!<\/p>\n<p><strong><em>\u201cMorsko dobro \u201c nuk ishte\u201d Morsko zlo&#8230;\u201d?!!!<\/em><\/strong><\/p>\n<p>Nga koh\u00ebt e kryetar\u00ebve t\u00eb m\u00ebparsh\u00ebm , q\u00eb i nisen proceset e paligjshme ishte rasti i dh\u00ebnies s\u00eb lejes p\u00ebr nd\u00ebrtim jasht\u00eb \u00e7do plani urban dhe zone urbane. Konkretisht mendojm\u00eb n\u00eb villen e nd\u00ebrtuar n\u00eb zon\u00ebn e \u201cMorsko dobros, ku kryetari i komun\u00ebs as q\u00eb kish kompetenca ligjore. M\u00ebsohej se Vill\u00ebs iu dha edhe nj\u00eb pjes\u00eb e plazh\u00ebs n\u00eb Kru\u00e7, dhe ishte t\u00eb bij\u00ebs s\u00eb Jelcinit . Sipas burimeve tona, sekser i binte t\u00eb ishte nj\u00eb funksionar\u00eb i lart\u00eb lokal i DPSit.<\/p>\n<p>Nga kjo koh\u00eb trash\u00ebgohet nj\u00eb shpikje edhe m\u00eb e keqe n\u00eb d\u00ebm t\u00eb komun\u00ebs, por q\u00eb me sa dim\u00eb ne , u nd\u00ebrpre nga Hajdinaga. Fjalen e kemi p\u00ebr metod\u00ebn q\u00eb aplikohej p\u00ebr objektet e karakterit t\u00eb fort\u00eb , t\u00eb cilat gjat\u00eb pages\u00ebs g\u00ebzonin statusin e objektit t\u00eb p\u00ebrkohsh\u00ebm, kurse shuma e paguar llogaritej si pages\u00eb e komunalive.<\/p>\n<p>Me k\u00ebt\u00eb i bie sikur puna e atij i cili i qet parat\u00eb nga nj\u00ebri xhep dhe s\u00ebrish i fut\u00eb n\u00eb xhepin tjet\u00ebr t\u00eb vetin<\/p>\n<p>E t\u00eb mos p\u00ebrmendim gjetjet kontrollit t\u00eb lart\u00eb t\u00eb shtetit, i cili konstatoi mosp\u00ebrputhje n\u00eb mes t\u00eb shum\u00ebs s\u00eb paguar n\u00eb em\u00ebr t\u00eb komunes , me gjendjen e ark\u00ebs..?!!!<\/p>\n<p>Evidentohen edhe rastet, kur n\u00eb em\u00ebr t\u00eb interesave t\u00eb ndryshme, kryetari i komun\u00ebs ndante tok\u00eb, pa e pyetur fare kuvendin-rastet m\u00eb von\u00eb publikoheshin edhe n\u00eb gazet\u00eb zyrtare pa dijen e sh\u00ebrbimit t\u00eb kuvendit&#8230;?!!!<\/p>\n<p>E t\u00eb mos e zgjasim, me rtastet e ndarjes -faljes s\u00eb tok\u00ebs (objektit)dikujt, fjala bie , n\u00eb Shtoj n\u00eb fazat m\u00eb t\u00eb hershme t\u00eb viteve 90. At\u00ebher\u00eb shohim se shpiket metoda e manipulimit me at\u00eb q\u00eb i thon\u00eb parcel\u00eb kadastrale dhe parcel\u00eb urbanistike, duke qen\u00eb kjo e fundit p\u00ebr disa her\u00eb m\u00eb e madhe . Si shembull , mund t\u00eb vlej\u00eb , rasti i dh\u00ebnies s\u00eb objektit t\u00eb ish -post\u00ebs n\u00eb Shtoj*rreth 100metra) , Furr\u00ebs s\u00eb Buk\u00ebs n\u00eb Kodra. Nd\u00ebrsa kjo u b\u00eb si puna e gozhd\u00ebs s\u00eb Nasradinit<\/p>\n<p>Sipas saj,thuhet se pronari i nj\u00eb sht\u00ebpie, ia dha t\u00eb drejt\u00ebn e v\u00ebnies vet\u00ebm t\u00eb nj\u00eb gozhde atij,sa p\u00ebr t\u00eb v\u00ebn\u00eb kapot\u00ebn, por\u00a0\u00a0 m\u00eb pas n\u00eb te ai \u201cshtriu \u00e7arshafin\u201d n\u00eb t\u00ebr\u00eb sip\u00ebrfaq\u00ebn e sht\u00ebpis\u00eb duke e nxjerr\u00eb edhe vet\u00eb pronarin jasht\u00eb. Nga 100 metrat katror\u00eb, t\u00eb dh\u00ebna me kuvend, ekspert\u00ebt e urbanizmit m\u00eb pas, ia kaluan furr\u00ebs s\u00eb buk\u00ebs 1000 metra katror . M\u00eb von\u00eb ato u shiten pa e ditur fare kuvendi . Ose rasti, kur jepej tok\u00eb n\u00eb Shtoj p\u00ebr nd\u00ebrtim t\u00eb nj\u00eb stacioni t\u00eb benzinit nga kuvendi e nd\u00ebrtohej objekt me karakter krejt\u00ebsisht tjet\u00ebr dhe shum\u00eb e shum\u00eb gj\u00ebra si k\u00ebto , q\u00eb nuk ishin shpikje t\u00eb Hajdinag\u00ebs, por q\u00eb u trash\u00ebguan nga t\u00eb tjer\u00ebt.<\/p>\n<p><strong><em> Fund<\/em><\/strong><\/p>\n","protected":false},"excerpt":{"rendered":"<p>Shkruan Muhamet Nika: PSE RASTI HAJDINAGA (KELMENDI) , NUK \u00cbSHT\u00cb SI RASTI I KULA\u00c7\u00cbS N\u00cb BUDV\u00cb N\u00cb RAPORT ME LIGJIN SI\u00c7 POHON MANSI DHE N\u00cbNKRYETARI BECI P\u00cbR VJESTI&#8230;?!! (II) Shikuar realisht Hajdinaga edhe nuk kish mbledhur me k\u00ebt\u00eb rast komunalit q\u00eb n\u00ebnkupton legalizim t\u00eb objekteve. N\u00eb kontratat e tij t\u00eb n\u00ebnshkruar me qytetar\u00eb , thuhej [&hellip;]<\/p>\n","protected":false},"author":1,"featured_media":0,"comment_status":"closed","ping_status":"closed","sticky":false,"template":"","format":"standard","meta":{"spay_email":"","jetpack_publicize_message":"","jetpack_is_tweetstorm":false,"jetpack_publicize_feature_enabled":true},"categories":[6],"tags":[],"jetpack_publicize_connections":[],"yoast_head":"<!-- This site is optimized with the Yoast SEO plugin v19.1 - https:\/\/yoast.com\/wordpress\/plugins\/seo\/ -->\n<title>Nika: Pse rasti Hajdinaga (Kelmendi) , nuk \u00ebsht\u00eb si rasti i Kula\u00e7\u00ebs n\u00eb Budv\u00eb ( II ) - Lajme nga Ulqini<\/title>\n<meta name=\"description\" content=\"Shkruan Muhamet Nika: PSE RASTI HAJDINAGA (KELMENDI) , NUK \u00cbSHT\u00cb SI RASTI I KULA\u00c7\u00cbS N\u00cb BUDV\u00cb N\u00cb RAPORT ME LIGJIN SI\u00c7 POHON MANSI DHE N\u00cbNKRYETARI BECI P\u00cbR\" \/>\n<meta name=\"robots\" content=\"index, follow, max-snippet:-1, max-image-preview:large, max-video-preview:-1\" \/>\n<link rel=\"canonical\" href=\"https:\/\/www.visit-ulcinj.com\/blog\/2014\/08\/12\/nika-pse-rasti-hajdinaga-kelmendi-nuk-eshte-si-rasti-kulaces-ne-budve-ii\/\" \/>\n<meta property=\"og:locale\" content=\"en_US\" \/>\n<meta property=\"og:type\" content=\"article\" \/>\n<meta property=\"og:title\" content=\"Nika: Pse rasti Hajdinaga (Kelmendi) , nuk \u00ebsht\u00eb si rasti i Kula\u00e7\u00ebs n\u00eb Budv\u00eb ( II ) - Lajme nga Ulqini\" \/>\n<meta property=\"og:description\" content=\"Shkruan Muhamet Nika: PSE RASTI HAJDINAGA (KELMENDI) , NUK \u00cbSHT\u00cb SI RASTI I KULA\u00c7\u00cbS N\u00cb BUDV\u00cb N\u00cb RAPORT ME LIGJIN SI\u00c7 POHON MANSI DHE N\u00cbNKRYETARI BECI P\u00cbR\" \/>\n<meta property=\"og:url\" content=\"https:\/\/www.visit-ulcinj.com\/blog\/2014\/08\/12\/nika-pse-rasti-hajdinaga-kelmendi-nuk-eshte-si-rasti-kulaces-ne-budve-ii\/\" \/>\n<meta property=\"og:site_name\" content=\"Lajme nga Ulqini\" \/>\n<meta property=\"article:published_time\" content=\"2014-08-12T09:29:25+00:00\" \/>\n<meta property=\"og:image\" content=\"http:\/\/www.visit-ulcinj.com\/blog\/wp-content\/uploads\/2014\/03\/Muhamet-Nika-Shef-i-sherbimit-sigurise-komunes-ulqinit.jpg\" \/>\n<meta name=\"twitter:label1\" content=\"Written by\" \/>\n\t<meta name=\"twitter:data1\" content=\"ulqini\" \/>\n\t<meta name=\"twitter:label2\" content=\"Est. reading time\" \/>\n\t<meta name=\"twitter:data2\" content=\"5 minutes\" \/>\n<script type=\"application\/ld+json\" class=\"yoast-schema-graph\">{\"@context\":\"https:\/\/schema.org\",\"@graph\":[{\"@type\":\"WebSite\",\"@id\":\"https:\/\/www.visit-ulcinj.com\/blog\/#website\",\"url\":\"https:\/\/www.visit-ulcinj.com\/blog\/\",\"name\":\"Lajme nga Ulqini\",\"description\":\"Lajme,Vijesti,Ulqini,Ulqin,Crna Gora,Mali i Zi\",\"potentialAction\":[{\"@type\":\"SearchAction\",\"target\":{\"@type\":\"EntryPoint\",\"urlTemplate\":\"https:\/\/www.visit-ulcinj.com\/blog\/?s={search_term_string}\"},\"query-input\":\"required name=search_term_string\"}],\"inLanguage\":\"en-US\"},{\"@type\":\"ImageObject\",\"inLanguage\":\"en-US\",\"@id\":\"https:\/\/www.visit-ulcinj.com\/blog\/2014\/08\/12\/nika-pse-rasti-hajdinaga-kelmendi-nuk-eshte-si-rasti-kulaces-ne-budve-ii\/#primaryimage\",\"url\":\"https:\/\/www.visit-ulcinj.com\/blog\/wp-content\/uploads\/2014\/03\/Muhamet-Nika-Shef-i-sherbimit-sigurise-komunes-ulqinit.jpg\",\"contentUrl\":\"https:\/\/www.visit-ulcinj.com\/blog\/wp-content\/uploads\/2014\/03\/Muhamet-Nika-Shef-i-sherbimit-sigurise-komunes-ulqinit.jpg\",\"width\":539,\"height\":393},{\"@type\":\"WebPage\",\"@id\":\"https:\/\/www.visit-ulcinj.com\/blog\/2014\/08\/12\/nika-pse-rasti-hajdinaga-kelmendi-nuk-eshte-si-rasti-kulaces-ne-budve-ii\/#webpage\",\"url\":\"https:\/\/www.visit-ulcinj.com\/blog\/2014\/08\/12\/nika-pse-rasti-hajdinaga-kelmendi-nuk-eshte-si-rasti-kulaces-ne-budve-ii\/\",\"name\":\"Nika: Pse rasti Hajdinaga (Kelmendi) , nuk \u00ebsht\u00eb si rasti i Kula\u00e7\u00ebs n\u00eb Budv\u00eb ( II ) - Lajme nga Ulqini\",\"isPartOf\":{\"@id\":\"https:\/\/www.visit-ulcinj.com\/blog\/#website\"},\"primaryImageOfPage\":{\"@id\":\"https:\/\/www.visit-ulcinj.com\/blog\/2014\/08\/12\/nika-pse-rasti-hajdinaga-kelmendi-nuk-eshte-si-rasti-kulaces-ne-budve-ii\/#primaryimage\"},\"datePublished\":\"2014-08-12T09:29:25+00:00\",\"dateModified\":\"2014-08-12T09:29:25+00:00\",\"author\":{\"@id\":\"https:\/\/www.visit-ulcinj.com\/blog\/#\/schema\/person\/dcab619c614d3038751c63bc2aadc06d\"},\"description\":\"Shkruan Muhamet Nika: PSE RASTI HAJDINAGA (KELMENDI) , NUK \u00cbSHT\u00cb SI RASTI I KULA\u00c7\u00cbS N\u00cb BUDV\u00cb N\u00cb RAPORT ME LIGJIN SI\u00c7 POHON MANSI DHE N\u00cbNKRYETARI BECI P\u00cbR\",\"breadcrumb\":{\"@id\":\"https:\/\/www.visit-ulcinj.com\/blog\/2014\/08\/12\/nika-pse-rasti-hajdinaga-kelmendi-nuk-eshte-si-rasti-kulaces-ne-budve-ii\/#breadcrumb\"},\"inLanguage\":\"en-US\",\"potentialAction\":[{\"@type\":\"ReadAction\",\"target\":[\"https:\/\/www.visit-ulcinj.com\/blog\/2014\/08\/12\/nika-pse-rasti-hajdinaga-kelmendi-nuk-eshte-si-rasti-kulaces-ne-budve-ii\/\"]}]},{\"@type\":\"BreadcrumbList\",\"@id\":\"https:\/\/www.visit-ulcinj.com\/blog\/2014\/08\/12\/nika-pse-rasti-hajdinaga-kelmendi-nuk-eshte-si-rasti-kulaces-ne-budve-ii\/#breadcrumb\",\"itemListElement\":[{\"@type\":\"ListItem\",\"position\":1,\"name\":\"Nika: Pse rasti Hajdinaga (Kelmendi) , nuk \u00ebsht\u00eb si rasti i Kula\u00e7\u00ebs n\u00eb Budv\u00eb ( II )\"}]},{\"@type\":\"Person\",\"@id\":\"https:\/\/www.visit-ulcinj.com\/blog\/#\/schema\/person\/dcab619c614d3038751c63bc2aadc06d\",\"name\":\"ulqini\",\"sameAs\":[\"http:\/\/www.visit-ulcinj.com\"],\"url\":\"https:\/\/www.visit-ulcinj.com\/blog\/author\/admin\/\"}]}<\/script>\n<!-- \/ Yoast SEO plugin. -->","yoast_head_json":{"title":"Nika: Pse rasti Hajdinaga (Kelmendi) , nuk \u00ebsht\u00eb si rasti i Kula\u00e7\u00ebs n\u00eb Budv\u00eb ( II ) - Lajme nga Ulqini","description":"Shkruan Muhamet Nika: PSE RASTI HAJDINAGA (KELMENDI) , NUK \u00cbSHT\u00cb SI RASTI I KULA\u00c7\u00cbS N\u00cb BUDV\u00cb N\u00cb RAPORT ME LIGJIN SI\u00c7 POHON MANSI DHE N\u00cbNKRYETARI BECI P\u00cbR","robots":{"index":"index","follow":"follow","max-snippet":"max-snippet:-1","max-image-preview":"max-image-preview:large","max-video-preview":"max-video-preview:-1"},"canonical":"https:\/\/www.visit-ulcinj.com\/blog\/2014\/08\/12\/nika-pse-rasti-hajdinaga-kelmendi-nuk-eshte-si-rasti-kulaces-ne-budve-ii\/","og_locale":"en_US","og_type":"article","og_title":"Nika: Pse rasti Hajdinaga (Kelmendi) , nuk \u00ebsht\u00eb si rasti i Kula\u00e7\u00ebs n\u00eb Budv\u00eb ( II ) - Lajme nga Ulqini","og_description":"Shkruan Muhamet Nika: PSE RASTI HAJDINAGA (KELMENDI) , NUK \u00cbSHT\u00cb SI RASTI I KULA\u00c7\u00cbS N\u00cb BUDV\u00cb N\u00cb RAPORT ME LIGJIN SI\u00c7 POHON MANSI DHE N\u00cbNKRYETARI BECI P\u00cbR","og_url":"https:\/\/www.visit-ulcinj.com\/blog\/2014\/08\/12\/nika-pse-rasti-hajdinaga-kelmendi-nuk-eshte-si-rasti-kulaces-ne-budve-ii\/","og_site_name":"Lajme nga Ulqini","article_published_time":"2014-08-12T09:29:25+00:00","og_image":[{"url":"http:\/\/www.visit-ulcinj.com\/blog\/wp-content\/uploads\/2014\/03\/Muhamet-Nika-Shef-i-sherbimit-sigurise-komunes-ulqinit.jpg"}],"twitter_misc":{"Written by":"ulqini","Est. reading time":"5 minutes"},"schema":{"@context":"https:\/\/schema.org","@graph":[{"@type":"WebSite","@id":"https:\/\/www.visit-ulcinj.com\/blog\/#website","url":"https:\/\/www.visit-ulcinj.com\/blog\/","name":"Lajme nga Ulqini","description":"Lajme,Vijesti,Ulqini,Ulqin,Crna Gora,Mali i Zi","potentialAction":[{"@type":"SearchAction","target":{"@type":"EntryPoint","urlTemplate":"https:\/\/www.visit-ulcinj.com\/blog\/?s={search_term_string}"},"query-input":"required name=search_term_string"}],"inLanguage":"en-US"},{"@type":"ImageObject","inLanguage":"en-US","@id":"https:\/\/www.visit-ulcinj.com\/blog\/2014\/08\/12\/nika-pse-rasti-hajdinaga-kelmendi-nuk-eshte-si-rasti-kulaces-ne-budve-ii\/#primaryimage","url":"https:\/\/www.visit-ulcinj.com\/blog\/wp-content\/uploads\/2014\/03\/Muhamet-Nika-Shef-i-sherbimit-sigurise-komunes-ulqinit.jpg","contentUrl":"https:\/\/www.visit-ulcinj.com\/blog\/wp-content\/uploads\/2014\/03\/Muhamet-Nika-Shef-i-sherbimit-sigurise-komunes-ulqinit.jpg","width":539,"height":393},{"@type":"WebPage","@id":"https:\/\/www.visit-ulcinj.com\/blog\/2014\/08\/12\/nika-pse-rasti-hajdinaga-kelmendi-nuk-eshte-si-rasti-kulaces-ne-budve-ii\/#webpage","url":"https:\/\/www.visit-ulcinj.com\/blog\/2014\/08\/12\/nika-pse-rasti-hajdinaga-kelmendi-nuk-eshte-si-rasti-kulaces-ne-budve-ii\/","name":"Nika: Pse rasti Hajdinaga (Kelmendi) , nuk \u00ebsht\u00eb si rasti i Kula\u00e7\u00ebs n\u00eb Budv\u00eb ( II ) - Lajme nga Ulqini","isPartOf":{"@id":"https:\/\/www.visit-ulcinj.com\/blog\/#website"},"primaryImageOfPage":{"@id":"https:\/\/www.visit-ulcinj.com\/blog\/2014\/08\/12\/nika-pse-rasti-hajdinaga-kelmendi-nuk-eshte-si-rasti-kulaces-ne-budve-ii\/#primaryimage"},"datePublished":"2014-08-12T09:29:25+00:00","dateModified":"2014-08-12T09:29:25+00:00","author":{"@id":"https:\/\/www.visit-ulcinj.com\/blog\/#\/schema\/person\/dcab619c614d3038751c63bc2aadc06d"},"description":"Shkruan Muhamet Nika: PSE RASTI HAJDINAGA (KELMENDI) , NUK \u00cbSHT\u00cb SI RASTI I KULA\u00c7\u00cbS N\u00cb BUDV\u00cb N\u00cb RAPORT ME LIGJIN SI\u00c7 POHON MANSI DHE N\u00cbNKRYETARI BECI P\u00cbR","breadcrumb":{"@id":"https:\/\/www.visit-ulcinj.com\/blog\/2014\/08\/12\/nika-pse-rasti-hajdinaga-kelmendi-nuk-eshte-si-rasti-kulaces-ne-budve-ii\/#breadcrumb"},"inLanguage":"en-US","potentialAction":[{"@type":"ReadAction","target":["https:\/\/www.visit-ulcinj.com\/blog\/2014\/08\/12\/nika-pse-rasti-hajdinaga-kelmendi-nuk-eshte-si-rasti-kulaces-ne-budve-ii\/"]}]},{"@type":"BreadcrumbList","@id":"https:\/\/www.visit-ulcinj.com\/blog\/2014\/08\/12\/nika-pse-rasti-hajdinaga-kelmendi-nuk-eshte-si-rasti-kulaces-ne-budve-ii\/#breadcrumb","itemListElement":[{"@type":"ListItem","position":1,"name":"Nika: Pse rasti Hajdinaga (Kelmendi) , nuk \u00ebsht\u00eb si rasti i Kula\u00e7\u00ebs n\u00eb Budv\u00eb ( II )"}]},{"@type":"Person","@id":"https:\/\/www.visit-ulcinj.com\/blog\/#\/schema\/person\/dcab619c614d3038751c63bc2aadc06d","name":"ulqini","sameAs":["http:\/\/www.visit-ulcinj.com"],"url":"https:\/\/www.visit-ulcinj.com\/blog\/author\/admin\/"}]}},"jetpack_featured_media_url":"","jetpack_sharing_enabled":true,"jetpack_shortlink":"https:\/\/wp.me\/pe6lTn-m02","_links":{"self":[{"href":"https:\/\/www.visit-ulcinj.com\/blog\/wp-json\/wp\/v2\/posts\/84570"}],"collection":[{"href":"https:\/\/www.visit-ulcinj.com\/blog\/wp-json\/wp\/v2\/posts"}],"about":[{"href":"https:\/\/www.visit-ulcinj.com\/blog\/wp-json\/wp\/v2\/types\/post"}],"author":[{"embeddable":true,"href":"https:\/\/www.visit-ulcinj.com\/blog\/wp-json\/wp\/v2\/users\/1"}],"replies":[{"embeddable":true,"href":"https:\/\/www.visit-ulcinj.com\/blog\/wp-json\/wp\/v2\/comments?post=84570"}],"version-history":[{"count":1,"href":"https:\/\/www.visit-ulcinj.com\/blog\/wp-json\/wp\/v2\/posts\/84570\/revisions"}],"predecessor-version":[{"id":84571,"href":"https:\/\/www.visit-ulcinj.com\/blog\/wp-json\/wp\/v2\/posts\/84570\/revisions\/84571"}],"wp:attachment":[{"href":"https:\/\/www.visit-ulcinj.com\/blog\/wp-json\/wp\/v2\/media?parent=84570"}],"wp:term":[{"taxonomy":"category","embeddable":true,"href":"https:\/\/www.visit-ulcinj.com\/blog\/wp-json\/wp\/v2\/categories?post=84570"},{"taxonomy":"post_tag","embeddable":true,"href":"https:\/\/www.visit-ulcinj.com\/blog\/wp-json\/wp\/v2\/tags?post=84570"}],"curies":[{"name":"wp","href":"https:\/\/api.w.org\/{rel}","templated":true}]}}