{"id":84581,"date":"2014-08-13T18:34:35","date_gmt":"2014-08-13T17:34:35","guid":{"rendered":"http:\/\/www.visit-ulcinj.com\/blog\/?p=84581"},"modified":"2014-08-15T00:01:06","modified_gmt":"2014-08-14T23:01:06","slug":"bka-diaspora-eshte-nderi-dhe-shpresa-e-kombit","status":"publish","type":"post","link":"https:\/\/www.visit-ulcinj.com\/blog\/2014\/08\/13\/bka-diaspora-eshte-nderi-dhe-shpresa-e-kombit\/","title":{"rendered":"BKA: Diaspora \u00ebsht\u00eb nderi dhe shpresa e kombit"},"content":{"rendered":"<p style=\"text-align: center;\"><strong><a href=\"http:\/\/www.visit-ulcinj.com\/blog\/wp-content\/uploads\/2014\/08\/Biznes-Klubi-Anamali-.jpg\"><img loading=\"lazy\" class=\"alignleft wp-image-84582\" src=\"http:\/\/www.visit-ulcinj.com\/blog\/wp-content\/uploads\/2014\/08\/Biznes-Klubi-Anamali-.jpg\" alt=\"Biznes Klubi Anamali-\" width=\"508\" height=\"340\" srcset=\"https:\/\/www.visit-ulcinj.com\/blog\/wp-content\/uploads\/2014\/08\/Biznes-Klubi-Anamali-.jpg 960w, https:\/\/www.visit-ulcinj.com\/blog\/wp-content\/uploads\/2014\/08\/Biznes-Klubi-Anamali--300x200.jpg 300w\" sizes=\"(max-width: 508px) 100vw, 508px\" \/><\/a>Konunikat\u00eb p\u00ebr media nga Biznes Klubi Anamali Ulqin<\/strong><\/p>\n<p>&nbsp;<\/p>\n<p>Ulqin 13 gusht<\/p>\n<p>Manifestimi \u201cDita e Diaspor\u00ebs\u201d, \u00ebsht\u00eb mbajtur p\u00ebr t\u00eb dyt\u00ebn her\u00eb n\u00eb Shas dhe Katerkoll\u00eb t\u00eb Komun\u00ebs s\u00eb Ulqinit, i organizuar nga Biznes Klub Ana Mali, n\u00eb bashk\u00ebpunim me Shoqat\u00ebn Ana e Malit n\u00eb New Yourk dhe Shoq\u00ebrin Kulturore Artistike Tradita.<\/p>\n<p>N\u00eb k\u00ebt\u00eb dit\u00eb jan\u00eb realizuar num\u00ebr i madh i aktiviteteve bisnezore, kulturore, artisike,sportive dhe loj\u00ebra tradicionale, ku kan\u00eb marr pjes\u00eb dhjetra grupe nga t\u00eb gjitha viset shqiptare.<\/p>\n<p>Bashkat\u00ebdhetar\u00ebt q\u00eb jetojn\u00eb n\u00eb vende t\u00eb ndryshme t\u00eb bot\u00ebs dhe qytetar\u00ebt e k\u00ebsaj ane, kan\u00eb pasur mund\u00ebsi q\u00eb t\u00eb takohen edhe me t\u00eb af\u00ebrtimit e tyre dhe t\u00eb arg\u00ebtohen.<\/p>\n<p>Kabil Kurti, president i Biznes Klub Ana Malit, tha se manifestim \u201cDita e Diaspor\u00ebs\u201d tashm\u00eb \u00ebsht\u00eb b\u00ebr\u00eb tradicionale. Ai fal\u00ebnderoi bashkatdhetar\u00ebt q\u00eb \u00e7do her\u00eb jan\u00eb t\u00eb gatsh\u00ebm p\u00ebr kontributin e tyre p\u00ebr vendin.<\/p>\n<p>\u201cDiaspora jon\u00eb ka ndihmuar shum\u00eb rajonin ton\u00eb dhe k\u00ebrkojm\u00eb nga ata q\u00eb t\u00eb vijn\u00eb edhe investojn\u00eb edhe m\u00eb shum\u00eb me q\u00ebllim t\u00eb zhvillimit t\u00eb k\u00ebsaj ane\u201d, tha Kabil Kurti. Sipas tij BKA-ja p\u00ebrpos anagazhimeve p\u00ebr ruajten e interesit afarist, \u00ebsht\u00eb dhe do t\u00eb jet\u00eb pran\u00eb qytetar\u00ebve anamalas p\u00ebr problemet q\u00eb has ky regjion n\u00eb zgjidhjen e tyre.<\/p>\n<p><a href=\"http:\/\/www.visit-ulcinj.com\/blog\/wp-content\/uploads\/2014\/08\/Biznes-Klubi-Anamali-1.jpg\"><img loading=\"lazy\" class=\"alignleft wp-image-84583\" src=\"http:\/\/www.visit-ulcinj.com\/blog\/wp-content\/uploads\/2014\/08\/Biznes-Klubi-Anamali-1.jpg\" alt=\"Biznes Klubi Anamali-1\" width=\"508\" height=\"340\" srcset=\"https:\/\/www.visit-ulcinj.com\/blog\/wp-content\/uploads\/2014\/08\/Biznes-Klubi-Anamali-1.jpg 694w, https:\/\/www.visit-ulcinj.com\/blog\/wp-content\/uploads\/2014\/08\/Biznes-Klubi-Anamali-1-300x201.jpg 300w\" sizes=\"(max-width: 508px) 100vw, 508px\" \/><\/a><\/p>\n<p>Presidenti i Biznes Klub Ana Malit, fal\u00ebnderoi bashkat\u00ebdhetar\u00ebt p\u00ebr p\u00ebrkrahejn q\u00eb po i japin k\u00ebsaj ane, duke shpresuar se ajo do t\u00eb vazhdoi edhe n\u00eb t\u00eb ardhmen.<\/p>\n<p>Fatmir Gjekaj, kryetar i Komun\u00ebs s\u00eb Ulqinit, tha se n\u00eb k\u00ebt\u00eb atmosfer\u00eb festive m\u00eb duhet t\u00eb pranoi se kam nj\u00eb emocion t\u00eb ve\u00e7ant\u00eb, q\u00eb vjen prej dashuris\u00eb q\u00eb ka shqiptari prej shqiptarit.<\/p>\n<p>\u201cDiaspora me t\u00eb drejt\u00eb \u00ebsht\u00eb nderi dhe shpresa e kombit. Diaspora \u00ebsht\u00eb nj\u00eb thesar i madh \u00a0kultur\u00ebs, tradit\u00ebs dhe miq\u00ebsis\u00eb me shum\u00eb vende. Diaspora jon\u00eb mbuerret me t\u00eb qenurit shqiptar\u201d, tha kryetari i Ulqinit.<\/p>\n<p>Sipas Fatmir Gjek\u00ebs, roli\u00a0 i tyre p\u00ebr vite e dekada p\u00ebr \u00e7\u00ebshtje me r\u00ebnd\u00ebsi p\u00ebr kombin, demokratizimin dhe integrimet ka qen i madh dhe do t\u00eb vazhoi.<\/p>\n<p>\u201cSynim i jon\u00eb \u00ebsht\u00eb q\u00eb t\u00eb avancojm\u00eb pun\u00ebn e zyr\u00ebs s\u00eb diapsor\u00ebs dhe t\u00eb mund\u00ebsojm\u00eb p\u00ebrfshirje m\u00eb aktive n\u00eb t\u00eb gjitha fushat. Dyert e komun\u00ebs, jan\u00eb p\u00ebrher\u00eb t\u00eb hapura\u201d, tha Gjekaj<\/p>\n<p>P\u00ebr t\u00eb dyt\u00ebn her\u00eb po tubohem dhe intensifikojm\u00eb bashk\u00ebpunimin me diaspor\u00ebn dhe kjo \u00ebhst\u00eb p\u00ebrpar\u00ebsi\u201d,<\/p>\n<p>Sabri Gjoni, udh\u00ebhqeq\u00ebs i Shoqat\u00ebs s\u00eb Ana e Malit n\u00eb New Yourk, vler\u00ebsoi si shum\u00eb t\u00eb frytsh\u00ebm k\u00ebt\u00eb manifestim, duke th\u00ebn\u00eb se po krijohen ura lidh\u00ebse t\u00eb diaspor\u00ebs dhe qytetar\u00ebve vend\u00eb. Ai premtoi se diaspora do t\u00eb investoi n\u00eb vendlindjen e tyre me q\u00ebllim t\u00eb zhvilllimit t\u00eb k\u00ebsaj ane, e cila ka mbetur pas anash nga invetsimet.<\/p>\n<p><a href=\"http:\/\/www.visit-ulcinj.com\/blog\/wp-content\/uploads\/2014\/08\/Biznes-Klubi-Anamali-2.jpg\"><img loading=\"lazy\" class=\"alignleft wp-image-84584\" src=\"http:\/\/www.visit-ulcinj.com\/blog\/wp-content\/uploads\/2014\/08\/Biznes-Klubi-Anamali-2.jpg\" alt=\"Biznes Klubi Anamali-2\" width=\"508\" height=\"340\" srcset=\"https:\/\/www.visit-ulcinj.com\/blog\/wp-content\/uploads\/2014\/08\/Biznes-Klubi-Anamali-2.jpg 694w, https:\/\/www.visit-ulcinj.com\/blog\/wp-content\/uploads\/2014\/08\/Biznes-Klubi-Anamali-2-300x201.jpg 300w\" sizes=\"(max-width: 508px) 100vw, 508px\" \/><\/a><\/p>\n<p>Haxhi Shabani, zyrtar\u00eb nga Biznes Klubi Anmali, prezantoi programin e BKA-s\u00eb lidhur me mund\u00ebsin\u00eb e investimeve q\u00eb ofron kjo zon\u00eb dhe mund\u00ebsin\u00eb e gjejtjet s\u00eb investitor\u00ebve potencial, sidomos ata at\u00eb diaspor\u00ebs shqiptare. Ai tregoi edhe projeketet t\u00eb cilat priet ti realizoj BKA n\u00eb vitet t\u00eb vazhdim n\u00eb koordinim me pushtetin lokal dhe qendror.<\/p>\n<p>&nbsp;<\/p>\n<p>Cafo Boga nga Shoqata e Ana e Malit n\u00eb New Yourk, publikoi, k\u00ebrkesat dhe d\u00ebshirat q\u00eb i ka diaspora ndaj vendlindjes. Ai premtoi \u00a0mb\u00ebshtetjen e diaspor\u00ebs ndaj vend\u00ebsve te tyre n\u00eb Komun\u00ebn e Ulqinit.<\/p>\n<p>&nbsp;<\/p>\n<p>&nbsp;<\/p>\n<p><strong>Sinqerisht Zyra p\u00ebr media e BKA-s\u00eb<\/strong><\/p>\n<p><strong><a href=\"tel:%2B382%2069%20964%20461\">+382 69 964 461<\/a><\/strong><\/p>\n<p><strong><a href=\"mailto:biznisianamalit@gmail.com\">biznisianamalit@gmail.com<\/a><\/strong><\/p>\n","protected":false},"excerpt":{"rendered":"<p>Konunikat\u00eb p\u00ebr media nga Biznes Klubi Anamali Ulqin &nbsp; Ulqin 13 gusht Manifestimi \u201cDita e Diaspor\u00ebs\u201d, \u00ebsht\u00eb mbajtur p\u00ebr t\u00eb dyt\u00ebn her\u00eb n\u00eb Shas dhe Katerkoll\u00eb t\u00eb Komun\u00ebs s\u00eb Ulqinit, i organizuar nga Biznes Klub Ana Mali, n\u00eb bashk\u00ebpunim me Shoqat\u00ebn Ana e Malit n\u00eb New Yourk dhe Shoq\u00ebrin Kulturore Artistike Tradita. N\u00eb k\u00ebt\u00eb dit\u00eb [&hellip;]<\/p>\n","protected":false},"author":1,"featured_media":0,"comment_status":"closed","ping_status":"closed","sticky":false,"template":"","format":"standard","meta":{"spay_email":"","jetpack_publicize_message":"","jetpack_is_tweetstorm":false,"jetpack_publicize_feature_enabled":true},"categories":[7,1],"tags":[],"jetpack_publicize_connections":[],"yoast_head":"<!-- This site is optimized with the Yoast SEO plugin v19.1 - https:\/\/yoast.com\/wordpress\/plugins\/seo\/ -->\n<title>BKA: Diaspora \u00ebsht\u00eb nderi dhe shpresa e kombit - Lajme nga Ulqini<\/title>\n<meta name=\"description\" content=\"Konunikat\u00eb p\u00ebr media nga Biznes Klubi Anamali Ulqin &nbsp; Ulqin 13 gusht Manifestimi \u201cDita e Diaspor\u00ebs\u201d, \u00ebsht\u00eb mbajtur p\u00ebr t\u00eb dyt\u00ebn her\u00eb n\u00eb Shas dhe\" \/>\n<meta name=\"robots\" content=\"index, follow, max-snippet:-1, max-image-preview:large, max-video-preview:-1\" \/>\n<link rel=\"canonical\" href=\"https:\/\/www.visit-ulcinj.com\/blog\/2014\/08\/13\/bka-diaspora-eshte-nderi-dhe-shpresa-e-kombit\/\" \/>\n<meta property=\"og:locale\" content=\"en_US\" \/>\n<meta property=\"og:type\" content=\"article\" \/>\n<meta property=\"og:title\" content=\"BKA: Diaspora \u00ebsht\u00eb nderi dhe shpresa e kombit - Lajme nga Ulqini\" \/>\n<meta property=\"og:description\" content=\"Konunikat\u00eb p\u00ebr media nga Biznes Klubi Anamali Ulqin &nbsp; Ulqin 13 gusht Manifestimi \u201cDita e Diaspor\u00ebs\u201d, \u00ebsht\u00eb mbajtur p\u00ebr t\u00eb dyt\u00ebn her\u00eb n\u00eb Shas dhe\" \/>\n<meta property=\"og:url\" content=\"https:\/\/www.visit-ulcinj.com\/blog\/2014\/08\/13\/bka-diaspora-eshte-nderi-dhe-shpresa-e-kombit\/\" \/>\n<meta property=\"og:site_name\" content=\"Lajme nga Ulqini\" \/>\n<meta property=\"article:published_time\" content=\"2014-08-13T17:34:35+00:00\" \/>\n<meta property=\"article:modified_time\" content=\"2014-08-14T23:01:06+00:00\" \/>\n<meta property=\"og:image\" content=\"http:\/\/www.visit-ulcinj.com\/blog\/wp-content\/uploads\/2014\/08\/Biznes-Klubi-Anamali-.jpg\" \/>\n<meta name=\"twitter:label1\" content=\"Written by\" \/>\n\t<meta name=\"twitter:data1\" content=\"ulqini\" \/>\n\t<meta name=\"twitter:label2\" content=\"Est. reading time\" \/>\n\t<meta name=\"twitter:data2\" content=\"3 minutes\" \/>\n<script type=\"application\/ld+json\" class=\"yoast-schema-graph\">{\"@context\":\"https:\/\/schema.org\",\"@graph\":[{\"@type\":\"WebSite\",\"@id\":\"https:\/\/www.visit-ulcinj.com\/blog\/#website\",\"url\":\"https:\/\/www.visit-ulcinj.com\/blog\/\",\"name\":\"Lajme nga Ulqini\",\"description\":\"Lajme,Vijesti,Ulqini,Ulqin,Crna Gora,Mali i Zi\",\"potentialAction\":[{\"@type\":\"SearchAction\",\"target\":{\"@type\":\"EntryPoint\",\"urlTemplate\":\"https:\/\/www.visit-ulcinj.com\/blog\/?s={search_term_string}\"},\"query-input\":\"required name=search_term_string\"}],\"inLanguage\":\"en-US\"},{\"@type\":\"ImageObject\",\"inLanguage\":\"en-US\",\"@id\":\"https:\/\/www.visit-ulcinj.com\/blog\/2014\/08\/13\/bka-diaspora-eshte-nderi-dhe-shpresa-e-kombit\/#primaryimage\",\"url\":\"https:\/\/www.visit-ulcinj.com\/blog\/wp-content\/uploads\/2014\/08\/Biznes-Klubi-Anamali-.jpg\",\"contentUrl\":\"https:\/\/www.visit-ulcinj.com\/blog\/wp-content\/uploads\/2014\/08\/Biznes-Klubi-Anamali-.jpg\",\"width\":960,\"height\":643},{\"@type\":\"WebPage\",\"@id\":\"https:\/\/www.visit-ulcinj.com\/blog\/2014\/08\/13\/bka-diaspora-eshte-nderi-dhe-shpresa-e-kombit\/#webpage\",\"url\":\"https:\/\/www.visit-ulcinj.com\/blog\/2014\/08\/13\/bka-diaspora-eshte-nderi-dhe-shpresa-e-kombit\/\",\"name\":\"BKA: Diaspora \u00ebsht\u00eb nderi dhe shpresa e kombit - Lajme nga Ulqini\",\"isPartOf\":{\"@id\":\"https:\/\/www.visit-ulcinj.com\/blog\/#website\"},\"primaryImageOfPage\":{\"@id\":\"https:\/\/www.visit-ulcinj.com\/blog\/2014\/08\/13\/bka-diaspora-eshte-nderi-dhe-shpresa-e-kombit\/#primaryimage\"},\"datePublished\":\"2014-08-13T17:34:35+00:00\",\"dateModified\":\"2014-08-14T23:01:06+00:00\",\"author\":{\"@id\":\"https:\/\/www.visit-ulcinj.com\/blog\/#\/schema\/person\/dcab619c614d3038751c63bc2aadc06d\"},\"description\":\"Konunikat\u00eb p\u00ebr media nga Biznes Klubi Anamali Ulqin &nbsp; Ulqin 13 gusht Manifestimi \u201cDita e Diaspor\u00ebs\u201d, \u00ebsht\u00eb mbajtur p\u00ebr t\u00eb dyt\u00ebn her\u00eb n\u00eb Shas dhe\",\"breadcrumb\":{\"@id\":\"https:\/\/www.visit-ulcinj.com\/blog\/2014\/08\/13\/bka-diaspora-eshte-nderi-dhe-shpresa-e-kombit\/#breadcrumb\"},\"inLanguage\":\"en-US\",\"potentialAction\":[{\"@type\":\"ReadAction\",\"target\":[\"https:\/\/www.visit-ulcinj.com\/blog\/2014\/08\/13\/bka-diaspora-eshte-nderi-dhe-shpresa-e-kombit\/\"]}]},{\"@type\":\"BreadcrumbList\",\"@id\":\"https:\/\/www.visit-ulcinj.com\/blog\/2014\/08\/13\/bka-diaspora-eshte-nderi-dhe-shpresa-e-kombit\/#breadcrumb\",\"itemListElement\":[{\"@type\":\"ListItem\",\"position\":1,\"name\":\"BKA: Diaspora \u00ebsht\u00eb nderi dhe shpresa e kombit\"}]},{\"@type\":\"Person\",\"@id\":\"https:\/\/www.visit-ulcinj.com\/blog\/#\/schema\/person\/dcab619c614d3038751c63bc2aadc06d\",\"name\":\"ulqini\",\"sameAs\":[\"http:\/\/www.visit-ulcinj.com\"],\"url\":\"https:\/\/www.visit-ulcinj.com\/blog\/author\/admin\/\"}]}<\/script>\n<!-- \/ Yoast SEO plugin. -->","yoast_head_json":{"title":"BKA: Diaspora \u00ebsht\u00eb nderi dhe shpresa e kombit - Lajme nga Ulqini","description":"Konunikat\u00eb p\u00ebr media nga Biznes Klubi Anamali Ulqin &nbsp; Ulqin 13 gusht Manifestimi \u201cDita e Diaspor\u00ebs\u201d, \u00ebsht\u00eb mbajtur p\u00ebr t\u00eb dyt\u00ebn her\u00eb n\u00eb Shas dhe","robots":{"index":"index","follow":"follow","max-snippet":"max-snippet:-1","max-image-preview":"max-image-preview:large","max-video-preview":"max-video-preview:-1"},"canonical":"https:\/\/www.visit-ulcinj.com\/blog\/2014\/08\/13\/bka-diaspora-eshte-nderi-dhe-shpresa-e-kombit\/","og_locale":"en_US","og_type":"article","og_title":"BKA: Diaspora \u00ebsht\u00eb nderi dhe shpresa e kombit - Lajme nga Ulqini","og_description":"Konunikat\u00eb p\u00ebr media nga Biznes Klubi Anamali Ulqin &nbsp; Ulqin 13 gusht Manifestimi \u201cDita e Diaspor\u00ebs\u201d, \u00ebsht\u00eb mbajtur p\u00ebr t\u00eb dyt\u00ebn her\u00eb n\u00eb Shas dhe","og_url":"https:\/\/www.visit-ulcinj.com\/blog\/2014\/08\/13\/bka-diaspora-eshte-nderi-dhe-shpresa-e-kombit\/","og_site_name":"Lajme nga Ulqini","article_published_time":"2014-08-13T17:34:35+00:00","article_modified_time":"2014-08-14T23:01:06+00:00","og_image":[{"url":"http:\/\/www.visit-ulcinj.com\/blog\/wp-content\/uploads\/2014\/08\/Biznes-Klubi-Anamali-.jpg"}],"twitter_misc":{"Written by":"ulqini","Est. reading time":"3 minutes"},"schema":{"@context":"https:\/\/schema.org","@graph":[{"@type":"WebSite","@id":"https:\/\/www.visit-ulcinj.com\/blog\/#website","url":"https:\/\/www.visit-ulcinj.com\/blog\/","name":"Lajme nga Ulqini","description":"Lajme,Vijesti,Ulqini,Ulqin,Crna Gora,Mali i Zi","potentialAction":[{"@type":"SearchAction","target":{"@type":"EntryPoint","urlTemplate":"https:\/\/www.visit-ulcinj.com\/blog\/?s={search_term_string}"},"query-input":"required name=search_term_string"}],"inLanguage":"en-US"},{"@type":"ImageObject","inLanguage":"en-US","@id":"https:\/\/www.visit-ulcinj.com\/blog\/2014\/08\/13\/bka-diaspora-eshte-nderi-dhe-shpresa-e-kombit\/#primaryimage","url":"https:\/\/www.visit-ulcinj.com\/blog\/wp-content\/uploads\/2014\/08\/Biznes-Klubi-Anamali-.jpg","contentUrl":"https:\/\/www.visit-ulcinj.com\/blog\/wp-content\/uploads\/2014\/08\/Biznes-Klubi-Anamali-.jpg","width":960,"height":643},{"@type":"WebPage","@id":"https:\/\/www.visit-ulcinj.com\/blog\/2014\/08\/13\/bka-diaspora-eshte-nderi-dhe-shpresa-e-kombit\/#webpage","url":"https:\/\/www.visit-ulcinj.com\/blog\/2014\/08\/13\/bka-diaspora-eshte-nderi-dhe-shpresa-e-kombit\/","name":"BKA: Diaspora \u00ebsht\u00eb nderi dhe shpresa e kombit - Lajme nga Ulqini","isPartOf":{"@id":"https:\/\/www.visit-ulcinj.com\/blog\/#website"},"primaryImageOfPage":{"@id":"https:\/\/www.visit-ulcinj.com\/blog\/2014\/08\/13\/bka-diaspora-eshte-nderi-dhe-shpresa-e-kombit\/#primaryimage"},"datePublished":"2014-08-13T17:34:35+00:00","dateModified":"2014-08-14T23:01:06+00:00","author":{"@id":"https:\/\/www.visit-ulcinj.com\/blog\/#\/schema\/person\/dcab619c614d3038751c63bc2aadc06d"},"description":"Konunikat\u00eb p\u00ebr media nga Biznes Klubi Anamali Ulqin &nbsp; Ulqin 13 gusht Manifestimi \u201cDita e Diaspor\u00ebs\u201d, \u00ebsht\u00eb mbajtur p\u00ebr t\u00eb dyt\u00ebn her\u00eb n\u00eb Shas dhe","breadcrumb":{"@id":"https:\/\/www.visit-ulcinj.com\/blog\/2014\/08\/13\/bka-diaspora-eshte-nderi-dhe-shpresa-e-kombit\/#breadcrumb"},"inLanguage":"en-US","potentialAction":[{"@type":"ReadAction","target":["https:\/\/www.visit-ulcinj.com\/blog\/2014\/08\/13\/bka-diaspora-eshte-nderi-dhe-shpresa-e-kombit\/"]}]},{"@type":"BreadcrumbList","@id":"https:\/\/www.visit-ulcinj.com\/blog\/2014\/08\/13\/bka-diaspora-eshte-nderi-dhe-shpresa-e-kombit\/#breadcrumb","itemListElement":[{"@type":"ListItem","position":1,"name":"BKA: Diaspora \u00ebsht\u00eb nderi dhe shpresa e kombit"}]},{"@type":"Person","@id":"https:\/\/www.visit-ulcinj.com\/blog\/#\/schema\/person\/dcab619c614d3038751c63bc2aadc06d","name":"ulqini","sameAs":["http:\/\/www.visit-ulcinj.com"],"url":"https:\/\/www.visit-ulcinj.com\/blog\/author\/admin\/"}]}},"jetpack_featured_media_url":"","jetpack_sharing_enabled":true,"jetpack_shortlink":"https:\/\/wp.me\/pe6lTn-m0d","_links":{"self":[{"href":"https:\/\/www.visit-ulcinj.com\/blog\/wp-json\/wp\/v2\/posts\/84581"}],"collection":[{"href":"https:\/\/www.visit-ulcinj.com\/blog\/wp-json\/wp\/v2\/posts"}],"about":[{"href":"https:\/\/www.visit-ulcinj.com\/blog\/wp-json\/wp\/v2\/types\/post"}],"author":[{"embeddable":true,"href":"https:\/\/www.visit-ulcinj.com\/blog\/wp-json\/wp\/v2\/users\/1"}],"replies":[{"embeddable":true,"href":"https:\/\/www.visit-ulcinj.com\/blog\/wp-json\/wp\/v2\/comments?post=84581"}],"version-history":[{"count":1,"href":"https:\/\/www.visit-ulcinj.com\/blog\/wp-json\/wp\/v2\/posts\/84581\/revisions"}],"predecessor-version":[{"id":84585,"href":"https:\/\/www.visit-ulcinj.com\/blog\/wp-json\/wp\/v2\/posts\/84581\/revisions\/84585"}],"wp:attachment":[{"href":"https:\/\/www.visit-ulcinj.com\/blog\/wp-json\/wp\/v2\/media?parent=84581"}],"wp:term":[{"taxonomy":"category","embeddable":true,"href":"https:\/\/www.visit-ulcinj.com\/blog\/wp-json\/wp\/v2\/categories?post=84581"},{"taxonomy":"post_tag","embeddable":true,"href":"https:\/\/www.visit-ulcinj.com\/blog\/wp-json\/wp\/v2\/tags?post=84581"}],"curies":[{"name":"wp","href":"https:\/\/api.w.org\/{rel}","templated":true}]}}