{"id":84597,"date":"2014-08-14T23:56:37","date_gmt":"2014-08-14T22:56:37","guid":{"rendered":"http:\/\/www.visit-ulcinj.com\/blog\/?p=84597"},"modified":"2014-08-16T08:05:49","modified_gmt":"2014-08-16T07:05:49","slug":"nika-oktapodi-ne-ulqin-pa-oficer-katanin","status":"publish","type":"post","link":"https:\/\/www.visit-ulcinj.com\/blog\/2014\/08\/14\/nika-oktapodi-ne-ulqin-pa-oficer-katanin\/","title":{"rendered":"Nika: Oktapodi n\u00eb Ulqin  &#8211; Pa oficer Katanin?!!"},"content":{"rendered":"<p><strong><em><a href=\"http:\/\/www.visit-ulcinj.com\/blog\/wp-content\/uploads\/2014\/08\/ulqini-sot.jpg\"><img loading=\"lazy\" class=\"alignleft wp-image-84598\" src=\"http:\/\/www.visit-ulcinj.com\/blog\/wp-content\/uploads\/2014\/08\/ulqini-sot.jpg\" alt=\"ulqini-sot\" width=\"508\" height=\"368\" srcset=\"https:\/\/www.visit-ulcinj.com\/blog\/wp-content\/uploads\/2014\/08\/ulqini-sot.jpg 526w, https:\/\/www.visit-ulcinj.com\/blog\/wp-content\/uploads\/2014\/08\/ulqini-sot-300x217.jpg 300w\" sizes=\"(max-width: 508px) 100vw, 508px\" \/><\/a>Shkruan Muhamet Nika<\/em><\/strong><\/p>\n<p><strong><em> (ky shkrim b\u00ebhet n\u00eb shenj\u00eb t\u00eb takimit t\u00eb djesh\u00ebm , kur padit\u00ebsit p\u00ebr K-1, u takuan me p\u00ebrfaq\u00ebsuesit e komun\u00ebs dhe k\u00ebrkuan 5 milion\u00eb euro n\u00eb em\u00ebr t\u00eb borxhit\u2026),<\/em><\/strong><\/p>\n<p>Komuna e Ulqinit si institucion shtet\u00ebror e bllokuar tash m\u00eb, me jav\u00eb t\u00eb t\u00ebra ,nga proceset e ndryshme gjyqsore t\u00eb cilat i zhvasin ark\u00ebn e saj p\u00ebr \u00e7do dit\u00eb , t\u00eb krijon p\u00ebrshtypjen e nj\u00eb qyteti Sicilian t\u00eb shum\u00eb viteve t\u00eb m\u00eb parshme. At\u00ebher\u00eb qytetet e p\u00ebrmendura kishin r\u00ebn\u00eb fli e mafis\u00eb siciliane, por q\u00eb p\u00ebr dallim prej tyre, t\u00eb cil\u00ebve nuk u mungonte oficer Katani ,si simbol i dor\u00ebs s\u00eb fort\u00eb t\u00eb shtetit, neve k\u00ebtu n\u00eb Ulqin, na mungon.<\/p>\n<p>N\u00eb koh\u00ebn e vet cekim se pushtetet e at\u00eb hershme t\u00eb komunave siciliane u p\u00ebrballen me nj\u00eb metod\u00eb t\u00eb re t\u00eb pun\u00ebs s\u00eb mafis\u00eb e cila me vendim t\u00eb\u201d don\u00ebve mafioz\u00eb\u201d kish nd\u00ebrruar taktik\u00ebn e saj t\u00eb konfrontimit me dhun\u00eb direkte me p\u00ebrfaq\u00ebsuest e shtetit. Duke u t\u00ebrhjekur nga lufta frontale me shtet dhe duke i ikur konfliktit \u2013 mafia, kish vendosur ,t\u00eb b\u00ebj\u00eb , infiltrim t\u00eb element\u00eb mafioz\u00eb n\u00eb radh\u00ebr e vendim marrjes.<\/p>\n<p>Krahasuar gjendjen e at\u00ebhershm\u00eb t\u00eb qyteteve Siciliane , n\u00eb raport me mafin\u00eb dhe sot Ulqinin, shohim nj\u00eb dallim t\u00eb jasht\u00ebzakonsh\u00ebm sepse p\u00ebr dallim prej sicilian\u00ebve , opinioni ulqinak po edhe t\u00eb pun\u00ebsuarit e sektorit publik\u00eb , n\u00eb heshtje kan\u00eb pranuar gjendjen e servuar. K\u00ebta p\u00ebr \u00e7udi, po e p\u00ebrkrahin n\u00eb heshtje fenomenin! Athua se kjo gjendje n\u00eb dukje letargjike do t\u00eb vazhdoj\u00eb apo \u00ebsht\u00eb nj\u00eb heshtje para trazir\u00ebs mbetet t\u00eb shihet k\u00ebtyre dit\u00ebve . E themi k\u00ebt\u00eb, pasi dje u b\u00ebn\u00eb edhe kontaktet e fundit n\u00eb mes t\u00eb trash\u00ebgimtar\u00ebve \u201c fantom\u201d t\u00eb procesit K-1(Kosova nj\u00eb), q\u00eb n\u00eb em\u00ebr mbase edhe t\u00eb qeveris\u00eb s\u00eb Kosov\u00ebs, kan\u00eb p\u00ebr t\u00eb bllokuar komun\u00ebn e Ulqinit n\u00eb shum\u00ebn prej5 milion\u00eb eurove&#8230;.?!!! E ve\u00e7anta e k\u00ebsaj situate \u00ebsht\u00eb se borxhi \u201cdemek prej 10 milion\u00eb eurove\u201d, ra n\u00eb 5 milion\u00eb , ngase 5 milion\u00eb euro, paska pranuar t\u2019i mbuloj\u00eb qeveria&#8230;?!!! M\u00eb her\u00ebt kemi njohtuar se si\u00a0\u00a0 Kuvendi i Ulqinit nxorri vendimin p\u00ebr t\u00eb marr\u00eb nj\u00eb kredi t\u00eb volitshme nga padit\u00ebsi i K-1-shit, Atllas Gruop \u2013it?!! E q\u00eb vet\u00eb kjo, p\u00ebr at\u00eb q\u00eb d\u00ebshiron t\u00eb jet\u00eb i informuar , krijon p\u00ebrshtypjen e ekzistenc\u00ebs s\u00eb \u201c Oktapodit- Hobotnic\u00ebs \u201c edhe n\u00eb Ulqin, por si\u00e7 cek\u00ebm n\u00eb fillim, k\u00ebsaj radhe, pa oficer Katanin &#8230;?!!!<\/p>\n<p><strong><em>Si t\u00eb veprohet<\/em><\/strong><\/p>\n<p>Duke e ditur q\u00eb Kuvendi i Ulqinit, si p\u00ebrfaq\u00ebsues i popullit, \u00ebsht\u00eb i z\u00ebn\u00eb n\u00eb darat e nglizhenc\u00ebs qytetare ?!Duke e ditur edhe mentalitetin kapitullues tonin, t\u00eb imponuar dhe q\u00eb nuk pritet t\u00eb shk\u00ebputet nga forca e gravitetit t\u00ebrheq\u00ebs mafioze ?! Kurse rr\u00ebnimi i auton\u00ebmis\u00eb s\u00eb pushtetit lokal askujt\u00eb m\u00eb nuk i hy n\u00eb pun\u00eb, ndoshta do t\u00eb duhej q\u00eb ajo intelegjenc\u00eb komunale e pun\u00ebsuar n\u00eb komun\u00eb dhe e cila nuk ka obligim ndaj atyre q\u00eb imponojn\u00eb bllokime t\u00eb pushtetit t\u00eb fillojn\u00ebt\u00eb k\u00ebrkojn\u00eb ndihm\u00ebn e opinionit qytetar p\u00ebr t\u00eb zhbllokuar ark\u00ebn e buxhetit t\u00eb komun\u00ebs e cila kanalizohet nga ata q\u00eb e kusht\u00ebzojn\u00eb nga jasht\u00eb n\u00eb em\u00ebr t\u00eb ligjit dhe gjyqit.<\/p>\n<p>Puna q\u00eb kjo intelegjenc\u00eb e pun\u00ebsuar po b\u00ebn\u00eb duke u k\u00ebnaqur tin\u00ebz me akuza ndaj pushtetit dhe gjykatave duhet t\u00eb ndryshoj\u00eb sepse nuk t\u00eb \u00e7on askund nd\u00ebrsa mbrojtja thuhet se jo gjith\u00ebher\u00eb t\u00eb vjen nga qielli?! Nj\u00eb fjal\u00eb e urt\u00eb popullore thot\u00eb q\u00eb n\u00ebse k\u00ebrkon q\u00eb dikush t\u00eb te mbroj\u00eb ,fillimisht, t\u00eb takon dhe nevoitet t\u00eb mrosh veten! \u00c7udit\u00ebrisht, apo jo, edhe sot, pas 6 muajve parrog\u00eb, nuk e shoh se dikush nga pun\u00ebtoret apo sindikata \u00ebsht\u00eb duke k\u00ebrkuar at\u00eb q\u00eb i takon.<\/p>\n<p>Mendojm\u00eb q\u00eb t\u00eb pun\u00ebsuarit e komun\u00ebs , p\u00ebr tu mbrojtur nga vendimet e pa matura p\u00ebr bllokada gjyqsore , do t\u00eb duhej q\u00eb sa m\u00eb par\u00eb t\u00eb aktivizojn\u00eb vendimin e plotfuqish\u00ebm t\u00eb gjyqit i cili kish hedhur posht\u00eb vendimin e kryetar Cungut , si t\u00eb paligjsh\u00ebm , p\u00ebr ulje t\u00eb rrogash q\u00eb u b\u00eb nga ai,duke u njohur atyre t\u00eb drejten e kompenzim t\u00eb d\u00ebmit edhe me kamat\u00eb &#8230;?!!! Kurse , si t\u00eb filloj\u00eb ekzekutimi, t\u00eb vehet menj\u00ebher\u00eb n\u00eb dijeni inspektori i pun\u00ebs n\u00eb Ulqin ose n\u00eb Podgoric\u00eb(n\u00ebse ky i Ulqinit hesht), q\u00eb ky vendim t\u00eb aplikohet edhe n\u00eb ata t\u00eb pun\u00ebsuar, t\u00eb cil\u00ebt , p\u00ebr arsye t\u00eb ndryshme nuk jan\u00eb ankuar&#8230;.?!!!<\/p>\n<p>Nd\u00ebrsa si mas\u00eb tjet\u00ebr, do t\u00eb duhej q\u00eb p\u00ebr t\u00eb gjtha pagat t\u00eb cilat , do t\u00eb mbesin t\u00eb pa shlyera deri me nj\u00eb shtator(koh\u00eb kur komun\u00ebs i zvog\u00eblohen t\u00eb ardhurat), t\u00eb ngritet padi kolektive. Personalisht, un\u00eb askujt\u00eb muk mund t\u2019ia fal\u00eb, q\u00eb dikush \u201c n\u00eb em\u00ebr t\u00eb gjyqit dhe borxhit\u201d, t\u00eb m\u00eb l\u00ebr\u00eb pa t\u00eb ardhura personale t\u00eb fituara. ..?!<\/p>\n<p><strong><em>Nj\u00eb metafor\u00eb p\u00ebr kafsh\u00ebn e trash\u00eb<\/em><\/strong><\/p>\n<p>Kjo q\u00eb themi \u00ebsht\u00eb p\u00ebrnj\u00ebmend dhe nuk e kemi p\u00ebr hajgare.<\/p>\n<p>Nga gjyshi, ruaj n\u00eb kujtes\u00eb nj\u00eb fjal\u00eb t\u00eb tij\u00ebn, e cila thoshe : \u201c Se vet\u00ebm gomarit i ndodh\u00eb q\u00eb t\u00eb mos mbrohet kur e sulmojn\u00eb\u201d?! E neve po na ngjet v\u00ebrtet\u00eb si puna e k\u00ebsaj kafshe t\u00eb trash\u00eb, t\u00eb cil\u00ebs , thuhet se nj\u00eb dit\u00eb kur u takua me ujkun, filloi t\u00eb thoshte : \u201cBane zot anerr\u201d, edhe pse ujku, kish koh\u00eb q\u00eb ia kish nisur, ta haj\u00eb nga pas&#8230;.?!!!!<\/p>\n<p>Nga ana e tjet\u00ebr, me q\u00eb n\u00eb Ulqin, si duket edhe sektori civil bashk\u00eb me mediat, nuk \u00ebsht\u00eb ka funksionon, at\u00ebher\u00eb do t\u00eb duhej , q\u00eb n\u00eb seanc\u00ebn e vjesht\u00ebs, ata pak k\u00ebshilltar\u00eb t\u00eb sinqert\u00eb, t\u00eb cil\u00ebt kan\u00eb mbetur atje dhe nuk jan\u00eb aty p\u00ebr qellime individuale t\u00eb sofistikuara, me nj\u00eb her\u00eb t\u00eb v\u00ebjn\u00eb n\u00eb rend t\u00eb dit\u00ebs, uljen dhe pse jo faljen e t\u00eb gjitha borxheve t\u00eb qytetar\u00ebve. Sepse, shihet q\u00eb komuna , aktualisht \u00ebsht\u00eb e pambrojtur dhe parat\u00eb e tyre p\u00ebrfundojn\u00eb n\u00eb xhepat e mafis\u00eb. Kjo sipas nesh \u00ebsht\u00eb fare e kuptueshme dhe e logjikshme. Nuk dua t\u00eb besoj se kuvendi duhet t\u00eb hesht\u00eb dhe mund t\u00eb hesht\u00eb?!!!Sigurisht , q\u00eb po t\u00eb formohej nj\u00eb grupim i till\u00eb me k\u00ebrkesa t\u00eb tilla do t\u00eb fitonte p\u00ebrkrahjen masovike t\u00eb qytgetar\u00ebve- Veja \u00ebsht\u00eb shum\u00eb leht\u00eb t\u00eb thyhet edhe pse disa nuk e din\u00eb ?!!!<\/p>\n","protected":false},"excerpt":{"rendered":"<p>Shkruan Muhamet Nika (ky shkrim b\u00ebhet n\u00eb shenj\u00eb t\u00eb takimit t\u00eb djesh\u00ebm , kur padit\u00ebsit p\u00ebr K-1, u takuan me p\u00ebrfaq\u00ebsuesit e komun\u00ebs dhe k\u00ebrkuan 5 milion\u00eb euro n\u00eb em\u00ebr t\u00eb borxhit\u2026), Komuna e Ulqinit si institucion shtet\u00ebror e bllokuar tash m\u00eb, me jav\u00eb t\u00eb t\u00ebra ,nga proceset e ndryshme gjyqsore t\u00eb cilat i zhvasin [&hellip;]<\/p>\n","protected":false},"author":1,"featured_media":0,"comment_status":"closed","ping_status":"closed","sticky":false,"template":"","format":"standard","meta":{"spay_email":"","jetpack_publicize_message":"","jetpack_is_tweetstorm":false,"jetpack_publicize_feature_enabled":true},"categories":[10,1],"tags":[],"jetpack_publicize_connections":[],"yoast_head":"<!-- This site is optimized with the Yoast SEO plugin v19.1 - https:\/\/yoast.com\/wordpress\/plugins\/seo\/ -->\n<title>Nika: Oktapodi n\u00eb Ulqin - Pa oficer Katanin?!! - Lajme nga Ulqini<\/title>\n<meta name=\"description\" content=\"Shkruan Muhamet Nika (ky shkrim b\u00ebhet n\u00eb shenj\u00eb t\u00eb takimit t\u00eb djesh\u00ebm , kur padit\u00ebsit p\u00ebr K-1, u takuan me p\u00ebrfaq\u00ebsuesit e komun\u00ebs dhe k\u00ebrkuan 5 milion\u00eb\" \/>\n<meta name=\"robots\" content=\"index, follow, max-snippet:-1, max-image-preview:large, max-video-preview:-1\" \/>\n<link rel=\"canonical\" href=\"https:\/\/www.visit-ulcinj.com\/blog\/2014\/08\/14\/nika-oktapodi-ne-ulqin-pa-oficer-katanin\/\" \/>\n<meta property=\"og:locale\" content=\"en_US\" \/>\n<meta property=\"og:type\" content=\"article\" \/>\n<meta property=\"og:title\" content=\"Nika: Oktapodi n\u00eb Ulqin - Pa oficer Katanin?!! - Lajme nga Ulqini\" \/>\n<meta property=\"og:description\" content=\"Shkruan Muhamet Nika (ky shkrim b\u00ebhet n\u00eb shenj\u00eb t\u00eb takimit t\u00eb djesh\u00ebm , kur padit\u00ebsit p\u00ebr K-1, u takuan me p\u00ebrfaq\u00ebsuesit e komun\u00ebs dhe k\u00ebrkuan 5 milion\u00eb\" \/>\n<meta property=\"og:url\" content=\"https:\/\/www.visit-ulcinj.com\/blog\/2014\/08\/14\/nika-oktapodi-ne-ulqin-pa-oficer-katanin\/\" \/>\n<meta property=\"og:site_name\" content=\"Lajme nga Ulqini\" \/>\n<meta property=\"article:published_time\" content=\"2014-08-14T22:56:37+00:00\" \/>\n<meta property=\"article:modified_time\" content=\"2014-08-16T07:05:49+00:00\" \/>\n<meta property=\"og:image\" content=\"http:\/\/www.visit-ulcinj.com\/blog\/wp-content\/uploads\/2014\/08\/ulqini-sot.jpg\" \/>\n<meta name=\"twitter:label1\" content=\"Written by\" \/>\n\t<meta name=\"twitter:data1\" content=\"ulqini\" \/>\n\t<meta name=\"twitter:label2\" content=\"Est. reading time\" \/>\n\t<meta name=\"twitter:data2\" content=\"6 minutes\" \/>\n<script type=\"application\/ld+json\" class=\"yoast-schema-graph\">{\"@context\":\"https:\/\/schema.org\",\"@graph\":[{\"@type\":\"WebSite\",\"@id\":\"https:\/\/www.visit-ulcinj.com\/blog\/#website\",\"url\":\"https:\/\/www.visit-ulcinj.com\/blog\/\",\"name\":\"Lajme nga Ulqini\",\"description\":\"Lajme,Vijesti,Ulqini,Ulqin,Crna Gora,Mali i Zi\",\"potentialAction\":[{\"@type\":\"SearchAction\",\"target\":{\"@type\":\"EntryPoint\",\"urlTemplate\":\"https:\/\/www.visit-ulcinj.com\/blog\/?s={search_term_string}\"},\"query-input\":\"required name=search_term_string\"}],\"inLanguage\":\"en-US\"},{\"@type\":\"ImageObject\",\"inLanguage\":\"en-US\",\"@id\":\"https:\/\/www.visit-ulcinj.com\/blog\/2014\/08\/14\/nika-oktapodi-ne-ulqin-pa-oficer-katanin\/#primaryimage\",\"url\":\"https:\/\/www.visit-ulcinj.com\/blog\/wp-content\/uploads\/2014\/08\/ulqini-sot.jpg\",\"contentUrl\":\"https:\/\/www.visit-ulcinj.com\/blog\/wp-content\/uploads\/2014\/08\/ulqini-sot.jpg\",\"width\":526,\"height\":381},{\"@type\":\"WebPage\",\"@id\":\"https:\/\/www.visit-ulcinj.com\/blog\/2014\/08\/14\/nika-oktapodi-ne-ulqin-pa-oficer-katanin\/#webpage\",\"url\":\"https:\/\/www.visit-ulcinj.com\/blog\/2014\/08\/14\/nika-oktapodi-ne-ulqin-pa-oficer-katanin\/\",\"name\":\"Nika: Oktapodi n\u00eb Ulqin - Pa oficer Katanin?!! - Lajme nga Ulqini\",\"isPartOf\":{\"@id\":\"https:\/\/www.visit-ulcinj.com\/blog\/#website\"},\"primaryImageOfPage\":{\"@id\":\"https:\/\/www.visit-ulcinj.com\/blog\/2014\/08\/14\/nika-oktapodi-ne-ulqin-pa-oficer-katanin\/#primaryimage\"},\"datePublished\":\"2014-08-14T22:56:37+00:00\",\"dateModified\":\"2014-08-16T07:05:49+00:00\",\"author\":{\"@id\":\"https:\/\/www.visit-ulcinj.com\/blog\/#\/schema\/person\/dcab619c614d3038751c63bc2aadc06d\"},\"description\":\"Shkruan Muhamet Nika (ky shkrim b\u00ebhet n\u00eb shenj\u00eb t\u00eb takimit t\u00eb djesh\u00ebm , kur padit\u00ebsit p\u00ebr K-1, u takuan me p\u00ebrfaq\u00ebsuesit e komun\u00ebs dhe k\u00ebrkuan 5 milion\u00eb\",\"breadcrumb\":{\"@id\":\"https:\/\/www.visit-ulcinj.com\/blog\/2014\/08\/14\/nika-oktapodi-ne-ulqin-pa-oficer-katanin\/#breadcrumb\"},\"inLanguage\":\"en-US\",\"potentialAction\":[{\"@type\":\"ReadAction\",\"target\":[\"https:\/\/www.visit-ulcinj.com\/blog\/2014\/08\/14\/nika-oktapodi-ne-ulqin-pa-oficer-katanin\/\"]}]},{\"@type\":\"BreadcrumbList\",\"@id\":\"https:\/\/www.visit-ulcinj.com\/blog\/2014\/08\/14\/nika-oktapodi-ne-ulqin-pa-oficer-katanin\/#breadcrumb\",\"itemListElement\":[{\"@type\":\"ListItem\",\"position\":1,\"name\":\"Nika: Oktapodi n\u00eb Ulqin &#8211; Pa oficer Katanin?!!\"}]},{\"@type\":\"Person\",\"@id\":\"https:\/\/www.visit-ulcinj.com\/blog\/#\/schema\/person\/dcab619c614d3038751c63bc2aadc06d\",\"name\":\"ulqini\",\"sameAs\":[\"http:\/\/www.visit-ulcinj.com\"],\"url\":\"https:\/\/www.visit-ulcinj.com\/blog\/author\/admin\/\"}]}<\/script>\n<!-- \/ Yoast SEO plugin. -->","yoast_head_json":{"title":"Nika: Oktapodi n\u00eb Ulqin - Pa oficer Katanin?!! - Lajme nga Ulqini","description":"Shkruan Muhamet Nika (ky shkrim b\u00ebhet n\u00eb shenj\u00eb t\u00eb takimit t\u00eb djesh\u00ebm , kur padit\u00ebsit p\u00ebr K-1, u takuan me p\u00ebrfaq\u00ebsuesit e komun\u00ebs dhe k\u00ebrkuan 5 milion\u00eb","robots":{"index":"index","follow":"follow","max-snippet":"max-snippet:-1","max-image-preview":"max-image-preview:large","max-video-preview":"max-video-preview:-1"},"canonical":"https:\/\/www.visit-ulcinj.com\/blog\/2014\/08\/14\/nika-oktapodi-ne-ulqin-pa-oficer-katanin\/","og_locale":"en_US","og_type":"article","og_title":"Nika: Oktapodi n\u00eb Ulqin - Pa oficer Katanin?!! - Lajme nga Ulqini","og_description":"Shkruan Muhamet Nika (ky shkrim b\u00ebhet n\u00eb shenj\u00eb t\u00eb takimit t\u00eb djesh\u00ebm , kur padit\u00ebsit p\u00ebr K-1, u takuan me p\u00ebrfaq\u00ebsuesit e komun\u00ebs dhe k\u00ebrkuan 5 milion\u00eb","og_url":"https:\/\/www.visit-ulcinj.com\/blog\/2014\/08\/14\/nika-oktapodi-ne-ulqin-pa-oficer-katanin\/","og_site_name":"Lajme nga Ulqini","article_published_time":"2014-08-14T22:56:37+00:00","article_modified_time":"2014-08-16T07:05:49+00:00","og_image":[{"url":"http:\/\/www.visit-ulcinj.com\/blog\/wp-content\/uploads\/2014\/08\/ulqini-sot.jpg"}],"twitter_misc":{"Written by":"ulqini","Est. reading time":"6 minutes"},"schema":{"@context":"https:\/\/schema.org","@graph":[{"@type":"WebSite","@id":"https:\/\/www.visit-ulcinj.com\/blog\/#website","url":"https:\/\/www.visit-ulcinj.com\/blog\/","name":"Lajme nga Ulqini","description":"Lajme,Vijesti,Ulqini,Ulqin,Crna Gora,Mali i Zi","potentialAction":[{"@type":"SearchAction","target":{"@type":"EntryPoint","urlTemplate":"https:\/\/www.visit-ulcinj.com\/blog\/?s={search_term_string}"},"query-input":"required name=search_term_string"}],"inLanguage":"en-US"},{"@type":"ImageObject","inLanguage":"en-US","@id":"https:\/\/www.visit-ulcinj.com\/blog\/2014\/08\/14\/nika-oktapodi-ne-ulqin-pa-oficer-katanin\/#primaryimage","url":"https:\/\/www.visit-ulcinj.com\/blog\/wp-content\/uploads\/2014\/08\/ulqini-sot.jpg","contentUrl":"https:\/\/www.visit-ulcinj.com\/blog\/wp-content\/uploads\/2014\/08\/ulqini-sot.jpg","width":526,"height":381},{"@type":"WebPage","@id":"https:\/\/www.visit-ulcinj.com\/blog\/2014\/08\/14\/nika-oktapodi-ne-ulqin-pa-oficer-katanin\/#webpage","url":"https:\/\/www.visit-ulcinj.com\/blog\/2014\/08\/14\/nika-oktapodi-ne-ulqin-pa-oficer-katanin\/","name":"Nika: Oktapodi n\u00eb Ulqin - Pa oficer Katanin?!! - Lajme nga Ulqini","isPartOf":{"@id":"https:\/\/www.visit-ulcinj.com\/blog\/#website"},"primaryImageOfPage":{"@id":"https:\/\/www.visit-ulcinj.com\/blog\/2014\/08\/14\/nika-oktapodi-ne-ulqin-pa-oficer-katanin\/#primaryimage"},"datePublished":"2014-08-14T22:56:37+00:00","dateModified":"2014-08-16T07:05:49+00:00","author":{"@id":"https:\/\/www.visit-ulcinj.com\/blog\/#\/schema\/person\/dcab619c614d3038751c63bc2aadc06d"},"description":"Shkruan Muhamet Nika (ky shkrim b\u00ebhet n\u00eb shenj\u00eb t\u00eb takimit t\u00eb djesh\u00ebm , kur padit\u00ebsit p\u00ebr K-1, u takuan me p\u00ebrfaq\u00ebsuesit e komun\u00ebs dhe k\u00ebrkuan 5 milion\u00eb","breadcrumb":{"@id":"https:\/\/www.visit-ulcinj.com\/blog\/2014\/08\/14\/nika-oktapodi-ne-ulqin-pa-oficer-katanin\/#breadcrumb"},"inLanguage":"en-US","potentialAction":[{"@type":"ReadAction","target":["https:\/\/www.visit-ulcinj.com\/blog\/2014\/08\/14\/nika-oktapodi-ne-ulqin-pa-oficer-katanin\/"]}]},{"@type":"BreadcrumbList","@id":"https:\/\/www.visit-ulcinj.com\/blog\/2014\/08\/14\/nika-oktapodi-ne-ulqin-pa-oficer-katanin\/#breadcrumb","itemListElement":[{"@type":"ListItem","position":1,"name":"Nika: Oktapodi n\u00eb Ulqin &#8211; Pa oficer Katanin?!!"}]},{"@type":"Person","@id":"https:\/\/www.visit-ulcinj.com\/blog\/#\/schema\/person\/dcab619c614d3038751c63bc2aadc06d","name":"ulqini","sameAs":["http:\/\/www.visit-ulcinj.com"],"url":"https:\/\/www.visit-ulcinj.com\/blog\/author\/admin\/"}]}},"jetpack_featured_media_url":"","jetpack_sharing_enabled":true,"jetpack_shortlink":"https:\/\/wp.me\/pe6lTn-m0t","_links":{"self":[{"href":"https:\/\/www.visit-ulcinj.com\/blog\/wp-json\/wp\/v2\/posts\/84597"}],"collection":[{"href":"https:\/\/www.visit-ulcinj.com\/blog\/wp-json\/wp\/v2\/posts"}],"about":[{"href":"https:\/\/www.visit-ulcinj.com\/blog\/wp-json\/wp\/v2\/types\/post"}],"author":[{"embeddable":true,"href":"https:\/\/www.visit-ulcinj.com\/blog\/wp-json\/wp\/v2\/users\/1"}],"replies":[{"embeddable":true,"href":"https:\/\/www.visit-ulcinj.com\/blog\/wp-json\/wp\/v2\/comments?post=84597"}],"version-history":[{"count":1,"href":"https:\/\/www.visit-ulcinj.com\/blog\/wp-json\/wp\/v2\/posts\/84597\/revisions"}],"predecessor-version":[{"id":84599,"href":"https:\/\/www.visit-ulcinj.com\/blog\/wp-json\/wp\/v2\/posts\/84597\/revisions\/84599"}],"wp:attachment":[{"href":"https:\/\/www.visit-ulcinj.com\/blog\/wp-json\/wp\/v2\/media?parent=84597"}],"wp:term":[{"taxonomy":"category","embeddable":true,"href":"https:\/\/www.visit-ulcinj.com\/blog\/wp-json\/wp\/v2\/categories?post=84597"},{"taxonomy":"post_tag","embeddable":true,"href":"https:\/\/www.visit-ulcinj.com\/blog\/wp-json\/wp\/v2\/tags?post=84597"}],"curies":[{"name":"wp","href":"https:\/\/api.w.org\/{rel}","templated":true}]}}