{"id":84602,"date":"2014-08-15T00:17:04","date_gmt":"2014-08-14T23:17:04","guid":{"rendered":"http:\/\/www.visit-ulcinj.com\/blog\/?p=84602"},"modified":"2014-08-15T00:17:04","modified_gmt":"2014-08-14T23:17:04","slug":"u-solani-nema-berbe-soli-ove-godine","status":"publish","type":"post","link":"https:\/\/www.visit-ulcinj.com\/blog\/2014\/08\/15\/u-solani-nema-berbe-soli-ove-godine\/","title":{"rendered":"U Solani nema berbe soli ove godine"},"content":{"rendered":"<p><a href=\"http:\/\/www.visit-ulcinj.com\/blog\/wp-content\/uploads\/2013\/02\/Ulcinjska-Solana.2.jpg\"><img loading=\"lazy\" class=\"alignleft wp-image-68533\" src=\"http:\/\/www.visit-ulcinj.com\/blog\/wp-content\/uploads\/2013\/02\/Ulcinjska-Solana.2.jpg\" alt=\"Ulcinjska Solana.2\" width=\"508\" height=\"325\" srcset=\"https:\/\/www.visit-ulcinj.com\/blog\/wp-content\/uploads\/2013\/02\/Ulcinjska-Solana.2.jpg 1000w, https:\/\/www.visit-ulcinj.com\/blog\/wp-content\/uploads\/2013\/02\/Ulcinjska-Solana.2-300x191.jpg 300w\" sizes=\"(max-width: 508px) 100vw, 508px\" \/><\/a>Solana Bajo Sekuli\u0107, najstarija ulcinjska kompanija osnovana 1934. godine, ove godine ne\u0107e imati berbu soli \u0161to je tre\u0107i put u njenoj istoriji od 80 godina. Prvi put berba nije odr\u017eana u tolcu Drugog svjetskog rata 1944. godine, zbog borbi koje su se u periodu berbe de\u0161avale u Ulcinju. Drugi put berbe nije bilo 1968. godine kada je veliko nevrijeme zahvatilo Ulcinj i kada su obilne ki\u0161e uni\u0161tile so u bazenima.<\/p>\n<p>Ove godine berbe soli nema jer ve\u0107inski vlasnik Euro fond i ste\u010dajna uprava nijesu obezbijedili uslove. Osnovni preduslov bio je pla\u0107anje duga za struju jer ju je Elektroprivreda zbog toga isklju\u010dila. Dug po ovom osnovu iznosi 21 hiljadu eura, a iz EPCG su upravi Solane nudili da ra\u010dun plate u ratama \u0161to su oni odbili.<\/p>\n<p>Skup\u0161tina je sredinom jula jednoglasno usvojila zaklju\u010dke koji je trebalo da omogu\u0107e berbu i poprave situaciju u kompaniji, ali oni nijesu realizovani. Zaklju\u010dcima je bilo predvi\u0111eno da EPCG uldju\u010di struju koju bi Solana platila nakon berbe, da Vlada, Op\u0161tina i Investiciono razvojni fond (IRF) obezbijede nastavak proizvodnje. Poslanik SNP-a Aleksandar Damjanovi\u0107 kazao je da zaklju\u010dci ni nakon mjesec nijesu ispunjeni.<\/p>\n<p>\u201cPodsje\u0107amo da je snabdijevanje Solane elektri\u010dnom energijom obustavljeno u februaru zbog duga od svega 21 hiljadu eura, iako se u desetoj godini od pokretanja ste\u010daja imovina Solane procjenjuje na desetine miliona eura\u201d, naveo je Damjanovi\u0107. Iz SNP-a su podsjetili da su Vlada i Fond rada trebali izmiriti obaveze prema zaposlenima, a Vlada, IRF i Op\u0161tina novac za pokretanje proizvodnje.<\/p>\n<p>\u201cTa ulaganja bi se Solani, bez ve\u0107ih problema, mogla vratiti\u201d, istakao je Damjanovi\u0107.<\/p>\n<p>Ukupno je za odr\u017eavanje berbe soli, kako su saop\u0161tavali iz uprave, trebalo 200 hiljada eura. Pro\u0161le godine berba je zbog ki\u0161e odr\u017eana samo na pola bazena a prikupljeno je 11.000 tona soli.<\/p>\n<p>Ve\u0107inski vlasnik Solane od 2003. godine je Eurofond. Kompanija je u ste\u010daju od 2005, zbog duga od 13 hiljada eura.<\/p>\n<p>Eurofond je u proteklom periodu vi\u0161e anga\u017eovan da 15 miliona kvadrata zemlji\u0161ta Solane dobije status gra\u0111evinskog zemlji\u0161ta. Uprava je do sada raspisivala 10 oglasa za prodaju, a na posljednjem cijena je bila 190 miliona.<\/p>\n<p><strong>Bolje da Vlada ne radi <\/strong><\/p>\n<p>\u201cSNP je svjesan da to \u0161to Vlada Crne Gore odmara ovih vrelih avgustovskih imaju\u0107i u vidu koliko nas anga\u017eman Vlade sve zajedno ko\u0161ta, ali je zaista \u0161teta da Solana ne radi u danima kada je trebalo da stvara profit i to zbog udru\u017eenog poduhvata Vlade, ste\u010dajnog suda i Elektroprivrede, istakao je Damjanovi\u0107.<\/p>\n<p>On je naveo da je potrebno identifikovati odgovornosti za neispunjenje skup\u0161tinskih zaklju\u010daka.<\/p>\n<p>&nbsp;<\/p>\n<p><strong><span class=\"black\">Samir Adrovi\u0107, Goran Kapor<\/span><\/strong><\/p>\n<p><strong>Izvor: VIJESTI<\/strong><\/p>\n","protected":false},"excerpt":{"rendered":"<p>Solana Bajo Sekuli\u0107, najstarija ulcinjska kompanija osnovana 1934. godine, ove godine ne\u0107e imati berbu soli \u0161to je tre\u0107i put u njenoj istoriji od 80 godina. Prvi put berba nije odr\u017eana u tolcu Drugog svjetskog rata 1944. godine, zbog borbi koje su se u periodu berbe de\u0161avale u Ulcinju. Drugi put berbe nije bilo 1968. godine [&hellip;]<\/p>\n","protected":false},"author":1,"featured_media":0,"comment_status":"closed","ping_status":"closed","sticky":false,"template":"","format":"standard","meta":{"spay_email":"","jetpack_publicize_message":"","jetpack_is_tweetstorm":false,"jetpack_publicize_feature_enabled":true},"categories":[6950],"tags":[],"jetpack_publicize_connections":[],"yoast_head":"<!-- This site is optimized with the Yoast SEO plugin v19.1 - https:\/\/yoast.com\/wordpress\/plugins\/seo\/ -->\n<title>U Solani nema berbe soli ove godine - Lajme nga Ulqini<\/title>\n<meta name=\"description\" content=\"Solana Bajo Sekuli\u0107, najstarija ulcinjska kompanija osnovana 1934. godine, ove godine ne\u0107e imati berbu soli \u0161to je tre\u0107i put u njenoj istoriji od 80\" \/>\n<meta name=\"robots\" content=\"index, follow, max-snippet:-1, max-image-preview:large, max-video-preview:-1\" \/>\n<link rel=\"canonical\" href=\"https:\/\/www.visit-ulcinj.com\/blog\/2014\/08\/15\/u-solani-nema-berbe-soli-ove-godine\/\" \/>\n<meta property=\"og:locale\" content=\"en_US\" \/>\n<meta property=\"og:type\" content=\"article\" \/>\n<meta property=\"og:title\" content=\"U Solani nema berbe soli ove godine - Lajme nga Ulqini\" \/>\n<meta property=\"og:description\" content=\"Solana Bajo Sekuli\u0107, najstarija ulcinjska kompanija osnovana 1934. godine, ove godine ne\u0107e imati berbu soli \u0161to je tre\u0107i put u njenoj istoriji od 80\" \/>\n<meta property=\"og:url\" content=\"https:\/\/www.visit-ulcinj.com\/blog\/2014\/08\/15\/u-solani-nema-berbe-soli-ove-godine\/\" \/>\n<meta property=\"og:site_name\" content=\"Lajme nga Ulqini\" \/>\n<meta property=\"article:published_time\" content=\"2014-08-14T23:17:04+00:00\" \/>\n<meta property=\"og:image\" content=\"http:\/\/www.visit-ulcinj.com\/blog\/wp-content\/uploads\/2013\/02\/Ulcinjska-Solana.2.jpg\" \/>\n<meta name=\"twitter:label1\" content=\"Written by\" \/>\n\t<meta name=\"twitter:data1\" content=\"ulqini\" \/>\n\t<meta name=\"twitter:label2\" content=\"Est. reading time\" \/>\n\t<meta name=\"twitter:data2\" content=\"2 minutes\" \/>\n<script type=\"application\/ld+json\" class=\"yoast-schema-graph\">{\"@context\":\"https:\/\/schema.org\",\"@graph\":[{\"@type\":\"WebSite\",\"@id\":\"https:\/\/www.visit-ulcinj.com\/blog\/#website\",\"url\":\"https:\/\/www.visit-ulcinj.com\/blog\/\",\"name\":\"Lajme nga Ulqini\",\"description\":\"Lajme,Vijesti,Ulqini,Ulqin,Crna Gora,Mali i Zi\",\"potentialAction\":[{\"@type\":\"SearchAction\",\"target\":{\"@type\":\"EntryPoint\",\"urlTemplate\":\"https:\/\/www.visit-ulcinj.com\/blog\/?s={search_term_string}\"},\"query-input\":\"required name=search_term_string\"}],\"inLanguage\":\"en-US\"},{\"@type\":\"ImageObject\",\"inLanguage\":\"en-US\",\"@id\":\"https:\/\/www.visit-ulcinj.com\/blog\/2014\/08\/15\/u-solani-nema-berbe-soli-ove-godine\/#primaryimage\",\"url\":\"https:\/\/www.visit-ulcinj.com\/blog\/wp-content\/uploads\/2013\/02\/Ulcinjska-Solana.2.jpg\",\"contentUrl\":\"https:\/\/www.visit-ulcinj.com\/blog\/wp-content\/uploads\/2013\/02\/Ulcinjska-Solana.2.jpg\",\"width\":1000,\"height\":639},{\"@type\":\"WebPage\",\"@id\":\"https:\/\/www.visit-ulcinj.com\/blog\/2014\/08\/15\/u-solani-nema-berbe-soli-ove-godine\/#webpage\",\"url\":\"https:\/\/www.visit-ulcinj.com\/blog\/2014\/08\/15\/u-solani-nema-berbe-soli-ove-godine\/\",\"name\":\"U Solani nema berbe soli ove godine - Lajme nga Ulqini\",\"isPartOf\":{\"@id\":\"https:\/\/www.visit-ulcinj.com\/blog\/#website\"},\"primaryImageOfPage\":{\"@id\":\"https:\/\/www.visit-ulcinj.com\/blog\/2014\/08\/15\/u-solani-nema-berbe-soli-ove-godine\/#primaryimage\"},\"datePublished\":\"2014-08-14T23:17:04+00:00\",\"dateModified\":\"2014-08-14T23:17:04+00:00\",\"author\":{\"@id\":\"https:\/\/www.visit-ulcinj.com\/blog\/#\/schema\/person\/dcab619c614d3038751c63bc2aadc06d\"},\"description\":\"Solana Bajo Sekuli\u0107, najstarija ulcinjska kompanija osnovana 1934. godine, ove godine ne\u0107e imati berbu soli \u0161to je tre\u0107i put u njenoj istoriji od 80\",\"breadcrumb\":{\"@id\":\"https:\/\/www.visit-ulcinj.com\/blog\/2014\/08\/15\/u-solani-nema-berbe-soli-ove-godine\/#breadcrumb\"},\"inLanguage\":\"en-US\",\"potentialAction\":[{\"@type\":\"ReadAction\",\"target\":[\"https:\/\/www.visit-ulcinj.com\/blog\/2014\/08\/15\/u-solani-nema-berbe-soli-ove-godine\/\"]}]},{\"@type\":\"BreadcrumbList\",\"@id\":\"https:\/\/www.visit-ulcinj.com\/blog\/2014\/08\/15\/u-solani-nema-berbe-soli-ove-godine\/#breadcrumb\",\"itemListElement\":[{\"@type\":\"ListItem\",\"position\":1,\"name\":\"U Solani nema berbe soli ove godine\"}]},{\"@type\":\"Person\",\"@id\":\"https:\/\/www.visit-ulcinj.com\/blog\/#\/schema\/person\/dcab619c614d3038751c63bc2aadc06d\",\"name\":\"ulqini\",\"sameAs\":[\"http:\/\/www.visit-ulcinj.com\"],\"url\":\"https:\/\/www.visit-ulcinj.com\/blog\/author\/admin\/\"}]}<\/script>\n<!-- \/ Yoast SEO plugin. -->","yoast_head_json":{"title":"U Solani nema berbe soli ove godine - Lajme nga Ulqini","description":"Solana Bajo Sekuli\u0107, najstarija ulcinjska kompanija osnovana 1934. godine, ove godine ne\u0107e imati berbu soli \u0161to je tre\u0107i put u njenoj istoriji od 80","robots":{"index":"index","follow":"follow","max-snippet":"max-snippet:-1","max-image-preview":"max-image-preview:large","max-video-preview":"max-video-preview:-1"},"canonical":"https:\/\/www.visit-ulcinj.com\/blog\/2014\/08\/15\/u-solani-nema-berbe-soli-ove-godine\/","og_locale":"en_US","og_type":"article","og_title":"U Solani nema berbe soli ove godine - Lajme nga Ulqini","og_description":"Solana Bajo Sekuli\u0107, najstarija ulcinjska kompanija osnovana 1934. godine, ove godine ne\u0107e imati berbu soli \u0161to je tre\u0107i put u njenoj istoriji od 80","og_url":"https:\/\/www.visit-ulcinj.com\/blog\/2014\/08\/15\/u-solani-nema-berbe-soli-ove-godine\/","og_site_name":"Lajme nga Ulqini","article_published_time":"2014-08-14T23:17:04+00:00","og_image":[{"url":"http:\/\/www.visit-ulcinj.com\/blog\/wp-content\/uploads\/2013\/02\/Ulcinjska-Solana.2.jpg"}],"twitter_misc":{"Written by":"ulqini","Est. reading time":"2 minutes"},"schema":{"@context":"https:\/\/schema.org","@graph":[{"@type":"WebSite","@id":"https:\/\/www.visit-ulcinj.com\/blog\/#website","url":"https:\/\/www.visit-ulcinj.com\/blog\/","name":"Lajme nga Ulqini","description":"Lajme,Vijesti,Ulqini,Ulqin,Crna Gora,Mali i Zi","potentialAction":[{"@type":"SearchAction","target":{"@type":"EntryPoint","urlTemplate":"https:\/\/www.visit-ulcinj.com\/blog\/?s={search_term_string}"},"query-input":"required name=search_term_string"}],"inLanguage":"en-US"},{"@type":"ImageObject","inLanguage":"en-US","@id":"https:\/\/www.visit-ulcinj.com\/blog\/2014\/08\/15\/u-solani-nema-berbe-soli-ove-godine\/#primaryimage","url":"https:\/\/www.visit-ulcinj.com\/blog\/wp-content\/uploads\/2013\/02\/Ulcinjska-Solana.2.jpg","contentUrl":"https:\/\/www.visit-ulcinj.com\/blog\/wp-content\/uploads\/2013\/02\/Ulcinjska-Solana.2.jpg","width":1000,"height":639},{"@type":"WebPage","@id":"https:\/\/www.visit-ulcinj.com\/blog\/2014\/08\/15\/u-solani-nema-berbe-soli-ove-godine\/#webpage","url":"https:\/\/www.visit-ulcinj.com\/blog\/2014\/08\/15\/u-solani-nema-berbe-soli-ove-godine\/","name":"U Solani nema berbe soli ove godine - Lajme nga Ulqini","isPartOf":{"@id":"https:\/\/www.visit-ulcinj.com\/blog\/#website"},"primaryImageOfPage":{"@id":"https:\/\/www.visit-ulcinj.com\/blog\/2014\/08\/15\/u-solani-nema-berbe-soli-ove-godine\/#primaryimage"},"datePublished":"2014-08-14T23:17:04+00:00","dateModified":"2014-08-14T23:17:04+00:00","author":{"@id":"https:\/\/www.visit-ulcinj.com\/blog\/#\/schema\/person\/dcab619c614d3038751c63bc2aadc06d"},"description":"Solana Bajo Sekuli\u0107, najstarija ulcinjska kompanija osnovana 1934. godine, ove godine ne\u0107e imati berbu soli \u0161to je tre\u0107i put u njenoj istoriji od 80","breadcrumb":{"@id":"https:\/\/www.visit-ulcinj.com\/blog\/2014\/08\/15\/u-solani-nema-berbe-soli-ove-godine\/#breadcrumb"},"inLanguage":"en-US","potentialAction":[{"@type":"ReadAction","target":["https:\/\/www.visit-ulcinj.com\/blog\/2014\/08\/15\/u-solani-nema-berbe-soli-ove-godine\/"]}]},{"@type":"BreadcrumbList","@id":"https:\/\/www.visit-ulcinj.com\/blog\/2014\/08\/15\/u-solani-nema-berbe-soli-ove-godine\/#breadcrumb","itemListElement":[{"@type":"ListItem","position":1,"name":"U Solani nema berbe soli ove godine"}]},{"@type":"Person","@id":"https:\/\/www.visit-ulcinj.com\/blog\/#\/schema\/person\/dcab619c614d3038751c63bc2aadc06d","name":"ulqini","sameAs":["http:\/\/www.visit-ulcinj.com"],"url":"https:\/\/www.visit-ulcinj.com\/blog\/author\/admin\/"}]}},"jetpack_featured_media_url":"","jetpack_sharing_enabled":true,"jetpack_shortlink":"https:\/\/wp.me\/pe6lTn-m0y","_links":{"self":[{"href":"https:\/\/www.visit-ulcinj.com\/blog\/wp-json\/wp\/v2\/posts\/84602"}],"collection":[{"href":"https:\/\/www.visit-ulcinj.com\/blog\/wp-json\/wp\/v2\/posts"}],"about":[{"href":"https:\/\/www.visit-ulcinj.com\/blog\/wp-json\/wp\/v2\/types\/post"}],"author":[{"embeddable":true,"href":"https:\/\/www.visit-ulcinj.com\/blog\/wp-json\/wp\/v2\/users\/1"}],"replies":[{"embeddable":true,"href":"https:\/\/www.visit-ulcinj.com\/blog\/wp-json\/wp\/v2\/comments?post=84602"}],"version-history":[{"count":1,"href":"https:\/\/www.visit-ulcinj.com\/blog\/wp-json\/wp\/v2\/posts\/84602\/revisions"}],"predecessor-version":[{"id":84603,"href":"https:\/\/www.visit-ulcinj.com\/blog\/wp-json\/wp\/v2\/posts\/84602\/revisions\/84603"}],"wp:attachment":[{"href":"https:\/\/www.visit-ulcinj.com\/blog\/wp-json\/wp\/v2\/media?parent=84602"}],"wp:term":[{"taxonomy":"category","embeddable":true,"href":"https:\/\/www.visit-ulcinj.com\/blog\/wp-json\/wp\/v2\/categories?post=84602"},{"taxonomy":"post_tag","embeddable":true,"href":"https:\/\/www.visit-ulcinj.com\/blog\/wp-json\/wp\/v2\/tags?post=84602"}],"curies":[{"name":"wp","href":"https:\/\/api.w.org\/{rel}","templated":true}]}}