{"id":84604,"date":"2014-08-15T12:49:35","date_gmt":"2014-08-15T11:49:35","guid":{"rendered":"http:\/\/www.visit-ulcinj.com\/blog\/?p=84604"},"modified":"2014-08-16T09:21:07","modified_gmt":"2014-08-16T08:21:07","slug":"otu-trefishohet-numri-i-turisteve-ne-ulqin","status":"publish","type":"post","link":"https:\/\/www.visit-ulcinj.com\/blog\/2014\/08\/15\/otu-trefishohet-numri-i-turisteve-ne-ulqin\/","title":{"rendered":"OTU: Trefishohet numri i turist\u00ebve n\u00eb Ulqin"},"content":{"rendered":"<p><a href=\"http:\/\/www.visit-ulcinj.com\/blog\/wp-content\/uploads\/2014\/08\/Ulqini-ka-lezet.jpg\"><img loading=\"lazy\" class=\"alignleft wp-image-84605\" src=\"http:\/\/www.visit-ulcinj.com\/blog\/wp-content\/uploads\/2014\/08\/Ulqini-ka-lezet.jpg\" alt=\"Ulqini-ka-lezet\" width=\"508\" height=\"381\" srcset=\"https:\/\/www.visit-ulcinj.com\/blog\/wp-content\/uploads\/2014\/08\/Ulqini-ka-lezet.jpg 960w, https:\/\/www.visit-ulcinj.com\/blog\/wp-content\/uploads\/2014\/08\/Ulqini-ka-lezet-300x225.jpg 300w\" sizes=\"(max-width: 508px) 100vw, 508px\" \/><\/a>Komuna e Ulqinit ka njohur nje rritje te numrit te turisteve gjate ketij sezoni. Nje fakt i tille eshte konfirmuar nga Organizata turistike e Ulqinit, ku kordinatorje e OTU-s\u00eb Emina Dervishi ka folur per ecurine e deritanishme te ketij sezoni, duke u bazuar ne shifra evidentohet me se miri se sezoni aktual ka shenuar nje rritje te ndjeshme te numrit te turisteve krahasuar me nje vit me pare.<\/p>\n<p><a href=\"http:\/\/www.visit-ulcinj.com\/blog\/wp-content\/uploads\/2014\/08\/ulqini-sot-1.jpg\"><img loading=\"lazy\" class=\"alignleft wp-image-84609\" src=\"http:\/\/www.visit-ulcinj.com\/blog\/wp-content\/uploads\/2014\/08\/ulqini-sot-1.jpg\" alt=\"ulqini-sot-1\" width=\"508\" height=\"508\" srcset=\"https:\/\/www.visit-ulcinj.com\/blog\/wp-content\/uploads\/2014\/08\/ulqini-sot-1.jpg 960w, https:\/\/www.visit-ulcinj.com\/blog\/wp-content\/uploads\/2014\/08\/ulqini-sot-1-150x150.jpg 150w, https:\/\/www.visit-ulcinj.com\/blog\/wp-content\/uploads\/2014\/08\/ulqini-sot-1-300x300.jpg 300w\" sizes=\"(max-width: 508px) 100vw, 508px\" \/><\/a><\/p>\n<p>Sipas t\u00eb dh\u00ebnave t\u00eb Organizat\u00ebs turistike t\u00eb cil\u00ebt iu dhan\u00eb Portalit &#8211; Lajme nga Ulqini, n\u00eb rivier\u00ebn e Ulqinit k\u00ebt\u00eb fundjav\u00eb pushojn\u00eb mbi 29.185 mij\u00eb mysafir\u00eb, q\u00eb \u00ebsht\u00eb p\u00ebr 11 p\u00ebr qind m\u00eb shum\u00eb se n\u00eb t\u00eb nj\u00ebjt\u00ebn periudh\u00eb vitin e kaluar.<\/p>\n<p>M\u00eb s\u00eb shumti mysafir\u00eb jan\u00eb n\u00eb akomodimin privat, 25.160 mij\u00eb, n\u00eb hotele pushojn\u00eb tre mij\u00eb, derisa n\u00eb kampe 288 mysafir\u00eb.<\/p>\n<p>Nga numri i p\u00ebrgjithsh\u00ebm i mysafir\u00ebve, vet\u00ebm 1.050 jan\u00eb vendas.<\/p>\n<p>N\u00ebse gjykojm\u00eb sipas plazheve t\u00eb mbushura dhe trafikut t\u00eb r\u00ebnduar, at\u00ebher\u00eb n\u00eb Ulqin k\u00ebto dit\u00eb pushojn\u00eb t\u00eb pakt\u00ebn tre her\u00eb m\u00eb shum\u00eb mysafir\u00eb se\u00e7 jan\u00eb t\u00eb regjistruar zyrtarisht.<\/p>\n<p>&nbsp;<\/p>\n","protected":false},"excerpt":{"rendered":"<p>Komuna e Ulqinit ka njohur nje rritje te numrit te turisteve gjate ketij sezoni. Nje fakt i tille eshte konfirmuar nga Organizata turistike e Ulqinit, ku kordinatorje e OTU-s\u00eb Emina Dervishi ka folur per ecurine e deritanishme te ketij sezoni, duke u bazuar ne shifra evidentohet me se miri se sezoni aktual ka shenuar nje [&hellip;]<\/p>\n","protected":false},"author":1,"featured_media":0,"comment_status":"closed","ping_status":"closed","sticky":false,"template":"","format":"standard","meta":{"spay_email":"","jetpack_publicize_message":"","jetpack_is_tweetstorm":false,"jetpack_publicize_feature_enabled":true},"categories":[1,15],"tags":[],"jetpack_publicize_connections":[],"yoast_head":"<!-- This site is optimized with the Yoast SEO plugin v19.1 - https:\/\/yoast.com\/wordpress\/plugins\/seo\/ -->\n<title>OTU: Trefishohet numri i turist\u00ebve n\u00eb Ulqin - Lajme nga Ulqini<\/title>\n<meta name=\"description\" content=\"Komuna e Ulqinit ka njohur nje rritje te numrit te turisteve gjate ketij sezoni. Nje fakt i tille eshte konfirmuar nga Organizata turistike e Ulqinit, ku\" \/>\n<meta name=\"robots\" content=\"index, follow, max-snippet:-1, max-image-preview:large, max-video-preview:-1\" \/>\n<link rel=\"canonical\" href=\"https:\/\/www.visit-ulcinj.com\/blog\/2014\/08\/15\/otu-trefishohet-numri-i-turisteve-ne-ulqin\/\" \/>\n<meta property=\"og:locale\" content=\"en_US\" \/>\n<meta property=\"og:type\" content=\"article\" \/>\n<meta property=\"og:title\" content=\"OTU: Trefishohet numri i turist\u00ebve n\u00eb Ulqin - Lajme nga Ulqini\" \/>\n<meta property=\"og:description\" content=\"Komuna e Ulqinit ka njohur nje rritje te numrit te turisteve gjate ketij sezoni. Nje fakt i tille eshte konfirmuar nga Organizata turistike e Ulqinit, ku\" \/>\n<meta property=\"og:url\" content=\"https:\/\/www.visit-ulcinj.com\/blog\/2014\/08\/15\/otu-trefishohet-numri-i-turisteve-ne-ulqin\/\" \/>\n<meta property=\"og:site_name\" content=\"Lajme nga Ulqini\" \/>\n<meta property=\"article:published_time\" content=\"2014-08-15T11:49:35+00:00\" \/>\n<meta property=\"article:modified_time\" content=\"2014-08-16T08:21:07+00:00\" \/>\n<meta property=\"og:image\" content=\"http:\/\/www.visit-ulcinj.com\/blog\/wp-content\/uploads\/2014\/08\/Ulqini-ka-lezet.jpg\" \/>\n<meta name=\"twitter:label1\" content=\"Written by\" \/>\n\t<meta name=\"twitter:data1\" content=\"ulqini\" \/>\n\t<meta name=\"twitter:label2\" content=\"Est. reading time\" \/>\n\t<meta name=\"twitter:data2\" content=\"1 minute\" \/>\n<script type=\"application\/ld+json\" class=\"yoast-schema-graph\">{\"@context\":\"https:\/\/schema.org\",\"@graph\":[{\"@type\":\"WebSite\",\"@id\":\"https:\/\/www.visit-ulcinj.com\/blog\/#website\",\"url\":\"https:\/\/www.visit-ulcinj.com\/blog\/\",\"name\":\"Lajme nga Ulqini\",\"description\":\"Lajme,Vijesti,Ulqini,Ulqin,Crna Gora,Mali i Zi\",\"potentialAction\":[{\"@type\":\"SearchAction\",\"target\":{\"@type\":\"EntryPoint\",\"urlTemplate\":\"https:\/\/www.visit-ulcinj.com\/blog\/?s={search_term_string}\"},\"query-input\":\"required name=search_term_string\"}],\"inLanguage\":\"en-US\"},{\"@type\":\"ImageObject\",\"inLanguage\":\"en-US\",\"@id\":\"https:\/\/www.visit-ulcinj.com\/blog\/2014\/08\/15\/otu-trefishohet-numri-i-turisteve-ne-ulqin\/#primaryimage\",\"url\":\"https:\/\/www.visit-ulcinj.com\/blog\/wp-content\/uploads\/2014\/08\/Ulqini-ka-lezet.jpg\",\"contentUrl\":\"https:\/\/www.visit-ulcinj.com\/blog\/wp-content\/uploads\/2014\/08\/Ulqini-ka-lezet.jpg\",\"width\":960,\"height\":720},{\"@type\":\"WebPage\",\"@id\":\"https:\/\/www.visit-ulcinj.com\/blog\/2014\/08\/15\/otu-trefishohet-numri-i-turisteve-ne-ulqin\/#webpage\",\"url\":\"https:\/\/www.visit-ulcinj.com\/blog\/2014\/08\/15\/otu-trefishohet-numri-i-turisteve-ne-ulqin\/\",\"name\":\"OTU: Trefishohet numri i turist\u00ebve n\u00eb Ulqin - Lajme nga Ulqini\",\"isPartOf\":{\"@id\":\"https:\/\/www.visit-ulcinj.com\/blog\/#website\"},\"primaryImageOfPage\":{\"@id\":\"https:\/\/www.visit-ulcinj.com\/blog\/2014\/08\/15\/otu-trefishohet-numri-i-turisteve-ne-ulqin\/#primaryimage\"},\"datePublished\":\"2014-08-15T11:49:35+00:00\",\"dateModified\":\"2014-08-16T08:21:07+00:00\",\"author\":{\"@id\":\"https:\/\/www.visit-ulcinj.com\/blog\/#\/schema\/person\/dcab619c614d3038751c63bc2aadc06d\"},\"description\":\"Komuna e Ulqinit ka njohur nje rritje te numrit te turisteve gjate ketij sezoni. Nje fakt i tille eshte konfirmuar nga Organizata turistike e Ulqinit, ku\",\"breadcrumb\":{\"@id\":\"https:\/\/www.visit-ulcinj.com\/blog\/2014\/08\/15\/otu-trefishohet-numri-i-turisteve-ne-ulqin\/#breadcrumb\"},\"inLanguage\":\"en-US\",\"potentialAction\":[{\"@type\":\"ReadAction\",\"target\":[\"https:\/\/www.visit-ulcinj.com\/blog\/2014\/08\/15\/otu-trefishohet-numri-i-turisteve-ne-ulqin\/\"]}]},{\"@type\":\"BreadcrumbList\",\"@id\":\"https:\/\/www.visit-ulcinj.com\/blog\/2014\/08\/15\/otu-trefishohet-numri-i-turisteve-ne-ulqin\/#breadcrumb\",\"itemListElement\":[{\"@type\":\"ListItem\",\"position\":1,\"name\":\"OTU: Trefishohet numri i turist\u00ebve n\u00eb Ulqin\"}]},{\"@type\":\"Person\",\"@id\":\"https:\/\/www.visit-ulcinj.com\/blog\/#\/schema\/person\/dcab619c614d3038751c63bc2aadc06d\",\"name\":\"ulqini\",\"sameAs\":[\"http:\/\/www.visit-ulcinj.com\"],\"url\":\"https:\/\/www.visit-ulcinj.com\/blog\/author\/admin\/\"}]}<\/script>\n<!-- \/ Yoast SEO plugin. -->","yoast_head_json":{"title":"OTU: Trefishohet numri i turist\u00ebve n\u00eb Ulqin - Lajme nga Ulqini","description":"Komuna e Ulqinit ka njohur nje rritje te numrit te turisteve gjate ketij sezoni. Nje fakt i tille eshte konfirmuar nga Organizata turistike e Ulqinit, ku","robots":{"index":"index","follow":"follow","max-snippet":"max-snippet:-1","max-image-preview":"max-image-preview:large","max-video-preview":"max-video-preview:-1"},"canonical":"https:\/\/www.visit-ulcinj.com\/blog\/2014\/08\/15\/otu-trefishohet-numri-i-turisteve-ne-ulqin\/","og_locale":"en_US","og_type":"article","og_title":"OTU: Trefishohet numri i turist\u00ebve n\u00eb Ulqin - Lajme nga Ulqini","og_description":"Komuna e Ulqinit ka njohur nje rritje te numrit te turisteve gjate ketij sezoni. Nje fakt i tille eshte konfirmuar nga Organizata turistike e Ulqinit, ku","og_url":"https:\/\/www.visit-ulcinj.com\/blog\/2014\/08\/15\/otu-trefishohet-numri-i-turisteve-ne-ulqin\/","og_site_name":"Lajme nga Ulqini","article_published_time":"2014-08-15T11:49:35+00:00","article_modified_time":"2014-08-16T08:21:07+00:00","og_image":[{"url":"http:\/\/www.visit-ulcinj.com\/blog\/wp-content\/uploads\/2014\/08\/Ulqini-ka-lezet.jpg"}],"twitter_misc":{"Written by":"ulqini","Est. reading time":"1 minute"},"schema":{"@context":"https:\/\/schema.org","@graph":[{"@type":"WebSite","@id":"https:\/\/www.visit-ulcinj.com\/blog\/#website","url":"https:\/\/www.visit-ulcinj.com\/blog\/","name":"Lajme nga Ulqini","description":"Lajme,Vijesti,Ulqini,Ulqin,Crna Gora,Mali i Zi","potentialAction":[{"@type":"SearchAction","target":{"@type":"EntryPoint","urlTemplate":"https:\/\/www.visit-ulcinj.com\/blog\/?s={search_term_string}"},"query-input":"required name=search_term_string"}],"inLanguage":"en-US"},{"@type":"ImageObject","inLanguage":"en-US","@id":"https:\/\/www.visit-ulcinj.com\/blog\/2014\/08\/15\/otu-trefishohet-numri-i-turisteve-ne-ulqin\/#primaryimage","url":"https:\/\/www.visit-ulcinj.com\/blog\/wp-content\/uploads\/2014\/08\/Ulqini-ka-lezet.jpg","contentUrl":"https:\/\/www.visit-ulcinj.com\/blog\/wp-content\/uploads\/2014\/08\/Ulqini-ka-lezet.jpg","width":960,"height":720},{"@type":"WebPage","@id":"https:\/\/www.visit-ulcinj.com\/blog\/2014\/08\/15\/otu-trefishohet-numri-i-turisteve-ne-ulqin\/#webpage","url":"https:\/\/www.visit-ulcinj.com\/blog\/2014\/08\/15\/otu-trefishohet-numri-i-turisteve-ne-ulqin\/","name":"OTU: Trefishohet numri i turist\u00ebve n\u00eb Ulqin - Lajme nga Ulqini","isPartOf":{"@id":"https:\/\/www.visit-ulcinj.com\/blog\/#website"},"primaryImageOfPage":{"@id":"https:\/\/www.visit-ulcinj.com\/blog\/2014\/08\/15\/otu-trefishohet-numri-i-turisteve-ne-ulqin\/#primaryimage"},"datePublished":"2014-08-15T11:49:35+00:00","dateModified":"2014-08-16T08:21:07+00:00","author":{"@id":"https:\/\/www.visit-ulcinj.com\/blog\/#\/schema\/person\/dcab619c614d3038751c63bc2aadc06d"},"description":"Komuna e Ulqinit ka njohur nje rritje te numrit te turisteve gjate ketij sezoni. Nje fakt i tille eshte konfirmuar nga Organizata turistike e Ulqinit, ku","breadcrumb":{"@id":"https:\/\/www.visit-ulcinj.com\/blog\/2014\/08\/15\/otu-trefishohet-numri-i-turisteve-ne-ulqin\/#breadcrumb"},"inLanguage":"en-US","potentialAction":[{"@type":"ReadAction","target":["https:\/\/www.visit-ulcinj.com\/blog\/2014\/08\/15\/otu-trefishohet-numri-i-turisteve-ne-ulqin\/"]}]},{"@type":"BreadcrumbList","@id":"https:\/\/www.visit-ulcinj.com\/blog\/2014\/08\/15\/otu-trefishohet-numri-i-turisteve-ne-ulqin\/#breadcrumb","itemListElement":[{"@type":"ListItem","position":1,"name":"OTU: Trefishohet numri i turist\u00ebve n\u00eb Ulqin"}]},{"@type":"Person","@id":"https:\/\/www.visit-ulcinj.com\/blog\/#\/schema\/person\/dcab619c614d3038751c63bc2aadc06d","name":"ulqini","sameAs":["http:\/\/www.visit-ulcinj.com"],"url":"https:\/\/www.visit-ulcinj.com\/blog\/author\/admin\/"}]}},"jetpack_featured_media_url":"","jetpack_sharing_enabled":true,"jetpack_shortlink":"https:\/\/wp.me\/pe6lTn-m0A","_links":{"self":[{"href":"https:\/\/www.visit-ulcinj.com\/blog\/wp-json\/wp\/v2\/posts\/84604"}],"collection":[{"href":"https:\/\/www.visit-ulcinj.com\/blog\/wp-json\/wp\/v2\/posts"}],"about":[{"href":"https:\/\/www.visit-ulcinj.com\/blog\/wp-json\/wp\/v2\/types\/post"}],"author":[{"embeddable":true,"href":"https:\/\/www.visit-ulcinj.com\/blog\/wp-json\/wp\/v2\/users\/1"}],"replies":[{"embeddable":true,"href":"https:\/\/www.visit-ulcinj.com\/blog\/wp-json\/wp\/v2\/comments?post=84604"}],"version-history":[{"count":4,"href":"https:\/\/www.visit-ulcinj.com\/blog\/wp-json\/wp\/v2\/posts\/84604\/revisions"}],"predecessor-version":[{"id":84610,"href":"https:\/\/www.visit-ulcinj.com\/blog\/wp-json\/wp\/v2\/posts\/84604\/revisions\/84610"}],"wp:attachment":[{"href":"https:\/\/www.visit-ulcinj.com\/blog\/wp-json\/wp\/v2\/media?parent=84604"}],"wp:term":[{"taxonomy":"category","embeddable":true,"href":"https:\/\/www.visit-ulcinj.com\/blog\/wp-json\/wp\/v2\/categories?post=84604"},{"taxonomy":"post_tag","embeddable":true,"href":"https:\/\/www.visit-ulcinj.com\/blog\/wp-json\/wp\/v2\/tags?post=84604"}],"curies":[{"name":"wp","href":"https:\/\/api.w.org\/{rel}","templated":true}]}}