{"id":84611,"date":"2014-08-16T08:15:55","date_gmt":"2014-08-16T07:15:55","guid":{"rendered":"http:\/\/www.visit-ulcinj.com\/blog\/?p=84611"},"modified":"2014-08-16T08:15:55","modified_gmt":"2014-08-16T07:15:55","slug":"clanovi-dps-oo-ulcinj-pisali-dukanovicu","status":"publish","type":"post","link":"https:\/\/www.visit-ulcinj.com\/blog\/2014\/08\/16\/clanovi-dps-oo-ulcinj-pisali-dukanovicu\/","title":{"rendered":"\u010clanovi DPS-a OO Ulcinj pisali \u0110ukanovi\u0107u"},"content":{"rendered":"<p><a href=\"http:\/\/www.visit-ulcinj.com\/blog\/wp-content\/uploads\/2014\/08\/OO-DPS-Ulcinj.jpg\"><img loading=\"lazy\" class=\"alignleft wp-image-84612\" src=\"http:\/\/www.visit-ulcinj.com\/blog\/wp-content\/uploads\/2014\/08\/OO-DPS-Ulcinj.jpg\" alt=\"OO DPS Ulcinj\" width=\"508\" height=\"339\" srcset=\"https:\/\/www.visit-ulcinj.com\/blog\/wp-content\/uploads\/2014\/08\/OO-DPS-Ulcinj.jpg 640w, https:\/\/www.visit-ulcinj.com\/blog\/wp-content\/uploads\/2014\/08\/OO-DPS-Ulcinj-300x200.jpg 300w\" sizes=\"(max-width: 508px) 100vw, 508px\" \/><\/a>Rukovodstvu Demokratske partije socijalista DPS na \u010delu sa liderom Milom \u0110ukanovi\u0107em nedavno se obratila grupa, kako su naveli \u201enezadovoljnih, potla\u010denih i odba\u010denih\u201c \u010dlanova, simpatizera i glasa\u010da iz Ulcinja, me\u0111u kojima se nalaze i \u010dlanovi Op\u0161tinskog odbora te stranke, objavio je portal Ul-info.<\/p>\n<p style=\"text-align: justify;\">Oni su zatra\u017eili od centrale partije da izvr\u0161i analizu pregovora za formiranje vlasti u Ulcinju i da smjeni one koji su doprinjeli da DPS, sa odli\u010dnim rezultatom i devet osvojenih mandata, ostane u opoziciji.<\/p>\n<p style=\"text-align: justify;\">\u201eOni su iz svojih udobnih fotelja i svih beneficija koje imaju zahvaljuju\u0107i DPS-u, dobro situirani, non\u0161alantno pristupili postizbornom pregovara\u010dkom procesu, koji su trajali nekoliko nedjelja i na kraju do\u017eivjeli fijasko\u201c, ka\u017ee se u ovom pismu i isti\u010de da je to \u201ekod ve\u0107ine \u010dlanova Izvr\u0161nog i Op\u0161tinskog odbora DPS-a, kao i simpatizera u Ulcinju, izazvalo \u0161ok i stra\u0161no razo\u010daranje.<\/p>\n<p style=\"text-align: justify;\">Dodaje se da \u0107e u slu\u010daju izostanka odgovora od strana\u010dkog vrha na ovaj dopis, u koji je Portal Ul-info imao uvid, potpisnici o svemu obavjestiti javnost, odre\u0107i se svih funkcija i napustiti DPS.<\/p>\n<p style=\"text-align: justify;\"><strong>Izvor: CDM<\/strong><\/p>\n","protected":false},"excerpt":{"rendered":"<p>Rukovodstvu Demokratske partije socijalista DPS na \u010delu sa liderom Milom \u0110ukanovi\u0107em nedavno se obratila grupa, kako su naveli \u201enezadovoljnih, potla\u010denih i odba\u010denih\u201c \u010dlanova, simpatizera i glasa\u010da iz Ulcinja, me\u0111u kojima se nalaze i \u010dlanovi Op\u0161tinskog odbora te stranke, objavio je portal Ul-info. Oni su zatra\u017eili od centrale partije da izvr\u0161i analizu pregovora za formiranje vlasti [&hellip;]<\/p>\n","protected":false},"author":1,"featured_media":0,"comment_status":"closed","ping_status":"closed","sticky":false,"template":"","format":"standard","meta":{"spay_email":"","jetpack_publicize_message":"","jetpack_is_tweetstorm":false,"jetpack_publicize_feature_enabled":true},"categories":[8337],"tags":[],"jetpack_publicize_connections":[],"yoast_head":"<!-- This site is optimized with the Yoast SEO plugin v19.1 - https:\/\/yoast.com\/wordpress\/plugins\/seo\/ -->\n<title>\u010clanovi DPS-a OO Ulcinj pisali \u0110ukanovi\u0107u - Lajme nga Ulqini<\/title>\n<meta name=\"description\" content=\"Rukovodstvu Demokratske partije socijalista DPS na \u010delu sa liderom Milom \u0110ukanovi\u0107em nedavno se obratila grupa, kako su naveli \u201enezadovoljnih, potla\u010denih\" \/>\n<meta name=\"robots\" content=\"index, follow, max-snippet:-1, max-image-preview:large, max-video-preview:-1\" \/>\n<link rel=\"canonical\" href=\"https:\/\/www.visit-ulcinj.com\/blog\/2014\/08\/16\/clanovi-dps-oo-ulcinj-pisali-dukanovicu\/\" \/>\n<meta property=\"og:locale\" content=\"en_US\" \/>\n<meta property=\"og:type\" content=\"article\" \/>\n<meta property=\"og:title\" content=\"\u010clanovi DPS-a OO Ulcinj pisali \u0110ukanovi\u0107u - Lajme nga Ulqini\" \/>\n<meta property=\"og:description\" content=\"Rukovodstvu Demokratske partije socijalista DPS na \u010delu sa liderom Milom \u0110ukanovi\u0107em nedavno se obratila grupa, kako su naveli \u201enezadovoljnih, potla\u010denih\" \/>\n<meta property=\"og:url\" content=\"https:\/\/www.visit-ulcinj.com\/blog\/2014\/08\/16\/clanovi-dps-oo-ulcinj-pisali-dukanovicu\/\" \/>\n<meta property=\"og:site_name\" content=\"Lajme nga Ulqini\" \/>\n<meta property=\"article:published_time\" content=\"2014-08-16T07:15:55+00:00\" \/>\n<meta property=\"og:image\" content=\"http:\/\/www.visit-ulcinj.com\/blog\/wp-content\/uploads\/2014\/08\/OO-DPS-Ulcinj.jpg\" \/>\n<meta name=\"twitter:label1\" content=\"Written by\" \/>\n\t<meta name=\"twitter:data1\" content=\"ulqini\" \/>\n\t<meta name=\"twitter:label2\" content=\"Est. reading time\" \/>\n\t<meta name=\"twitter:data2\" content=\"1 minute\" \/>\n<script type=\"application\/ld+json\" class=\"yoast-schema-graph\">{\"@context\":\"https:\/\/schema.org\",\"@graph\":[{\"@type\":\"WebSite\",\"@id\":\"https:\/\/www.visit-ulcinj.com\/blog\/#website\",\"url\":\"https:\/\/www.visit-ulcinj.com\/blog\/\",\"name\":\"Lajme nga Ulqini\",\"description\":\"Lajme,Vijesti,Ulqini,Ulqin,Crna Gora,Mali i Zi\",\"potentialAction\":[{\"@type\":\"SearchAction\",\"target\":{\"@type\":\"EntryPoint\",\"urlTemplate\":\"https:\/\/www.visit-ulcinj.com\/blog\/?s={search_term_string}\"},\"query-input\":\"required name=search_term_string\"}],\"inLanguage\":\"en-US\"},{\"@type\":\"ImageObject\",\"inLanguage\":\"en-US\",\"@id\":\"https:\/\/www.visit-ulcinj.com\/blog\/2014\/08\/16\/clanovi-dps-oo-ulcinj-pisali-dukanovicu\/#primaryimage\",\"url\":\"https:\/\/www.visit-ulcinj.com\/blog\/wp-content\/uploads\/2014\/08\/OO-DPS-Ulcinj.jpg\",\"contentUrl\":\"https:\/\/www.visit-ulcinj.com\/blog\/wp-content\/uploads\/2014\/08\/OO-DPS-Ulcinj.jpg\",\"width\":640,\"height\":427},{\"@type\":\"WebPage\",\"@id\":\"https:\/\/www.visit-ulcinj.com\/blog\/2014\/08\/16\/clanovi-dps-oo-ulcinj-pisali-dukanovicu\/#webpage\",\"url\":\"https:\/\/www.visit-ulcinj.com\/blog\/2014\/08\/16\/clanovi-dps-oo-ulcinj-pisali-dukanovicu\/\",\"name\":\"\u010clanovi DPS-a OO Ulcinj pisali \u0110ukanovi\u0107u - Lajme nga Ulqini\",\"isPartOf\":{\"@id\":\"https:\/\/www.visit-ulcinj.com\/blog\/#website\"},\"primaryImageOfPage\":{\"@id\":\"https:\/\/www.visit-ulcinj.com\/blog\/2014\/08\/16\/clanovi-dps-oo-ulcinj-pisali-dukanovicu\/#primaryimage\"},\"datePublished\":\"2014-08-16T07:15:55+00:00\",\"dateModified\":\"2014-08-16T07:15:55+00:00\",\"author\":{\"@id\":\"https:\/\/www.visit-ulcinj.com\/blog\/#\/schema\/person\/dcab619c614d3038751c63bc2aadc06d\"},\"description\":\"Rukovodstvu Demokratske partije socijalista DPS na \u010delu sa liderom Milom \u0110ukanovi\u0107em nedavno se obratila grupa, kako su naveli \u201enezadovoljnih, potla\u010denih\",\"breadcrumb\":{\"@id\":\"https:\/\/www.visit-ulcinj.com\/blog\/2014\/08\/16\/clanovi-dps-oo-ulcinj-pisali-dukanovicu\/#breadcrumb\"},\"inLanguage\":\"en-US\",\"potentialAction\":[{\"@type\":\"ReadAction\",\"target\":[\"https:\/\/www.visit-ulcinj.com\/blog\/2014\/08\/16\/clanovi-dps-oo-ulcinj-pisali-dukanovicu\/\"]}]},{\"@type\":\"BreadcrumbList\",\"@id\":\"https:\/\/www.visit-ulcinj.com\/blog\/2014\/08\/16\/clanovi-dps-oo-ulcinj-pisali-dukanovicu\/#breadcrumb\",\"itemListElement\":[{\"@type\":\"ListItem\",\"position\":1,\"name\":\"\u010clanovi DPS-a OO Ulcinj pisali \u0110ukanovi\u0107u\"}]},{\"@type\":\"Person\",\"@id\":\"https:\/\/www.visit-ulcinj.com\/blog\/#\/schema\/person\/dcab619c614d3038751c63bc2aadc06d\",\"name\":\"ulqini\",\"sameAs\":[\"http:\/\/www.visit-ulcinj.com\"],\"url\":\"https:\/\/www.visit-ulcinj.com\/blog\/author\/admin\/\"}]}<\/script>\n<!-- \/ Yoast SEO plugin. -->","yoast_head_json":{"title":"\u010clanovi DPS-a OO Ulcinj pisali \u0110ukanovi\u0107u - Lajme nga Ulqini","description":"Rukovodstvu Demokratske partije socijalista DPS na \u010delu sa liderom Milom \u0110ukanovi\u0107em nedavno se obratila grupa, kako su naveli \u201enezadovoljnih, potla\u010denih","robots":{"index":"index","follow":"follow","max-snippet":"max-snippet:-1","max-image-preview":"max-image-preview:large","max-video-preview":"max-video-preview:-1"},"canonical":"https:\/\/www.visit-ulcinj.com\/blog\/2014\/08\/16\/clanovi-dps-oo-ulcinj-pisali-dukanovicu\/","og_locale":"en_US","og_type":"article","og_title":"\u010clanovi DPS-a OO Ulcinj pisali \u0110ukanovi\u0107u - Lajme nga Ulqini","og_description":"Rukovodstvu Demokratske partije socijalista DPS na \u010delu sa liderom Milom \u0110ukanovi\u0107em nedavno se obratila grupa, kako su naveli \u201enezadovoljnih, potla\u010denih","og_url":"https:\/\/www.visit-ulcinj.com\/blog\/2014\/08\/16\/clanovi-dps-oo-ulcinj-pisali-dukanovicu\/","og_site_name":"Lajme nga Ulqini","article_published_time":"2014-08-16T07:15:55+00:00","og_image":[{"url":"http:\/\/www.visit-ulcinj.com\/blog\/wp-content\/uploads\/2014\/08\/OO-DPS-Ulcinj.jpg"}],"twitter_misc":{"Written by":"ulqini","Est. reading time":"1 minute"},"schema":{"@context":"https:\/\/schema.org","@graph":[{"@type":"WebSite","@id":"https:\/\/www.visit-ulcinj.com\/blog\/#website","url":"https:\/\/www.visit-ulcinj.com\/blog\/","name":"Lajme nga Ulqini","description":"Lajme,Vijesti,Ulqini,Ulqin,Crna Gora,Mali i Zi","potentialAction":[{"@type":"SearchAction","target":{"@type":"EntryPoint","urlTemplate":"https:\/\/www.visit-ulcinj.com\/blog\/?s={search_term_string}"},"query-input":"required name=search_term_string"}],"inLanguage":"en-US"},{"@type":"ImageObject","inLanguage":"en-US","@id":"https:\/\/www.visit-ulcinj.com\/blog\/2014\/08\/16\/clanovi-dps-oo-ulcinj-pisali-dukanovicu\/#primaryimage","url":"https:\/\/www.visit-ulcinj.com\/blog\/wp-content\/uploads\/2014\/08\/OO-DPS-Ulcinj.jpg","contentUrl":"https:\/\/www.visit-ulcinj.com\/blog\/wp-content\/uploads\/2014\/08\/OO-DPS-Ulcinj.jpg","width":640,"height":427},{"@type":"WebPage","@id":"https:\/\/www.visit-ulcinj.com\/blog\/2014\/08\/16\/clanovi-dps-oo-ulcinj-pisali-dukanovicu\/#webpage","url":"https:\/\/www.visit-ulcinj.com\/blog\/2014\/08\/16\/clanovi-dps-oo-ulcinj-pisali-dukanovicu\/","name":"\u010clanovi DPS-a OO Ulcinj pisali \u0110ukanovi\u0107u - Lajme nga Ulqini","isPartOf":{"@id":"https:\/\/www.visit-ulcinj.com\/blog\/#website"},"primaryImageOfPage":{"@id":"https:\/\/www.visit-ulcinj.com\/blog\/2014\/08\/16\/clanovi-dps-oo-ulcinj-pisali-dukanovicu\/#primaryimage"},"datePublished":"2014-08-16T07:15:55+00:00","dateModified":"2014-08-16T07:15:55+00:00","author":{"@id":"https:\/\/www.visit-ulcinj.com\/blog\/#\/schema\/person\/dcab619c614d3038751c63bc2aadc06d"},"description":"Rukovodstvu Demokratske partije socijalista DPS na \u010delu sa liderom Milom \u0110ukanovi\u0107em nedavno se obratila grupa, kako su naveli \u201enezadovoljnih, potla\u010denih","breadcrumb":{"@id":"https:\/\/www.visit-ulcinj.com\/blog\/2014\/08\/16\/clanovi-dps-oo-ulcinj-pisali-dukanovicu\/#breadcrumb"},"inLanguage":"en-US","potentialAction":[{"@type":"ReadAction","target":["https:\/\/www.visit-ulcinj.com\/blog\/2014\/08\/16\/clanovi-dps-oo-ulcinj-pisali-dukanovicu\/"]}]},{"@type":"BreadcrumbList","@id":"https:\/\/www.visit-ulcinj.com\/blog\/2014\/08\/16\/clanovi-dps-oo-ulcinj-pisali-dukanovicu\/#breadcrumb","itemListElement":[{"@type":"ListItem","position":1,"name":"\u010clanovi DPS-a OO Ulcinj pisali \u0110ukanovi\u0107u"}]},{"@type":"Person","@id":"https:\/\/www.visit-ulcinj.com\/blog\/#\/schema\/person\/dcab619c614d3038751c63bc2aadc06d","name":"ulqini","sameAs":["http:\/\/www.visit-ulcinj.com"],"url":"https:\/\/www.visit-ulcinj.com\/blog\/author\/admin\/"}]}},"jetpack_featured_media_url":"","jetpack_sharing_enabled":true,"jetpack_shortlink":"https:\/\/wp.me\/pe6lTn-m0H","_links":{"self":[{"href":"https:\/\/www.visit-ulcinj.com\/blog\/wp-json\/wp\/v2\/posts\/84611"}],"collection":[{"href":"https:\/\/www.visit-ulcinj.com\/blog\/wp-json\/wp\/v2\/posts"}],"about":[{"href":"https:\/\/www.visit-ulcinj.com\/blog\/wp-json\/wp\/v2\/types\/post"}],"author":[{"embeddable":true,"href":"https:\/\/www.visit-ulcinj.com\/blog\/wp-json\/wp\/v2\/users\/1"}],"replies":[{"embeddable":true,"href":"https:\/\/www.visit-ulcinj.com\/blog\/wp-json\/wp\/v2\/comments?post=84611"}],"version-history":[{"count":1,"href":"https:\/\/www.visit-ulcinj.com\/blog\/wp-json\/wp\/v2\/posts\/84611\/revisions"}],"predecessor-version":[{"id":84613,"href":"https:\/\/www.visit-ulcinj.com\/blog\/wp-json\/wp\/v2\/posts\/84611\/revisions\/84613"}],"wp:attachment":[{"href":"https:\/\/www.visit-ulcinj.com\/blog\/wp-json\/wp\/v2\/media?parent=84611"}],"wp:term":[{"taxonomy":"category","embeddable":true,"href":"https:\/\/www.visit-ulcinj.com\/blog\/wp-json\/wp\/v2\/categories?post=84611"},{"taxonomy":"post_tag","embeddable":true,"href":"https:\/\/www.visit-ulcinj.com\/blog\/wp-json\/wp\/v2\/tags?post=84611"}],"curies":[{"name":"wp","href":"https:\/\/api.w.org\/{rel}","templated":true}]}}