{"id":84616,"date":"2014-08-16T08:46:49","date_gmt":"2014-08-16T07:46:49","guid":{"rendered":"http:\/\/www.visit-ulcinj.com\/blog\/?p=84616"},"modified":"2014-08-16T08:46:49","modified_gmt":"2014-08-16T07:46:49","slug":"pocinje-gradnja-akva-parka-u-ulcinju-u-oktobru","status":"publish","type":"post","link":"https:\/\/www.visit-ulcinj.com\/blog\/2014\/08\/16\/pocinje-gradnja-akva-parka-u-ulcinju-u-oktobru\/","title":{"rendered":"Po\u010dinje gradnja Akva-parka u Ulcinju u oktobru"},"content":{"rendered":"<p><a href=\"http:\/\/www.visit-ulcinj.com\/blog\/wp-content\/uploads\/2014\/07\/akva-park-Ulcinj.jpg\"><img loading=\"lazy\" class=\"alignleft wp-image-84343\" src=\"http:\/\/www.visit-ulcinj.com\/blog\/wp-content\/uploads\/2014\/07\/akva-park-Ulcinj.jpg\" alt=\"akva-park-Ulcinj\" width=\"508\" height=\"352\" srcset=\"https:\/\/www.visit-ulcinj.com\/blog\/wp-content\/uploads\/2014\/07\/akva-park-Ulcinj.jpg 600w, https:\/\/www.visit-ulcinj.com\/blog\/wp-content\/uploads\/2014\/07\/akva-park-Ulcinj-300x208.jpg 300w\" sizes=\"(max-width: 508px) 100vw, 508px\" \/><\/a>Poslije ju\u010dera\u0161njeg sastanka \u010delnika op\u0161tine Ulcinj sa predstavnicima turske \u201cPolin grupe\u201d, izvjesno je da \u0107e gradnja akva-parka u ovom gradu po\u010deti sredinom oktobra, saznaje Portal Ul-info.<\/p>\n<div class=\"body-text\">\n<p>Naime, dva mjeseca je potrebno da se ispune svi zakonski uslovi oko raspisivanja tendera, odabrira investitora i rje\u0161avanja eventualnih prigovora zainteresovanih kompanija.<\/p>\n<p>O\u010dekuje se da \u0107e se na tender za izgradnju najve\u0107eg akva-parka u regionu prijaviti najmanje dvije firme, a da \u0107e ova investicija iznositi oko pet miliona eura.<\/p>\n<p>Op\u0161tina Ulcinj da\u0107e u zakup na 30 godina zemlji\u0161te od 27 hektara u zale\u0111u Velike pla\u017ee, po po\u010detnoj cijeni od 1,1 euro po metru kvadratnom.<\/p>\n<p><strong>Izvor: Ul-info<\/strong><\/p>\n<\/div>\n","protected":false},"excerpt":{"rendered":"<p>Poslije ju\u010dera\u0161njeg sastanka \u010delnika op\u0161tine Ulcinj sa predstavnicima turske \u201cPolin grupe\u201d, izvjesno je da \u0107e gradnja akva-parka u ovom gradu po\u010deti sredinom oktobra, saznaje Portal Ul-info. Naime, dva mjeseca je potrebno da se ispune svi zakonski uslovi oko raspisivanja tendera, odabrira investitora i rje\u0161avanja eventualnih prigovora zainteresovanih kompanija. O\u010dekuje se da \u0107e se na tender [&hellip;]<\/p>\n","protected":false},"author":1,"featured_media":0,"comment_status":"closed","ping_status":"closed","sticky":false,"template":"","format":"standard","meta":{"spay_email":"","jetpack_publicize_message":"","jetpack_is_tweetstorm":false,"jetpack_publicize_feature_enabled":true},"categories":[6950],"tags":[],"jetpack_publicize_connections":[],"yoast_head":"<!-- This site is optimized with the Yoast SEO plugin v19.1 - https:\/\/yoast.com\/wordpress\/plugins\/seo\/ -->\n<title>Po\u010dinje gradnja Akva-parka u Ulcinju u oktobru - Lajme nga Ulqini<\/title>\n<meta name=\"description\" content=\"Poslije ju\u010dera\u0161njeg sastanka \u010delnika op\u0161tine Ulcinj sa predstavnicima turske \u201cPolin grupe\u201d, izvjesno je da \u0107e gradnja akva-parka u ovom gradu po\u010deti\" \/>\n<meta name=\"robots\" content=\"index, follow, max-snippet:-1, max-image-preview:large, max-video-preview:-1\" \/>\n<link rel=\"canonical\" href=\"https:\/\/www.visit-ulcinj.com\/blog\/2014\/08\/16\/pocinje-gradnja-akva-parka-u-ulcinju-u-oktobru\/\" \/>\n<meta property=\"og:locale\" content=\"en_US\" \/>\n<meta property=\"og:type\" content=\"article\" \/>\n<meta property=\"og:title\" content=\"Po\u010dinje gradnja Akva-parka u Ulcinju u oktobru - Lajme nga Ulqini\" \/>\n<meta property=\"og:description\" content=\"Poslije ju\u010dera\u0161njeg sastanka \u010delnika op\u0161tine Ulcinj sa predstavnicima turske \u201cPolin grupe\u201d, izvjesno je da \u0107e gradnja akva-parka u ovom gradu po\u010deti\" \/>\n<meta property=\"og:url\" content=\"https:\/\/www.visit-ulcinj.com\/blog\/2014\/08\/16\/pocinje-gradnja-akva-parka-u-ulcinju-u-oktobru\/\" \/>\n<meta property=\"og:site_name\" content=\"Lajme nga Ulqini\" \/>\n<meta property=\"article:published_time\" content=\"2014-08-16T07:46:49+00:00\" \/>\n<meta property=\"og:image\" content=\"http:\/\/www.visit-ulcinj.com\/blog\/wp-content\/uploads\/2014\/07\/akva-park-Ulcinj.jpg\" \/>\n<meta name=\"twitter:label1\" content=\"Written by\" \/>\n\t<meta name=\"twitter:data1\" content=\"ulqini\" \/>\n\t<meta name=\"twitter:label2\" content=\"Est. reading time\" \/>\n\t<meta name=\"twitter:data2\" content=\"1 minute\" \/>\n<script type=\"application\/ld+json\" class=\"yoast-schema-graph\">{\"@context\":\"https:\/\/schema.org\",\"@graph\":[{\"@type\":\"WebSite\",\"@id\":\"https:\/\/www.visit-ulcinj.com\/blog\/#website\",\"url\":\"https:\/\/www.visit-ulcinj.com\/blog\/\",\"name\":\"Lajme nga Ulqini\",\"description\":\"Lajme,Vijesti,Ulqini,Ulqin,Crna Gora,Mali i Zi\",\"potentialAction\":[{\"@type\":\"SearchAction\",\"target\":{\"@type\":\"EntryPoint\",\"urlTemplate\":\"https:\/\/www.visit-ulcinj.com\/blog\/?s={search_term_string}\"},\"query-input\":\"required name=search_term_string\"}],\"inLanguage\":\"en-US\"},{\"@type\":\"ImageObject\",\"inLanguage\":\"en-US\",\"@id\":\"https:\/\/www.visit-ulcinj.com\/blog\/2014\/08\/16\/pocinje-gradnja-akva-parka-u-ulcinju-u-oktobru\/#primaryimage\",\"url\":\"https:\/\/www.visit-ulcinj.com\/blog\/wp-content\/uploads\/2014\/07\/akva-park-Ulcinj.jpg\",\"contentUrl\":\"https:\/\/www.visit-ulcinj.com\/blog\/wp-content\/uploads\/2014\/07\/akva-park-Ulcinj.jpg\",\"width\":600,\"height\":416},{\"@type\":\"WebPage\",\"@id\":\"https:\/\/www.visit-ulcinj.com\/blog\/2014\/08\/16\/pocinje-gradnja-akva-parka-u-ulcinju-u-oktobru\/#webpage\",\"url\":\"https:\/\/www.visit-ulcinj.com\/blog\/2014\/08\/16\/pocinje-gradnja-akva-parka-u-ulcinju-u-oktobru\/\",\"name\":\"Po\u010dinje gradnja Akva-parka u Ulcinju u oktobru - Lajme nga Ulqini\",\"isPartOf\":{\"@id\":\"https:\/\/www.visit-ulcinj.com\/blog\/#website\"},\"primaryImageOfPage\":{\"@id\":\"https:\/\/www.visit-ulcinj.com\/blog\/2014\/08\/16\/pocinje-gradnja-akva-parka-u-ulcinju-u-oktobru\/#primaryimage\"},\"datePublished\":\"2014-08-16T07:46:49+00:00\",\"dateModified\":\"2014-08-16T07:46:49+00:00\",\"author\":{\"@id\":\"https:\/\/www.visit-ulcinj.com\/blog\/#\/schema\/person\/dcab619c614d3038751c63bc2aadc06d\"},\"description\":\"Poslije ju\u010dera\u0161njeg sastanka \u010delnika op\u0161tine Ulcinj sa predstavnicima turske \u201cPolin grupe\u201d, izvjesno je da \u0107e gradnja akva-parka u ovom gradu po\u010deti\",\"breadcrumb\":{\"@id\":\"https:\/\/www.visit-ulcinj.com\/blog\/2014\/08\/16\/pocinje-gradnja-akva-parka-u-ulcinju-u-oktobru\/#breadcrumb\"},\"inLanguage\":\"en-US\",\"potentialAction\":[{\"@type\":\"ReadAction\",\"target\":[\"https:\/\/www.visit-ulcinj.com\/blog\/2014\/08\/16\/pocinje-gradnja-akva-parka-u-ulcinju-u-oktobru\/\"]}]},{\"@type\":\"BreadcrumbList\",\"@id\":\"https:\/\/www.visit-ulcinj.com\/blog\/2014\/08\/16\/pocinje-gradnja-akva-parka-u-ulcinju-u-oktobru\/#breadcrumb\",\"itemListElement\":[{\"@type\":\"ListItem\",\"position\":1,\"name\":\"Po\u010dinje gradnja Akva-parka u Ulcinju u oktobru\"}]},{\"@type\":\"Person\",\"@id\":\"https:\/\/www.visit-ulcinj.com\/blog\/#\/schema\/person\/dcab619c614d3038751c63bc2aadc06d\",\"name\":\"ulqini\",\"sameAs\":[\"http:\/\/www.visit-ulcinj.com\"],\"url\":\"https:\/\/www.visit-ulcinj.com\/blog\/author\/admin\/\"}]}<\/script>\n<!-- \/ Yoast SEO plugin. -->","yoast_head_json":{"title":"Po\u010dinje gradnja Akva-parka u Ulcinju u oktobru - Lajme nga Ulqini","description":"Poslije ju\u010dera\u0161njeg sastanka \u010delnika op\u0161tine Ulcinj sa predstavnicima turske \u201cPolin grupe\u201d, izvjesno je da \u0107e gradnja akva-parka u ovom gradu po\u010deti","robots":{"index":"index","follow":"follow","max-snippet":"max-snippet:-1","max-image-preview":"max-image-preview:large","max-video-preview":"max-video-preview:-1"},"canonical":"https:\/\/www.visit-ulcinj.com\/blog\/2014\/08\/16\/pocinje-gradnja-akva-parka-u-ulcinju-u-oktobru\/","og_locale":"en_US","og_type":"article","og_title":"Po\u010dinje gradnja Akva-parka u Ulcinju u oktobru - Lajme nga Ulqini","og_description":"Poslije ju\u010dera\u0161njeg sastanka \u010delnika op\u0161tine Ulcinj sa predstavnicima turske \u201cPolin grupe\u201d, izvjesno je da \u0107e gradnja akva-parka u ovom gradu po\u010deti","og_url":"https:\/\/www.visit-ulcinj.com\/blog\/2014\/08\/16\/pocinje-gradnja-akva-parka-u-ulcinju-u-oktobru\/","og_site_name":"Lajme nga Ulqini","article_published_time":"2014-08-16T07:46:49+00:00","og_image":[{"url":"http:\/\/www.visit-ulcinj.com\/blog\/wp-content\/uploads\/2014\/07\/akva-park-Ulcinj.jpg"}],"twitter_misc":{"Written by":"ulqini","Est. reading time":"1 minute"},"schema":{"@context":"https:\/\/schema.org","@graph":[{"@type":"WebSite","@id":"https:\/\/www.visit-ulcinj.com\/blog\/#website","url":"https:\/\/www.visit-ulcinj.com\/blog\/","name":"Lajme nga Ulqini","description":"Lajme,Vijesti,Ulqini,Ulqin,Crna Gora,Mali i Zi","potentialAction":[{"@type":"SearchAction","target":{"@type":"EntryPoint","urlTemplate":"https:\/\/www.visit-ulcinj.com\/blog\/?s={search_term_string}"},"query-input":"required name=search_term_string"}],"inLanguage":"en-US"},{"@type":"ImageObject","inLanguage":"en-US","@id":"https:\/\/www.visit-ulcinj.com\/blog\/2014\/08\/16\/pocinje-gradnja-akva-parka-u-ulcinju-u-oktobru\/#primaryimage","url":"https:\/\/www.visit-ulcinj.com\/blog\/wp-content\/uploads\/2014\/07\/akva-park-Ulcinj.jpg","contentUrl":"https:\/\/www.visit-ulcinj.com\/blog\/wp-content\/uploads\/2014\/07\/akva-park-Ulcinj.jpg","width":600,"height":416},{"@type":"WebPage","@id":"https:\/\/www.visit-ulcinj.com\/blog\/2014\/08\/16\/pocinje-gradnja-akva-parka-u-ulcinju-u-oktobru\/#webpage","url":"https:\/\/www.visit-ulcinj.com\/blog\/2014\/08\/16\/pocinje-gradnja-akva-parka-u-ulcinju-u-oktobru\/","name":"Po\u010dinje gradnja Akva-parka u Ulcinju u oktobru - Lajme nga Ulqini","isPartOf":{"@id":"https:\/\/www.visit-ulcinj.com\/blog\/#website"},"primaryImageOfPage":{"@id":"https:\/\/www.visit-ulcinj.com\/blog\/2014\/08\/16\/pocinje-gradnja-akva-parka-u-ulcinju-u-oktobru\/#primaryimage"},"datePublished":"2014-08-16T07:46:49+00:00","dateModified":"2014-08-16T07:46:49+00:00","author":{"@id":"https:\/\/www.visit-ulcinj.com\/blog\/#\/schema\/person\/dcab619c614d3038751c63bc2aadc06d"},"description":"Poslije ju\u010dera\u0161njeg sastanka \u010delnika op\u0161tine Ulcinj sa predstavnicima turske \u201cPolin grupe\u201d, izvjesno je da \u0107e gradnja akva-parka u ovom gradu po\u010deti","breadcrumb":{"@id":"https:\/\/www.visit-ulcinj.com\/blog\/2014\/08\/16\/pocinje-gradnja-akva-parka-u-ulcinju-u-oktobru\/#breadcrumb"},"inLanguage":"en-US","potentialAction":[{"@type":"ReadAction","target":["https:\/\/www.visit-ulcinj.com\/blog\/2014\/08\/16\/pocinje-gradnja-akva-parka-u-ulcinju-u-oktobru\/"]}]},{"@type":"BreadcrumbList","@id":"https:\/\/www.visit-ulcinj.com\/blog\/2014\/08\/16\/pocinje-gradnja-akva-parka-u-ulcinju-u-oktobru\/#breadcrumb","itemListElement":[{"@type":"ListItem","position":1,"name":"Po\u010dinje gradnja Akva-parka u Ulcinju u oktobru"}]},{"@type":"Person","@id":"https:\/\/www.visit-ulcinj.com\/blog\/#\/schema\/person\/dcab619c614d3038751c63bc2aadc06d","name":"ulqini","sameAs":["http:\/\/www.visit-ulcinj.com"],"url":"https:\/\/www.visit-ulcinj.com\/blog\/author\/admin\/"}]}},"jetpack_featured_media_url":"","jetpack_sharing_enabled":true,"jetpack_shortlink":"https:\/\/wp.me\/pe6lTn-m0M","_links":{"self":[{"href":"https:\/\/www.visit-ulcinj.com\/blog\/wp-json\/wp\/v2\/posts\/84616"}],"collection":[{"href":"https:\/\/www.visit-ulcinj.com\/blog\/wp-json\/wp\/v2\/posts"}],"about":[{"href":"https:\/\/www.visit-ulcinj.com\/blog\/wp-json\/wp\/v2\/types\/post"}],"author":[{"embeddable":true,"href":"https:\/\/www.visit-ulcinj.com\/blog\/wp-json\/wp\/v2\/users\/1"}],"replies":[{"embeddable":true,"href":"https:\/\/www.visit-ulcinj.com\/blog\/wp-json\/wp\/v2\/comments?post=84616"}],"version-history":[{"count":1,"href":"https:\/\/www.visit-ulcinj.com\/blog\/wp-json\/wp\/v2\/posts\/84616\/revisions"}],"predecessor-version":[{"id":84617,"href":"https:\/\/www.visit-ulcinj.com\/blog\/wp-json\/wp\/v2\/posts\/84616\/revisions\/84617"}],"wp:attachment":[{"href":"https:\/\/www.visit-ulcinj.com\/blog\/wp-json\/wp\/v2\/media?parent=84616"}],"wp:term":[{"taxonomy":"category","embeddable":true,"href":"https:\/\/www.visit-ulcinj.com\/blog\/wp-json\/wp\/v2\/categories?post=84616"},{"taxonomy":"post_tag","embeddable":true,"href":"https:\/\/www.visit-ulcinj.com\/blog\/wp-json\/wp\/v2\/tags?post=84616"}],"curies":[{"name":"wp","href":"https:\/\/api.w.org\/{rel}","templated":true}]}}