{"id":84629,"date":"2014-08-16T09:07:05","date_gmt":"2014-08-16T08:07:05","guid":{"rendered":"http:\/\/www.visit-ulcinj.com\/blog\/?p=84629"},"modified":"2014-08-16T09:07:32","modified_gmt":"2014-08-16T08:07:32","slug":"enver-hasani-rrezitet-ne-ulqin","status":"publish","type":"post","link":"https:\/\/www.visit-ulcinj.com\/blog\/2014\/08\/16\/enver-hasani-rrezitet-ne-ulqin\/","title":{"rendered":"Enver Hasani rrezitet n\u00eb Ulqin"},"content":{"rendered":"<p><strong><a href=\"http:\/\/www.visit-ulcinj.com\/blog\/wp-content\/uploads\/2014\/08\/Enver-Hasani-ne-Ulqin.jpg\"><img loading=\"lazy\" class=\"alignleft wp-image-84630\" src=\"http:\/\/www.visit-ulcinj.com\/blog\/wp-content\/uploads\/2014\/08\/Enver-Hasani-ne-Ulqin.jpg\" alt=\"Enver Hasani-ne Ulqin\" width=\"508\" height=\"286\" srcset=\"https:\/\/www.visit-ulcinj.com\/blog\/wp-content\/uploads\/2014\/08\/Enver-Hasani-ne-Ulqin.jpg 640w, https:\/\/www.visit-ulcinj.com\/blog\/wp-content\/uploads\/2014\/08\/Enver-Hasani-ne-Ulqin-300x168.jpg 300w\" sizes=\"(max-width: 508px) 100vw, 508px\" \/><\/a>Derisa i t\u00ebr\u00eb i t\u00ebr\u00eb shteti po thuajse \u00ebsht\u00eb futur n\u00eb kolaps, derisa Gjykata Kushtetuese t\u00eb mos marr vendim p\u00ebr \u00e7\u00ebshtjen e ligjshm\u00ebris\u00eb s\u00eb zgjedhjes s\u00eb Isa Mustaf\u00ebs n\u00eb postin e kryeparlamentarit, kryetari i k\u00ebsaj Gjykate, Enver Hasani, ka gjetur koh\u00eb q\u00eb t\u00eb rrezitet n\u00eb Ulqin.<\/strong><\/p>\n<p>Burime t\u00eb Gazet\u00ebs Blic kan\u00eb b\u00ebr\u00eb t\u00eb ditur se Enver Hasani \u00ebsht\u00eb par\u00eb sot duke u rrezitur n\u00eb plazhin e Ulqinit.<\/p>\n<p>\u201cKryetari i Gjykat\u00ebs Kushtetuese t\u00eb Kosov\u00ebs, Enver Hasani \u00ebsht\u00eb par\u00eb n\u00eb Ulqin p\u00ebr pushime\u201d, ka th\u00ebn\u00eb ky burim.<\/p>\n<p>Gjykata Kushtetuese e Kosov\u00ebs para disa jav\u00ebsh ka marr\u00eb vendim q\u00eb ta suspendoj\u00eb Isa Mustaf\u00ebn nga posti i kryetarit t\u00eb Kuvendit, duke e bllokuar k\u00ebshtu edhe pun\u00ebn e institucionit m\u00eb t\u00eb lart\u00eb n\u00eb vend.<\/p>\n<p>Ky vendim instanc\u00ebs m\u00eb t\u00eb lart\u00eb gjyq\u00ebsore n\u00eb vend kishte ardhur pas ankes\u00ebs q\u00eb e kishte b\u00ebr\u00eb Partia Demokratike e Kosov\u00ebs mbi ligjshm\u00ebrin\u00eb e zgjedhjes s\u00eb Isa Mustaf\u00ebs n\u00eb krye t\u00eb Kuvendit t\u00eb Kosov\u00ebs.<\/p>\n<p>N\u00eb seanc\u00ebn konstituive t\u00eb mbajtur m\u00eb 17 korrikut Isa Mustafa ishte zgjedhur kryetar i Kuvendit t\u00eb Kosov\u00ebs, por q\u00eb u kontestua nga PDK, e cila e d\u00ebrgoi l\u00ebnd\u00ebn n\u00eb Gjykat\u00ebn Kushtetuese t\u00eb Kosov\u00ebs.<\/p>\n<p>&nbsp;<\/p>\n<p>M\u00eb 21 gusht, nd\u00ebrkaq, pritet q\u00eb koalicioni LDK- AAK- Nisma t\u00eb p\u00ebrballen me PDK-n\u00eb p\u00ebr \u00e7\u00ebshtjen e zgjedhjes s\u00eb Isa Mustaf\u00ebs n\u00eb krye t\u00eb Kuvendit t\u00eb Kosov\u00ebs. \/Gazeta Blic\/Telegrafi<\/p>\n","protected":false},"excerpt":{"rendered":"<p>Derisa i t\u00ebr\u00eb i t\u00ebr\u00eb shteti po thuajse \u00ebsht\u00eb futur n\u00eb kolaps, derisa Gjykata Kushtetuese t\u00eb mos marr vendim p\u00ebr \u00e7\u00ebshtjen e ligjshm\u00ebris\u00eb s\u00eb zgjedhjes s\u00eb Isa Mustaf\u00ebs n\u00eb postin e kryeparlamentarit, kryetari i k\u00ebsaj Gjykate, Enver Hasani, ka gjetur koh\u00eb q\u00eb t\u00eb rrezitet n\u00eb Ulqin. Burime t\u00eb Gazet\u00ebs Blic kan\u00eb b\u00ebr\u00eb t\u00eb ditur se [&hellip;]<\/p>\n","protected":false},"author":1,"featured_media":0,"comment_status":"closed","ping_status":"closed","sticky":false,"template":"","format":"standard","meta":{"spay_email":"","jetpack_publicize_message":"","jetpack_is_tweetstorm":false,"jetpack_publicize_feature_enabled":true},"categories":[14],"tags":[],"jetpack_publicize_connections":[],"yoast_head":"<!-- This site is optimized with the Yoast SEO plugin v19.1 - https:\/\/yoast.com\/wordpress\/plugins\/seo\/ -->\n<title>Enver Hasani rrezitet n\u00eb Ulqin - Lajme nga Ulqini<\/title>\n<meta name=\"description\" content=\"Derisa i t\u00ebr\u00eb i t\u00ebr\u00eb shteti po thuajse \u00ebsht\u00eb futur n\u00eb kolaps, derisa Gjykata Kushtetuese t\u00eb mos marr vendim p\u00ebr \u00e7\u00ebshtjen e ligjshm\u00ebris\u00eb s\u00eb zgjedhjes s\u00eb\" \/>\n<meta name=\"robots\" content=\"index, follow, max-snippet:-1, max-image-preview:large, max-video-preview:-1\" \/>\n<link rel=\"canonical\" href=\"https:\/\/www.visit-ulcinj.com\/blog\/2014\/08\/16\/enver-hasani-rrezitet-ne-ulqin\/\" \/>\n<meta property=\"og:locale\" content=\"en_US\" \/>\n<meta property=\"og:type\" content=\"article\" \/>\n<meta property=\"og:title\" content=\"Enver Hasani rrezitet n\u00eb Ulqin - Lajme nga Ulqini\" \/>\n<meta property=\"og:description\" content=\"Derisa i t\u00ebr\u00eb i t\u00ebr\u00eb shteti po thuajse \u00ebsht\u00eb futur n\u00eb kolaps, derisa Gjykata Kushtetuese t\u00eb mos marr vendim p\u00ebr \u00e7\u00ebshtjen e ligjshm\u00ebris\u00eb s\u00eb zgjedhjes s\u00eb\" \/>\n<meta property=\"og:url\" content=\"https:\/\/www.visit-ulcinj.com\/blog\/2014\/08\/16\/enver-hasani-rrezitet-ne-ulqin\/\" \/>\n<meta property=\"og:site_name\" content=\"Lajme nga Ulqini\" \/>\n<meta property=\"article:published_time\" content=\"2014-08-16T08:07:05+00:00\" \/>\n<meta property=\"article:modified_time\" content=\"2014-08-16T08:07:32+00:00\" \/>\n<meta property=\"og:image\" content=\"http:\/\/www.visit-ulcinj.com\/blog\/wp-content\/uploads\/2014\/08\/Enver-Hasani-ne-Ulqin.jpg\" \/>\n<meta name=\"twitter:label1\" content=\"Written by\" \/>\n\t<meta name=\"twitter:data1\" content=\"ulqini\" \/>\n\t<meta name=\"twitter:label2\" content=\"Est. reading time\" \/>\n\t<meta name=\"twitter:data2\" content=\"1 minute\" \/>\n<script type=\"application\/ld+json\" class=\"yoast-schema-graph\">{\"@context\":\"https:\/\/schema.org\",\"@graph\":[{\"@type\":\"WebSite\",\"@id\":\"https:\/\/www.visit-ulcinj.com\/blog\/#website\",\"url\":\"https:\/\/www.visit-ulcinj.com\/blog\/\",\"name\":\"Lajme nga Ulqini\",\"description\":\"Lajme,Vijesti,Ulqini,Ulqin,Crna Gora,Mali i Zi\",\"potentialAction\":[{\"@type\":\"SearchAction\",\"target\":{\"@type\":\"EntryPoint\",\"urlTemplate\":\"https:\/\/www.visit-ulcinj.com\/blog\/?s={search_term_string}\"},\"query-input\":\"required name=search_term_string\"}],\"inLanguage\":\"en-US\"},{\"@type\":\"ImageObject\",\"inLanguage\":\"en-US\",\"@id\":\"https:\/\/www.visit-ulcinj.com\/blog\/2014\/08\/16\/enver-hasani-rrezitet-ne-ulqin\/#primaryimage\",\"url\":\"https:\/\/www.visit-ulcinj.com\/blog\/wp-content\/uploads\/2014\/08\/Enver-Hasani-ne-Ulqin.jpg\",\"contentUrl\":\"https:\/\/www.visit-ulcinj.com\/blog\/wp-content\/uploads\/2014\/08\/Enver-Hasani-ne-Ulqin.jpg\",\"width\":640,\"height\":360},{\"@type\":\"WebPage\",\"@id\":\"https:\/\/www.visit-ulcinj.com\/blog\/2014\/08\/16\/enver-hasani-rrezitet-ne-ulqin\/#webpage\",\"url\":\"https:\/\/www.visit-ulcinj.com\/blog\/2014\/08\/16\/enver-hasani-rrezitet-ne-ulqin\/\",\"name\":\"Enver Hasani rrezitet n\u00eb Ulqin - Lajme nga Ulqini\",\"isPartOf\":{\"@id\":\"https:\/\/www.visit-ulcinj.com\/blog\/#website\"},\"primaryImageOfPage\":{\"@id\":\"https:\/\/www.visit-ulcinj.com\/blog\/2014\/08\/16\/enver-hasani-rrezitet-ne-ulqin\/#primaryimage\"},\"datePublished\":\"2014-08-16T08:07:05+00:00\",\"dateModified\":\"2014-08-16T08:07:32+00:00\",\"author\":{\"@id\":\"https:\/\/www.visit-ulcinj.com\/blog\/#\/schema\/person\/dcab619c614d3038751c63bc2aadc06d\"},\"description\":\"Derisa i t\u00ebr\u00eb i t\u00ebr\u00eb shteti po thuajse \u00ebsht\u00eb futur n\u00eb kolaps, derisa Gjykata Kushtetuese t\u00eb mos marr vendim p\u00ebr \u00e7\u00ebshtjen e ligjshm\u00ebris\u00eb s\u00eb zgjedhjes s\u00eb\",\"breadcrumb\":{\"@id\":\"https:\/\/www.visit-ulcinj.com\/blog\/2014\/08\/16\/enver-hasani-rrezitet-ne-ulqin\/#breadcrumb\"},\"inLanguage\":\"en-US\",\"potentialAction\":[{\"@type\":\"ReadAction\",\"target\":[\"https:\/\/www.visit-ulcinj.com\/blog\/2014\/08\/16\/enver-hasani-rrezitet-ne-ulqin\/\"]}]},{\"@type\":\"BreadcrumbList\",\"@id\":\"https:\/\/www.visit-ulcinj.com\/blog\/2014\/08\/16\/enver-hasani-rrezitet-ne-ulqin\/#breadcrumb\",\"itemListElement\":[{\"@type\":\"ListItem\",\"position\":1,\"name\":\"Enver Hasani rrezitet n\u00eb Ulqin\"}]},{\"@type\":\"Person\",\"@id\":\"https:\/\/www.visit-ulcinj.com\/blog\/#\/schema\/person\/dcab619c614d3038751c63bc2aadc06d\",\"name\":\"ulqini\",\"sameAs\":[\"http:\/\/www.visit-ulcinj.com\"],\"url\":\"https:\/\/www.visit-ulcinj.com\/blog\/author\/admin\/\"}]}<\/script>\n<!-- \/ Yoast SEO plugin. -->","yoast_head_json":{"title":"Enver Hasani rrezitet n\u00eb Ulqin - Lajme nga Ulqini","description":"Derisa i t\u00ebr\u00eb i t\u00ebr\u00eb shteti po thuajse \u00ebsht\u00eb futur n\u00eb kolaps, derisa Gjykata Kushtetuese t\u00eb mos marr vendim p\u00ebr \u00e7\u00ebshtjen e ligjshm\u00ebris\u00eb s\u00eb zgjedhjes s\u00eb","robots":{"index":"index","follow":"follow","max-snippet":"max-snippet:-1","max-image-preview":"max-image-preview:large","max-video-preview":"max-video-preview:-1"},"canonical":"https:\/\/www.visit-ulcinj.com\/blog\/2014\/08\/16\/enver-hasani-rrezitet-ne-ulqin\/","og_locale":"en_US","og_type":"article","og_title":"Enver Hasani rrezitet n\u00eb Ulqin - Lajme nga Ulqini","og_description":"Derisa i t\u00ebr\u00eb i t\u00ebr\u00eb shteti po thuajse \u00ebsht\u00eb futur n\u00eb kolaps, derisa Gjykata Kushtetuese t\u00eb mos marr vendim p\u00ebr \u00e7\u00ebshtjen e ligjshm\u00ebris\u00eb s\u00eb zgjedhjes s\u00eb","og_url":"https:\/\/www.visit-ulcinj.com\/blog\/2014\/08\/16\/enver-hasani-rrezitet-ne-ulqin\/","og_site_name":"Lajme nga Ulqini","article_published_time":"2014-08-16T08:07:05+00:00","article_modified_time":"2014-08-16T08:07:32+00:00","og_image":[{"url":"http:\/\/www.visit-ulcinj.com\/blog\/wp-content\/uploads\/2014\/08\/Enver-Hasani-ne-Ulqin.jpg"}],"twitter_misc":{"Written by":"ulqini","Est. reading time":"1 minute"},"schema":{"@context":"https:\/\/schema.org","@graph":[{"@type":"WebSite","@id":"https:\/\/www.visit-ulcinj.com\/blog\/#website","url":"https:\/\/www.visit-ulcinj.com\/blog\/","name":"Lajme nga Ulqini","description":"Lajme,Vijesti,Ulqini,Ulqin,Crna Gora,Mali i Zi","potentialAction":[{"@type":"SearchAction","target":{"@type":"EntryPoint","urlTemplate":"https:\/\/www.visit-ulcinj.com\/blog\/?s={search_term_string}"},"query-input":"required name=search_term_string"}],"inLanguage":"en-US"},{"@type":"ImageObject","inLanguage":"en-US","@id":"https:\/\/www.visit-ulcinj.com\/blog\/2014\/08\/16\/enver-hasani-rrezitet-ne-ulqin\/#primaryimage","url":"https:\/\/www.visit-ulcinj.com\/blog\/wp-content\/uploads\/2014\/08\/Enver-Hasani-ne-Ulqin.jpg","contentUrl":"https:\/\/www.visit-ulcinj.com\/blog\/wp-content\/uploads\/2014\/08\/Enver-Hasani-ne-Ulqin.jpg","width":640,"height":360},{"@type":"WebPage","@id":"https:\/\/www.visit-ulcinj.com\/blog\/2014\/08\/16\/enver-hasani-rrezitet-ne-ulqin\/#webpage","url":"https:\/\/www.visit-ulcinj.com\/blog\/2014\/08\/16\/enver-hasani-rrezitet-ne-ulqin\/","name":"Enver Hasani rrezitet n\u00eb Ulqin - Lajme nga Ulqini","isPartOf":{"@id":"https:\/\/www.visit-ulcinj.com\/blog\/#website"},"primaryImageOfPage":{"@id":"https:\/\/www.visit-ulcinj.com\/blog\/2014\/08\/16\/enver-hasani-rrezitet-ne-ulqin\/#primaryimage"},"datePublished":"2014-08-16T08:07:05+00:00","dateModified":"2014-08-16T08:07:32+00:00","author":{"@id":"https:\/\/www.visit-ulcinj.com\/blog\/#\/schema\/person\/dcab619c614d3038751c63bc2aadc06d"},"description":"Derisa i t\u00ebr\u00eb i t\u00ebr\u00eb shteti po thuajse \u00ebsht\u00eb futur n\u00eb kolaps, derisa Gjykata Kushtetuese t\u00eb mos marr vendim p\u00ebr \u00e7\u00ebshtjen e ligjshm\u00ebris\u00eb s\u00eb zgjedhjes s\u00eb","breadcrumb":{"@id":"https:\/\/www.visit-ulcinj.com\/blog\/2014\/08\/16\/enver-hasani-rrezitet-ne-ulqin\/#breadcrumb"},"inLanguage":"en-US","potentialAction":[{"@type":"ReadAction","target":["https:\/\/www.visit-ulcinj.com\/blog\/2014\/08\/16\/enver-hasani-rrezitet-ne-ulqin\/"]}]},{"@type":"BreadcrumbList","@id":"https:\/\/www.visit-ulcinj.com\/blog\/2014\/08\/16\/enver-hasani-rrezitet-ne-ulqin\/#breadcrumb","itemListElement":[{"@type":"ListItem","position":1,"name":"Enver Hasani rrezitet n\u00eb Ulqin"}]},{"@type":"Person","@id":"https:\/\/www.visit-ulcinj.com\/blog\/#\/schema\/person\/dcab619c614d3038751c63bc2aadc06d","name":"ulqini","sameAs":["http:\/\/www.visit-ulcinj.com"],"url":"https:\/\/www.visit-ulcinj.com\/blog\/author\/admin\/"}]}},"jetpack_featured_media_url":"","jetpack_sharing_enabled":true,"jetpack_shortlink":"https:\/\/wp.me\/pe6lTn-m0Z","_links":{"self":[{"href":"https:\/\/www.visit-ulcinj.com\/blog\/wp-json\/wp\/v2\/posts\/84629"}],"collection":[{"href":"https:\/\/www.visit-ulcinj.com\/blog\/wp-json\/wp\/v2\/posts"}],"about":[{"href":"https:\/\/www.visit-ulcinj.com\/blog\/wp-json\/wp\/v2\/types\/post"}],"author":[{"embeddable":true,"href":"https:\/\/www.visit-ulcinj.com\/blog\/wp-json\/wp\/v2\/users\/1"}],"replies":[{"embeddable":true,"href":"https:\/\/www.visit-ulcinj.com\/blog\/wp-json\/wp\/v2\/comments?post=84629"}],"version-history":[{"count":2,"href":"https:\/\/www.visit-ulcinj.com\/blog\/wp-json\/wp\/v2\/posts\/84629\/revisions"}],"predecessor-version":[{"id":84632,"href":"https:\/\/www.visit-ulcinj.com\/blog\/wp-json\/wp\/v2\/posts\/84629\/revisions\/84632"}],"wp:attachment":[{"href":"https:\/\/www.visit-ulcinj.com\/blog\/wp-json\/wp\/v2\/media?parent=84629"}],"wp:term":[{"taxonomy":"category","embeddable":true,"href":"https:\/\/www.visit-ulcinj.com\/blog\/wp-json\/wp\/v2\/categories?post=84629"},{"taxonomy":"post_tag","embeddable":true,"href":"https:\/\/www.visit-ulcinj.com\/blog\/wp-json\/wp\/v2\/tags?post=84629"}],"curies":[{"name":"wp","href":"https:\/\/api.w.org\/{rel}","templated":true}]}}