{"id":84637,"date":"2014-08-16T09:26:34","date_gmt":"2014-08-16T08:26:34","guid":{"rendered":"http:\/\/www.visit-ulcinj.com\/blog\/?p=84637"},"modified":"2014-08-16T09:26:34","modified_gmt":"2014-08-16T08:26:34","slug":"getoar-selimi-paraqet-stilin-e-ri-ne-ulqin","status":"publish","type":"post","link":"https:\/\/www.visit-ulcinj.com\/blog\/2014\/08\/16\/getoar-selimi-paraqet-stilin-e-ri-ne-ulqin\/","title":{"rendered":"Getoar Selimi paraqet stilin e ri n\u00eb Ulqin"},"content":{"rendered":"<p><a href=\"http:\/\/www.visit-ulcinj.com\/blog\/wp-content\/uploads\/2014\/08\/Getoar-Selimi.jpg\"><img loading=\"lazy\" class=\"alignleft wp-image-84638\" src=\"http:\/\/www.visit-ulcinj.com\/blog\/wp-content\/uploads\/2014\/08\/Getoar-Selimi.jpg\" alt=\"Getoar Selimi\" width=\"508\" height=\"507\" \/><\/a>Reperi kosovar Getoar Selimi ka th\u00ebn\u00eb se stili \u00ebsht\u00eb ai q\u00eb paraqet karakterin e nj\u00eb personi pa pasur nevoj\u00eb p\u00ebr fjal\u00ebt. P\u00ebrmes nj\u00eb postimi t\u00eb b\u00ebr\u00eb n\u00eb rrjetin social \u2018Twitter\u2019 Ghetto ka shkruar se \u201cStili \u00ebsht\u00eb nj\u00eb m\u00ebnyr\u00eb p\u00ebr t\u00eb th\u00ebn\u00eb se kush jeni pa pasur nevoj\u00eb t\u00eb flisni\u201d.<\/p>\n<p>K\u00ebsaj th\u00ebnieje, Selimi ja ka bashkangjitur edhe nj\u00eb fotografi ku shihet me nj\u00eb stil mjaft\u00eb t\u00eb ve\u00e7ant\u00eb. Kjo th\u00ebnie e tij duket se ka ardhur pasi q\u00eb \u00ebsht\u00eb zgjedhur si k\u00ebng\u00ebtari me stilin me t\u00eb mir\u00eb n\u00eb Kosov\u00eb dhe nga kjo Geti d\u00ebshiron t\u00eb thot\u00eb edhe q\u00eb \u00ebsht\u00eb reperi m\u00eb i mir\u00eb n\u00eb gjith\u00eb trojet shqiptare.<\/p>\n<p>PoertAlb<\/p>\n","protected":false},"excerpt":{"rendered":"<p>Reperi kosovar Getoar Selimi ka th\u00ebn\u00eb se stili \u00ebsht\u00eb ai q\u00eb paraqet karakterin e nj\u00eb personi pa pasur nevoj\u00eb p\u00ebr fjal\u00ebt. P\u00ebrmes nj\u00eb postimi t\u00eb b\u00ebr\u00eb n\u00eb rrjetin social \u2018Twitter\u2019 Ghetto ka shkruar se \u201cStili \u00ebsht\u00eb nj\u00eb m\u00ebnyr\u00eb p\u00ebr t\u00eb th\u00ebn\u00eb se kush jeni pa pasur nevoj\u00eb t\u00eb flisni\u201d. K\u00ebsaj th\u00ebnieje, Selimi ja ka bashkangjitur [&hellip;]<\/p>\n","protected":false},"author":1,"featured_media":0,"comment_status":"closed","ping_status":"closed","sticky":false,"template":"","format":"standard","meta":{"spay_email":"","jetpack_publicize_message":"","jetpack_is_tweetstorm":false,"jetpack_publicize_feature_enabled":true},"categories":[1],"tags":[],"jetpack_publicize_connections":[],"yoast_head":"<!-- This site is optimized with the Yoast SEO plugin v19.1 - https:\/\/yoast.com\/wordpress\/plugins\/seo\/ -->\n<title>Getoar Selimi paraqet stilin e ri n\u00eb Ulqin - Lajme nga Ulqini<\/title>\n<meta name=\"description\" content=\"Reperi kosovar Getoar Selimi ka th\u00ebn\u00eb se stili \u00ebsht\u00eb ai q\u00eb paraqet karakterin e nj\u00eb personi pa pasur nevoj\u00eb p\u00ebr fjal\u00ebt. P\u00ebrmes nj\u00eb postimi t\u00eb b\u00ebr\u00eb n\u00eb\" \/>\n<meta name=\"robots\" content=\"index, follow, max-snippet:-1, max-image-preview:large, max-video-preview:-1\" \/>\n<link rel=\"canonical\" href=\"https:\/\/www.visit-ulcinj.com\/blog\/2014\/08\/16\/getoar-selimi-paraqet-stilin-e-ri-ne-ulqin\/\" \/>\n<meta property=\"og:locale\" content=\"en_US\" \/>\n<meta property=\"og:type\" content=\"article\" \/>\n<meta property=\"og:title\" content=\"Getoar Selimi paraqet stilin e ri n\u00eb Ulqin - Lajme nga Ulqini\" \/>\n<meta property=\"og:description\" content=\"Reperi kosovar Getoar Selimi ka th\u00ebn\u00eb se stili \u00ebsht\u00eb ai q\u00eb paraqet karakterin e nj\u00eb personi pa pasur nevoj\u00eb p\u00ebr fjal\u00ebt. P\u00ebrmes nj\u00eb postimi t\u00eb b\u00ebr\u00eb n\u00eb\" \/>\n<meta property=\"og:url\" content=\"https:\/\/www.visit-ulcinj.com\/blog\/2014\/08\/16\/getoar-selimi-paraqet-stilin-e-ri-ne-ulqin\/\" \/>\n<meta property=\"og:site_name\" content=\"Lajme nga Ulqini\" \/>\n<meta property=\"article:published_time\" content=\"2014-08-16T08:26:34+00:00\" \/>\n<meta property=\"og:image\" content=\"http:\/\/www.visit-ulcinj.com\/blog\/wp-content\/uploads\/2014\/08\/Getoar-Selimi.jpg\" \/>\n<meta name=\"twitter:label1\" content=\"Written by\" \/>\n\t<meta name=\"twitter:data1\" content=\"ulqini\" \/>\n\t<meta name=\"twitter:label2\" content=\"Est. reading time\" \/>\n\t<meta name=\"twitter:data2\" content=\"1 minute\" \/>\n<script type=\"application\/ld+json\" class=\"yoast-schema-graph\">{\"@context\":\"https:\/\/schema.org\",\"@graph\":[{\"@type\":\"WebSite\",\"@id\":\"https:\/\/www.visit-ulcinj.com\/blog\/#website\",\"url\":\"https:\/\/www.visit-ulcinj.com\/blog\/\",\"name\":\"Lajme nga Ulqini\",\"description\":\"Lajme,Vijesti,Ulqini,Ulqin,Crna Gora,Mali i Zi\",\"potentialAction\":[{\"@type\":\"SearchAction\",\"target\":{\"@type\":\"EntryPoint\",\"urlTemplate\":\"https:\/\/www.visit-ulcinj.com\/blog\/?s={search_term_string}\"},\"query-input\":\"required name=search_term_string\"}],\"inLanguage\":\"en-US\"},{\"@type\":\"ImageObject\",\"inLanguage\":\"en-US\",\"@id\":\"https:\/\/www.visit-ulcinj.com\/blog\/2014\/08\/16\/getoar-selimi-paraqet-stilin-e-ri-ne-ulqin\/#primaryimage\",\"url\":\"http:\/\/www.visit-ulcinj.com\/blog\/wp-content\/uploads\/2014\/08\/Getoar-Selimi.jpg\",\"contentUrl\":\"http:\/\/www.visit-ulcinj.com\/blog\/wp-content\/uploads\/2014\/08\/Getoar-Selimi.jpg\"},{\"@type\":\"WebPage\",\"@id\":\"https:\/\/www.visit-ulcinj.com\/blog\/2014\/08\/16\/getoar-selimi-paraqet-stilin-e-ri-ne-ulqin\/#webpage\",\"url\":\"https:\/\/www.visit-ulcinj.com\/blog\/2014\/08\/16\/getoar-selimi-paraqet-stilin-e-ri-ne-ulqin\/\",\"name\":\"Getoar Selimi paraqet stilin e ri n\u00eb Ulqin - Lajme nga Ulqini\",\"isPartOf\":{\"@id\":\"https:\/\/www.visit-ulcinj.com\/blog\/#website\"},\"primaryImageOfPage\":{\"@id\":\"https:\/\/www.visit-ulcinj.com\/blog\/2014\/08\/16\/getoar-selimi-paraqet-stilin-e-ri-ne-ulqin\/#primaryimage\"},\"datePublished\":\"2014-08-16T08:26:34+00:00\",\"dateModified\":\"2014-08-16T08:26:34+00:00\",\"author\":{\"@id\":\"https:\/\/www.visit-ulcinj.com\/blog\/#\/schema\/person\/dcab619c614d3038751c63bc2aadc06d\"},\"description\":\"Reperi kosovar Getoar Selimi ka th\u00ebn\u00eb se stili \u00ebsht\u00eb ai q\u00eb paraqet karakterin e nj\u00eb personi pa pasur nevoj\u00eb p\u00ebr fjal\u00ebt. P\u00ebrmes nj\u00eb postimi t\u00eb b\u00ebr\u00eb n\u00eb\",\"breadcrumb\":{\"@id\":\"https:\/\/www.visit-ulcinj.com\/blog\/2014\/08\/16\/getoar-selimi-paraqet-stilin-e-ri-ne-ulqin\/#breadcrumb\"},\"inLanguage\":\"en-US\",\"potentialAction\":[{\"@type\":\"ReadAction\",\"target\":[\"https:\/\/www.visit-ulcinj.com\/blog\/2014\/08\/16\/getoar-selimi-paraqet-stilin-e-ri-ne-ulqin\/\"]}]},{\"@type\":\"BreadcrumbList\",\"@id\":\"https:\/\/www.visit-ulcinj.com\/blog\/2014\/08\/16\/getoar-selimi-paraqet-stilin-e-ri-ne-ulqin\/#breadcrumb\",\"itemListElement\":[{\"@type\":\"ListItem\",\"position\":1,\"name\":\"Getoar Selimi paraqet stilin e ri n\u00eb Ulqin\"}]},{\"@type\":\"Person\",\"@id\":\"https:\/\/www.visit-ulcinj.com\/blog\/#\/schema\/person\/dcab619c614d3038751c63bc2aadc06d\",\"name\":\"ulqini\",\"sameAs\":[\"http:\/\/www.visit-ulcinj.com\"],\"url\":\"https:\/\/www.visit-ulcinj.com\/blog\/author\/admin\/\"}]}<\/script>\n<!-- \/ Yoast SEO plugin. -->","yoast_head_json":{"title":"Getoar Selimi paraqet stilin e ri n\u00eb Ulqin - Lajme nga Ulqini","description":"Reperi kosovar Getoar Selimi ka th\u00ebn\u00eb se stili \u00ebsht\u00eb ai q\u00eb paraqet karakterin e nj\u00eb personi pa pasur nevoj\u00eb p\u00ebr fjal\u00ebt. P\u00ebrmes nj\u00eb postimi t\u00eb b\u00ebr\u00eb n\u00eb","robots":{"index":"index","follow":"follow","max-snippet":"max-snippet:-1","max-image-preview":"max-image-preview:large","max-video-preview":"max-video-preview:-1"},"canonical":"https:\/\/www.visit-ulcinj.com\/blog\/2014\/08\/16\/getoar-selimi-paraqet-stilin-e-ri-ne-ulqin\/","og_locale":"en_US","og_type":"article","og_title":"Getoar Selimi paraqet stilin e ri n\u00eb Ulqin - Lajme nga Ulqini","og_description":"Reperi kosovar Getoar Selimi ka th\u00ebn\u00eb se stili \u00ebsht\u00eb ai q\u00eb paraqet karakterin e nj\u00eb personi pa pasur nevoj\u00eb p\u00ebr fjal\u00ebt. P\u00ebrmes nj\u00eb postimi t\u00eb b\u00ebr\u00eb n\u00eb","og_url":"https:\/\/www.visit-ulcinj.com\/blog\/2014\/08\/16\/getoar-selimi-paraqet-stilin-e-ri-ne-ulqin\/","og_site_name":"Lajme nga Ulqini","article_published_time":"2014-08-16T08:26:34+00:00","og_image":[{"url":"http:\/\/www.visit-ulcinj.com\/blog\/wp-content\/uploads\/2014\/08\/Getoar-Selimi.jpg"}],"twitter_misc":{"Written by":"ulqini","Est. reading time":"1 minute"},"schema":{"@context":"https:\/\/schema.org","@graph":[{"@type":"WebSite","@id":"https:\/\/www.visit-ulcinj.com\/blog\/#website","url":"https:\/\/www.visit-ulcinj.com\/blog\/","name":"Lajme nga Ulqini","description":"Lajme,Vijesti,Ulqini,Ulqin,Crna Gora,Mali i Zi","potentialAction":[{"@type":"SearchAction","target":{"@type":"EntryPoint","urlTemplate":"https:\/\/www.visit-ulcinj.com\/blog\/?s={search_term_string}"},"query-input":"required name=search_term_string"}],"inLanguage":"en-US"},{"@type":"ImageObject","inLanguage":"en-US","@id":"https:\/\/www.visit-ulcinj.com\/blog\/2014\/08\/16\/getoar-selimi-paraqet-stilin-e-ri-ne-ulqin\/#primaryimage","url":"http:\/\/www.visit-ulcinj.com\/blog\/wp-content\/uploads\/2014\/08\/Getoar-Selimi.jpg","contentUrl":"http:\/\/www.visit-ulcinj.com\/blog\/wp-content\/uploads\/2014\/08\/Getoar-Selimi.jpg"},{"@type":"WebPage","@id":"https:\/\/www.visit-ulcinj.com\/blog\/2014\/08\/16\/getoar-selimi-paraqet-stilin-e-ri-ne-ulqin\/#webpage","url":"https:\/\/www.visit-ulcinj.com\/blog\/2014\/08\/16\/getoar-selimi-paraqet-stilin-e-ri-ne-ulqin\/","name":"Getoar Selimi paraqet stilin e ri n\u00eb Ulqin - Lajme nga Ulqini","isPartOf":{"@id":"https:\/\/www.visit-ulcinj.com\/blog\/#website"},"primaryImageOfPage":{"@id":"https:\/\/www.visit-ulcinj.com\/blog\/2014\/08\/16\/getoar-selimi-paraqet-stilin-e-ri-ne-ulqin\/#primaryimage"},"datePublished":"2014-08-16T08:26:34+00:00","dateModified":"2014-08-16T08:26:34+00:00","author":{"@id":"https:\/\/www.visit-ulcinj.com\/blog\/#\/schema\/person\/dcab619c614d3038751c63bc2aadc06d"},"description":"Reperi kosovar Getoar Selimi ka th\u00ebn\u00eb se stili \u00ebsht\u00eb ai q\u00eb paraqet karakterin e nj\u00eb personi pa pasur nevoj\u00eb p\u00ebr fjal\u00ebt. P\u00ebrmes nj\u00eb postimi t\u00eb b\u00ebr\u00eb n\u00eb","breadcrumb":{"@id":"https:\/\/www.visit-ulcinj.com\/blog\/2014\/08\/16\/getoar-selimi-paraqet-stilin-e-ri-ne-ulqin\/#breadcrumb"},"inLanguage":"en-US","potentialAction":[{"@type":"ReadAction","target":["https:\/\/www.visit-ulcinj.com\/blog\/2014\/08\/16\/getoar-selimi-paraqet-stilin-e-ri-ne-ulqin\/"]}]},{"@type":"BreadcrumbList","@id":"https:\/\/www.visit-ulcinj.com\/blog\/2014\/08\/16\/getoar-selimi-paraqet-stilin-e-ri-ne-ulqin\/#breadcrumb","itemListElement":[{"@type":"ListItem","position":1,"name":"Getoar Selimi paraqet stilin e ri n\u00eb Ulqin"}]},{"@type":"Person","@id":"https:\/\/www.visit-ulcinj.com\/blog\/#\/schema\/person\/dcab619c614d3038751c63bc2aadc06d","name":"ulqini","sameAs":["http:\/\/www.visit-ulcinj.com"],"url":"https:\/\/www.visit-ulcinj.com\/blog\/author\/admin\/"}]}},"jetpack_featured_media_url":"","jetpack_sharing_enabled":true,"jetpack_shortlink":"https:\/\/wp.me\/pe6lTn-m17","_links":{"self":[{"href":"https:\/\/www.visit-ulcinj.com\/blog\/wp-json\/wp\/v2\/posts\/84637"}],"collection":[{"href":"https:\/\/www.visit-ulcinj.com\/blog\/wp-json\/wp\/v2\/posts"}],"about":[{"href":"https:\/\/www.visit-ulcinj.com\/blog\/wp-json\/wp\/v2\/types\/post"}],"author":[{"embeddable":true,"href":"https:\/\/www.visit-ulcinj.com\/blog\/wp-json\/wp\/v2\/users\/1"}],"replies":[{"embeddable":true,"href":"https:\/\/www.visit-ulcinj.com\/blog\/wp-json\/wp\/v2\/comments?post=84637"}],"version-history":[{"count":1,"href":"https:\/\/www.visit-ulcinj.com\/blog\/wp-json\/wp\/v2\/posts\/84637\/revisions"}],"predecessor-version":[{"id":84639,"href":"https:\/\/www.visit-ulcinj.com\/blog\/wp-json\/wp\/v2\/posts\/84637\/revisions\/84639"}],"wp:attachment":[{"href":"https:\/\/www.visit-ulcinj.com\/blog\/wp-json\/wp\/v2\/media?parent=84637"}],"wp:term":[{"taxonomy":"category","embeddable":true,"href":"https:\/\/www.visit-ulcinj.com\/blog\/wp-json\/wp\/v2\/categories?post=84637"},{"taxonomy":"post_tag","embeddable":true,"href":"https:\/\/www.visit-ulcinj.com\/blog\/wp-json\/wp\/v2\/tags?post=84637"}],"curies":[{"name":"wp","href":"https:\/\/api.w.org\/{rel}","templated":true}]}}