{"id":84667,"date":"2014-08-18T12:51:01","date_gmt":"2014-08-18T11:51:01","guid":{"rendered":"http:\/\/www.visit-ulcinj.com\/blog\/?p=84667"},"modified":"2014-08-20T08:10:54","modified_gmt":"2014-08-20T07:10:54","slug":"hana-cakuli-martohet-kete-muaj-me-driton-shurdha","status":"publish","type":"post","link":"https:\/\/www.visit-ulcinj.com\/blog\/2014\/08\/18\/hana-cakuli-martohet-kete-muaj-me-driton-shurdha\/","title":{"rendered":"Hana Cakuli martohet k\u00ebt\u00eb muaj me Driton Shurdha"},"content":{"rendered":"<p><strong><a href=\"http:\/\/www.visit-ulcinj.com\/blog\/wp-content\/uploads\/2014\/08\/Hana-Cakuli-1.jpg\"><img loading=\"lazy\" class=\"alignleft wp-image-84669\" src=\"http:\/\/www.visit-ulcinj.com\/blog\/wp-content\/uploads\/2014\/08\/Hana-Cakuli-1.jpg\" alt=\"Hana-Cakuli-1\" width=\"508\" height=\"355\" srcset=\"https:\/\/www.visit-ulcinj.com\/blog\/wp-content\/uploads\/2014\/08\/Hana-Cakuli-1.jpg 596w, https:\/\/www.visit-ulcinj.com\/blog\/wp-content\/uploads\/2014\/08\/Hana-Cakuli-1-300x209.jpg 300w\" sizes=\"(max-width: 508px) 100vw, 508px\" \/><\/a>Q\u00eb disa koh\u00eb \u00ebsht\u00eb transferuar n\u00eb Gjermani, por me p\u00ebrfundimin e muajit gusht ajo i jep fund edhe beqaris\u00eb.<\/strong><\/p>\n<div>\n<p>Hana Cakuli, k\u00ebng\u00ebtarja ulqinake martohet n\u00eb fund t\u00eb k\u00ebtij muaji.<\/p>\n<p>Burime t\u00eb KosovaPress b\u00ebjn\u00eb t\u00eb ditur se ceremonia do t\u00eb mbahet n\u00eb Ulqin.<\/p>\n<p>N\u00eb Gjermani ajo ishte p\u00ebr studime post-diplomike por atje af\u00ebr kishte edhe t\u00eb fejuarin e saj, q\u00eb kan\u00eb tashm\u00eb nj\u00eb vit t\u00eb fejuar.<\/p>\n<p>Cakuli asnj\u00ebher\u00eb nuk ka b\u00ebr\u00eb t\u00eb ditur identitet e tij, por m\u00ebsohet se edhe ai vjen nga Ulqini, kurse lajme nga Ulqini m\u00ebson se i fejuari i Hana Cakulit esht\u00eb\u00a0 Driton Shurdha.<\/p>\n<p>Hana Cakuli njihet si nj\u00eb nga z\u00ebrat m\u00eb t\u00eb mir\u00eb t\u00eb estrad\u00ebs.<\/p>\n<p>Ndryshe shum\u00eb vite ka punuar dhe jetuar n\u00eb Kosov\u00eb. Nd\u00ebrsa n\u00eb Ulqin shum\u00eb koh\u00eb \u00ebsht\u00eb marr me prezantime t\u00eb emisioneve n\u00eb radio.<\/p>\n<p>Qysh e vog\u00ebl \u00ebsht\u00eb marr\u00eb me muzik\u00eb por paraqitja e par\u00eb e saj si e rritur \u00ebsht\u00eb ajo n\u00eb \u201cTop Fest 3\u201d me k\u00ebng\u00ebn \u201cnat\u00ebn kaloje me ne\u201d.<\/p>\n<!--YouTube Error: bad URL entered-->\n<\/div>\n","protected":false},"excerpt":{"rendered":"<p>Q\u00eb disa koh\u00eb \u00ebsht\u00eb transferuar n\u00eb Gjermani, por me p\u00ebrfundimin e muajit gusht ajo i jep fund edhe beqaris\u00eb. Hana Cakuli, k\u00ebng\u00ebtarja ulqinake martohet n\u00eb fund t\u00eb k\u00ebtij muaji. Burime t\u00eb KosovaPress b\u00ebjn\u00eb t\u00eb ditur se ceremonia do t\u00eb mbahet n\u00eb Ulqin. N\u00eb Gjermani ajo ishte p\u00ebr studime post-diplomike por atje af\u00ebr kishte edhe t\u00eb [&hellip;]<\/p>\n","protected":false},"author":1,"featured_media":0,"comment_status":"closed","ping_status":"closed","sticky":false,"template":"","format":"standard","meta":{"spay_email":"","jetpack_publicize_message":"","jetpack_is_tweetstorm":false,"jetpack_publicize_feature_enabled":true},"categories":[1],"tags":[],"jetpack_publicize_connections":[],"yoast_head":"<!-- This site is optimized with the Yoast SEO plugin v19.1 - https:\/\/yoast.com\/wordpress\/plugins\/seo\/ -->\n<title>Hana Cakuli martohet k\u00ebt\u00eb muaj me Driton Shurdha - Lajme nga Ulqini<\/title>\n<meta name=\"description\" content=\"Q\u00eb disa koh\u00eb \u00ebsht\u00eb transferuar n\u00eb Gjermani, por me p\u00ebrfundimin e muajit gusht ajo i jep fund edhe beqaris\u00eb. Hana Cakuli, k\u00ebng\u00ebtarja ulqinake martohet n\u00eb\" \/>\n<meta name=\"robots\" content=\"index, follow, max-snippet:-1, max-image-preview:large, max-video-preview:-1\" \/>\n<link rel=\"canonical\" href=\"https:\/\/www.visit-ulcinj.com\/blog\/2014\/08\/18\/hana-cakuli-martohet-kete-muaj-me-driton-shurdha\/\" \/>\n<meta property=\"og:locale\" content=\"en_US\" \/>\n<meta property=\"og:type\" content=\"article\" \/>\n<meta property=\"og:title\" content=\"Hana Cakuli martohet k\u00ebt\u00eb muaj me Driton Shurdha - Lajme nga Ulqini\" \/>\n<meta property=\"og:description\" content=\"Q\u00eb disa koh\u00eb \u00ebsht\u00eb transferuar n\u00eb Gjermani, por me p\u00ebrfundimin e muajit gusht ajo i jep fund edhe beqaris\u00eb. Hana Cakuli, k\u00ebng\u00ebtarja ulqinake martohet n\u00eb\" \/>\n<meta property=\"og:url\" content=\"https:\/\/www.visit-ulcinj.com\/blog\/2014\/08\/18\/hana-cakuli-martohet-kete-muaj-me-driton-shurdha\/\" \/>\n<meta property=\"og:site_name\" content=\"Lajme nga Ulqini\" \/>\n<meta property=\"article:published_time\" content=\"2014-08-18T11:51:01+00:00\" \/>\n<meta property=\"article:modified_time\" content=\"2014-08-20T07:10:54+00:00\" \/>\n<meta property=\"og:image\" content=\"http:\/\/www.visit-ulcinj.com\/blog\/wp-content\/uploads\/2014\/08\/Hana-Cakuli-1.jpg\" \/>\n<meta name=\"twitter:label1\" content=\"Written by\" \/>\n\t<meta name=\"twitter:data1\" content=\"ulqini\" \/>\n\t<meta name=\"twitter:label2\" content=\"Est. reading time\" \/>\n\t<meta name=\"twitter:data2\" content=\"1 minute\" \/>\n<script type=\"application\/ld+json\" class=\"yoast-schema-graph\">{\"@context\":\"https:\/\/schema.org\",\"@graph\":[{\"@type\":\"WebSite\",\"@id\":\"https:\/\/www.visit-ulcinj.com\/blog\/#website\",\"url\":\"https:\/\/www.visit-ulcinj.com\/blog\/\",\"name\":\"Lajme nga Ulqini\",\"description\":\"Lajme,Vijesti,Ulqini,Ulqin,Crna Gora,Mali i Zi\",\"potentialAction\":[{\"@type\":\"SearchAction\",\"target\":{\"@type\":\"EntryPoint\",\"urlTemplate\":\"https:\/\/www.visit-ulcinj.com\/blog\/?s={search_term_string}\"},\"query-input\":\"required name=search_term_string\"}],\"inLanguage\":\"en-US\"},{\"@type\":\"ImageObject\",\"inLanguage\":\"en-US\",\"@id\":\"https:\/\/www.visit-ulcinj.com\/blog\/2014\/08\/18\/hana-cakuli-martohet-kete-muaj-me-driton-shurdha\/#primaryimage\",\"url\":\"https:\/\/www.visit-ulcinj.com\/blog\/wp-content\/uploads\/2014\/08\/Hana-Cakuli-1.jpg\",\"contentUrl\":\"https:\/\/www.visit-ulcinj.com\/blog\/wp-content\/uploads\/2014\/08\/Hana-Cakuli-1.jpg\",\"width\":596,\"height\":417},{\"@type\":\"WebPage\",\"@id\":\"https:\/\/www.visit-ulcinj.com\/blog\/2014\/08\/18\/hana-cakuli-martohet-kete-muaj-me-driton-shurdha\/#webpage\",\"url\":\"https:\/\/www.visit-ulcinj.com\/blog\/2014\/08\/18\/hana-cakuli-martohet-kete-muaj-me-driton-shurdha\/\",\"name\":\"Hana Cakuli martohet k\u00ebt\u00eb muaj me Driton Shurdha - Lajme nga Ulqini\",\"isPartOf\":{\"@id\":\"https:\/\/www.visit-ulcinj.com\/blog\/#website\"},\"primaryImageOfPage\":{\"@id\":\"https:\/\/www.visit-ulcinj.com\/blog\/2014\/08\/18\/hana-cakuli-martohet-kete-muaj-me-driton-shurdha\/#primaryimage\"},\"datePublished\":\"2014-08-18T11:51:01+00:00\",\"dateModified\":\"2014-08-20T07:10:54+00:00\",\"author\":{\"@id\":\"https:\/\/www.visit-ulcinj.com\/blog\/#\/schema\/person\/dcab619c614d3038751c63bc2aadc06d\"},\"description\":\"Q\u00eb disa koh\u00eb \u00ebsht\u00eb transferuar n\u00eb Gjermani, por me p\u00ebrfundimin e muajit gusht ajo i jep fund edhe beqaris\u00eb. Hana Cakuli, k\u00ebng\u00ebtarja ulqinake martohet n\u00eb\",\"breadcrumb\":{\"@id\":\"https:\/\/www.visit-ulcinj.com\/blog\/2014\/08\/18\/hana-cakuli-martohet-kete-muaj-me-driton-shurdha\/#breadcrumb\"},\"inLanguage\":\"en-US\",\"potentialAction\":[{\"@type\":\"ReadAction\",\"target\":[\"https:\/\/www.visit-ulcinj.com\/blog\/2014\/08\/18\/hana-cakuli-martohet-kete-muaj-me-driton-shurdha\/\"]}]},{\"@type\":\"BreadcrumbList\",\"@id\":\"https:\/\/www.visit-ulcinj.com\/blog\/2014\/08\/18\/hana-cakuli-martohet-kete-muaj-me-driton-shurdha\/#breadcrumb\",\"itemListElement\":[{\"@type\":\"ListItem\",\"position\":1,\"name\":\"Hana Cakuli martohet k\u00ebt\u00eb muaj me Driton Shurdha\"}]},{\"@type\":\"Person\",\"@id\":\"https:\/\/www.visit-ulcinj.com\/blog\/#\/schema\/person\/dcab619c614d3038751c63bc2aadc06d\",\"name\":\"ulqini\",\"sameAs\":[\"http:\/\/www.visit-ulcinj.com\"],\"url\":\"https:\/\/www.visit-ulcinj.com\/blog\/author\/admin\/\"}]}<\/script>\n<!-- \/ Yoast SEO plugin. -->","yoast_head_json":{"title":"Hana Cakuli martohet k\u00ebt\u00eb muaj me Driton Shurdha - Lajme nga Ulqini","description":"Q\u00eb disa koh\u00eb \u00ebsht\u00eb transferuar n\u00eb Gjermani, por me p\u00ebrfundimin e muajit gusht ajo i jep fund edhe beqaris\u00eb. Hana Cakuli, k\u00ebng\u00ebtarja ulqinake martohet n\u00eb","robots":{"index":"index","follow":"follow","max-snippet":"max-snippet:-1","max-image-preview":"max-image-preview:large","max-video-preview":"max-video-preview:-1"},"canonical":"https:\/\/www.visit-ulcinj.com\/blog\/2014\/08\/18\/hana-cakuli-martohet-kete-muaj-me-driton-shurdha\/","og_locale":"en_US","og_type":"article","og_title":"Hana Cakuli martohet k\u00ebt\u00eb muaj me Driton Shurdha - Lajme nga Ulqini","og_description":"Q\u00eb disa koh\u00eb \u00ebsht\u00eb transferuar n\u00eb Gjermani, por me p\u00ebrfundimin e muajit gusht ajo i jep fund edhe beqaris\u00eb. Hana Cakuli, k\u00ebng\u00ebtarja ulqinake martohet n\u00eb","og_url":"https:\/\/www.visit-ulcinj.com\/blog\/2014\/08\/18\/hana-cakuli-martohet-kete-muaj-me-driton-shurdha\/","og_site_name":"Lajme nga Ulqini","article_published_time":"2014-08-18T11:51:01+00:00","article_modified_time":"2014-08-20T07:10:54+00:00","og_image":[{"url":"http:\/\/www.visit-ulcinj.com\/blog\/wp-content\/uploads\/2014\/08\/Hana-Cakuli-1.jpg"}],"twitter_misc":{"Written by":"ulqini","Est. reading time":"1 minute"},"schema":{"@context":"https:\/\/schema.org","@graph":[{"@type":"WebSite","@id":"https:\/\/www.visit-ulcinj.com\/blog\/#website","url":"https:\/\/www.visit-ulcinj.com\/blog\/","name":"Lajme nga Ulqini","description":"Lajme,Vijesti,Ulqini,Ulqin,Crna Gora,Mali i Zi","potentialAction":[{"@type":"SearchAction","target":{"@type":"EntryPoint","urlTemplate":"https:\/\/www.visit-ulcinj.com\/blog\/?s={search_term_string}"},"query-input":"required name=search_term_string"}],"inLanguage":"en-US"},{"@type":"ImageObject","inLanguage":"en-US","@id":"https:\/\/www.visit-ulcinj.com\/blog\/2014\/08\/18\/hana-cakuli-martohet-kete-muaj-me-driton-shurdha\/#primaryimage","url":"https:\/\/www.visit-ulcinj.com\/blog\/wp-content\/uploads\/2014\/08\/Hana-Cakuli-1.jpg","contentUrl":"https:\/\/www.visit-ulcinj.com\/blog\/wp-content\/uploads\/2014\/08\/Hana-Cakuli-1.jpg","width":596,"height":417},{"@type":"WebPage","@id":"https:\/\/www.visit-ulcinj.com\/blog\/2014\/08\/18\/hana-cakuli-martohet-kete-muaj-me-driton-shurdha\/#webpage","url":"https:\/\/www.visit-ulcinj.com\/blog\/2014\/08\/18\/hana-cakuli-martohet-kete-muaj-me-driton-shurdha\/","name":"Hana Cakuli martohet k\u00ebt\u00eb muaj me Driton Shurdha - Lajme nga Ulqini","isPartOf":{"@id":"https:\/\/www.visit-ulcinj.com\/blog\/#website"},"primaryImageOfPage":{"@id":"https:\/\/www.visit-ulcinj.com\/blog\/2014\/08\/18\/hana-cakuli-martohet-kete-muaj-me-driton-shurdha\/#primaryimage"},"datePublished":"2014-08-18T11:51:01+00:00","dateModified":"2014-08-20T07:10:54+00:00","author":{"@id":"https:\/\/www.visit-ulcinj.com\/blog\/#\/schema\/person\/dcab619c614d3038751c63bc2aadc06d"},"description":"Q\u00eb disa koh\u00eb \u00ebsht\u00eb transferuar n\u00eb Gjermani, por me p\u00ebrfundimin e muajit gusht ajo i jep fund edhe beqaris\u00eb. Hana Cakuli, k\u00ebng\u00ebtarja ulqinake martohet n\u00eb","breadcrumb":{"@id":"https:\/\/www.visit-ulcinj.com\/blog\/2014\/08\/18\/hana-cakuli-martohet-kete-muaj-me-driton-shurdha\/#breadcrumb"},"inLanguage":"en-US","potentialAction":[{"@type":"ReadAction","target":["https:\/\/www.visit-ulcinj.com\/blog\/2014\/08\/18\/hana-cakuli-martohet-kete-muaj-me-driton-shurdha\/"]}]},{"@type":"BreadcrumbList","@id":"https:\/\/www.visit-ulcinj.com\/blog\/2014\/08\/18\/hana-cakuli-martohet-kete-muaj-me-driton-shurdha\/#breadcrumb","itemListElement":[{"@type":"ListItem","position":1,"name":"Hana Cakuli martohet k\u00ebt\u00eb muaj me Driton Shurdha"}]},{"@type":"Person","@id":"https:\/\/www.visit-ulcinj.com\/blog\/#\/schema\/person\/dcab619c614d3038751c63bc2aadc06d","name":"ulqini","sameAs":["http:\/\/www.visit-ulcinj.com"],"url":"https:\/\/www.visit-ulcinj.com\/blog\/author\/admin\/"}]}},"jetpack_featured_media_url":"","jetpack_sharing_enabled":true,"jetpack_shortlink":"https:\/\/wp.me\/pe6lTn-m1B","_links":{"self":[{"href":"https:\/\/www.visit-ulcinj.com\/blog\/wp-json\/wp\/v2\/posts\/84667"}],"collection":[{"href":"https:\/\/www.visit-ulcinj.com\/blog\/wp-json\/wp\/v2\/posts"}],"about":[{"href":"https:\/\/www.visit-ulcinj.com\/blog\/wp-json\/wp\/v2\/types\/post"}],"author":[{"embeddable":true,"href":"https:\/\/www.visit-ulcinj.com\/blog\/wp-json\/wp\/v2\/users\/1"}],"replies":[{"embeddable":true,"href":"https:\/\/www.visit-ulcinj.com\/blog\/wp-json\/wp\/v2\/comments?post=84667"}],"version-history":[{"count":5,"href":"https:\/\/www.visit-ulcinj.com\/blog\/wp-json\/wp\/v2\/posts\/84667\/revisions"}],"predecessor-version":[{"id":84673,"href":"https:\/\/www.visit-ulcinj.com\/blog\/wp-json\/wp\/v2\/posts\/84667\/revisions\/84673"}],"wp:attachment":[{"href":"https:\/\/www.visit-ulcinj.com\/blog\/wp-json\/wp\/v2\/media?parent=84667"}],"wp:term":[{"taxonomy":"category","embeddable":true,"href":"https:\/\/www.visit-ulcinj.com\/blog\/wp-json\/wp\/v2\/categories?post=84667"},{"taxonomy":"post_tag","embeddable":true,"href":"https:\/\/www.visit-ulcinj.com\/blog\/wp-json\/wp\/v2\/tags?post=84667"}],"curies":[{"name":"wp","href":"https:\/\/api.w.org\/{rel}","templated":true}]}}