{"id":84674,"date":"2014-08-19T18:54:38","date_gmt":"2014-08-19T17:54:38","guid":{"rendered":"http:\/\/www.visit-ulcinj.com\/blog\/?p=84674"},"modified":"2014-08-20T17:24:19","modified_gmt":"2014-08-20T16:24:19","slug":"nika-te-palarat-e-dps-ne-ulqin","status":"publish","type":"post","link":"https:\/\/www.visit-ulcinj.com\/blog\/2014\/08\/19\/nika-te-palarat-e-dps-ne-ulqin\/","title":{"rendered":"Nika: T\u00eb palarat e DPS-it n\u00eb Ulqin"},"content":{"rendered":"<p><strong><em><a href=\"http:\/\/www.visit-ulcinj.com\/blog\/wp-content\/uploads\/2014\/08\/Muho-Spuza-Ulcinj-DPS.jpg\"><img loading=\"lazy\" class=\"alignleft wp-image-84675\" src=\"http:\/\/www.visit-ulcinj.com\/blog\/wp-content\/uploads\/2014\/08\/Muho-Spuza-Ulcinj-DPS.jpg\" alt=\"Muho-Spuza-Ulcinj-DPS\" width=\"508\" height=\"381\" srcset=\"https:\/\/www.visit-ulcinj.com\/blog\/wp-content\/uploads\/2014\/08\/Muho-Spuza-Ulcinj-DPS.jpg 600w, https:\/\/www.visit-ulcinj.com\/blog\/wp-content\/uploads\/2014\/08\/Muho-Spuza-Ulcinj-DPS-300x225.jpg 300w\" sizes=\"(max-width: 508px) 100vw, 508px\" \/><\/a>Shkruan Muhamet Nika<\/em><\/strong><\/p>\n<p><strong><em>(shkolla amerikane , m\u00ebson analist\u00ebt, q\u00eb gjat\u00eb b\u00ebrjes s\u00eb nj\u00eb analize duhet \u201c t\u00eb vrasin mikun?! N\u00eb kuptimin q\u00eb shkrimi- analiza t\u00eb mos jet\u00eb e nj\u00ebanshme&#8230;?!!!)<\/em><\/strong><\/p>\n<p>\u00cbsht\u00eb fakt q\u00eb kryesia e DPS-it, n\u00eb fakt kryetari i saj Loro Ndrekiq k\u00ebtyre dit\u00ebve, \u00ebsht\u00eb v\u00ebn\u00eb n\u00eb nishan t\u00eb medias dhe me gjasa tep\u00ebr t\u00eb m\u00ebdha q\u00eb t\u00eb flijohet nga komploti mediatik n\u00eb Ulqin . P\u00ebr motiv shtyt\u00ebs t\u00eb tyre si duket sh\u00ebrbeu letra e disa t\u00eb pa k\u00ebnaqurve, an\u00ebtar\u00eb t\u00eb k\u00ebsaj partie nga Ulqini . Thuhet, se kjo q\u00eb ndodh, po b\u00ebhet, jo q\u00eb Spuzha po e k\u00ebrkon simpatin\u00eb dhe mbrojtjen e tyre, mir\u00ebpo p\u00ebr hesap t\u00eb komplotit t\u00eb vet, ata zgjodh\u00ebn t\u00eb vihen n\u00eb mbrojtje t\u00eb pik\u00ebpamjeve t\u00eb Muho Spuzh\u00ebs &#8230;?!!<\/p>\n<p>P\u00ebr opinion shtojm\u00eb se Spuzha ishte nj\u00eb kuad\u00ebr i lart\u00eb i k\u00ebsaj partie, p\u00ebrndryshe profesor i filozofis\u00eb dhe sociologjis\u00eb, dhe njoh\u00ebs shum\u00eb i dalluar i organizimit dhe veprimit politik n\u00eb nj\u00eb parti. Ai , p\u00ebr opinionin ulqinak, ka mbetur n\u00eb kujtes\u00eb si drejtor simpatik i DPS-sit, n\u00eb Shkoll\u00ebn Fillore Boshko Strugar p\u00ebr z\u00ebnk\u00ebn mediatike , me nj\u00eb pun\u00ebtore t\u00eb arsimit me komb\u00ebsi serbo-malazeze atje, e cila e akuzonte at\u00eb p\u00ebr pozita nacionaliste n\u00eb pun\u00eb duke e viktimizuar si pun\u00ebtore, edhe pse, sipas neve, kjo nuk q\u00ebndron si konstatim. Por q\u00eb me gjith\u00eb at\u00eb , ai u largua nga ky post andaj \u201cK\u00ebto t\u00eb Komplotit\u201d, jan\u00eb t\u00eb vet\u00ebdijsh\u00ebm p\u00ebr kredin\u00eb q\u00eb ka dhe turbulenc\u00ebn q\u00eb mund t\u00eb krijoi ai n\u00eb k\u00ebt\u00eb parti&#8230;?!!!!<\/p>\n<p>Ky konflikt partiak q\u00eb nisi , po duket nd\u00ebrmjet tij dhe kryetarit Ndrekiq, edhe mund t\u00eb kish mbetur i lokalizuar sikur p\u00ebr k\u00ebt\u00eb t\u00eb mos prononcohej qendra e DPS-it, n\u00eb Podgoric\u00eb me drejtorin e saj politik. Nga prononcimet e kreut t\u00eb Podgoric\u00ebs , sikur nuk p\u00ebrjashtohet edhe vet\u00eb shkarkimi i Ndrekiqit, n\u00eb se kjo k\u00ebrkohet. Pse ndodh kjo edhe nuk mund t\u00eb shihet qartazi, pasi q\u00eb vet\u00eb Spuzha n\u00eb letr\u00ebn e tij drejtuar Gjukanoviqit, nuk e kish k\u00ebrkuar nj\u00eb gj\u00eb t\u00eb till\u00eb. Por nj\u00eb gj\u00eb \u00ebsht\u00eb m\u00eb se e qart\u00eb, si duket Ndrekiq vepron emocionalisht n\u00eb raport me kund\u00ebrshtar\u00ebt dhe nuk \u00ebsht\u00eb n\u00eb gjendje t\u00eb kuptoj\u00eb se nga cilat an\u00eb po i fryjn\u00eb er\u00ebrat. Ndoshta nj\u00eb heshtje e tij , duke e injoruar komplotin, po ta zgjidhte si rrug\u00eb veprimi , p\u00ebr te do t\u00eb kishte qen\u00eb nj\u00eb zgjidhje m\u00eb e mir\u00eb&#8230;?!!! Themi k\u00ebt\u00eb, sepse sipas neve , vota e cila e qiti at\u00eb n\u00eb krye t\u00eb DPS-it n\u00eb Ulqin, nuk ishte nj\u00eb vot\u00eb pro dhe q\u00eb at\u00eb e desh\u00ebn koleg\u00ebt e partis\u00eb p\u00ebr kryetar, por ishte m\u00eb tep\u00ebr nj\u00eb vot\u00eb kund\u00ebr ish- kryetarit Shkreli, t\u00eb cilit partia, nuk mundi t\u2019ia fal\u00eb rastin, kur gjat\u00eb p\u00ebr\u00e7arjes brenda Udsh-s\u00eb, pun\u00eb q\u00eb \u00e7oi n\u00eb shkat\u00ebrrim t\u00eb koalicionit qeveris\u00ebs u gjet n\u00eb krahun e gabuar t\u00eb Hajdinag\u00ebs , pasi kish n\u00ebnvler\u00ebsuar forc\u00ebn e Gjek\u00ebs .<\/p>\n<p><strong><em>\u201cSpuzha sam pao sam se ubio\u201d m\u00eb tha k\u00ebtyre dit\u00ebve nj\u00eb serbo-malazias&#8230;?!!!<\/em><\/strong><\/p>\n<p>K\u00ebtyre dit\u00ebve deri sa po kaloja rrug\u00ebs pran\u00eb Sht\u00ebpis\u00eb s\u00eb Kultur\u00ebs, m\u00eb t\u00ebrhoqi v\u00ebrejtjen, nj\u00eb i njohur i cili mbante n\u00eb dor\u00eb nj\u00eb shkrim t\u00eb gazet\u00ebs \u201cDan\u201d, dhe pasi e hapi at\u00eb duke arsyetuar shkrimin p\u00ebr rastin dhe duke th\u00ebn\u00eb q\u00eb edhe atij po i b\u00ebhej nj\u00eb e pa drejt\u00eb nga ana e Ndrekiqit, si nj\u00ebri nga themeluesit e DPS-s\u00eb, por duke mos e kuptuar drejt\u00eb Spuzh\u00ebn ,tha se k\u00ebtij askush nga partia nuk i ka faj . \u201cAi vet\u00eb ka r\u00ebn\u00eb dhe vet\u00eb \u00ebsht\u00eb rr\u00ebzuar \u201c, ceku ai, \u201cmir\u00ebpo mbetet p\u00ebr t\u00eb analizuar edhe pozitat tona si komb\u00ebsi n\u00eb k\u00ebt\u00eb parti ngase ndihemi t\u00eb anashkaluar dhe t\u00eb rrezikuar&#8230;\u201d?!!! Kuptohet q\u00eb p\u00ebr k\u00ebt\u00eb deklarim t\u00eb tijin , si i thon\u00eb fjal\u00ebs, \u201cnuk e b\u00ebra qefin qeder\u201d duke ia prishur, por syt\u00eb , pa dashje m\u00eb shkuan nga sht\u00ebpia e Kultur\u00ebs , ku Spuzha ish nj\u00eb koh\u00eb drejtor, dhe mu kujtua nj\u00eb bised\u00eb me t\u00eb pun\u00ebsuarit e k\u00ebsaj nd\u00ebrmarrjeje- pa dallim feje e komb\u00ebsie, t\u00eb cil\u00ebt n\u00eb pyetjen time, se cili nga drejtor\u00ebt e k\u00ebsaj sht\u00ebpie , u kishin mbetur n\u00eb kujtes\u00eb p\u00ebr t\u00eb mir\u00eb , pas viteve 90, ata para meje, me t\u00eb drejt\u00eb, ve\u00e7uan si t\u00eb parin Muho Spuzh\u00ebn..?!! N\u00ebse ishte k\u00ebshtu, v\u00ebrtet\u00eb lind pyetja : Athua p\u00ebrse DPS e dogji at\u00eb si kuad\u00ebr&#8230;.?!!!<\/p>\n<p><strong><em>DPS-i dhe integralet matematike&#8230;.<\/em><\/strong><\/p>\n<p>Po m\u00eb kujtohet rasti q\u00eb kur isha student i Prishtin\u00ebs, dhe kur m\u00eb ra n\u00eb dor\u00eb nj\u00eb gazet\u00eb ilegale e ndaluar e asaj koh\u00eb q\u00eb njihej si organ i Frontit t\u00eb Kuq, i cili po duket vepronte n\u00eb Kosov\u00eb, por me seli n\u00eb Shqip\u00ebri. .., duke qen\u00eb e ndaluar , m\u00eb t\u00ebrhoqi v\u00ebrejtjen , dhe mu ngulit n\u00eb kujtes\u00eb p\u00ebr t\u00ebr\u00eb jet\u00ebn, nj\u00eb shkrim i saj q\u00eb shkruante <strong><em>TITOA N\u00cb DJALL&#8230;.?! <\/em><\/strong>N\u00eb te thoshte<strong><em>: &#8230;Edhe pse fatin ton\u00eb nuk e lidhim me jet\u00ebn apo vdekjen e armiqve, vdekja e satrapit Tito, na g\u00ebzoi pa mas\u00eb &#8230;?!!! <\/em> <\/strong><\/p>\n<p>Nga qasja e shkrimit , mund t\u00eb kuptohej se partia e Titos, me konceptin e saj qytetar , p\u00ebr koh\u00ebn, ishte b\u00ebr\u00eb e vog\u00ebl dhe e pa mjaftueshme, p\u00ebr t\u00eb k\u00ebnaqur nevojat e kombeve dhe komb\u00ebsive , pastaj t\u00eb p\u00ebrkat\u00ebsive konfesionale etj. N\u00eb at\u00eb moment , n\u00eb kok\u00eb , \u00e7udit\u00ebrisht, filluan e t\u00eb m\u00eb sillen konceptet e integraleve n\u00eb matematik\u00eb- t\u00eb atyre segmenteve , q\u00eb kan\u00eb aft\u00ebsi t\u00eb limituar t\u00eb bashkimit brenda bashk\u00ebsis\u00eb , n\u00eb var\u00ebsi prej pikave, a,bc,&#8230;Dhe ndahen n\u00eb tre grupe: Integrale t\u00eb kufizuara, t\u00eb pa kufizuara dhe ato q\u00eb quhen integrale jo t\u00eb vet\u00eb&#8230; Mu duk se ne shqiptar\u00ebt, n\u00eb kuad\u00ebr t\u00eb k\u00ebsaj krijese shtet\u00ebrore i binte t\u00eb ishim integral jo t\u00eb vet\u00eb. P\u00ebr t\u00eb cilin , shprehur me gjuh\u00ebn e matematik\u00ebs , i bie, t\u00eb shkosh (politikisht),n\u00eb t\u00eb gjitha pikat( plus- minus infinit), por edhe t\u00eb rrokullis\u00ebsh duke mos u ndalur \u201cas t\u00eb vet\u00eb\u201d&#8230;.Ky proces at\u00ebher\u00eb kish p\u00ebrfshir\u00eb udh\u00ebheqjen krahinore pas diferencimeve politike t\u00eb ngjarjeve \u201ckund\u00ebr revolucionare\u201d t\u00eb 81. Procesi i k\u00ebtill\u00eb n\u00eb Ulqin , kish prekur me d\u00ebshir\u00eb t\u00eb komitetit qendror edhe kuadrin arsimor nga Ana e Malit me rrethin\u00eb&#8230;?!!!<\/p>\n<p>At\u00eb her\u00eb (s)e di p\u00ebrse, q\u00eb edhe vet\u00eb, po edhe t\u00eb gjith\u00eb njer\u00ebzit e politik\u00ebs dhe aft\u00ebsis\u00eb s\u00eb tyre integruese brenda bashk\u00ebsis\u00eb, n\u00eb var\u00ebsi prej kombit , komb\u00ebsis\u00eb apo konfesionit , q\u00eb i takonin, n\u00eb mendimin tim politik, filluan e mor\u00ebn form\u00ebn e integraleve&#8230;.?!!! Si duket , nga kjo koh\u00eb edhe ky\u00e7ja n\u00eb politik\u00eb n\u00eb Ulqinit, kur \u00ebsht\u00eb fjala te politika zyrtare, vazhdon t\u00eb jet\u00eb integral matematik q\u00eb varet prej kredis\u00eb s\u00eb fituar nga kjo koh\u00eb si p\u00ebrshtatshm\u00ebri. Andaj po duket q\u00eb n\u00eb Dps-s\u00eb, ende vazhdojn\u00eb t\u00eb palarat e koh\u00ebs komuniste nga: \u201c&#8230;. revolucioni vazhdon\u201d, me at\u00eb si e kupton, konceptin qytetar\u00eb Ndrekiqi, por q\u00eb nuk \u00ebsht\u00eb vet\u00eb&#8230;?!!! Shikuar , situat\u00ebn sipas neve, ata q\u00eb mendojn\u00eb si Spuzha(Ulqinak\u00ebt), n\u00eb angazhimin politik n\u00eb DPS, u takon t\u00eb jen\u00eb\u201d integral jo t\u00eb vet\u00eb\u201d, \u00e7ka do t\u00eb thot\u00eb, se mund t\u00eb nis\u00ebn e t\u00eb shkojn\u00eb n\u00eb hierarki nga pika a, e deri n\u00eb infinit, por q\u00eb edhe mund t\u00eb rr\u00ebzohen duke mos u \u00e7uar fare ?!! Ose t\u00eb jen\u00eb integral i kufizuar (si anamalasit apo malazez\u00ebt), q\u00eb mund t\u00eb shkojn\u00eb nga pika <strong><em>a<\/em><\/strong> deri n\u00eb pik\u00ebn <strong><em>C, duke u m\u00ebsuar dhe pajtuar me k\u00ebt\u00eb, <\/em><\/strong>ose t\u00eb jen\u00eb integral i pa kufizuar si Loroja, Shkrela e Kastrati, t\u00eb cil\u00ebt as q\u00eb mund t\u00eb flitet p\u00ebr t\u00eb nd\u00ebrruar statusin integral matematikor dhe politik.<\/p>\n<p>Ajo \u00e7ka \u00ebsht\u00eb m\u00eb e rrezikshme n\u00eb k\u00ebt\u00eb pun\u00eb dhe tep\u00ebr e d\u00ebmshme , p\u00ebr t\u00eb gjith\u00eb qytetar\u00ebt e Ulqinit, \u00ebsht\u00eb propaganda e tyre , madje edhe e hapur, kur p\u00ebr t\u00eb ruajtur pozitat e veta , n\u00eb adres\u00eb t\u00eb \u201cte b\u00ebmave t\u00eb dikurshme- anti shtet\u201d, p\u00ebrpiqen t\u00eb akuzojn\u00eb t\u00eb tjer\u00ebt, p\u00ebr komplot anti -shtet ,si dikur e nj\u00eb koh\u00eb dhe harrojn\u00eb se t\u00eb gjith\u00eb qytetar\u00ebt e Ulqinit, pa marr\u00eb parasysh bindjet partiake, mor\u00ebn pjes\u00eb n\u00eb formimin e tij?!! Un\u00eb , personalisht, nuk e di si ti kuptoj, fjal\u00ebt e Shkrelit, t\u00eb para disa koh\u00ebve, at\u00ebher\u00eb kur n\u00eb politik\u00eb \u201c mori n\u00eb thu&#8230;\u201d dhe u shpreh me fjal\u00ebt :\u201d Se dikush nuk d\u00ebshiron t\u00eb shoh DPS-in n\u00eb Ulqin, qeverin\u00eb n\u00eb Ulqin&#8230;,\u201d. Q\u00eb shprehur me fjal\u00eb t\u00eb tjera, sikur d\u00ebshironte t\u00eb thoshte, se po t\u00eb mos ishte ai me shok\u00eb, as Ulqini nuk do t\u00eb ishte n\u00eb Ulqin&#8230;?!!! Mbase ka ardhur koha q\u00eb edhe qendra ta ket\u00eb kuptuar q\u00eb partia , n\u00eb se d\u00ebshiron t\u00eb fuqizohet, duhet t\u00eb heq teshat e pa lara komuniste t\u00eb integraleve&#8230;, kurse Ndrekiq, duhet ta kuptoj\u00eb q\u00eb ka kaluar koha e asaj q\u00eb thot\u00eb shpesh \u201c Se pa DPS(kupto Loron), nuk mund t\u00eb ket\u00eb zhvillim t\u00eb Ulqinit, edhe pse koha po duket punoi p\u00ebr Gjek\u00ebn&#8230;?!!!<\/p>\n","protected":false},"excerpt":{"rendered":"<p>Shkruan Muhamet Nika (shkolla amerikane , m\u00ebson analist\u00ebt, q\u00eb gjat\u00eb b\u00ebrjes s\u00eb nj\u00eb analize duhet \u201c t\u00eb vrasin mikun?! N\u00eb kuptimin q\u00eb shkrimi- analiza t\u00eb mos jet\u00eb e nj\u00ebanshme&#8230;?!!!) \u00cbsht\u00eb fakt q\u00eb kryesia e DPS-it, n\u00eb fakt kryetari i saj Loro Ndrekiq k\u00ebtyre dit\u00ebve, \u00ebsht\u00eb v\u00ebn\u00eb n\u00eb nishan t\u00eb medias dhe me gjasa tep\u00ebr t\u00eb [&hellip;]<\/p>\n","protected":false},"author":1,"featured_media":0,"comment_status":"closed","ping_status":"closed","sticky":false,"template":"","format":"standard","meta":{"spay_email":"","jetpack_publicize_message":"","jetpack_is_tweetstorm":false,"jetpack_publicize_feature_enabled":true},"categories":[1,14249],"tags":[],"jetpack_publicize_connections":[],"yoast_head":"<!-- This site is optimized with the Yoast SEO plugin v19.1 - https:\/\/yoast.com\/wordpress\/plugins\/seo\/ -->\n<title>Nika: T\u00eb palarat e DPS-it n\u00eb Ulqin - Lajme nga Ulqini<\/title>\n<meta name=\"description\" content=\"Shkruan Muhamet Nika (shkolla amerikane , m\u00ebson analist\u00ebt, q\u00eb gjat\u00eb b\u00ebrjes s\u00eb nj\u00eb analize duhet \u201c t\u00eb vrasin mikun?! N\u00eb kuptimin q\u00eb shkrimi- analiza t\u00eb mos\" \/>\n<meta name=\"robots\" content=\"index, follow, max-snippet:-1, max-image-preview:large, max-video-preview:-1\" \/>\n<link rel=\"canonical\" href=\"https:\/\/www.visit-ulcinj.com\/blog\/2014\/08\/19\/nika-te-palarat-e-dps-ne-ulqin\/\" \/>\n<meta property=\"og:locale\" content=\"en_US\" \/>\n<meta property=\"og:type\" content=\"article\" \/>\n<meta property=\"og:title\" content=\"Nika: T\u00eb palarat e DPS-it n\u00eb Ulqin - Lajme nga Ulqini\" \/>\n<meta property=\"og:description\" content=\"Shkruan Muhamet Nika (shkolla amerikane , m\u00ebson analist\u00ebt, q\u00eb gjat\u00eb b\u00ebrjes s\u00eb nj\u00eb analize duhet \u201c t\u00eb vrasin mikun?! N\u00eb kuptimin q\u00eb shkrimi- analiza t\u00eb mos\" \/>\n<meta property=\"og:url\" content=\"https:\/\/www.visit-ulcinj.com\/blog\/2014\/08\/19\/nika-te-palarat-e-dps-ne-ulqin\/\" \/>\n<meta property=\"og:site_name\" content=\"Lajme nga Ulqini\" \/>\n<meta property=\"article:published_time\" content=\"2014-08-19T17:54:38+00:00\" \/>\n<meta property=\"article:modified_time\" content=\"2014-08-20T16:24:19+00:00\" \/>\n<meta property=\"og:image\" content=\"http:\/\/www.visit-ulcinj.com\/blog\/wp-content\/uploads\/2014\/08\/Muho-Spuza-Ulcinj-DPS.jpg\" \/>\n<meta name=\"twitter:label1\" content=\"Written by\" \/>\n\t<meta name=\"twitter:data1\" content=\"ulqini\" \/>\n\t<meta name=\"twitter:label2\" content=\"Est. reading time\" \/>\n\t<meta name=\"twitter:data2\" content=\"8 minutes\" \/>\n<script type=\"application\/ld+json\" class=\"yoast-schema-graph\">{\"@context\":\"https:\/\/schema.org\",\"@graph\":[{\"@type\":\"WebSite\",\"@id\":\"https:\/\/www.visit-ulcinj.com\/blog\/#website\",\"url\":\"https:\/\/www.visit-ulcinj.com\/blog\/\",\"name\":\"Lajme nga Ulqini\",\"description\":\"Lajme,Vijesti,Ulqini,Ulqin,Crna Gora,Mali i Zi\",\"potentialAction\":[{\"@type\":\"SearchAction\",\"target\":{\"@type\":\"EntryPoint\",\"urlTemplate\":\"https:\/\/www.visit-ulcinj.com\/blog\/?s={search_term_string}\"},\"query-input\":\"required name=search_term_string\"}],\"inLanguage\":\"en-US\"},{\"@type\":\"ImageObject\",\"inLanguage\":\"en-US\",\"@id\":\"https:\/\/www.visit-ulcinj.com\/blog\/2014\/08\/19\/nika-te-palarat-e-dps-ne-ulqin\/#primaryimage\",\"url\":\"https:\/\/www.visit-ulcinj.com\/blog\/wp-content\/uploads\/2014\/08\/Muho-Spuza-Ulcinj-DPS.jpg\",\"contentUrl\":\"https:\/\/www.visit-ulcinj.com\/blog\/wp-content\/uploads\/2014\/08\/Muho-Spuza-Ulcinj-DPS.jpg\",\"width\":600,\"height\":450},{\"@type\":\"WebPage\",\"@id\":\"https:\/\/www.visit-ulcinj.com\/blog\/2014\/08\/19\/nika-te-palarat-e-dps-ne-ulqin\/#webpage\",\"url\":\"https:\/\/www.visit-ulcinj.com\/blog\/2014\/08\/19\/nika-te-palarat-e-dps-ne-ulqin\/\",\"name\":\"Nika: T\u00eb palarat e DPS-it n\u00eb Ulqin - Lajme nga Ulqini\",\"isPartOf\":{\"@id\":\"https:\/\/www.visit-ulcinj.com\/blog\/#website\"},\"primaryImageOfPage\":{\"@id\":\"https:\/\/www.visit-ulcinj.com\/blog\/2014\/08\/19\/nika-te-palarat-e-dps-ne-ulqin\/#primaryimage\"},\"datePublished\":\"2014-08-19T17:54:38+00:00\",\"dateModified\":\"2014-08-20T16:24:19+00:00\",\"author\":{\"@id\":\"https:\/\/www.visit-ulcinj.com\/blog\/#\/schema\/person\/dcab619c614d3038751c63bc2aadc06d\"},\"description\":\"Shkruan Muhamet Nika (shkolla amerikane , m\u00ebson analist\u00ebt, q\u00eb gjat\u00eb b\u00ebrjes s\u00eb nj\u00eb analize duhet \u201c t\u00eb vrasin mikun?! N\u00eb kuptimin q\u00eb shkrimi- analiza t\u00eb mos\",\"breadcrumb\":{\"@id\":\"https:\/\/www.visit-ulcinj.com\/blog\/2014\/08\/19\/nika-te-palarat-e-dps-ne-ulqin\/#breadcrumb\"},\"inLanguage\":\"en-US\",\"potentialAction\":[{\"@type\":\"ReadAction\",\"target\":[\"https:\/\/www.visit-ulcinj.com\/blog\/2014\/08\/19\/nika-te-palarat-e-dps-ne-ulqin\/\"]}]},{\"@type\":\"BreadcrumbList\",\"@id\":\"https:\/\/www.visit-ulcinj.com\/blog\/2014\/08\/19\/nika-te-palarat-e-dps-ne-ulqin\/#breadcrumb\",\"itemListElement\":[{\"@type\":\"ListItem\",\"position\":1,\"name\":\"Nika: T\u00eb palarat e DPS-it n\u00eb Ulqin\"}]},{\"@type\":\"Person\",\"@id\":\"https:\/\/www.visit-ulcinj.com\/blog\/#\/schema\/person\/dcab619c614d3038751c63bc2aadc06d\",\"name\":\"ulqini\",\"sameAs\":[\"http:\/\/www.visit-ulcinj.com\"],\"url\":\"https:\/\/www.visit-ulcinj.com\/blog\/author\/admin\/\"}]}<\/script>\n<!-- \/ Yoast SEO plugin. -->","yoast_head_json":{"title":"Nika: T\u00eb palarat e DPS-it n\u00eb Ulqin - Lajme nga Ulqini","description":"Shkruan Muhamet Nika (shkolla amerikane , m\u00ebson analist\u00ebt, q\u00eb gjat\u00eb b\u00ebrjes s\u00eb nj\u00eb analize duhet \u201c t\u00eb vrasin mikun?! N\u00eb kuptimin q\u00eb shkrimi- analiza t\u00eb mos","robots":{"index":"index","follow":"follow","max-snippet":"max-snippet:-1","max-image-preview":"max-image-preview:large","max-video-preview":"max-video-preview:-1"},"canonical":"https:\/\/www.visit-ulcinj.com\/blog\/2014\/08\/19\/nika-te-palarat-e-dps-ne-ulqin\/","og_locale":"en_US","og_type":"article","og_title":"Nika: T\u00eb palarat e DPS-it n\u00eb Ulqin - Lajme nga Ulqini","og_description":"Shkruan Muhamet Nika (shkolla amerikane , m\u00ebson analist\u00ebt, q\u00eb gjat\u00eb b\u00ebrjes s\u00eb nj\u00eb analize duhet \u201c t\u00eb vrasin mikun?! N\u00eb kuptimin q\u00eb shkrimi- analiza t\u00eb mos","og_url":"https:\/\/www.visit-ulcinj.com\/blog\/2014\/08\/19\/nika-te-palarat-e-dps-ne-ulqin\/","og_site_name":"Lajme nga Ulqini","article_published_time":"2014-08-19T17:54:38+00:00","article_modified_time":"2014-08-20T16:24:19+00:00","og_image":[{"url":"http:\/\/www.visit-ulcinj.com\/blog\/wp-content\/uploads\/2014\/08\/Muho-Spuza-Ulcinj-DPS.jpg"}],"twitter_misc":{"Written by":"ulqini","Est. reading time":"8 minutes"},"schema":{"@context":"https:\/\/schema.org","@graph":[{"@type":"WebSite","@id":"https:\/\/www.visit-ulcinj.com\/blog\/#website","url":"https:\/\/www.visit-ulcinj.com\/blog\/","name":"Lajme nga Ulqini","description":"Lajme,Vijesti,Ulqini,Ulqin,Crna Gora,Mali i Zi","potentialAction":[{"@type":"SearchAction","target":{"@type":"EntryPoint","urlTemplate":"https:\/\/www.visit-ulcinj.com\/blog\/?s={search_term_string}"},"query-input":"required name=search_term_string"}],"inLanguage":"en-US"},{"@type":"ImageObject","inLanguage":"en-US","@id":"https:\/\/www.visit-ulcinj.com\/blog\/2014\/08\/19\/nika-te-palarat-e-dps-ne-ulqin\/#primaryimage","url":"https:\/\/www.visit-ulcinj.com\/blog\/wp-content\/uploads\/2014\/08\/Muho-Spuza-Ulcinj-DPS.jpg","contentUrl":"https:\/\/www.visit-ulcinj.com\/blog\/wp-content\/uploads\/2014\/08\/Muho-Spuza-Ulcinj-DPS.jpg","width":600,"height":450},{"@type":"WebPage","@id":"https:\/\/www.visit-ulcinj.com\/blog\/2014\/08\/19\/nika-te-palarat-e-dps-ne-ulqin\/#webpage","url":"https:\/\/www.visit-ulcinj.com\/blog\/2014\/08\/19\/nika-te-palarat-e-dps-ne-ulqin\/","name":"Nika: T\u00eb palarat e DPS-it n\u00eb Ulqin - Lajme nga Ulqini","isPartOf":{"@id":"https:\/\/www.visit-ulcinj.com\/blog\/#website"},"primaryImageOfPage":{"@id":"https:\/\/www.visit-ulcinj.com\/blog\/2014\/08\/19\/nika-te-palarat-e-dps-ne-ulqin\/#primaryimage"},"datePublished":"2014-08-19T17:54:38+00:00","dateModified":"2014-08-20T16:24:19+00:00","author":{"@id":"https:\/\/www.visit-ulcinj.com\/blog\/#\/schema\/person\/dcab619c614d3038751c63bc2aadc06d"},"description":"Shkruan Muhamet Nika (shkolla amerikane , m\u00ebson analist\u00ebt, q\u00eb gjat\u00eb b\u00ebrjes s\u00eb nj\u00eb analize duhet \u201c t\u00eb vrasin mikun?! N\u00eb kuptimin q\u00eb shkrimi- analiza t\u00eb mos","breadcrumb":{"@id":"https:\/\/www.visit-ulcinj.com\/blog\/2014\/08\/19\/nika-te-palarat-e-dps-ne-ulqin\/#breadcrumb"},"inLanguage":"en-US","potentialAction":[{"@type":"ReadAction","target":["https:\/\/www.visit-ulcinj.com\/blog\/2014\/08\/19\/nika-te-palarat-e-dps-ne-ulqin\/"]}]},{"@type":"BreadcrumbList","@id":"https:\/\/www.visit-ulcinj.com\/blog\/2014\/08\/19\/nika-te-palarat-e-dps-ne-ulqin\/#breadcrumb","itemListElement":[{"@type":"ListItem","position":1,"name":"Nika: T\u00eb palarat e DPS-it n\u00eb Ulqin"}]},{"@type":"Person","@id":"https:\/\/www.visit-ulcinj.com\/blog\/#\/schema\/person\/dcab619c614d3038751c63bc2aadc06d","name":"ulqini","sameAs":["http:\/\/www.visit-ulcinj.com"],"url":"https:\/\/www.visit-ulcinj.com\/blog\/author\/admin\/"}]}},"jetpack_featured_media_url":"","jetpack_sharing_enabled":true,"jetpack_shortlink":"https:\/\/wp.me\/pe6lTn-m1I","_links":{"self":[{"href":"https:\/\/www.visit-ulcinj.com\/blog\/wp-json\/wp\/v2\/posts\/84674"}],"collection":[{"href":"https:\/\/www.visit-ulcinj.com\/blog\/wp-json\/wp\/v2\/posts"}],"about":[{"href":"https:\/\/www.visit-ulcinj.com\/blog\/wp-json\/wp\/v2\/types\/post"}],"author":[{"embeddable":true,"href":"https:\/\/www.visit-ulcinj.com\/blog\/wp-json\/wp\/v2\/users\/1"}],"replies":[{"embeddable":true,"href":"https:\/\/www.visit-ulcinj.com\/blog\/wp-json\/wp\/v2\/comments?post=84674"}],"version-history":[{"count":1,"href":"https:\/\/www.visit-ulcinj.com\/blog\/wp-json\/wp\/v2\/posts\/84674\/revisions"}],"predecessor-version":[{"id":84676,"href":"https:\/\/www.visit-ulcinj.com\/blog\/wp-json\/wp\/v2\/posts\/84674\/revisions\/84676"}],"wp:attachment":[{"href":"https:\/\/www.visit-ulcinj.com\/blog\/wp-json\/wp\/v2\/media?parent=84674"}],"wp:term":[{"taxonomy":"category","embeddable":true,"href":"https:\/\/www.visit-ulcinj.com\/blog\/wp-json\/wp\/v2\/categories?post=84674"},{"taxonomy":"post_tag","embeddable":true,"href":"https:\/\/www.visit-ulcinj.com\/blog\/wp-json\/wp\/v2\/tags?post=84674"}],"curies":[{"name":"wp","href":"https:\/\/api.w.org\/{rel}","templated":true}]}}