{"id":84677,"date":"2014-08-20T08:14:33","date_gmt":"2014-08-20T07:14:33","guid":{"rendered":"http:\/\/www.visit-ulcinj.com\/blog\/?p=84677"},"modified":"2014-08-20T08:14:33","modified_gmt":"2014-08-20T07:14:33","slug":"ulcinjska-solana-na-prodaju-za-179-miliona-evra","status":"publish","type":"post","link":"https:\/\/www.visit-ulcinj.com\/blog\/2014\/08\/20\/ulcinjska-solana-na-prodaju-za-179-miliona-evra\/","title":{"rendered":"Ulcinjska solana na prodaju za 179 miliona evra"},"content":{"rendered":"<p><strong><a href=\"http:\/\/www.visit-ulcinj.com\/blog\/wp-content\/uploads\/2012\/11\/solana-ulcinj.jpg\"><img loading=\"lazy\" class=\"alignleft wp-image-65506\" src=\"http:\/\/www.visit-ulcinj.com\/blog\/wp-content\/uploads\/2012\/11\/solana-ulcinj.jpg\" alt=\"solana-ulcinj\" width=\"508\" height=\"341\" srcset=\"https:\/\/www.visit-ulcinj.com\/blog\/wp-content\/uploads\/2012\/11\/solana-ulcinj.jpg 975w, https:\/\/www.visit-ulcinj.com\/blog\/wp-content\/uploads\/2012\/11\/solana-ulcinj-300x201.jpg 300w\" sizes=\"(max-width: 508px) 100vw, 508px\" \/><\/a>Ste\u010dajna uprava crnogorske Solane &#8220;Bajo Sekuli\u0107&#8221; objavila je novi tender za prodaju celokupne imovine preduze\u0107a po po\u010detnoj ceni od 179 miliona evra.<\/strong><\/p>\n<p style=\"text-align: justify;\">Do sada je bezuspesno raspisivano 10 oglasa za prodaju, a na novom tenderu cena je 11 miliona evra ni\u017ea nego na prethodnom, prenosi portal Cdm.me.<\/p>\n<p style=\"text-align: justify;\">Na prodaju je nepokretna i pokretna imovina koju \u010dine zemlji\u0161te, poslovne zgrade, elektroenergetski i objekti za vodu i gasovod, kanali &#8211; sve locirano u Op\u0161tini Ulcinj, na povr\u0161ini od oko 14,5 miliona kvadratnih metara, kao i tehnolo\u0161ka i kancelarijska oprema, gra\u0111evinska mehanizacija i transportna sredstva.<\/p>\n<p style=\"text-align: justify;\">Pravo da u\u010destvuju na javnom nadmetanju imaju sve kompanije i gra\u0111ani iz zemlje i inostranstva koji uplate depozit za u\u010de\u0161\u0107e od jedan odsto po\u010detne cene ili prilo\u017ee garanciju poslovne banke na nazna\u010denu vrednost, neopozivu i naplativu na prvi poziv.<\/p>\n<p style=\"text-align: justify;\">U kompaniji je 2005, zbog duga od 13 hiljada evra, uveden programirani ste\u010daj, koji nije dao rezultate, pa je po\u010detkom 2011. godine uveden klasi\u010dni. Vlada je u novembru 2011. solani oduzela koncesiju na kori\u0161\u0107enje morske vode.<\/p>\n<p><strong><span class=\"news_detalj_izvor\">Izvor: RTCG<\/span><\/strong><\/p>\n","protected":false},"excerpt":{"rendered":"<p>Ste\u010dajna uprava crnogorske Solane &#8220;Bajo Sekuli\u0107&#8221; objavila je novi tender za prodaju celokupne imovine preduze\u0107a po po\u010detnoj ceni od 179 miliona evra. Do sada je bezuspesno raspisivano 10 oglasa za prodaju, a na novom tenderu cena je 11 miliona evra ni\u017ea nego na prethodnom, prenosi portal Cdm.me. Na prodaju je nepokretna i pokretna imovina koju [&hellip;]<\/p>\n","protected":false},"author":1,"featured_media":0,"comment_status":"closed","ping_status":"closed","sticky":false,"template":"","format":"standard","meta":{"spay_email":"","jetpack_publicize_message":"","jetpack_is_tweetstorm":false,"jetpack_publicize_feature_enabled":true},"categories":[6950],"tags":[],"jetpack_publicize_connections":[],"yoast_head":"<!-- This site is optimized with the Yoast SEO plugin v19.1 - https:\/\/yoast.com\/wordpress\/plugins\/seo\/ -->\n<title>Ulcinjska solana na prodaju za 179 miliona evra - Lajme nga Ulqini<\/title>\n<meta name=\"description\" content=\"Ste\u010dajna uprava crnogorske Solane &quot;Bajo Sekuli\u0107&quot; objavila je novi tender za prodaju celokupne imovine preduze\u0107a po po\u010detnoj ceni od 179 miliona evra. Do\" \/>\n<meta name=\"robots\" content=\"index, follow, max-snippet:-1, max-image-preview:large, max-video-preview:-1\" \/>\n<link rel=\"canonical\" href=\"https:\/\/www.visit-ulcinj.com\/blog\/2014\/08\/20\/ulcinjska-solana-na-prodaju-za-179-miliona-evra\/\" \/>\n<meta property=\"og:locale\" content=\"en_US\" \/>\n<meta property=\"og:type\" content=\"article\" \/>\n<meta property=\"og:title\" content=\"Ulcinjska solana na prodaju za 179 miliona evra - Lajme nga Ulqini\" \/>\n<meta property=\"og:description\" content=\"Ste\u010dajna uprava crnogorske Solane &quot;Bajo Sekuli\u0107&quot; objavila je novi tender za prodaju celokupne imovine preduze\u0107a po po\u010detnoj ceni od 179 miliona evra. Do\" \/>\n<meta property=\"og:url\" content=\"https:\/\/www.visit-ulcinj.com\/blog\/2014\/08\/20\/ulcinjska-solana-na-prodaju-za-179-miliona-evra\/\" \/>\n<meta property=\"og:site_name\" content=\"Lajme nga Ulqini\" \/>\n<meta property=\"article:published_time\" content=\"2014-08-20T07:14:33+00:00\" \/>\n<meta property=\"og:image\" content=\"http:\/\/www.visit-ulcinj.com\/blog\/wp-content\/uploads\/2012\/11\/solana-ulcinj.jpg\" \/>\n<meta name=\"twitter:label1\" content=\"Written by\" \/>\n\t<meta name=\"twitter:data1\" content=\"ulqini\" \/>\n\t<meta name=\"twitter:label2\" content=\"Est. reading time\" \/>\n\t<meta name=\"twitter:data2\" content=\"1 minute\" \/>\n<script type=\"application\/ld+json\" class=\"yoast-schema-graph\">{\"@context\":\"https:\/\/schema.org\",\"@graph\":[{\"@type\":\"WebSite\",\"@id\":\"https:\/\/www.visit-ulcinj.com\/blog\/#website\",\"url\":\"https:\/\/www.visit-ulcinj.com\/blog\/\",\"name\":\"Lajme nga Ulqini\",\"description\":\"Lajme,Vijesti,Ulqini,Ulqin,Crna Gora,Mali i Zi\",\"potentialAction\":[{\"@type\":\"SearchAction\",\"target\":{\"@type\":\"EntryPoint\",\"urlTemplate\":\"https:\/\/www.visit-ulcinj.com\/blog\/?s={search_term_string}\"},\"query-input\":\"required name=search_term_string\"}],\"inLanguage\":\"en-US\"},{\"@type\":\"ImageObject\",\"inLanguage\":\"en-US\",\"@id\":\"https:\/\/www.visit-ulcinj.com\/blog\/2014\/08\/20\/ulcinjska-solana-na-prodaju-za-179-miliona-evra\/#primaryimage\",\"url\":\"https:\/\/www.visit-ulcinj.com\/blog\/wp-content\/uploads\/2012\/11\/solana-ulcinj.jpg\",\"contentUrl\":\"https:\/\/www.visit-ulcinj.com\/blog\/wp-content\/uploads\/2012\/11\/solana-ulcinj.jpg\",\"width\":\"975\",\"height\":\"655\"},{\"@type\":\"WebPage\",\"@id\":\"https:\/\/www.visit-ulcinj.com\/blog\/2014\/08\/20\/ulcinjska-solana-na-prodaju-za-179-miliona-evra\/#webpage\",\"url\":\"https:\/\/www.visit-ulcinj.com\/blog\/2014\/08\/20\/ulcinjska-solana-na-prodaju-za-179-miliona-evra\/\",\"name\":\"Ulcinjska solana na prodaju za 179 miliona evra - Lajme nga Ulqini\",\"isPartOf\":{\"@id\":\"https:\/\/www.visit-ulcinj.com\/blog\/#website\"},\"primaryImageOfPage\":{\"@id\":\"https:\/\/www.visit-ulcinj.com\/blog\/2014\/08\/20\/ulcinjska-solana-na-prodaju-za-179-miliona-evra\/#primaryimage\"},\"datePublished\":\"2014-08-20T07:14:33+00:00\",\"dateModified\":\"2014-08-20T07:14:33+00:00\",\"author\":{\"@id\":\"https:\/\/www.visit-ulcinj.com\/blog\/#\/schema\/person\/dcab619c614d3038751c63bc2aadc06d\"},\"description\":\"Ste\u010dajna uprava crnogorske Solane \\\"Bajo Sekuli\u0107\\\" objavila je novi tender za prodaju celokupne imovine preduze\u0107a po po\u010detnoj ceni od 179 miliona evra. Do\",\"breadcrumb\":{\"@id\":\"https:\/\/www.visit-ulcinj.com\/blog\/2014\/08\/20\/ulcinjska-solana-na-prodaju-za-179-miliona-evra\/#breadcrumb\"},\"inLanguage\":\"en-US\",\"potentialAction\":[{\"@type\":\"ReadAction\",\"target\":[\"https:\/\/www.visit-ulcinj.com\/blog\/2014\/08\/20\/ulcinjska-solana-na-prodaju-za-179-miliona-evra\/\"]}]},{\"@type\":\"BreadcrumbList\",\"@id\":\"https:\/\/www.visit-ulcinj.com\/blog\/2014\/08\/20\/ulcinjska-solana-na-prodaju-za-179-miliona-evra\/#breadcrumb\",\"itemListElement\":[{\"@type\":\"ListItem\",\"position\":1,\"name\":\"Ulcinjska solana na prodaju za 179 miliona evra\"}]},{\"@type\":\"Person\",\"@id\":\"https:\/\/www.visit-ulcinj.com\/blog\/#\/schema\/person\/dcab619c614d3038751c63bc2aadc06d\",\"name\":\"ulqini\",\"sameAs\":[\"http:\/\/www.visit-ulcinj.com\"],\"url\":\"https:\/\/www.visit-ulcinj.com\/blog\/author\/admin\/\"}]}<\/script>\n<!-- \/ Yoast SEO plugin. -->","yoast_head_json":{"title":"Ulcinjska solana na prodaju za 179 miliona evra - Lajme nga Ulqini","description":"Ste\u010dajna uprava crnogorske Solane \"Bajo Sekuli\u0107\" objavila je novi tender za prodaju celokupne imovine preduze\u0107a po po\u010detnoj ceni od 179 miliona evra. Do","robots":{"index":"index","follow":"follow","max-snippet":"max-snippet:-1","max-image-preview":"max-image-preview:large","max-video-preview":"max-video-preview:-1"},"canonical":"https:\/\/www.visit-ulcinj.com\/blog\/2014\/08\/20\/ulcinjska-solana-na-prodaju-za-179-miliona-evra\/","og_locale":"en_US","og_type":"article","og_title":"Ulcinjska solana na prodaju za 179 miliona evra - Lajme nga Ulqini","og_description":"Ste\u010dajna uprava crnogorske Solane \"Bajo Sekuli\u0107\" objavila je novi tender za prodaju celokupne imovine preduze\u0107a po po\u010detnoj ceni od 179 miliona evra. Do","og_url":"https:\/\/www.visit-ulcinj.com\/blog\/2014\/08\/20\/ulcinjska-solana-na-prodaju-za-179-miliona-evra\/","og_site_name":"Lajme nga Ulqini","article_published_time":"2014-08-20T07:14:33+00:00","og_image":[{"url":"http:\/\/www.visit-ulcinj.com\/blog\/wp-content\/uploads\/2012\/11\/solana-ulcinj.jpg"}],"twitter_misc":{"Written by":"ulqini","Est. reading time":"1 minute"},"schema":{"@context":"https:\/\/schema.org","@graph":[{"@type":"WebSite","@id":"https:\/\/www.visit-ulcinj.com\/blog\/#website","url":"https:\/\/www.visit-ulcinj.com\/blog\/","name":"Lajme nga Ulqini","description":"Lajme,Vijesti,Ulqini,Ulqin,Crna Gora,Mali i Zi","potentialAction":[{"@type":"SearchAction","target":{"@type":"EntryPoint","urlTemplate":"https:\/\/www.visit-ulcinj.com\/blog\/?s={search_term_string}"},"query-input":"required name=search_term_string"}],"inLanguage":"en-US"},{"@type":"ImageObject","inLanguage":"en-US","@id":"https:\/\/www.visit-ulcinj.com\/blog\/2014\/08\/20\/ulcinjska-solana-na-prodaju-za-179-miliona-evra\/#primaryimage","url":"https:\/\/www.visit-ulcinj.com\/blog\/wp-content\/uploads\/2012\/11\/solana-ulcinj.jpg","contentUrl":"https:\/\/www.visit-ulcinj.com\/blog\/wp-content\/uploads\/2012\/11\/solana-ulcinj.jpg","width":"975","height":"655"},{"@type":"WebPage","@id":"https:\/\/www.visit-ulcinj.com\/blog\/2014\/08\/20\/ulcinjska-solana-na-prodaju-za-179-miliona-evra\/#webpage","url":"https:\/\/www.visit-ulcinj.com\/blog\/2014\/08\/20\/ulcinjska-solana-na-prodaju-za-179-miliona-evra\/","name":"Ulcinjska solana na prodaju za 179 miliona evra - Lajme nga Ulqini","isPartOf":{"@id":"https:\/\/www.visit-ulcinj.com\/blog\/#website"},"primaryImageOfPage":{"@id":"https:\/\/www.visit-ulcinj.com\/blog\/2014\/08\/20\/ulcinjska-solana-na-prodaju-za-179-miliona-evra\/#primaryimage"},"datePublished":"2014-08-20T07:14:33+00:00","dateModified":"2014-08-20T07:14:33+00:00","author":{"@id":"https:\/\/www.visit-ulcinj.com\/blog\/#\/schema\/person\/dcab619c614d3038751c63bc2aadc06d"},"description":"Ste\u010dajna uprava crnogorske Solane \"Bajo Sekuli\u0107\" objavila je novi tender za prodaju celokupne imovine preduze\u0107a po po\u010detnoj ceni od 179 miliona evra. Do","breadcrumb":{"@id":"https:\/\/www.visit-ulcinj.com\/blog\/2014\/08\/20\/ulcinjska-solana-na-prodaju-za-179-miliona-evra\/#breadcrumb"},"inLanguage":"en-US","potentialAction":[{"@type":"ReadAction","target":["https:\/\/www.visit-ulcinj.com\/blog\/2014\/08\/20\/ulcinjska-solana-na-prodaju-za-179-miliona-evra\/"]}]},{"@type":"BreadcrumbList","@id":"https:\/\/www.visit-ulcinj.com\/blog\/2014\/08\/20\/ulcinjska-solana-na-prodaju-za-179-miliona-evra\/#breadcrumb","itemListElement":[{"@type":"ListItem","position":1,"name":"Ulcinjska solana na prodaju za 179 miliona evra"}]},{"@type":"Person","@id":"https:\/\/www.visit-ulcinj.com\/blog\/#\/schema\/person\/dcab619c614d3038751c63bc2aadc06d","name":"ulqini","sameAs":["http:\/\/www.visit-ulcinj.com"],"url":"https:\/\/www.visit-ulcinj.com\/blog\/author\/admin\/"}]}},"jetpack_featured_media_url":"","jetpack_sharing_enabled":true,"jetpack_shortlink":"https:\/\/wp.me\/pe6lTn-m1L","_links":{"self":[{"href":"https:\/\/www.visit-ulcinj.com\/blog\/wp-json\/wp\/v2\/posts\/84677"}],"collection":[{"href":"https:\/\/www.visit-ulcinj.com\/blog\/wp-json\/wp\/v2\/posts"}],"about":[{"href":"https:\/\/www.visit-ulcinj.com\/blog\/wp-json\/wp\/v2\/types\/post"}],"author":[{"embeddable":true,"href":"https:\/\/www.visit-ulcinj.com\/blog\/wp-json\/wp\/v2\/users\/1"}],"replies":[{"embeddable":true,"href":"https:\/\/www.visit-ulcinj.com\/blog\/wp-json\/wp\/v2\/comments?post=84677"}],"version-history":[{"count":1,"href":"https:\/\/www.visit-ulcinj.com\/blog\/wp-json\/wp\/v2\/posts\/84677\/revisions"}],"predecessor-version":[{"id":84678,"href":"https:\/\/www.visit-ulcinj.com\/blog\/wp-json\/wp\/v2\/posts\/84677\/revisions\/84678"}],"wp:attachment":[{"href":"https:\/\/www.visit-ulcinj.com\/blog\/wp-json\/wp\/v2\/media?parent=84677"}],"wp:term":[{"taxonomy":"category","embeddable":true,"href":"https:\/\/www.visit-ulcinj.com\/blog\/wp-json\/wp\/v2\/categories?post=84677"},{"taxonomy":"post_tag","embeddable":true,"href":"https:\/\/www.visit-ulcinj.com\/blog\/wp-json\/wp\/v2\/tags?post=84677"}],"curies":[{"name":"wp","href":"https:\/\/api.w.org\/{rel}","templated":true}]}}