{"id":84679,"date":"2014-08-20T08:17:22","date_gmt":"2014-08-20T07:17:22","guid":{"rendered":"http:\/\/www.visit-ulcinj.com\/blog\/?p=84679"},"modified":"2014-08-20T08:17:22","modified_gmt":"2014-08-20T07:17:22","slug":"marko-miranovic-vlada-preuzima-ulcinjsku-solanu","status":"publish","type":"post","link":"https:\/\/www.visit-ulcinj.com\/blog\/2014\/08\/20\/marko-miranovic-vlada-preuzima-ulcinjsku-solanu\/","title":{"rendered":"Marko Miranovi\u0107: Vlada preuzima ulcinjsku Solanu"},"content":{"rendered":"<p><strong><a href=\"http:\/\/www.visit-ulcinj.com\/blog\/wp-content\/uploads\/2014\/04\/Ulcinjska-Solana-.jpg\"><img loading=\"lazy\" class=\"alignleft wp-image-81277\" src=\"http:\/\/www.visit-ulcinj.com\/blog\/wp-content\/uploads\/2014\/04\/Ulcinjska-Solana-.jpg\" alt=\"Ulcinjska-Solana-\" width=\"508\" height=\"338\" srcset=\"https:\/\/www.visit-ulcinj.com\/blog\/wp-content\/uploads\/2014\/04\/Ulcinjska-Solana-.jpg 720w, https:\/\/www.visit-ulcinj.com\/blog\/wp-content\/uploads\/2014\/04\/Ulcinjska-Solana--300x199.jpg 300w\" sizes=\"(max-width: 508px) 100vw, 508px\" \/><\/a>Predsjednik sindikata Solane Bajo Sekuli\u0107 iz Ulcinja Marko Miranovi\u0107 kazao je Dnevnim novinama da bi Vlada Crne Gore uskoro trebalo da preuzme jednu od najstarijih ulcinjskih fabrika.<\/strong><\/p>\n<p>\u201cVlada bi trebalo da isplati svih deset zaostalih li\u010dnih dohodaka, kao i da otplati dug od oko 20.000 eura za utro\u0161enu elektri\u010dnu energiju koji Solana ima prema Elektroprivredi. Isplata svih zaostalih zarada o\u010dekuje se do kraja 2014. godine. Vlada \u0107e povratiti Solanu, a isplati\u0107e i vlasnicima fabrike za sve ono \u0161to su do sad ulo\u017eili u nju\u201d, rekao je Miranovi\u0107 za Dnevne novine ne \u017eele\u0107i da otkrije odakle mu ova informacija.<\/p>\n<p style=\"text-align: justify;\">Predsjednik sindikata Solane kazao je da bi problem cijelokupne fabrike, kao i radnika trebalo \u0161to prije rije\u0161iti. Umjesto odmora, kako isti\u010de Miranovi\u0107, dr\u017eavni zvani\u010dnici bi kona\u010dno trebalo da uzmu sudbninu radnika u svoje ruke.<\/p>\n<p style=\"text-align: justify;\">\u201cVrijeme je vi\u0161e da se na na\u0161e probleme stavi ta\u010dka i da Solana kona\u010dno po\u010dne normalno funkcionisati\u201d objasnio je Miranovi\u0107.<\/p>\n<p style=\"text-align: justify;\">Nedavno, ste\u010dajna uprava ulcinjske Solane objavila je 11. tender za prodaju imovine preduze\u0107a po po\u010detnoj cijeni od 179 miliona eura.<\/p>\n<p style=\"text-align: justify;\"><strong>Izvor: <\/strong><strong>CDM<\/strong><em><strong><br \/>\n<\/strong><\/em><\/p>\n","protected":false},"excerpt":{"rendered":"<p>Predsjednik sindikata Solane Bajo Sekuli\u0107 iz Ulcinja Marko Miranovi\u0107 kazao je Dnevnim novinama da bi Vlada Crne Gore uskoro trebalo da preuzme jednu od najstarijih ulcinjskih fabrika. \u201cVlada bi trebalo da isplati svih deset zaostalih li\u010dnih dohodaka, kao i da otplati dug od oko 20.000 eura za utro\u0161enu elektri\u010dnu energiju koji Solana ima prema Elektroprivredi. [&hellip;]<\/p>\n","protected":false},"author":1,"featured_media":0,"comment_status":"closed","ping_status":"closed","sticky":false,"template":"","format":"standard","meta":{"spay_email":"","jetpack_publicize_message":"","jetpack_is_tweetstorm":false,"jetpack_publicize_feature_enabled":true},"categories":[8337],"tags":[],"jetpack_publicize_connections":[],"yoast_head":"<!-- This site is optimized with the Yoast SEO plugin v19.1 - https:\/\/yoast.com\/wordpress\/plugins\/seo\/ -->\n<title>Marko Miranovi\u0107: Vlada preuzima ulcinjsku Solanu - Lajme nga Ulqini<\/title>\n<meta name=\"description\" content=\"Predsjednik sindikata Solane Bajo Sekuli\u0107 iz Ulcinja Marko Miranovi\u0107 kazao je Dnevnim novinama da bi Vlada Crne Gore uskoro trebalo da preuzme jednu od\" \/>\n<meta name=\"robots\" content=\"index, follow, max-snippet:-1, max-image-preview:large, max-video-preview:-1\" \/>\n<link rel=\"canonical\" href=\"https:\/\/www.visit-ulcinj.com\/blog\/2014\/08\/20\/marko-miranovic-vlada-preuzima-ulcinjsku-solanu\/\" \/>\n<meta property=\"og:locale\" content=\"en_US\" \/>\n<meta property=\"og:type\" content=\"article\" \/>\n<meta property=\"og:title\" content=\"Marko Miranovi\u0107: Vlada preuzima ulcinjsku Solanu - Lajme nga Ulqini\" \/>\n<meta property=\"og:description\" content=\"Predsjednik sindikata Solane Bajo Sekuli\u0107 iz Ulcinja Marko Miranovi\u0107 kazao je Dnevnim novinama da bi Vlada Crne Gore uskoro trebalo da preuzme jednu od\" \/>\n<meta property=\"og:url\" content=\"https:\/\/www.visit-ulcinj.com\/blog\/2014\/08\/20\/marko-miranovic-vlada-preuzima-ulcinjsku-solanu\/\" \/>\n<meta property=\"og:site_name\" content=\"Lajme nga Ulqini\" \/>\n<meta property=\"article:published_time\" content=\"2014-08-20T07:17:22+00:00\" \/>\n<meta property=\"og:image\" content=\"http:\/\/www.visit-ulcinj.com\/blog\/wp-content\/uploads\/2014\/04\/Ulcinjska-Solana-.jpg\" \/>\n<meta name=\"twitter:label1\" content=\"Written by\" \/>\n\t<meta name=\"twitter:data1\" content=\"ulqini\" \/>\n\t<meta name=\"twitter:label2\" content=\"Est. reading time\" \/>\n\t<meta name=\"twitter:data2\" content=\"1 minute\" \/>\n<script type=\"application\/ld+json\" class=\"yoast-schema-graph\">{\"@context\":\"https:\/\/schema.org\",\"@graph\":[{\"@type\":\"WebSite\",\"@id\":\"https:\/\/www.visit-ulcinj.com\/blog\/#website\",\"url\":\"https:\/\/www.visit-ulcinj.com\/blog\/\",\"name\":\"Lajme nga Ulqini\",\"description\":\"Lajme,Vijesti,Ulqini,Ulqin,Crna Gora,Mali i Zi\",\"potentialAction\":[{\"@type\":\"SearchAction\",\"target\":{\"@type\":\"EntryPoint\",\"urlTemplate\":\"https:\/\/www.visit-ulcinj.com\/blog\/?s={search_term_string}\"},\"query-input\":\"required name=search_term_string\"}],\"inLanguage\":\"en-US\"},{\"@type\":\"ImageObject\",\"inLanguage\":\"en-US\",\"@id\":\"https:\/\/www.visit-ulcinj.com\/blog\/2014\/08\/20\/marko-miranovic-vlada-preuzima-ulcinjsku-solanu\/#primaryimage\",\"url\":\"https:\/\/www.visit-ulcinj.com\/blog\/wp-content\/uploads\/2014\/04\/Ulcinjska-Solana-.jpg\",\"contentUrl\":\"https:\/\/www.visit-ulcinj.com\/blog\/wp-content\/uploads\/2014\/04\/Ulcinjska-Solana-.jpg\",\"width\":720,\"height\":479},{\"@type\":\"WebPage\",\"@id\":\"https:\/\/www.visit-ulcinj.com\/blog\/2014\/08\/20\/marko-miranovic-vlada-preuzima-ulcinjsku-solanu\/#webpage\",\"url\":\"https:\/\/www.visit-ulcinj.com\/blog\/2014\/08\/20\/marko-miranovic-vlada-preuzima-ulcinjsku-solanu\/\",\"name\":\"Marko Miranovi\u0107: Vlada preuzima ulcinjsku Solanu - Lajme nga Ulqini\",\"isPartOf\":{\"@id\":\"https:\/\/www.visit-ulcinj.com\/blog\/#website\"},\"primaryImageOfPage\":{\"@id\":\"https:\/\/www.visit-ulcinj.com\/blog\/2014\/08\/20\/marko-miranovic-vlada-preuzima-ulcinjsku-solanu\/#primaryimage\"},\"datePublished\":\"2014-08-20T07:17:22+00:00\",\"dateModified\":\"2014-08-20T07:17:22+00:00\",\"author\":{\"@id\":\"https:\/\/www.visit-ulcinj.com\/blog\/#\/schema\/person\/dcab619c614d3038751c63bc2aadc06d\"},\"description\":\"Predsjednik sindikata Solane Bajo Sekuli\u0107 iz Ulcinja Marko Miranovi\u0107 kazao je Dnevnim novinama da bi Vlada Crne Gore uskoro trebalo da preuzme jednu od\",\"breadcrumb\":{\"@id\":\"https:\/\/www.visit-ulcinj.com\/blog\/2014\/08\/20\/marko-miranovic-vlada-preuzima-ulcinjsku-solanu\/#breadcrumb\"},\"inLanguage\":\"en-US\",\"potentialAction\":[{\"@type\":\"ReadAction\",\"target\":[\"https:\/\/www.visit-ulcinj.com\/blog\/2014\/08\/20\/marko-miranovic-vlada-preuzima-ulcinjsku-solanu\/\"]}]},{\"@type\":\"BreadcrumbList\",\"@id\":\"https:\/\/www.visit-ulcinj.com\/blog\/2014\/08\/20\/marko-miranovic-vlada-preuzima-ulcinjsku-solanu\/#breadcrumb\",\"itemListElement\":[{\"@type\":\"ListItem\",\"position\":1,\"name\":\"Marko Miranovi\u0107: Vlada preuzima ulcinjsku Solanu\"}]},{\"@type\":\"Person\",\"@id\":\"https:\/\/www.visit-ulcinj.com\/blog\/#\/schema\/person\/dcab619c614d3038751c63bc2aadc06d\",\"name\":\"ulqini\",\"sameAs\":[\"http:\/\/www.visit-ulcinj.com\"],\"url\":\"https:\/\/www.visit-ulcinj.com\/blog\/author\/admin\/\"}]}<\/script>\n<!-- \/ Yoast SEO plugin. -->","yoast_head_json":{"title":"Marko Miranovi\u0107: Vlada preuzima ulcinjsku Solanu - Lajme nga Ulqini","description":"Predsjednik sindikata Solane Bajo Sekuli\u0107 iz Ulcinja Marko Miranovi\u0107 kazao je Dnevnim novinama da bi Vlada Crne Gore uskoro trebalo da preuzme jednu od","robots":{"index":"index","follow":"follow","max-snippet":"max-snippet:-1","max-image-preview":"max-image-preview:large","max-video-preview":"max-video-preview:-1"},"canonical":"https:\/\/www.visit-ulcinj.com\/blog\/2014\/08\/20\/marko-miranovic-vlada-preuzima-ulcinjsku-solanu\/","og_locale":"en_US","og_type":"article","og_title":"Marko Miranovi\u0107: Vlada preuzima ulcinjsku Solanu - Lajme nga Ulqini","og_description":"Predsjednik sindikata Solane Bajo Sekuli\u0107 iz Ulcinja Marko Miranovi\u0107 kazao je Dnevnim novinama da bi Vlada Crne Gore uskoro trebalo da preuzme jednu od","og_url":"https:\/\/www.visit-ulcinj.com\/blog\/2014\/08\/20\/marko-miranovic-vlada-preuzima-ulcinjsku-solanu\/","og_site_name":"Lajme nga Ulqini","article_published_time":"2014-08-20T07:17:22+00:00","og_image":[{"url":"http:\/\/www.visit-ulcinj.com\/blog\/wp-content\/uploads\/2014\/04\/Ulcinjska-Solana-.jpg"}],"twitter_misc":{"Written by":"ulqini","Est. reading time":"1 minute"},"schema":{"@context":"https:\/\/schema.org","@graph":[{"@type":"WebSite","@id":"https:\/\/www.visit-ulcinj.com\/blog\/#website","url":"https:\/\/www.visit-ulcinj.com\/blog\/","name":"Lajme nga Ulqini","description":"Lajme,Vijesti,Ulqini,Ulqin,Crna Gora,Mali i Zi","potentialAction":[{"@type":"SearchAction","target":{"@type":"EntryPoint","urlTemplate":"https:\/\/www.visit-ulcinj.com\/blog\/?s={search_term_string}"},"query-input":"required name=search_term_string"}],"inLanguage":"en-US"},{"@type":"ImageObject","inLanguage":"en-US","@id":"https:\/\/www.visit-ulcinj.com\/blog\/2014\/08\/20\/marko-miranovic-vlada-preuzima-ulcinjsku-solanu\/#primaryimage","url":"https:\/\/www.visit-ulcinj.com\/blog\/wp-content\/uploads\/2014\/04\/Ulcinjska-Solana-.jpg","contentUrl":"https:\/\/www.visit-ulcinj.com\/blog\/wp-content\/uploads\/2014\/04\/Ulcinjska-Solana-.jpg","width":720,"height":479},{"@type":"WebPage","@id":"https:\/\/www.visit-ulcinj.com\/blog\/2014\/08\/20\/marko-miranovic-vlada-preuzima-ulcinjsku-solanu\/#webpage","url":"https:\/\/www.visit-ulcinj.com\/blog\/2014\/08\/20\/marko-miranovic-vlada-preuzima-ulcinjsku-solanu\/","name":"Marko Miranovi\u0107: Vlada preuzima ulcinjsku Solanu - Lajme nga Ulqini","isPartOf":{"@id":"https:\/\/www.visit-ulcinj.com\/blog\/#website"},"primaryImageOfPage":{"@id":"https:\/\/www.visit-ulcinj.com\/blog\/2014\/08\/20\/marko-miranovic-vlada-preuzima-ulcinjsku-solanu\/#primaryimage"},"datePublished":"2014-08-20T07:17:22+00:00","dateModified":"2014-08-20T07:17:22+00:00","author":{"@id":"https:\/\/www.visit-ulcinj.com\/blog\/#\/schema\/person\/dcab619c614d3038751c63bc2aadc06d"},"description":"Predsjednik sindikata Solane Bajo Sekuli\u0107 iz Ulcinja Marko Miranovi\u0107 kazao je Dnevnim novinama da bi Vlada Crne Gore uskoro trebalo da preuzme jednu od","breadcrumb":{"@id":"https:\/\/www.visit-ulcinj.com\/blog\/2014\/08\/20\/marko-miranovic-vlada-preuzima-ulcinjsku-solanu\/#breadcrumb"},"inLanguage":"en-US","potentialAction":[{"@type":"ReadAction","target":["https:\/\/www.visit-ulcinj.com\/blog\/2014\/08\/20\/marko-miranovic-vlada-preuzima-ulcinjsku-solanu\/"]}]},{"@type":"BreadcrumbList","@id":"https:\/\/www.visit-ulcinj.com\/blog\/2014\/08\/20\/marko-miranovic-vlada-preuzima-ulcinjsku-solanu\/#breadcrumb","itemListElement":[{"@type":"ListItem","position":1,"name":"Marko Miranovi\u0107: Vlada preuzima ulcinjsku Solanu"}]},{"@type":"Person","@id":"https:\/\/www.visit-ulcinj.com\/blog\/#\/schema\/person\/dcab619c614d3038751c63bc2aadc06d","name":"ulqini","sameAs":["http:\/\/www.visit-ulcinj.com"],"url":"https:\/\/www.visit-ulcinj.com\/blog\/author\/admin\/"}]}},"jetpack_featured_media_url":"","jetpack_sharing_enabled":true,"jetpack_shortlink":"https:\/\/wp.me\/pe6lTn-m1N","_links":{"self":[{"href":"https:\/\/www.visit-ulcinj.com\/blog\/wp-json\/wp\/v2\/posts\/84679"}],"collection":[{"href":"https:\/\/www.visit-ulcinj.com\/blog\/wp-json\/wp\/v2\/posts"}],"about":[{"href":"https:\/\/www.visit-ulcinj.com\/blog\/wp-json\/wp\/v2\/types\/post"}],"author":[{"embeddable":true,"href":"https:\/\/www.visit-ulcinj.com\/blog\/wp-json\/wp\/v2\/users\/1"}],"replies":[{"embeddable":true,"href":"https:\/\/www.visit-ulcinj.com\/blog\/wp-json\/wp\/v2\/comments?post=84679"}],"version-history":[{"count":1,"href":"https:\/\/www.visit-ulcinj.com\/blog\/wp-json\/wp\/v2\/posts\/84679\/revisions"}],"predecessor-version":[{"id":84680,"href":"https:\/\/www.visit-ulcinj.com\/blog\/wp-json\/wp\/v2\/posts\/84679\/revisions\/84680"}],"wp:attachment":[{"href":"https:\/\/www.visit-ulcinj.com\/blog\/wp-json\/wp\/v2\/media?parent=84679"}],"wp:term":[{"taxonomy":"category","embeddable":true,"href":"https:\/\/www.visit-ulcinj.com\/blog\/wp-json\/wp\/v2\/categories?post=84679"},{"taxonomy":"post_tag","embeddable":true,"href":"https:\/\/www.visit-ulcinj.com\/blog\/wp-json\/wp\/v2\/tags?post=84679"}],"curies":[{"name":"wp","href":"https:\/\/api.w.org\/{rel}","templated":true}]}}