{"id":84682,"date":"2014-08-20T17:19:11","date_gmt":"2014-08-20T16:19:11","guid":{"rendered":"http:\/\/www.visit-ulcinj.com\/blog\/?p=84682"},"modified":"2014-08-21T17:57:24","modified_gmt":"2014-08-21T16:57:24","slug":"njoftim-per-studentet-nga-keshilli-kombetar-shqiptareve-ne-malin-e-zi","status":"publish","type":"post","link":"https:\/\/www.visit-ulcinj.com\/blog\/2014\/08\/20\/njoftim-per-studentet-nga-keshilli-kombetar-shqiptareve-ne-malin-e-zi\/","title":{"rendered":"Njoftim p\u00ebr student\u00ebt nga K\u00ebshilli Komb\u00ebtar i Shqiptar\u00ebve n\u00eb Malin e Zi"},"content":{"rendered":"<p style=\"text-align: right;\"><strong><img loading=\"lazy\" class=\"alignleft\" src=\"http:\/\/www.visit-ulcinj.com\/blog\/wp-content\/uploads\/2011\/12\/KNSH_MZ_logo.jpg\" alt=\"\" width=\"290\" height=\"142\" \/>K\u00cbSHILLI KOMB\u00cbTAR I SHQIPTAR\u00cbVE N\u00cb MALIN E ZI<\/strong><\/p>\n<p style=\"text-align: right;\"><strong>NACIONALNI SAVJET ALBANACA U CRNOJ GORI<\/strong><\/p>\n<p style=\"text-align: right;\"><strong>ALBANIAN NATIONAL COUNCIL IN MONTENEGRO<\/strong><\/p>\n<p style=\"text-align: right;\">Nr. 92 \/14<\/p>\n<p style=\"text-align: right;\">Ulqin, me 19.08. 2014<\/p>\n<h2 style=\"text-align: center;\"><strong>Njoftim<\/strong><\/h2>\n<p><strong>K\u00ebshilli Komb\u00ebtar i Shqiptar\u00ebve n\u00eb Malin e Zi, informon t\u00eb gjith\u00eb t\u00eb interesuarit q\u00eb duan t\u00eb ndjekin studimet n\u00eb ciklin e par\u00eb m\u00eb koh\u00eb t\u00eb plot\u00eb dhe n\u00eb programet e integruara t\u00eb studimeve n\u00eb ciklin e dyt\u00eb n\u00eb Institucionet Publike t\u00eb Arsimit t\u00eb Lart\u00eb n\u00eb Republik\u00ebn e Shqip\u00ebris\u00eb p\u00ebr vitin akademik 2014 \u2013 2015 , t\u00eb aplikojn\u00eb direkt pran\u00eb fakultet\u00ebve p\u00ebrkat\u00ebse nga data 25 gusht deri me 10 shtator\u00eb 2014<\/strong><\/p>\n<p><strong>\u00a0<\/strong><\/p>\n<p><strong>P\u00ebr disa programe studimi (fakultete) , p\u00ebr t\u00eb cilat jan\u00eb parapar\u00eb t\u00eb zhvillohen konkurse t\u00eb pranimit aplikimet duhet t\u00eb b\u00ebhen nga data 21 gusht deri me 28 gusht ora 12:00 . K\u00ebto fakultete jan\u00eb:<\/strong><\/p>\n<p><strong>\u00a0<\/strong><\/p>\n<ol>\n<li><strong>Universiteti i Art\u00ebve , Tiran\u00eb<\/strong><\/li>\n<li><strong>Universiteti i Sport\u00ebve, Tiran\u00eb<\/strong><\/li>\n<li><strong>Universiteti \u201cLuigj Gurakuqi\u201d Shkod\u00ebr, Fakulteti \u201cEdukim Fizik dhe Sport\u201d<\/strong><\/li>\n<li><strong>Universiteti \u201cAleksand\u00ebr Xhuvani\u201d Elbasan, Fakulteti \u201cEdukim Fizik dhe Sport\u201d<\/strong><\/li>\n<li><strong>Universiteti \u201cAleksand\u00ebr Moisiu\u201d, Durr\u00ebs , Fakulteti i Studimeve t\u00eb Integruara me Praktik\u00ebn- FASTIP<\/strong><\/li>\n<\/ol>\n<p><strong>a). Menaxhim i Bankave (Program n\u00eb gjuh\u00ebn angleze)<\/strong><\/p>\n<p><strong>b). Menaxhim i nd\u00ebrmarrjeve t\u00eb vogla dhe t\u00eb mesme (Program n\u00eb gjuh\u00ebn angleze)<\/strong><\/p>\n<p><strong>\u00a0<\/strong><\/p>\n<p><strong>P\u00ebr numrin e kuotave p\u00ebr shqiptar\u00ebt nga Mali i Zi, dokumentet q\u00eb ju nevojiten p\u00ebr aplikim, procedurat, afatet, si dhe datat e provimeve pranuse n\u00eb ato programe studimi q\u00eb p\u00ebrmendem m\u00eb lart i keni t\u00eb publikuara n\u00eb Web faqen e K\u00ebshillit.<\/strong><\/p>\n<p><strong>\u00a0<\/strong><\/p>\n<p><strong><a href=\"http:\/\/www.knsh.me\">www.knsh.me<\/a><\/strong><\/p>\n<p><strong>\u00a0<\/strong><\/p>\n<p><strong>Gjithashtu aty do t\u00eb mund t\u00eb gjeni t\u00eb gjith\u00eb dokument\u00ebt dhe sqarimet n\u00eb m\u00ebnyr\u00eb t\u00eb holl\u00ebsishme.<\/strong><\/p>\n<p><strong>\u00a0<\/strong><\/p>\n<p><strong>P\u00ebr \u00e7do sqarim mund\u00eb t\u00eb kontaktoni n\u00eb adresat e K\u00ebshillit Komb\u00ebtar t\u00eb Shqiptar\u00ebve n\u00eb Malin e Zi<\/strong><\/p>\n<p><strong>\u00a0<\/strong><\/p>\n<p><strong>Ulqin, Bul. Gjergj Kastrioti Skenderbeu p.n (pran\u00eb Qendr\u00ebs Kulturore -Ulqin)<\/strong><\/p>\n<p><strong>Tel\/ fax : 030\/ 411-302, mob. 069\/ 333 \u2013 663 ose 067 \/ 747-707<\/strong><\/p>\n<p><strong>e-mail: <a href=\"mailto:knsh@t-com.me\">knsh@t-com.me<\/a><\/strong><\/p>\n<p><strong>\u00a0<\/strong><\/p>\n<p><strong>\u00a0<\/strong><\/p>\n<p><strong>Me respekt, <\/strong><\/p>\n<p><strong>Kryetari, <\/strong><\/p>\n<p><strong>Genci Nimanbegu<\/strong><\/p>\n","protected":false},"excerpt":{"rendered":"<p>K\u00cbSHILLI KOMB\u00cbTAR I SHQIPTAR\u00cbVE N\u00cb MALIN E ZI NACIONALNI SAVJET ALBANACA U CRNOJ GORI ALBANIAN NATIONAL COUNCIL IN MONTENEGRO Nr. 92 \/14 Ulqin, me 19.08. 2014 Njoftim K\u00ebshilli Komb\u00ebtar i Shqiptar\u00ebve n\u00eb Malin e Zi, informon t\u00eb gjith\u00eb t\u00eb interesuarit q\u00eb duan t\u00eb ndjekin studimet n\u00eb ciklin e par\u00eb m\u00eb koh\u00eb t\u00eb plot\u00eb dhe n\u00eb [&hellip;]<\/p>\n","protected":false},"author":1,"featured_media":0,"comment_status":"closed","ping_status":"closed","sticky":false,"template":"","format":"standard","meta":{"spay_email":"","jetpack_publicize_message":"","jetpack_is_tweetstorm":false,"jetpack_publicize_feature_enabled":true},"categories":[7,1],"tags":[],"jetpack_publicize_connections":[],"yoast_head":"<!-- This site is optimized with the Yoast SEO plugin v19.1 - https:\/\/yoast.com\/wordpress\/plugins\/seo\/ -->\n<title>Njoftim p\u00ebr student\u00ebt nga K\u00ebshilli Komb\u00ebtar i Shqiptar\u00ebve n\u00eb Malin e Zi - Lajme nga Ulqini<\/title>\n<meta name=\"description\" content=\"K\u00cbSHILLI KOMB\u00cbTAR I SHQIPTAR\u00cbVE N\u00cb MALIN E ZI NACIONALNI SAVJET ALBANACA U CRNOJ GORI ALBANIAN NATIONAL COUNCIL IN MONTENEGRO Nr. 92 \/14 Ulqin, me 19.08.\" \/>\n<meta name=\"robots\" content=\"index, follow, max-snippet:-1, max-image-preview:large, max-video-preview:-1\" \/>\n<link rel=\"canonical\" href=\"https:\/\/www.visit-ulcinj.com\/blog\/2014\/08\/20\/njoftim-per-studentet-nga-keshilli-kombetar-shqiptareve-ne-malin-e-zi\/\" \/>\n<meta property=\"og:locale\" content=\"en_US\" \/>\n<meta property=\"og:type\" content=\"article\" \/>\n<meta property=\"og:title\" content=\"Njoftim p\u00ebr student\u00ebt nga K\u00ebshilli Komb\u00ebtar i Shqiptar\u00ebve n\u00eb Malin e Zi - Lajme nga Ulqini\" \/>\n<meta property=\"og:description\" content=\"K\u00cbSHILLI KOMB\u00cbTAR I SHQIPTAR\u00cbVE N\u00cb MALIN E ZI NACIONALNI SAVJET ALBANACA U CRNOJ GORI ALBANIAN NATIONAL COUNCIL IN MONTENEGRO Nr. 92 \/14 Ulqin, me 19.08.\" \/>\n<meta property=\"og:url\" content=\"https:\/\/www.visit-ulcinj.com\/blog\/2014\/08\/20\/njoftim-per-studentet-nga-keshilli-kombetar-shqiptareve-ne-malin-e-zi\/\" \/>\n<meta property=\"og:site_name\" content=\"Lajme nga Ulqini\" \/>\n<meta property=\"article:published_time\" content=\"2014-08-20T16:19:11+00:00\" \/>\n<meta property=\"article:modified_time\" content=\"2014-08-21T16:57:24+00:00\" \/>\n<meta property=\"og:image\" content=\"http:\/\/www.visit-ulcinj.com\/blog\/wp-content\/uploads\/2011\/12\/KNSH_MZ_logo.jpg\" \/>\n<meta name=\"twitter:label1\" content=\"Written by\" \/>\n\t<meta name=\"twitter:data1\" content=\"ulqini\" \/>\n\t<meta name=\"twitter:label2\" content=\"Est. reading time\" \/>\n\t<meta name=\"twitter:data2\" content=\"2 minutes\" \/>\n<script type=\"application\/ld+json\" class=\"yoast-schema-graph\">{\"@context\":\"https:\/\/schema.org\",\"@graph\":[{\"@type\":\"WebSite\",\"@id\":\"https:\/\/www.visit-ulcinj.com\/blog\/#website\",\"url\":\"https:\/\/www.visit-ulcinj.com\/blog\/\",\"name\":\"Lajme nga Ulqini\",\"description\":\"Lajme,Vijesti,Ulqini,Ulqin,Crna Gora,Mali i Zi\",\"potentialAction\":[{\"@type\":\"SearchAction\",\"target\":{\"@type\":\"EntryPoint\",\"urlTemplate\":\"https:\/\/www.visit-ulcinj.com\/blog\/?s={search_term_string}\"},\"query-input\":\"required name=search_term_string\"}],\"inLanguage\":\"en-US\"},{\"@type\":\"ImageObject\",\"inLanguage\":\"en-US\",\"@id\":\"https:\/\/www.visit-ulcinj.com\/blog\/2014\/08\/20\/njoftim-per-studentet-nga-keshilli-kombetar-shqiptareve-ne-malin-e-zi\/#primaryimage\",\"url\":\"https:\/\/www.visit-ulcinj.com\/blog\/wp-content\/uploads\/2011\/12\/KNSH_MZ_logo.jpg\",\"contentUrl\":\"https:\/\/www.visit-ulcinj.com\/blog\/wp-content\/uploads\/2011\/12\/KNSH_MZ_logo.jpg\",\"width\":\"318\",\"height\":\"142\"},{\"@type\":\"WebPage\",\"@id\":\"https:\/\/www.visit-ulcinj.com\/blog\/2014\/08\/20\/njoftim-per-studentet-nga-keshilli-kombetar-shqiptareve-ne-malin-e-zi\/#webpage\",\"url\":\"https:\/\/www.visit-ulcinj.com\/blog\/2014\/08\/20\/njoftim-per-studentet-nga-keshilli-kombetar-shqiptareve-ne-malin-e-zi\/\",\"name\":\"Njoftim p\u00ebr student\u00ebt nga K\u00ebshilli Komb\u00ebtar i Shqiptar\u00ebve n\u00eb Malin e Zi - Lajme nga Ulqini\",\"isPartOf\":{\"@id\":\"https:\/\/www.visit-ulcinj.com\/blog\/#website\"},\"primaryImageOfPage\":{\"@id\":\"https:\/\/www.visit-ulcinj.com\/blog\/2014\/08\/20\/njoftim-per-studentet-nga-keshilli-kombetar-shqiptareve-ne-malin-e-zi\/#primaryimage\"},\"datePublished\":\"2014-08-20T16:19:11+00:00\",\"dateModified\":\"2014-08-21T16:57:24+00:00\",\"author\":{\"@id\":\"https:\/\/www.visit-ulcinj.com\/blog\/#\/schema\/person\/dcab619c614d3038751c63bc2aadc06d\"},\"description\":\"K\u00cbSHILLI KOMB\u00cbTAR I SHQIPTAR\u00cbVE N\u00cb MALIN E ZI NACIONALNI SAVJET ALBANACA U CRNOJ GORI ALBANIAN NATIONAL COUNCIL IN MONTENEGRO Nr. 92 \/14 Ulqin, me 19.08.\",\"breadcrumb\":{\"@id\":\"https:\/\/www.visit-ulcinj.com\/blog\/2014\/08\/20\/njoftim-per-studentet-nga-keshilli-kombetar-shqiptareve-ne-malin-e-zi\/#breadcrumb\"},\"inLanguage\":\"en-US\",\"potentialAction\":[{\"@type\":\"ReadAction\",\"target\":[\"https:\/\/www.visit-ulcinj.com\/blog\/2014\/08\/20\/njoftim-per-studentet-nga-keshilli-kombetar-shqiptareve-ne-malin-e-zi\/\"]}]},{\"@type\":\"BreadcrumbList\",\"@id\":\"https:\/\/www.visit-ulcinj.com\/blog\/2014\/08\/20\/njoftim-per-studentet-nga-keshilli-kombetar-shqiptareve-ne-malin-e-zi\/#breadcrumb\",\"itemListElement\":[{\"@type\":\"ListItem\",\"position\":1,\"name\":\"Njoftim p\u00ebr student\u00ebt nga K\u00ebshilli Komb\u00ebtar i Shqiptar\u00ebve n\u00eb Malin e Zi\"}]},{\"@type\":\"Person\",\"@id\":\"https:\/\/www.visit-ulcinj.com\/blog\/#\/schema\/person\/dcab619c614d3038751c63bc2aadc06d\",\"name\":\"ulqini\",\"sameAs\":[\"http:\/\/www.visit-ulcinj.com\"],\"url\":\"https:\/\/www.visit-ulcinj.com\/blog\/author\/admin\/\"}]}<\/script>\n<!-- \/ Yoast SEO plugin. -->","yoast_head_json":{"title":"Njoftim p\u00ebr student\u00ebt nga K\u00ebshilli Komb\u00ebtar i Shqiptar\u00ebve n\u00eb Malin e Zi - Lajme nga Ulqini","description":"K\u00cbSHILLI KOMB\u00cbTAR I SHQIPTAR\u00cbVE N\u00cb MALIN E ZI NACIONALNI SAVJET ALBANACA U CRNOJ GORI ALBANIAN NATIONAL COUNCIL IN MONTENEGRO Nr. 92 \/14 Ulqin, me 19.08.","robots":{"index":"index","follow":"follow","max-snippet":"max-snippet:-1","max-image-preview":"max-image-preview:large","max-video-preview":"max-video-preview:-1"},"canonical":"https:\/\/www.visit-ulcinj.com\/blog\/2014\/08\/20\/njoftim-per-studentet-nga-keshilli-kombetar-shqiptareve-ne-malin-e-zi\/","og_locale":"en_US","og_type":"article","og_title":"Njoftim p\u00ebr student\u00ebt nga K\u00ebshilli Komb\u00ebtar i Shqiptar\u00ebve n\u00eb Malin e Zi - Lajme nga Ulqini","og_description":"K\u00cbSHILLI KOMB\u00cbTAR I SHQIPTAR\u00cbVE N\u00cb MALIN E ZI NACIONALNI SAVJET ALBANACA U CRNOJ GORI ALBANIAN NATIONAL COUNCIL IN MONTENEGRO Nr. 92 \/14 Ulqin, me 19.08.","og_url":"https:\/\/www.visit-ulcinj.com\/blog\/2014\/08\/20\/njoftim-per-studentet-nga-keshilli-kombetar-shqiptareve-ne-malin-e-zi\/","og_site_name":"Lajme nga Ulqini","article_published_time":"2014-08-20T16:19:11+00:00","article_modified_time":"2014-08-21T16:57:24+00:00","og_image":[{"url":"http:\/\/www.visit-ulcinj.com\/blog\/wp-content\/uploads\/2011\/12\/KNSH_MZ_logo.jpg"}],"twitter_misc":{"Written by":"ulqini","Est. reading time":"2 minutes"},"schema":{"@context":"https:\/\/schema.org","@graph":[{"@type":"WebSite","@id":"https:\/\/www.visit-ulcinj.com\/blog\/#website","url":"https:\/\/www.visit-ulcinj.com\/blog\/","name":"Lajme nga Ulqini","description":"Lajme,Vijesti,Ulqini,Ulqin,Crna Gora,Mali i Zi","potentialAction":[{"@type":"SearchAction","target":{"@type":"EntryPoint","urlTemplate":"https:\/\/www.visit-ulcinj.com\/blog\/?s={search_term_string}"},"query-input":"required name=search_term_string"}],"inLanguage":"en-US"},{"@type":"ImageObject","inLanguage":"en-US","@id":"https:\/\/www.visit-ulcinj.com\/blog\/2014\/08\/20\/njoftim-per-studentet-nga-keshilli-kombetar-shqiptareve-ne-malin-e-zi\/#primaryimage","url":"https:\/\/www.visit-ulcinj.com\/blog\/wp-content\/uploads\/2011\/12\/KNSH_MZ_logo.jpg","contentUrl":"https:\/\/www.visit-ulcinj.com\/blog\/wp-content\/uploads\/2011\/12\/KNSH_MZ_logo.jpg","width":"318","height":"142"},{"@type":"WebPage","@id":"https:\/\/www.visit-ulcinj.com\/blog\/2014\/08\/20\/njoftim-per-studentet-nga-keshilli-kombetar-shqiptareve-ne-malin-e-zi\/#webpage","url":"https:\/\/www.visit-ulcinj.com\/blog\/2014\/08\/20\/njoftim-per-studentet-nga-keshilli-kombetar-shqiptareve-ne-malin-e-zi\/","name":"Njoftim p\u00ebr student\u00ebt nga K\u00ebshilli Komb\u00ebtar i Shqiptar\u00ebve n\u00eb Malin e Zi - Lajme nga Ulqini","isPartOf":{"@id":"https:\/\/www.visit-ulcinj.com\/blog\/#website"},"primaryImageOfPage":{"@id":"https:\/\/www.visit-ulcinj.com\/blog\/2014\/08\/20\/njoftim-per-studentet-nga-keshilli-kombetar-shqiptareve-ne-malin-e-zi\/#primaryimage"},"datePublished":"2014-08-20T16:19:11+00:00","dateModified":"2014-08-21T16:57:24+00:00","author":{"@id":"https:\/\/www.visit-ulcinj.com\/blog\/#\/schema\/person\/dcab619c614d3038751c63bc2aadc06d"},"description":"K\u00cbSHILLI KOMB\u00cbTAR I SHQIPTAR\u00cbVE N\u00cb MALIN E ZI NACIONALNI SAVJET ALBANACA U CRNOJ GORI ALBANIAN NATIONAL COUNCIL IN MONTENEGRO Nr. 92 \/14 Ulqin, me 19.08.","breadcrumb":{"@id":"https:\/\/www.visit-ulcinj.com\/blog\/2014\/08\/20\/njoftim-per-studentet-nga-keshilli-kombetar-shqiptareve-ne-malin-e-zi\/#breadcrumb"},"inLanguage":"en-US","potentialAction":[{"@type":"ReadAction","target":["https:\/\/www.visit-ulcinj.com\/blog\/2014\/08\/20\/njoftim-per-studentet-nga-keshilli-kombetar-shqiptareve-ne-malin-e-zi\/"]}]},{"@type":"BreadcrumbList","@id":"https:\/\/www.visit-ulcinj.com\/blog\/2014\/08\/20\/njoftim-per-studentet-nga-keshilli-kombetar-shqiptareve-ne-malin-e-zi\/#breadcrumb","itemListElement":[{"@type":"ListItem","position":1,"name":"Njoftim p\u00ebr student\u00ebt nga K\u00ebshilli Komb\u00ebtar i Shqiptar\u00ebve n\u00eb Malin e Zi"}]},{"@type":"Person","@id":"https:\/\/www.visit-ulcinj.com\/blog\/#\/schema\/person\/dcab619c614d3038751c63bc2aadc06d","name":"ulqini","sameAs":["http:\/\/www.visit-ulcinj.com"],"url":"https:\/\/www.visit-ulcinj.com\/blog\/author\/admin\/"}]}},"jetpack_featured_media_url":"","jetpack_sharing_enabled":true,"jetpack_shortlink":"https:\/\/wp.me\/pe6lTn-m1Q","_links":{"self":[{"href":"https:\/\/www.visit-ulcinj.com\/blog\/wp-json\/wp\/v2\/posts\/84682"}],"collection":[{"href":"https:\/\/www.visit-ulcinj.com\/blog\/wp-json\/wp\/v2\/posts"}],"about":[{"href":"https:\/\/www.visit-ulcinj.com\/blog\/wp-json\/wp\/v2\/types\/post"}],"author":[{"embeddable":true,"href":"https:\/\/www.visit-ulcinj.com\/blog\/wp-json\/wp\/v2\/users\/1"}],"replies":[{"embeddable":true,"href":"https:\/\/www.visit-ulcinj.com\/blog\/wp-json\/wp\/v2\/comments?post=84682"}],"version-history":[{"count":2,"href":"https:\/\/www.visit-ulcinj.com\/blog\/wp-json\/wp\/v2\/posts\/84682\/revisions"}],"predecessor-version":[{"id":84684,"href":"https:\/\/www.visit-ulcinj.com\/blog\/wp-json\/wp\/v2\/posts\/84682\/revisions\/84684"}],"wp:attachment":[{"href":"https:\/\/www.visit-ulcinj.com\/blog\/wp-json\/wp\/v2\/media?parent=84682"}],"wp:term":[{"taxonomy":"category","embeddable":true,"href":"https:\/\/www.visit-ulcinj.com\/blog\/wp-json\/wp\/v2\/categories?post=84682"},{"taxonomy":"post_tag","embeddable":true,"href":"https:\/\/www.visit-ulcinj.com\/blog\/wp-json\/wp\/v2\/tags?post=84682"}],"curies":[{"name":"wp","href":"https:\/\/api.w.org\/{rel}","templated":true}]}}