{"id":84700,"date":"2014-08-20T17:58:49","date_gmt":"2014-08-20T16:58:49","guid":{"rendered":"http:\/\/www.visit-ulcinj.com\/blog\/?p=84700"},"modified":"2014-08-20T17:59:13","modified_gmt":"2014-08-20T16:59:13","slug":"nis-panairi-librit-ulqin-2014","status":"publish","type":"post","link":"https:\/\/www.visit-ulcinj.com\/blog\/2014\/08\/20\/nis-panairi-librit-ulqin-2014\/","title":{"rendered":"Nis Panairi i Librit &#8220;Ulqin 2014&#8221;"},"content":{"rendered":"<p><a href=\"http:\/\/www.visit-ulcinj.com\/blog\/wp-content\/uploads\/2014\/08\/Panairi-i-Librit-Ulqin-2014.jpg\"><img loading=\"lazy\" class=\"alignleft wp-image-84701\" src=\"http:\/\/www.visit-ulcinj.com\/blog\/wp-content\/uploads\/2014\/08\/Panairi-i-Librit-Ulqin-2014.jpg\" alt=\"Panairi i Librit Ulqin 2014\" width=\"508\" height=\"381\" srcset=\"https:\/\/www.visit-ulcinj.com\/blog\/wp-content\/uploads\/2014\/08\/Panairi-i-Librit-Ulqin-2014.jpg 960w, https:\/\/www.visit-ulcinj.com\/blog\/wp-content\/uploads\/2014\/08\/Panairi-i-Librit-Ulqin-2014-300x225.jpg 300w\" sizes=\"(max-width: 508px) 100vw, 508px\" \/><\/a>Ne Ulqin celet sot Panairi i Librit \u201cUlqin 2014\u201d. Nje event i shumepritur ky qe do te vijoje deri me 24 gusht e do te kete vemendjen e vizitoreve te shumte nga Mali i Zi , Shqiperia , Kosova dhe Maqedonia. \u00a0Gati 50 botues do t\u00eb jen\u00eb prezent\u00eb gjat\u00eb dit\u00ebve t\u00eb Panairit. Nderkohe parashikohet t\u00eb ekspozohen dhe t\u00eb ofrohen p\u00ebr shitje mbi 4000 tituj librash, nga t\u00eb cilat mbi 400 jan\u00eb tituj t\u00eb rinj. Aktivitetet gjate panairit do te kenaqin edhe turistet qe po pushojne aktualisht ne Ulqin.<\/p>\n<p>radiotravel.al<\/p>\n","protected":false},"excerpt":{"rendered":"<p>Ne Ulqin celet sot Panairi i Librit \u201cUlqin 2014\u201d. Nje event i shumepritur ky qe do te vijoje deri me 24 gusht e do te kete vemendjen e vizitoreve te shumte nga Mali i Zi , Shqiperia , Kosova dhe Maqedonia. \u00a0Gati 50 botues do t\u00eb jen\u00eb prezent\u00eb gjat\u00eb dit\u00ebve t\u00eb Panairit. Nderkohe parashikohet t\u00eb [&hellip;]<\/p>\n","protected":false},"author":1,"featured_media":0,"comment_status":"closed","ping_status":"closed","sticky":false,"template":"","format":"standard","meta":{"spay_email":"","jetpack_publicize_message":"","jetpack_is_tweetstorm":false,"jetpack_publicize_feature_enabled":true},"categories":[4],"tags":[],"jetpack_publicize_connections":[],"yoast_head":"<!-- This site is optimized with the Yoast SEO plugin v19.1 - https:\/\/yoast.com\/wordpress\/plugins\/seo\/ -->\n<title>Nis Panairi i Librit &quot;Ulqin 2014&quot; - Lajme nga Ulqini<\/title>\n<meta name=\"description\" content=\"Ne Ulqin celet sot Panairi i Librit \u201cUlqin 2014\u201d. Nje event i shumepritur ky qe do te vijoje deri me 24 gusht e do te kete vemendjen e vizitoreve te\" \/>\n<meta name=\"robots\" content=\"index, follow, max-snippet:-1, max-image-preview:large, max-video-preview:-1\" \/>\n<link rel=\"canonical\" href=\"https:\/\/www.visit-ulcinj.com\/blog\/2014\/08\/20\/nis-panairi-librit-ulqin-2014\/\" \/>\n<meta property=\"og:locale\" content=\"en_US\" \/>\n<meta property=\"og:type\" content=\"article\" \/>\n<meta property=\"og:title\" content=\"Nis Panairi i Librit &quot;Ulqin 2014&quot; - Lajme nga Ulqini\" \/>\n<meta property=\"og:description\" content=\"Ne Ulqin celet sot Panairi i Librit \u201cUlqin 2014\u201d. Nje event i shumepritur ky qe do te vijoje deri me 24 gusht e do te kete vemendjen e vizitoreve te\" \/>\n<meta property=\"og:url\" content=\"https:\/\/www.visit-ulcinj.com\/blog\/2014\/08\/20\/nis-panairi-librit-ulqin-2014\/\" \/>\n<meta property=\"og:site_name\" content=\"Lajme nga Ulqini\" \/>\n<meta property=\"article:published_time\" content=\"2014-08-20T16:58:49+00:00\" \/>\n<meta property=\"article:modified_time\" content=\"2014-08-20T16:59:13+00:00\" \/>\n<meta property=\"og:image\" content=\"http:\/\/www.visit-ulcinj.com\/blog\/wp-content\/uploads\/2014\/08\/Panairi-i-Librit-Ulqin-2014.jpg\" \/>\n<meta name=\"twitter:label1\" content=\"Written by\" \/>\n\t<meta name=\"twitter:data1\" content=\"ulqini\" \/>\n<script type=\"application\/ld+json\" class=\"yoast-schema-graph\">{\"@context\":\"https:\/\/schema.org\",\"@graph\":[{\"@type\":\"WebSite\",\"@id\":\"https:\/\/www.visit-ulcinj.com\/blog\/#website\",\"url\":\"https:\/\/www.visit-ulcinj.com\/blog\/\",\"name\":\"Lajme nga Ulqini\",\"description\":\"Lajme,Vijesti,Ulqini,Ulqin,Crna Gora,Mali i Zi\",\"potentialAction\":[{\"@type\":\"SearchAction\",\"target\":{\"@type\":\"EntryPoint\",\"urlTemplate\":\"https:\/\/www.visit-ulcinj.com\/blog\/?s={search_term_string}\"},\"query-input\":\"required name=search_term_string\"}],\"inLanguage\":\"en-US\"},{\"@type\":\"ImageObject\",\"inLanguage\":\"en-US\",\"@id\":\"https:\/\/www.visit-ulcinj.com\/blog\/2014\/08\/20\/nis-panairi-librit-ulqin-2014\/#primaryimage\",\"url\":\"https:\/\/www.visit-ulcinj.com\/blog\/wp-content\/uploads\/2014\/08\/Panairi-i-Librit-Ulqin-2014.jpg\",\"contentUrl\":\"https:\/\/www.visit-ulcinj.com\/blog\/wp-content\/uploads\/2014\/08\/Panairi-i-Librit-Ulqin-2014.jpg\",\"width\":960,\"height\":720},{\"@type\":\"WebPage\",\"@id\":\"https:\/\/www.visit-ulcinj.com\/blog\/2014\/08\/20\/nis-panairi-librit-ulqin-2014\/#webpage\",\"url\":\"https:\/\/www.visit-ulcinj.com\/blog\/2014\/08\/20\/nis-panairi-librit-ulqin-2014\/\",\"name\":\"Nis Panairi i Librit \\\"Ulqin 2014\\\" - Lajme nga Ulqini\",\"isPartOf\":{\"@id\":\"https:\/\/www.visit-ulcinj.com\/blog\/#website\"},\"primaryImageOfPage\":{\"@id\":\"https:\/\/www.visit-ulcinj.com\/blog\/2014\/08\/20\/nis-panairi-librit-ulqin-2014\/#primaryimage\"},\"datePublished\":\"2014-08-20T16:58:49+00:00\",\"dateModified\":\"2014-08-20T16:59:13+00:00\",\"author\":{\"@id\":\"https:\/\/www.visit-ulcinj.com\/blog\/#\/schema\/person\/dcab619c614d3038751c63bc2aadc06d\"},\"description\":\"Ne Ulqin celet sot Panairi i Librit \u201cUlqin 2014\u201d. Nje event i shumepritur ky qe do te vijoje deri me 24 gusht e do te kete vemendjen e vizitoreve te\",\"breadcrumb\":{\"@id\":\"https:\/\/www.visit-ulcinj.com\/blog\/2014\/08\/20\/nis-panairi-librit-ulqin-2014\/#breadcrumb\"},\"inLanguage\":\"en-US\",\"potentialAction\":[{\"@type\":\"ReadAction\",\"target\":[\"https:\/\/www.visit-ulcinj.com\/blog\/2014\/08\/20\/nis-panairi-librit-ulqin-2014\/\"]}]},{\"@type\":\"BreadcrumbList\",\"@id\":\"https:\/\/www.visit-ulcinj.com\/blog\/2014\/08\/20\/nis-panairi-librit-ulqin-2014\/#breadcrumb\",\"itemListElement\":[{\"@type\":\"ListItem\",\"position\":1,\"name\":\"Nis Panairi i Librit &#8220;Ulqin 2014&#8221;\"}]},{\"@type\":\"Person\",\"@id\":\"https:\/\/www.visit-ulcinj.com\/blog\/#\/schema\/person\/dcab619c614d3038751c63bc2aadc06d\",\"name\":\"ulqini\",\"sameAs\":[\"http:\/\/www.visit-ulcinj.com\"],\"url\":\"https:\/\/www.visit-ulcinj.com\/blog\/author\/admin\/\"}]}<\/script>\n<!-- \/ Yoast SEO plugin. -->","yoast_head_json":{"title":"Nis Panairi i Librit \"Ulqin 2014\" - Lajme nga Ulqini","description":"Ne Ulqin celet sot Panairi i Librit \u201cUlqin 2014\u201d. Nje event i shumepritur ky qe do te vijoje deri me 24 gusht e do te kete vemendjen e vizitoreve te","robots":{"index":"index","follow":"follow","max-snippet":"max-snippet:-1","max-image-preview":"max-image-preview:large","max-video-preview":"max-video-preview:-1"},"canonical":"https:\/\/www.visit-ulcinj.com\/blog\/2014\/08\/20\/nis-panairi-librit-ulqin-2014\/","og_locale":"en_US","og_type":"article","og_title":"Nis Panairi i Librit \"Ulqin 2014\" - Lajme nga Ulqini","og_description":"Ne Ulqin celet sot Panairi i Librit \u201cUlqin 2014\u201d. Nje event i shumepritur ky qe do te vijoje deri me 24 gusht e do te kete vemendjen e vizitoreve te","og_url":"https:\/\/www.visit-ulcinj.com\/blog\/2014\/08\/20\/nis-panairi-librit-ulqin-2014\/","og_site_name":"Lajme nga Ulqini","article_published_time":"2014-08-20T16:58:49+00:00","article_modified_time":"2014-08-20T16:59:13+00:00","og_image":[{"url":"http:\/\/www.visit-ulcinj.com\/blog\/wp-content\/uploads\/2014\/08\/Panairi-i-Librit-Ulqin-2014.jpg"}],"twitter_misc":{"Written by":"ulqini"},"schema":{"@context":"https:\/\/schema.org","@graph":[{"@type":"WebSite","@id":"https:\/\/www.visit-ulcinj.com\/blog\/#website","url":"https:\/\/www.visit-ulcinj.com\/blog\/","name":"Lajme nga Ulqini","description":"Lajme,Vijesti,Ulqini,Ulqin,Crna Gora,Mali i Zi","potentialAction":[{"@type":"SearchAction","target":{"@type":"EntryPoint","urlTemplate":"https:\/\/www.visit-ulcinj.com\/blog\/?s={search_term_string}"},"query-input":"required name=search_term_string"}],"inLanguage":"en-US"},{"@type":"ImageObject","inLanguage":"en-US","@id":"https:\/\/www.visit-ulcinj.com\/blog\/2014\/08\/20\/nis-panairi-librit-ulqin-2014\/#primaryimage","url":"https:\/\/www.visit-ulcinj.com\/blog\/wp-content\/uploads\/2014\/08\/Panairi-i-Librit-Ulqin-2014.jpg","contentUrl":"https:\/\/www.visit-ulcinj.com\/blog\/wp-content\/uploads\/2014\/08\/Panairi-i-Librit-Ulqin-2014.jpg","width":960,"height":720},{"@type":"WebPage","@id":"https:\/\/www.visit-ulcinj.com\/blog\/2014\/08\/20\/nis-panairi-librit-ulqin-2014\/#webpage","url":"https:\/\/www.visit-ulcinj.com\/blog\/2014\/08\/20\/nis-panairi-librit-ulqin-2014\/","name":"Nis Panairi i Librit \"Ulqin 2014\" - Lajme nga Ulqini","isPartOf":{"@id":"https:\/\/www.visit-ulcinj.com\/blog\/#website"},"primaryImageOfPage":{"@id":"https:\/\/www.visit-ulcinj.com\/blog\/2014\/08\/20\/nis-panairi-librit-ulqin-2014\/#primaryimage"},"datePublished":"2014-08-20T16:58:49+00:00","dateModified":"2014-08-20T16:59:13+00:00","author":{"@id":"https:\/\/www.visit-ulcinj.com\/blog\/#\/schema\/person\/dcab619c614d3038751c63bc2aadc06d"},"description":"Ne Ulqin celet sot Panairi i Librit \u201cUlqin 2014\u201d. Nje event i shumepritur ky qe do te vijoje deri me 24 gusht e do te kete vemendjen e vizitoreve te","breadcrumb":{"@id":"https:\/\/www.visit-ulcinj.com\/blog\/2014\/08\/20\/nis-panairi-librit-ulqin-2014\/#breadcrumb"},"inLanguage":"en-US","potentialAction":[{"@type":"ReadAction","target":["https:\/\/www.visit-ulcinj.com\/blog\/2014\/08\/20\/nis-panairi-librit-ulqin-2014\/"]}]},{"@type":"BreadcrumbList","@id":"https:\/\/www.visit-ulcinj.com\/blog\/2014\/08\/20\/nis-panairi-librit-ulqin-2014\/#breadcrumb","itemListElement":[{"@type":"ListItem","position":1,"name":"Nis Panairi i Librit &#8220;Ulqin 2014&#8221;"}]},{"@type":"Person","@id":"https:\/\/www.visit-ulcinj.com\/blog\/#\/schema\/person\/dcab619c614d3038751c63bc2aadc06d","name":"ulqini","sameAs":["http:\/\/www.visit-ulcinj.com"],"url":"https:\/\/www.visit-ulcinj.com\/blog\/author\/admin\/"}]}},"jetpack_featured_media_url":"","jetpack_sharing_enabled":true,"jetpack_shortlink":"https:\/\/wp.me\/pe6lTn-m28","_links":{"self":[{"href":"https:\/\/www.visit-ulcinj.com\/blog\/wp-json\/wp\/v2\/posts\/84700"}],"collection":[{"href":"https:\/\/www.visit-ulcinj.com\/blog\/wp-json\/wp\/v2\/posts"}],"about":[{"href":"https:\/\/www.visit-ulcinj.com\/blog\/wp-json\/wp\/v2\/types\/post"}],"author":[{"embeddable":true,"href":"https:\/\/www.visit-ulcinj.com\/blog\/wp-json\/wp\/v2\/users\/1"}],"replies":[{"embeddable":true,"href":"https:\/\/www.visit-ulcinj.com\/blog\/wp-json\/wp\/v2\/comments?post=84700"}],"version-history":[{"count":2,"href":"https:\/\/www.visit-ulcinj.com\/blog\/wp-json\/wp\/v2\/posts\/84700\/revisions"}],"predecessor-version":[{"id":84703,"href":"https:\/\/www.visit-ulcinj.com\/blog\/wp-json\/wp\/v2\/posts\/84700\/revisions\/84703"}],"wp:attachment":[{"href":"https:\/\/www.visit-ulcinj.com\/blog\/wp-json\/wp\/v2\/media?parent=84700"}],"wp:term":[{"taxonomy":"category","embeddable":true,"href":"https:\/\/www.visit-ulcinj.com\/blog\/wp-json\/wp\/v2\/categories?post=84700"},{"taxonomy":"post_tag","embeddable":true,"href":"https:\/\/www.visit-ulcinj.com\/blog\/wp-json\/wp\/v2\/tags?post=84700"}],"curies":[{"name":"wp","href":"https:\/\/api.w.org\/{rel}","templated":true}]}}