{"id":84704,"date":"2014-08-21T17:54:38","date_gmt":"2014-08-21T16:54:38","guid":{"rendered":"http:\/\/www.visit-ulcinj.com\/blog\/?p=84704"},"modified":"2014-08-21T20:03:35","modified_gmt":"2014-08-21T19:03:35","slug":"sonte-ne-hotelin-mediteran-ne-oren-20-30-perurimin-e-librit-harapet-e-ulqinit-te-autorit-ali-llunji","status":"publish","type":"post","link":"https:\/\/www.visit-ulcinj.com\/blog\/2014\/08\/21\/sonte-ne-hotelin-mediteran-ne-oren-20-30-perurimin-e-librit-harapet-e-ulqinit-te-autorit-ali-llunji\/","title":{"rendered":"Sonte n\u00eb hotelin Mediteran n\u00eb or\u00ebn 20.30, p\u00ebrurimin e librit \u201cHarap\u00ebt e Ulqinit\u201d t\u00eb autorit Ali Llunji"},"content":{"rendered":"<p style=\"text-align: justify; line-height: 115%;\"><span style=\"font-size: 12pt; line-height: 115%; font-family: 'Times New Roman',serif;\"><a href=\"http:\/\/www.visit-ulcinj.com\/blog\/wp-content\/uploads\/2014\/08\/Ali-Llunji-Harapet-e-Ulqinit-Panoja.jpg\"><img loading=\"lazy\" class=\"alignleft wp-image-84705\" src=\"http:\/\/www.visit-ulcinj.com\/blog\/wp-content\/uploads\/2014\/08\/Ali-Llunji-Harapet-e-Ulqinit-Panoja.jpg\" alt=\"Ali Llunji - Harapet e Ulqinit - Panoja\" width=\"508\" height=\"283\" srcset=\"https:\/\/www.visit-ulcinj.com\/blog\/wp-content\/uploads\/2014\/08\/Ali-Llunji-Harapet-e-Ulqinit-Panoja.jpg 1024w, https:\/\/www.visit-ulcinj.com\/blog\/wp-content\/uploads\/2014\/08\/Ali-Llunji-Harapet-e-Ulqinit-Panoja-300x166.jpg 300w\" sizes=\"(max-width: 508px) 100vw, 508px\" \/><\/a>Shoqata e Artist\u00ebve dhe Intelektual\u00ebve \u201cArt Club\u201d dhe Komuna e Ulqinit do t\u00eb organizojn\u00eb sonte n\u00eb mjediset e hotelit \u201cMediteran\u201d, n\u00eb or\u00ebn 20.30, p\u00ebrurimin e librit \u201cHarap\u00ebt e Ulqinit\u201d t\u00eb autorit Ali Llunji. <\/span><\/p>\n<p><span style=\"font-family: 'Times New Roman',serif; font-size: 12pt; line-height: 115%;\">P\u00ebrurimi do t\u00eb mbahet n\u00eb kuad\u00ebr t\u00eb veprimtarive q\u00eb organizohen gjat\u00eb dit\u00ebve t\u00eb Panairit t\u00eb Librit &#8211; Ulqini 2014.<\/span><\/p>\n","protected":false},"excerpt":{"rendered":"<p>Shoqata e Artist\u00ebve dhe Intelektual\u00ebve \u201cArt Club\u201d dhe Komuna e Ulqinit do t\u00eb organizojn\u00eb sonte n\u00eb mjediset e hotelit \u201cMediteran\u201d, n\u00eb or\u00ebn 20.30, p\u00ebrurimin e librit \u201cHarap\u00ebt e Ulqinit\u201d t\u00eb autorit Ali Llunji. P\u00ebrurimi do t\u00eb mbahet n\u00eb kuad\u00ebr t\u00eb veprimtarive q\u00eb organizohen gjat\u00eb dit\u00ebve t\u00eb Panairit t\u00eb Librit &#8211; Ulqini 2014.<\/p>\n","protected":false},"author":1,"featured_media":0,"comment_status":"closed","ping_status":"closed","sticky":false,"template":"","format":"standard","meta":{"spay_email":"","jetpack_publicize_message":"","jetpack_is_tweetstorm":false,"jetpack_publicize_feature_enabled":true},"categories":[4,1],"tags":[],"jetpack_publicize_connections":[],"yoast_head":"<!-- This site is optimized with the Yoast SEO plugin v19.1 - https:\/\/yoast.com\/wordpress\/plugins\/seo\/ -->\n<title>Sonte n\u00eb hotelin Mediteran n\u00eb or\u00ebn 20.30, p\u00ebrurimin e librit \u201cHarap\u00ebt e Ulqinit\u201d t\u00eb autorit Ali Llunji - Lajme nga Ulqini<\/title>\n<meta name=\"description\" content=\"Shoqata e Artist\u00ebve dhe Intelektual\u00ebve \u201cArt Club\u201d dhe Komuna e Ulqinit do t\u00eb organizojn\u00eb sonte n\u00eb mjediset e hotelit \u201cMediteran\u201d, n\u00eb or\u00ebn 20.30, p\u00ebrurimin\" \/>\n<meta name=\"robots\" content=\"index, follow, max-snippet:-1, max-image-preview:large, max-video-preview:-1\" \/>\n<link rel=\"canonical\" href=\"https:\/\/www.visit-ulcinj.com\/blog\/2014\/08\/21\/sonte-ne-hotelin-mediteran-ne-oren-20-30-perurimin-e-librit-harapet-e-ulqinit-te-autorit-ali-llunji\/\" \/>\n<meta property=\"og:locale\" content=\"en_US\" \/>\n<meta property=\"og:type\" content=\"article\" \/>\n<meta property=\"og:title\" content=\"Sonte n\u00eb hotelin Mediteran n\u00eb or\u00ebn 20.30, p\u00ebrurimin e librit \u201cHarap\u00ebt e Ulqinit\u201d t\u00eb autorit Ali Llunji - Lajme nga Ulqini\" \/>\n<meta property=\"og:description\" content=\"Shoqata e Artist\u00ebve dhe Intelektual\u00ebve \u201cArt Club\u201d dhe Komuna e Ulqinit do t\u00eb organizojn\u00eb sonte n\u00eb mjediset e hotelit \u201cMediteran\u201d, n\u00eb or\u00ebn 20.30, p\u00ebrurimin\" \/>\n<meta property=\"og:url\" content=\"https:\/\/www.visit-ulcinj.com\/blog\/2014\/08\/21\/sonte-ne-hotelin-mediteran-ne-oren-20-30-perurimin-e-librit-harapet-e-ulqinit-te-autorit-ali-llunji\/\" \/>\n<meta property=\"og:site_name\" content=\"Lajme nga Ulqini\" \/>\n<meta property=\"article:published_time\" content=\"2014-08-21T16:54:38+00:00\" \/>\n<meta property=\"article:modified_time\" content=\"2014-08-21T19:03:35+00:00\" \/>\n<meta property=\"og:image\" content=\"http:\/\/www.visit-ulcinj.com\/blog\/wp-content\/uploads\/2014\/08\/Ali-Llunji-Harapet-e-Ulqinit-Panoja.jpg\" \/>\n<meta name=\"twitter:label1\" content=\"Written by\" \/>\n\t<meta name=\"twitter:data1\" content=\"ulqini\" \/>\n<script type=\"application\/ld+json\" class=\"yoast-schema-graph\">{\"@context\":\"https:\/\/schema.org\",\"@graph\":[{\"@type\":\"WebSite\",\"@id\":\"https:\/\/www.visit-ulcinj.com\/blog\/#website\",\"url\":\"https:\/\/www.visit-ulcinj.com\/blog\/\",\"name\":\"Lajme nga Ulqini\",\"description\":\"Lajme,Vijesti,Ulqini,Ulqin,Crna Gora,Mali i Zi\",\"potentialAction\":[{\"@type\":\"SearchAction\",\"target\":{\"@type\":\"EntryPoint\",\"urlTemplate\":\"https:\/\/www.visit-ulcinj.com\/blog\/?s={search_term_string}\"},\"query-input\":\"required name=search_term_string\"}],\"inLanguage\":\"en-US\"},{\"@type\":\"ImageObject\",\"inLanguage\":\"en-US\",\"@id\":\"https:\/\/www.visit-ulcinj.com\/blog\/2014\/08\/21\/sonte-ne-hotelin-mediteran-ne-oren-20-30-perurimin-e-librit-harapet-e-ulqinit-te-autorit-ali-llunji\/#primaryimage\",\"url\":\"https:\/\/www.visit-ulcinj.com\/blog\/wp-content\/uploads\/2014\/08\/Ali-Llunji-Harapet-e-Ulqinit-Panoja.jpg\",\"contentUrl\":\"https:\/\/www.visit-ulcinj.com\/blog\/wp-content\/uploads\/2014\/08\/Ali-Llunji-Harapet-e-Ulqinit-Panoja.jpg\",\"width\":1024,\"height\":570},{\"@type\":\"WebPage\",\"@id\":\"https:\/\/www.visit-ulcinj.com\/blog\/2014\/08\/21\/sonte-ne-hotelin-mediteran-ne-oren-20-30-perurimin-e-librit-harapet-e-ulqinit-te-autorit-ali-llunji\/#webpage\",\"url\":\"https:\/\/www.visit-ulcinj.com\/blog\/2014\/08\/21\/sonte-ne-hotelin-mediteran-ne-oren-20-30-perurimin-e-librit-harapet-e-ulqinit-te-autorit-ali-llunji\/\",\"name\":\"Sonte n\u00eb hotelin Mediteran n\u00eb or\u00ebn 20.30, p\u00ebrurimin e librit \u201cHarap\u00ebt e Ulqinit\u201d t\u00eb autorit Ali Llunji - Lajme nga Ulqini\",\"isPartOf\":{\"@id\":\"https:\/\/www.visit-ulcinj.com\/blog\/#website\"},\"primaryImageOfPage\":{\"@id\":\"https:\/\/www.visit-ulcinj.com\/blog\/2014\/08\/21\/sonte-ne-hotelin-mediteran-ne-oren-20-30-perurimin-e-librit-harapet-e-ulqinit-te-autorit-ali-llunji\/#primaryimage\"},\"datePublished\":\"2014-08-21T16:54:38+00:00\",\"dateModified\":\"2014-08-21T19:03:35+00:00\",\"author\":{\"@id\":\"https:\/\/www.visit-ulcinj.com\/blog\/#\/schema\/person\/dcab619c614d3038751c63bc2aadc06d\"},\"description\":\"Shoqata e Artist\u00ebve dhe Intelektual\u00ebve \u201cArt Club\u201d dhe Komuna e Ulqinit do t\u00eb organizojn\u00eb sonte n\u00eb mjediset e hotelit \u201cMediteran\u201d, n\u00eb or\u00ebn 20.30, p\u00ebrurimin\",\"breadcrumb\":{\"@id\":\"https:\/\/www.visit-ulcinj.com\/blog\/2014\/08\/21\/sonte-ne-hotelin-mediteran-ne-oren-20-30-perurimin-e-librit-harapet-e-ulqinit-te-autorit-ali-llunji\/#breadcrumb\"},\"inLanguage\":\"en-US\",\"potentialAction\":[{\"@type\":\"ReadAction\",\"target\":[\"https:\/\/www.visit-ulcinj.com\/blog\/2014\/08\/21\/sonte-ne-hotelin-mediteran-ne-oren-20-30-perurimin-e-librit-harapet-e-ulqinit-te-autorit-ali-llunji\/\"]}]},{\"@type\":\"BreadcrumbList\",\"@id\":\"https:\/\/www.visit-ulcinj.com\/blog\/2014\/08\/21\/sonte-ne-hotelin-mediteran-ne-oren-20-30-perurimin-e-librit-harapet-e-ulqinit-te-autorit-ali-llunji\/#breadcrumb\",\"itemListElement\":[{\"@type\":\"ListItem\",\"position\":1,\"name\":\"Sonte n\u00eb hotelin Mediteran n\u00eb or\u00ebn 20.30, p\u00ebrurimin e librit \u201cHarap\u00ebt e Ulqinit\u201d t\u00eb autorit Ali Llunji\"}]},{\"@type\":\"Person\",\"@id\":\"https:\/\/www.visit-ulcinj.com\/blog\/#\/schema\/person\/dcab619c614d3038751c63bc2aadc06d\",\"name\":\"ulqini\",\"sameAs\":[\"http:\/\/www.visit-ulcinj.com\"],\"url\":\"https:\/\/www.visit-ulcinj.com\/blog\/author\/admin\/\"}]}<\/script>\n<!-- \/ Yoast SEO plugin. -->","yoast_head_json":{"title":"Sonte n\u00eb hotelin Mediteran n\u00eb or\u00ebn 20.30, p\u00ebrurimin e librit \u201cHarap\u00ebt e Ulqinit\u201d t\u00eb autorit Ali Llunji - Lajme nga Ulqini","description":"Shoqata e Artist\u00ebve dhe Intelektual\u00ebve \u201cArt Club\u201d dhe Komuna e Ulqinit do t\u00eb organizojn\u00eb sonte n\u00eb mjediset e hotelit \u201cMediteran\u201d, n\u00eb or\u00ebn 20.30, p\u00ebrurimin","robots":{"index":"index","follow":"follow","max-snippet":"max-snippet:-1","max-image-preview":"max-image-preview:large","max-video-preview":"max-video-preview:-1"},"canonical":"https:\/\/www.visit-ulcinj.com\/blog\/2014\/08\/21\/sonte-ne-hotelin-mediteran-ne-oren-20-30-perurimin-e-librit-harapet-e-ulqinit-te-autorit-ali-llunji\/","og_locale":"en_US","og_type":"article","og_title":"Sonte n\u00eb hotelin Mediteran n\u00eb or\u00ebn 20.30, p\u00ebrurimin e librit \u201cHarap\u00ebt e Ulqinit\u201d t\u00eb autorit Ali Llunji - Lajme nga Ulqini","og_description":"Shoqata e Artist\u00ebve dhe Intelektual\u00ebve \u201cArt Club\u201d dhe Komuna e Ulqinit do t\u00eb organizojn\u00eb sonte n\u00eb mjediset e hotelit \u201cMediteran\u201d, n\u00eb or\u00ebn 20.30, p\u00ebrurimin","og_url":"https:\/\/www.visit-ulcinj.com\/blog\/2014\/08\/21\/sonte-ne-hotelin-mediteran-ne-oren-20-30-perurimin-e-librit-harapet-e-ulqinit-te-autorit-ali-llunji\/","og_site_name":"Lajme nga Ulqini","article_published_time":"2014-08-21T16:54:38+00:00","article_modified_time":"2014-08-21T19:03:35+00:00","og_image":[{"url":"http:\/\/www.visit-ulcinj.com\/blog\/wp-content\/uploads\/2014\/08\/Ali-Llunji-Harapet-e-Ulqinit-Panoja.jpg"}],"twitter_misc":{"Written by":"ulqini"},"schema":{"@context":"https:\/\/schema.org","@graph":[{"@type":"WebSite","@id":"https:\/\/www.visit-ulcinj.com\/blog\/#website","url":"https:\/\/www.visit-ulcinj.com\/blog\/","name":"Lajme nga Ulqini","description":"Lajme,Vijesti,Ulqini,Ulqin,Crna Gora,Mali i Zi","potentialAction":[{"@type":"SearchAction","target":{"@type":"EntryPoint","urlTemplate":"https:\/\/www.visit-ulcinj.com\/blog\/?s={search_term_string}"},"query-input":"required name=search_term_string"}],"inLanguage":"en-US"},{"@type":"ImageObject","inLanguage":"en-US","@id":"https:\/\/www.visit-ulcinj.com\/blog\/2014\/08\/21\/sonte-ne-hotelin-mediteran-ne-oren-20-30-perurimin-e-librit-harapet-e-ulqinit-te-autorit-ali-llunji\/#primaryimage","url":"https:\/\/www.visit-ulcinj.com\/blog\/wp-content\/uploads\/2014\/08\/Ali-Llunji-Harapet-e-Ulqinit-Panoja.jpg","contentUrl":"https:\/\/www.visit-ulcinj.com\/blog\/wp-content\/uploads\/2014\/08\/Ali-Llunji-Harapet-e-Ulqinit-Panoja.jpg","width":1024,"height":570},{"@type":"WebPage","@id":"https:\/\/www.visit-ulcinj.com\/blog\/2014\/08\/21\/sonte-ne-hotelin-mediteran-ne-oren-20-30-perurimin-e-librit-harapet-e-ulqinit-te-autorit-ali-llunji\/#webpage","url":"https:\/\/www.visit-ulcinj.com\/blog\/2014\/08\/21\/sonte-ne-hotelin-mediteran-ne-oren-20-30-perurimin-e-librit-harapet-e-ulqinit-te-autorit-ali-llunji\/","name":"Sonte n\u00eb hotelin Mediteran n\u00eb or\u00ebn 20.30, p\u00ebrurimin e librit \u201cHarap\u00ebt e Ulqinit\u201d t\u00eb autorit Ali Llunji - Lajme nga Ulqini","isPartOf":{"@id":"https:\/\/www.visit-ulcinj.com\/blog\/#website"},"primaryImageOfPage":{"@id":"https:\/\/www.visit-ulcinj.com\/blog\/2014\/08\/21\/sonte-ne-hotelin-mediteran-ne-oren-20-30-perurimin-e-librit-harapet-e-ulqinit-te-autorit-ali-llunji\/#primaryimage"},"datePublished":"2014-08-21T16:54:38+00:00","dateModified":"2014-08-21T19:03:35+00:00","author":{"@id":"https:\/\/www.visit-ulcinj.com\/blog\/#\/schema\/person\/dcab619c614d3038751c63bc2aadc06d"},"description":"Shoqata e Artist\u00ebve dhe Intelektual\u00ebve \u201cArt Club\u201d dhe Komuna e Ulqinit do t\u00eb organizojn\u00eb sonte n\u00eb mjediset e hotelit \u201cMediteran\u201d, n\u00eb or\u00ebn 20.30, p\u00ebrurimin","breadcrumb":{"@id":"https:\/\/www.visit-ulcinj.com\/blog\/2014\/08\/21\/sonte-ne-hotelin-mediteran-ne-oren-20-30-perurimin-e-librit-harapet-e-ulqinit-te-autorit-ali-llunji\/#breadcrumb"},"inLanguage":"en-US","potentialAction":[{"@type":"ReadAction","target":["https:\/\/www.visit-ulcinj.com\/blog\/2014\/08\/21\/sonte-ne-hotelin-mediteran-ne-oren-20-30-perurimin-e-librit-harapet-e-ulqinit-te-autorit-ali-llunji\/"]}]},{"@type":"BreadcrumbList","@id":"https:\/\/www.visit-ulcinj.com\/blog\/2014\/08\/21\/sonte-ne-hotelin-mediteran-ne-oren-20-30-perurimin-e-librit-harapet-e-ulqinit-te-autorit-ali-llunji\/#breadcrumb","itemListElement":[{"@type":"ListItem","position":1,"name":"Sonte n\u00eb hotelin Mediteran n\u00eb or\u00ebn 20.30, p\u00ebrurimin e librit \u201cHarap\u00ebt e Ulqinit\u201d t\u00eb autorit Ali Llunji"}]},{"@type":"Person","@id":"https:\/\/www.visit-ulcinj.com\/blog\/#\/schema\/person\/dcab619c614d3038751c63bc2aadc06d","name":"ulqini","sameAs":["http:\/\/www.visit-ulcinj.com"],"url":"https:\/\/www.visit-ulcinj.com\/blog\/author\/admin\/"}]}},"jetpack_featured_media_url":"","jetpack_sharing_enabled":true,"jetpack_shortlink":"https:\/\/wp.me\/pe6lTn-m2c","_links":{"self":[{"href":"https:\/\/www.visit-ulcinj.com\/blog\/wp-json\/wp\/v2\/posts\/84704"}],"collection":[{"href":"https:\/\/www.visit-ulcinj.com\/blog\/wp-json\/wp\/v2\/posts"}],"about":[{"href":"https:\/\/www.visit-ulcinj.com\/blog\/wp-json\/wp\/v2\/types\/post"}],"author":[{"embeddable":true,"href":"https:\/\/www.visit-ulcinj.com\/blog\/wp-json\/wp\/v2\/users\/1"}],"replies":[{"embeddable":true,"href":"https:\/\/www.visit-ulcinj.com\/blog\/wp-json\/wp\/v2\/comments?post=84704"}],"version-history":[{"count":1,"href":"https:\/\/www.visit-ulcinj.com\/blog\/wp-json\/wp\/v2\/posts\/84704\/revisions"}],"predecessor-version":[{"id":84706,"href":"https:\/\/www.visit-ulcinj.com\/blog\/wp-json\/wp\/v2\/posts\/84704\/revisions\/84706"}],"wp:attachment":[{"href":"https:\/\/www.visit-ulcinj.com\/blog\/wp-json\/wp\/v2\/media?parent=84704"}],"wp:term":[{"taxonomy":"category","embeddable":true,"href":"https:\/\/www.visit-ulcinj.com\/blog\/wp-json\/wp\/v2\/categories?post=84704"},{"taxonomy":"post_tag","embeddable":true,"href":"https:\/\/www.visit-ulcinj.com\/blog\/wp-json\/wp\/v2\/tags?post=84704"}],"curies":[{"name":"wp","href":"https:\/\/api.w.org\/{rel}","templated":true}]}}