{"id":84712,"date":"2014-08-21T20:02:07","date_gmt":"2014-08-21T19:02:07","guid":{"rendered":"http:\/\/www.visit-ulcinj.com\/blog\/?p=84712"},"modified":"2014-08-22T09:58:21","modified_gmt":"2014-08-22T08:58:21","slug":"qeveria-e-malit-te-zi-se-shpejti-ta-marre-kriporen-e-ulqinit","status":"publish","type":"post","link":"https:\/\/www.visit-ulcinj.com\/blog\/2014\/08\/21\/qeveria-e-malit-te-zi-se-shpejti-ta-marre-kriporen-e-ulqinit\/","title":{"rendered":"Qeveria e Malit t\u00eb Zi se shpejti do ta marre Kriporen e Ulqinit"},"content":{"rendered":"<p><a href=\"http:\/\/www.visit-ulcinj.com\/blog\/wp-content\/uploads\/2014\/04\/Ulcinjska-Solana-.jpg\"><img loading=\"lazy\" class=\"alignleft wp-image-81277\" src=\"http:\/\/www.visit-ulcinj.com\/blog\/wp-content\/uploads\/2014\/04\/Ulcinjska-Solana-.jpg\" alt=\"Ulcinjska-Solana-\" width=\"508\" height=\"338\" srcset=\"https:\/\/www.visit-ulcinj.com\/blog\/wp-content\/uploads\/2014\/04\/Ulcinjska-Solana-.jpg 720w, https:\/\/www.visit-ulcinj.com\/blog\/wp-content\/uploads\/2014\/04\/Ulcinjska-Solana--300x199.jpg 300w\" sizes=\"(max-width: 508px) 100vw, 508px\" \/><\/a>Qeveria s\u00eb shpejti do t\u00eb duhej ta marr\u00eb Kriporen e Ulqinit Bajo Sekuliq, ka kumtuar kryetari i sindikat\u00ebs t\u00eb k\u00ebsaj nd\u00ebrmarrjeje, Marko Miranoviq. Qeveria, do t\u00eb duhej q\u00eb t\u00eb paguaj\u00eb t\u00eb gjitha 10 rrogat e prapambetura dhe borxhin prej rreth 20 mij\u00eb euro p\u00ebr energjin\u00eb elektrike q\u00eb Kriporja i detyrohet Elektroekonomis\u00eb. Pagesa e t\u00eb gjitha rrogave pritet deri n\u00eb fund t\u00eb vitit, ka th\u00ebn\u00eb Miranoviq, p\u00ebr gazet\u00ebn Dnevne Novine. Qeveria, si\u00e7 ka shtuar ai, do ta kthej\u00eb Kriporen, kurse pronar\u00ebve t\u00eb fabrik\u00ebs do t\u2019ua paguaj\u00eb t\u00eb gjitha parat\u00eb q\u00eb i kan\u00eb investuar n\u00eb t\u00eb.<\/p>\n<p>Miranoviq ka th\u00ebn\u00eb se problem i p\u00ebrgjithsh\u00ebm i fabrik\u00ebs, si dhe i pun\u00ebtor\u00ebve duhet t\u00eb zgjidhet sa m\u00eb par\u00eb. N\u00eb vend t\u00eb pushimeve, si\u00e7 rekomandon Miranoviq, zyrtar\u00ebt shtet\u00ebror\u00eb p\u00ebrfundimisht do t\u00eb duhej ta marrin fatin e pun\u00ebtor\u00ebve n\u00eb duar t\u00eb veta. \u00cbsht\u00eb koha q\u00eb problemeve tona t\u2019u vihet pika dhe kriporja p\u00ebrfundimisht t\u00eb filloj\u00eb t\u00eb funksionoj\u00eb normalisht, ka theksuar Miranoviq. Drejtoria e falimentimit e kripores s\u00eb Ulqinit, t\u00eb h\u00ebn\u00ebn ka publikuar tenderin e 11 me radh\u00eb p\u00ebr shitjen e pron\u00ebs t\u00eb nd\u00ebrmarrjes me \u00e7mim fillestar prej 179 milion\u00eb euro.<\/p>\n<p>TVCG<\/p>\n","protected":false},"excerpt":{"rendered":"<p>Qeveria s\u00eb shpejti do t\u00eb duhej ta marr\u00eb Kriporen e Ulqinit Bajo Sekuliq, ka kumtuar kryetari i sindikat\u00ebs t\u00eb k\u00ebsaj nd\u00ebrmarrjeje, Marko Miranoviq. Qeveria, do t\u00eb duhej q\u00eb t\u00eb paguaj\u00eb t\u00eb gjitha 10 rrogat e prapambetura dhe borxhin prej rreth 20 mij\u00eb euro p\u00ebr energjin\u00eb elektrike q\u00eb Kriporja i detyrohet Elektroekonomis\u00eb. Pagesa e t\u00eb gjitha [&hellip;]<\/p>\n","protected":false},"author":1,"featured_media":0,"comment_status":"closed","ping_status":"closed","sticky":false,"template":"","format":"standard","meta":{"spay_email":"","jetpack_publicize_message":"","jetpack_is_tweetstorm":false,"jetpack_publicize_feature_enabled":true},"categories":[10,1],"tags":[],"jetpack_publicize_connections":[],"yoast_head":"<!-- This site is optimized with the Yoast SEO plugin v19.1 - https:\/\/yoast.com\/wordpress\/plugins\/seo\/ -->\n<title>Qeveria e Malit t\u00eb Zi se shpejti do ta marre Kriporen e Ulqinit - Lajme nga Ulqini<\/title>\n<meta name=\"description\" content=\"Qeveria s\u00eb shpejti do t\u00eb duhej ta marr\u00eb Kriporen e Ulqinit Bajo Sekuliq, ka kumtuar kryetari i sindikat\u00ebs t\u00eb k\u00ebsaj nd\u00ebrmarrjeje, Marko Miranoviq. Qeveria,\" \/>\n<meta name=\"robots\" content=\"index, follow, max-snippet:-1, max-image-preview:large, max-video-preview:-1\" \/>\n<link rel=\"canonical\" href=\"https:\/\/www.visit-ulcinj.com\/blog\/2014\/08\/21\/qeveria-e-malit-te-zi-se-shpejti-ta-marre-kriporen-e-ulqinit\/\" \/>\n<meta property=\"og:locale\" content=\"en_US\" \/>\n<meta property=\"og:type\" content=\"article\" \/>\n<meta property=\"og:title\" content=\"Qeveria e Malit t\u00eb Zi se shpejti do ta marre Kriporen e Ulqinit - Lajme nga Ulqini\" \/>\n<meta property=\"og:description\" content=\"Qeveria s\u00eb shpejti do t\u00eb duhej ta marr\u00eb Kriporen e Ulqinit Bajo Sekuliq, ka kumtuar kryetari i sindikat\u00ebs t\u00eb k\u00ebsaj nd\u00ebrmarrjeje, Marko Miranoviq. Qeveria,\" \/>\n<meta property=\"og:url\" content=\"https:\/\/www.visit-ulcinj.com\/blog\/2014\/08\/21\/qeveria-e-malit-te-zi-se-shpejti-ta-marre-kriporen-e-ulqinit\/\" \/>\n<meta property=\"og:site_name\" content=\"Lajme nga Ulqini\" \/>\n<meta property=\"article:published_time\" content=\"2014-08-21T19:02:07+00:00\" \/>\n<meta property=\"article:modified_time\" content=\"2014-08-22T08:58:21+00:00\" \/>\n<meta property=\"og:image\" content=\"http:\/\/www.visit-ulcinj.com\/blog\/wp-content\/uploads\/2014\/04\/Ulcinjska-Solana-.jpg\" \/>\n<meta name=\"twitter:label1\" content=\"Written by\" \/>\n\t<meta name=\"twitter:data1\" content=\"ulqini\" \/>\n\t<meta name=\"twitter:label2\" content=\"Est. reading time\" \/>\n\t<meta name=\"twitter:data2\" content=\"1 minute\" \/>\n<script type=\"application\/ld+json\" class=\"yoast-schema-graph\">{\"@context\":\"https:\/\/schema.org\",\"@graph\":[{\"@type\":\"WebSite\",\"@id\":\"https:\/\/www.visit-ulcinj.com\/blog\/#website\",\"url\":\"https:\/\/www.visit-ulcinj.com\/blog\/\",\"name\":\"Lajme nga Ulqini\",\"description\":\"Lajme,Vijesti,Ulqini,Ulqin,Crna Gora,Mali i Zi\",\"potentialAction\":[{\"@type\":\"SearchAction\",\"target\":{\"@type\":\"EntryPoint\",\"urlTemplate\":\"https:\/\/www.visit-ulcinj.com\/blog\/?s={search_term_string}\"},\"query-input\":\"required name=search_term_string\"}],\"inLanguage\":\"en-US\"},{\"@type\":\"ImageObject\",\"inLanguage\":\"en-US\",\"@id\":\"https:\/\/www.visit-ulcinj.com\/blog\/2014\/08\/21\/qeveria-e-malit-te-zi-se-shpejti-ta-marre-kriporen-e-ulqinit\/#primaryimage\",\"url\":\"https:\/\/www.visit-ulcinj.com\/blog\/wp-content\/uploads\/2014\/04\/Ulcinjska-Solana-.jpg\",\"contentUrl\":\"https:\/\/www.visit-ulcinj.com\/blog\/wp-content\/uploads\/2014\/04\/Ulcinjska-Solana-.jpg\",\"width\":720,\"height\":479},{\"@type\":\"WebPage\",\"@id\":\"https:\/\/www.visit-ulcinj.com\/blog\/2014\/08\/21\/qeveria-e-malit-te-zi-se-shpejti-ta-marre-kriporen-e-ulqinit\/#webpage\",\"url\":\"https:\/\/www.visit-ulcinj.com\/blog\/2014\/08\/21\/qeveria-e-malit-te-zi-se-shpejti-ta-marre-kriporen-e-ulqinit\/\",\"name\":\"Qeveria e Malit t\u00eb Zi se shpejti do ta marre Kriporen e Ulqinit - Lajme nga Ulqini\",\"isPartOf\":{\"@id\":\"https:\/\/www.visit-ulcinj.com\/blog\/#website\"},\"primaryImageOfPage\":{\"@id\":\"https:\/\/www.visit-ulcinj.com\/blog\/2014\/08\/21\/qeveria-e-malit-te-zi-se-shpejti-ta-marre-kriporen-e-ulqinit\/#primaryimage\"},\"datePublished\":\"2014-08-21T19:02:07+00:00\",\"dateModified\":\"2014-08-22T08:58:21+00:00\",\"author\":{\"@id\":\"https:\/\/www.visit-ulcinj.com\/blog\/#\/schema\/person\/dcab619c614d3038751c63bc2aadc06d\"},\"description\":\"Qeveria s\u00eb shpejti do t\u00eb duhej ta marr\u00eb Kriporen e Ulqinit Bajo Sekuliq, ka kumtuar kryetari i sindikat\u00ebs t\u00eb k\u00ebsaj nd\u00ebrmarrjeje, Marko Miranoviq. Qeveria,\",\"breadcrumb\":{\"@id\":\"https:\/\/www.visit-ulcinj.com\/blog\/2014\/08\/21\/qeveria-e-malit-te-zi-se-shpejti-ta-marre-kriporen-e-ulqinit\/#breadcrumb\"},\"inLanguage\":\"en-US\",\"potentialAction\":[{\"@type\":\"ReadAction\",\"target\":[\"https:\/\/www.visit-ulcinj.com\/blog\/2014\/08\/21\/qeveria-e-malit-te-zi-se-shpejti-ta-marre-kriporen-e-ulqinit\/\"]}]},{\"@type\":\"BreadcrumbList\",\"@id\":\"https:\/\/www.visit-ulcinj.com\/blog\/2014\/08\/21\/qeveria-e-malit-te-zi-se-shpejti-ta-marre-kriporen-e-ulqinit\/#breadcrumb\",\"itemListElement\":[{\"@type\":\"ListItem\",\"position\":1,\"name\":\"Qeveria e Malit t\u00eb Zi se shpejti do ta marre Kriporen e Ulqinit\"}]},{\"@type\":\"Person\",\"@id\":\"https:\/\/www.visit-ulcinj.com\/blog\/#\/schema\/person\/dcab619c614d3038751c63bc2aadc06d\",\"name\":\"ulqini\",\"sameAs\":[\"http:\/\/www.visit-ulcinj.com\"],\"url\":\"https:\/\/www.visit-ulcinj.com\/blog\/author\/admin\/\"}]}<\/script>\n<!-- \/ Yoast SEO plugin. -->","yoast_head_json":{"title":"Qeveria e Malit t\u00eb Zi se shpejti do ta marre Kriporen e Ulqinit - Lajme nga Ulqini","description":"Qeveria s\u00eb shpejti do t\u00eb duhej ta marr\u00eb Kriporen e Ulqinit Bajo Sekuliq, ka kumtuar kryetari i sindikat\u00ebs t\u00eb k\u00ebsaj nd\u00ebrmarrjeje, Marko Miranoviq. Qeveria,","robots":{"index":"index","follow":"follow","max-snippet":"max-snippet:-1","max-image-preview":"max-image-preview:large","max-video-preview":"max-video-preview:-1"},"canonical":"https:\/\/www.visit-ulcinj.com\/blog\/2014\/08\/21\/qeveria-e-malit-te-zi-se-shpejti-ta-marre-kriporen-e-ulqinit\/","og_locale":"en_US","og_type":"article","og_title":"Qeveria e Malit t\u00eb Zi se shpejti do ta marre Kriporen e Ulqinit - Lajme nga Ulqini","og_description":"Qeveria s\u00eb shpejti do t\u00eb duhej ta marr\u00eb Kriporen e Ulqinit Bajo Sekuliq, ka kumtuar kryetari i sindikat\u00ebs t\u00eb k\u00ebsaj nd\u00ebrmarrjeje, Marko Miranoviq. Qeveria,","og_url":"https:\/\/www.visit-ulcinj.com\/blog\/2014\/08\/21\/qeveria-e-malit-te-zi-se-shpejti-ta-marre-kriporen-e-ulqinit\/","og_site_name":"Lajme nga Ulqini","article_published_time":"2014-08-21T19:02:07+00:00","article_modified_time":"2014-08-22T08:58:21+00:00","og_image":[{"url":"http:\/\/www.visit-ulcinj.com\/blog\/wp-content\/uploads\/2014\/04\/Ulcinjska-Solana-.jpg"}],"twitter_misc":{"Written by":"ulqini","Est. reading time":"1 minute"},"schema":{"@context":"https:\/\/schema.org","@graph":[{"@type":"WebSite","@id":"https:\/\/www.visit-ulcinj.com\/blog\/#website","url":"https:\/\/www.visit-ulcinj.com\/blog\/","name":"Lajme nga Ulqini","description":"Lajme,Vijesti,Ulqini,Ulqin,Crna Gora,Mali i Zi","potentialAction":[{"@type":"SearchAction","target":{"@type":"EntryPoint","urlTemplate":"https:\/\/www.visit-ulcinj.com\/blog\/?s={search_term_string}"},"query-input":"required name=search_term_string"}],"inLanguage":"en-US"},{"@type":"ImageObject","inLanguage":"en-US","@id":"https:\/\/www.visit-ulcinj.com\/blog\/2014\/08\/21\/qeveria-e-malit-te-zi-se-shpejti-ta-marre-kriporen-e-ulqinit\/#primaryimage","url":"https:\/\/www.visit-ulcinj.com\/blog\/wp-content\/uploads\/2014\/04\/Ulcinjska-Solana-.jpg","contentUrl":"https:\/\/www.visit-ulcinj.com\/blog\/wp-content\/uploads\/2014\/04\/Ulcinjska-Solana-.jpg","width":720,"height":479},{"@type":"WebPage","@id":"https:\/\/www.visit-ulcinj.com\/blog\/2014\/08\/21\/qeveria-e-malit-te-zi-se-shpejti-ta-marre-kriporen-e-ulqinit\/#webpage","url":"https:\/\/www.visit-ulcinj.com\/blog\/2014\/08\/21\/qeveria-e-malit-te-zi-se-shpejti-ta-marre-kriporen-e-ulqinit\/","name":"Qeveria e Malit t\u00eb Zi se shpejti do ta marre Kriporen e Ulqinit - Lajme nga Ulqini","isPartOf":{"@id":"https:\/\/www.visit-ulcinj.com\/blog\/#website"},"primaryImageOfPage":{"@id":"https:\/\/www.visit-ulcinj.com\/blog\/2014\/08\/21\/qeveria-e-malit-te-zi-se-shpejti-ta-marre-kriporen-e-ulqinit\/#primaryimage"},"datePublished":"2014-08-21T19:02:07+00:00","dateModified":"2014-08-22T08:58:21+00:00","author":{"@id":"https:\/\/www.visit-ulcinj.com\/blog\/#\/schema\/person\/dcab619c614d3038751c63bc2aadc06d"},"description":"Qeveria s\u00eb shpejti do t\u00eb duhej ta marr\u00eb Kriporen e Ulqinit Bajo Sekuliq, ka kumtuar kryetari i sindikat\u00ebs t\u00eb k\u00ebsaj nd\u00ebrmarrjeje, Marko Miranoviq. Qeveria,","breadcrumb":{"@id":"https:\/\/www.visit-ulcinj.com\/blog\/2014\/08\/21\/qeveria-e-malit-te-zi-se-shpejti-ta-marre-kriporen-e-ulqinit\/#breadcrumb"},"inLanguage":"en-US","potentialAction":[{"@type":"ReadAction","target":["https:\/\/www.visit-ulcinj.com\/blog\/2014\/08\/21\/qeveria-e-malit-te-zi-se-shpejti-ta-marre-kriporen-e-ulqinit\/"]}]},{"@type":"BreadcrumbList","@id":"https:\/\/www.visit-ulcinj.com\/blog\/2014\/08\/21\/qeveria-e-malit-te-zi-se-shpejti-ta-marre-kriporen-e-ulqinit\/#breadcrumb","itemListElement":[{"@type":"ListItem","position":1,"name":"Qeveria e Malit t\u00eb Zi se shpejti do ta marre Kriporen e Ulqinit"}]},{"@type":"Person","@id":"https:\/\/www.visit-ulcinj.com\/blog\/#\/schema\/person\/dcab619c614d3038751c63bc2aadc06d","name":"ulqini","sameAs":["http:\/\/www.visit-ulcinj.com"],"url":"https:\/\/www.visit-ulcinj.com\/blog\/author\/admin\/"}]}},"jetpack_featured_media_url":"","jetpack_sharing_enabled":true,"jetpack_shortlink":"https:\/\/wp.me\/pe6lTn-m2k","_links":{"self":[{"href":"https:\/\/www.visit-ulcinj.com\/blog\/wp-json\/wp\/v2\/posts\/84712"}],"collection":[{"href":"https:\/\/www.visit-ulcinj.com\/blog\/wp-json\/wp\/v2\/posts"}],"about":[{"href":"https:\/\/www.visit-ulcinj.com\/blog\/wp-json\/wp\/v2\/types\/post"}],"author":[{"embeddable":true,"href":"https:\/\/www.visit-ulcinj.com\/blog\/wp-json\/wp\/v2\/users\/1"}],"replies":[{"embeddable":true,"href":"https:\/\/www.visit-ulcinj.com\/blog\/wp-json\/wp\/v2\/comments?post=84712"}],"version-history":[{"count":1,"href":"https:\/\/www.visit-ulcinj.com\/blog\/wp-json\/wp\/v2\/posts\/84712\/revisions"}],"predecessor-version":[{"id":84713,"href":"https:\/\/www.visit-ulcinj.com\/blog\/wp-json\/wp\/v2\/posts\/84712\/revisions\/84713"}],"wp:attachment":[{"href":"https:\/\/www.visit-ulcinj.com\/blog\/wp-json\/wp\/v2\/media?parent=84712"}],"wp:term":[{"taxonomy":"category","embeddable":true,"href":"https:\/\/www.visit-ulcinj.com\/blog\/wp-json\/wp\/v2\/categories?post=84712"},{"taxonomy":"post_tag","embeddable":true,"href":"https:\/\/www.visit-ulcinj.com\/blog\/wp-json\/wp\/v2\/tags?post=84712"}],"curies":[{"name":"wp","href":"https:\/\/api.w.org\/{rel}","templated":true}]}}