{"id":84722,"date":"2014-08-24T06:12:44","date_gmt":"2014-08-24T05:12:44","guid":{"rendered":"http:\/\/www.visit-ulcinj.com\/blog\/?p=84722"},"modified":"2014-08-24T06:12:44","modified_gmt":"2014-08-24T05:12:44","slug":"u-ulcinjskoj-rivijeri-jeftinije-30-za-septembar","status":"publish","type":"post","link":"https:\/\/www.visit-ulcinj.com\/blog\/2014\/08\/24\/u-ulcinjskoj-rivijeri-jeftinije-30-za-septembar\/","title":{"rendered":"U Ulcinjskoj rivijeri  jeftinije 30 % za septembar"},"content":{"rendered":"<p><a href=\"http:\/\/www.visit-ulcinj.com\/blog\/wp-content\/uploads\/2014\/08\/Velika-plaza-Ulcinj.jpg\"><img loading=\"lazy\" class=\"alignleft wp-image-84723\" src=\"http:\/\/www.visit-ulcinj.com\/blog\/wp-content\/uploads\/2014\/08\/Velika-plaza-Ulcinj.jpg\" alt=\"Velika-plaza-Ulcinj\" width=\"508\" height=\"313\" srcset=\"https:\/\/www.visit-ulcinj.com\/blog\/wp-content\/uploads\/2014\/08\/Velika-plaza-Ulcinj.jpg 556w, https:\/\/www.visit-ulcinj.com\/blog\/wp-content\/uploads\/2014\/08\/Velika-plaza-Ulcinj-300x185.jpg 300w\" sizes=\"(max-width: 508px) 100vw, 508px\" \/><\/a>U hotelima ,,Ulcinjske rivijere\u201c od 21. avgusta cijene su za 15 odsto ni\u017ee u odnosu na \u0161pic sezone, saop\u0161teno je iz te turisti\u010dke kompanije.<\/p>\n<p>&#8211; Polupansion se kre\u0107e od 27 do 35 eura dnevno po osobi, a od 16. septembra cijene \u0107e biti ni\u017ee za 30 odsto u odnosu na \u0161pic, pa u tom periodu polupansion ko\u0161ta od 22 do 32 eura u zavisnosti od toga u kom hotelu gost boravi \u2013 ka\u017ee se u saop\u0161tenju ,,Ulcinjske rivijere\u201c.<\/p>\n<p>Na Adi Bojani od 21. avgusta va\u017ei akcija\u00a0 plati\u0161 6 \u2013 dobije\u0161 7 dana, 12 za 10 pla\u0107enih dana i 14 za 12 pla\u0107enih dana, a sli\u010dna akcija \u0107e po\u010deti od 1. septembra i u hotelima ,,Olympic\u201c i ,,Bellevue\u201c na Velikoj pla\u017ei.<\/p>\n<p>Navodi se da je tokom avgusta u hotelima ,,Ulcinjske rivijere\u201c zabilje\u017eeno osam odsto vi\u0161e no\u0107enja nego u avgustu pro\u0161le godine.<\/p>\n<p>&#8211; Najbrojniji gosti u hotelima ,,Olympic\u201c, ,,Bellevue\u201c i na Adi Bojani su iz \u010ce\u0161ke, Srbije, Bosne i Hercegovine, Njema\u010dke, Kosova, Rusije, Rumunije, Italije i doma\u0107i gosti \u2013 ka\u017ee se u saop\u0161tenju.<\/p>\n<p>Dodaje se da je buking za septembar mnogo bolji nego pro\u0161le godine, a dobroj posje\u0107enosti u postsezoni \u0107e, kako je saop\u0161teno, doprinijeti lijepo vrijeme, izuzetno toplo more i odli\u010dna usluga.<\/p>\n<p>S.P<\/p>\n<p><strong>Izvor: Pobjeda<\/strong><\/p>\n","protected":false},"excerpt":{"rendered":"<p>U hotelima ,,Ulcinjske rivijere\u201c od 21. avgusta cijene su za 15 odsto ni\u017ee u odnosu na \u0161pic sezone, saop\u0161teno je iz te turisti\u010dke kompanije. &#8211; Polupansion se kre\u0107e od 27 do 35 eura dnevno po osobi, a od 16. septembra cijene \u0107e biti ni\u017ee za 30 odsto u odnosu na \u0161pic, pa u tom periodu [&hellip;]<\/p>\n","protected":false},"author":1,"featured_media":0,"comment_status":"closed","ping_status":"closed","sticky":false,"template":"","format":"standard","meta":{"spay_email":"","jetpack_publicize_message":"","jetpack_is_tweetstorm":false,"jetpack_publicize_feature_enabled":true},"categories":[8337],"tags":[],"jetpack_publicize_connections":[],"yoast_head":"<!-- This site is optimized with the Yoast SEO plugin v19.1 - https:\/\/yoast.com\/wordpress\/plugins\/seo\/ -->\n<title>U Ulcinjskoj rivijeri jeftinije 30 % za septembar - Lajme nga Ulqini<\/title>\n<meta name=\"description\" content=\"U hotelima ,,Ulcinjske rivijere\u201c od 21. avgusta cijene su za 15 odsto ni\u017ee u odnosu na \u0161pic sezone, saop\u0161teno je iz te turisti\u010dke kompanije. - Polupansion\" \/>\n<meta name=\"robots\" content=\"index, follow, max-snippet:-1, max-image-preview:large, max-video-preview:-1\" \/>\n<link rel=\"canonical\" href=\"https:\/\/www.visit-ulcinj.com\/blog\/2014\/08\/24\/u-ulcinjskoj-rivijeri-jeftinije-30-za-septembar\/\" \/>\n<meta property=\"og:locale\" content=\"en_US\" \/>\n<meta property=\"og:type\" content=\"article\" \/>\n<meta property=\"og:title\" content=\"U Ulcinjskoj rivijeri jeftinije 30 % za septembar - Lajme nga Ulqini\" \/>\n<meta property=\"og:description\" content=\"U hotelima ,,Ulcinjske rivijere\u201c od 21. avgusta cijene su za 15 odsto ni\u017ee u odnosu na \u0161pic sezone, saop\u0161teno je iz te turisti\u010dke kompanije. - Polupansion\" \/>\n<meta property=\"og:url\" content=\"https:\/\/www.visit-ulcinj.com\/blog\/2014\/08\/24\/u-ulcinjskoj-rivijeri-jeftinije-30-za-septembar\/\" \/>\n<meta property=\"og:site_name\" content=\"Lajme nga Ulqini\" \/>\n<meta property=\"article:published_time\" content=\"2014-08-24T05:12:44+00:00\" \/>\n<meta property=\"og:image\" content=\"http:\/\/www.visit-ulcinj.com\/blog\/wp-content\/uploads\/2014\/08\/Velika-plaza-Ulcinj.jpg\" \/>\n<meta name=\"twitter:label1\" content=\"Written by\" \/>\n\t<meta name=\"twitter:data1\" content=\"ulqini\" \/>\n\t<meta name=\"twitter:label2\" content=\"Est. reading time\" \/>\n\t<meta name=\"twitter:data2\" content=\"1 minute\" \/>\n<script type=\"application\/ld+json\" class=\"yoast-schema-graph\">{\"@context\":\"https:\/\/schema.org\",\"@graph\":[{\"@type\":\"WebSite\",\"@id\":\"https:\/\/www.visit-ulcinj.com\/blog\/#website\",\"url\":\"https:\/\/www.visit-ulcinj.com\/blog\/\",\"name\":\"Lajme nga Ulqini\",\"description\":\"Lajme,Vijesti,Ulqini,Ulqin,Crna Gora,Mali i Zi\",\"potentialAction\":[{\"@type\":\"SearchAction\",\"target\":{\"@type\":\"EntryPoint\",\"urlTemplate\":\"https:\/\/www.visit-ulcinj.com\/blog\/?s={search_term_string}\"},\"query-input\":\"required name=search_term_string\"}],\"inLanguage\":\"en-US\"},{\"@type\":\"ImageObject\",\"inLanguage\":\"en-US\",\"@id\":\"https:\/\/www.visit-ulcinj.com\/blog\/2014\/08\/24\/u-ulcinjskoj-rivijeri-jeftinije-30-za-septembar\/#primaryimage\",\"url\":\"https:\/\/www.visit-ulcinj.com\/blog\/wp-content\/uploads\/2014\/08\/Velika-plaza-Ulcinj.jpg\",\"contentUrl\":\"https:\/\/www.visit-ulcinj.com\/blog\/wp-content\/uploads\/2014\/08\/Velika-plaza-Ulcinj.jpg\",\"width\":556,\"height\":343},{\"@type\":\"WebPage\",\"@id\":\"https:\/\/www.visit-ulcinj.com\/blog\/2014\/08\/24\/u-ulcinjskoj-rivijeri-jeftinije-30-za-septembar\/#webpage\",\"url\":\"https:\/\/www.visit-ulcinj.com\/blog\/2014\/08\/24\/u-ulcinjskoj-rivijeri-jeftinije-30-za-septembar\/\",\"name\":\"U Ulcinjskoj rivijeri jeftinije 30 % za septembar - Lajme nga Ulqini\",\"isPartOf\":{\"@id\":\"https:\/\/www.visit-ulcinj.com\/blog\/#website\"},\"primaryImageOfPage\":{\"@id\":\"https:\/\/www.visit-ulcinj.com\/blog\/2014\/08\/24\/u-ulcinjskoj-rivijeri-jeftinije-30-za-septembar\/#primaryimage\"},\"datePublished\":\"2014-08-24T05:12:44+00:00\",\"dateModified\":\"2014-08-24T05:12:44+00:00\",\"author\":{\"@id\":\"https:\/\/www.visit-ulcinj.com\/blog\/#\/schema\/person\/dcab619c614d3038751c63bc2aadc06d\"},\"description\":\"U hotelima ,,Ulcinjske rivijere\u201c od 21. avgusta cijene su za 15 odsto ni\u017ee u odnosu na \u0161pic sezone, saop\u0161teno je iz te turisti\u010dke kompanije. - Polupansion\",\"breadcrumb\":{\"@id\":\"https:\/\/www.visit-ulcinj.com\/blog\/2014\/08\/24\/u-ulcinjskoj-rivijeri-jeftinije-30-za-septembar\/#breadcrumb\"},\"inLanguage\":\"en-US\",\"potentialAction\":[{\"@type\":\"ReadAction\",\"target\":[\"https:\/\/www.visit-ulcinj.com\/blog\/2014\/08\/24\/u-ulcinjskoj-rivijeri-jeftinije-30-za-septembar\/\"]}]},{\"@type\":\"BreadcrumbList\",\"@id\":\"https:\/\/www.visit-ulcinj.com\/blog\/2014\/08\/24\/u-ulcinjskoj-rivijeri-jeftinije-30-za-septembar\/#breadcrumb\",\"itemListElement\":[{\"@type\":\"ListItem\",\"position\":1,\"name\":\"U Ulcinjskoj rivijeri jeftinije 30 % za septembar\"}]},{\"@type\":\"Person\",\"@id\":\"https:\/\/www.visit-ulcinj.com\/blog\/#\/schema\/person\/dcab619c614d3038751c63bc2aadc06d\",\"name\":\"ulqini\",\"sameAs\":[\"http:\/\/www.visit-ulcinj.com\"],\"url\":\"https:\/\/www.visit-ulcinj.com\/blog\/author\/admin\/\"}]}<\/script>\n<!-- \/ Yoast SEO plugin. -->","yoast_head_json":{"title":"U Ulcinjskoj rivijeri jeftinije 30 % za septembar - Lajme nga Ulqini","description":"U hotelima ,,Ulcinjske rivijere\u201c od 21. avgusta cijene su za 15 odsto ni\u017ee u odnosu na \u0161pic sezone, saop\u0161teno je iz te turisti\u010dke kompanije. - Polupansion","robots":{"index":"index","follow":"follow","max-snippet":"max-snippet:-1","max-image-preview":"max-image-preview:large","max-video-preview":"max-video-preview:-1"},"canonical":"https:\/\/www.visit-ulcinj.com\/blog\/2014\/08\/24\/u-ulcinjskoj-rivijeri-jeftinije-30-za-septembar\/","og_locale":"en_US","og_type":"article","og_title":"U Ulcinjskoj rivijeri jeftinije 30 % za septembar - Lajme nga Ulqini","og_description":"U hotelima ,,Ulcinjske rivijere\u201c od 21. avgusta cijene su za 15 odsto ni\u017ee u odnosu na \u0161pic sezone, saop\u0161teno je iz te turisti\u010dke kompanije. - Polupansion","og_url":"https:\/\/www.visit-ulcinj.com\/blog\/2014\/08\/24\/u-ulcinjskoj-rivijeri-jeftinije-30-za-septembar\/","og_site_name":"Lajme nga Ulqini","article_published_time":"2014-08-24T05:12:44+00:00","og_image":[{"url":"http:\/\/www.visit-ulcinj.com\/blog\/wp-content\/uploads\/2014\/08\/Velika-plaza-Ulcinj.jpg"}],"twitter_misc":{"Written by":"ulqini","Est. reading time":"1 minute"},"schema":{"@context":"https:\/\/schema.org","@graph":[{"@type":"WebSite","@id":"https:\/\/www.visit-ulcinj.com\/blog\/#website","url":"https:\/\/www.visit-ulcinj.com\/blog\/","name":"Lajme nga Ulqini","description":"Lajme,Vijesti,Ulqini,Ulqin,Crna Gora,Mali i Zi","potentialAction":[{"@type":"SearchAction","target":{"@type":"EntryPoint","urlTemplate":"https:\/\/www.visit-ulcinj.com\/blog\/?s={search_term_string}"},"query-input":"required name=search_term_string"}],"inLanguage":"en-US"},{"@type":"ImageObject","inLanguage":"en-US","@id":"https:\/\/www.visit-ulcinj.com\/blog\/2014\/08\/24\/u-ulcinjskoj-rivijeri-jeftinije-30-za-septembar\/#primaryimage","url":"https:\/\/www.visit-ulcinj.com\/blog\/wp-content\/uploads\/2014\/08\/Velika-plaza-Ulcinj.jpg","contentUrl":"https:\/\/www.visit-ulcinj.com\/blog\/wp-content\/uploads\/2014\/08\/Velika-plaza-Ulcinj.jpg","width":556,"height":343},{"@type":"WebPage","@id":"https:\/\/www.visit-ulcinj.com\/blog\/2014\/08\/24\/u-ulcinjskoj-rivijeri-jeftinije-30-za-septembar\/#webpage","url":"https:\/\/www.visit-ulcinj.com\/blog\/2014\/08\/24\/u-ulcinjskoj-rivijeri-jeftinije-30-za-septembar\/","name":"U Ulcinjskoj rivijeri jeftinije 30 % za septembar - Lajme nga Ulqini","isPartOf":{"@id":"https:\/\/www.visit-ulcinj.com\/blog\/#website"},"primaryImageOfPage":{"@id":"https:\/\/www.visit-ulcinj.com\/blog\/2014\/08\/24\/u-ulcinjskoj-rivijeri-jeftinije-30-za-septembar\/#primaryimage"},"datePublished":"2014-08-24T05:12:44+00:00","dateModified":"2014-08-24T05:12:44+00:00","author":{"@id":"https:\/\/www.visit-ulcinj.com\/blog\/#\/schema\/person\/dcab619c614d3038751c63bc2aadc06d"},"description":"U hotelima ,,Ulcinjske rivijere\u201c od 21. avgusta cijene su za 15 odsto ni\u017ee u odnosu na \u0161pic sezone, saop\u0161teno je iz te turisti\u010dke kompanije. - Polupansion","breadcrumb":{"@id":"https:\/\/www.visit-ulcinj.com\/blog\/2014\/08\/24\/u-ulcinjskoj-rivijeri-jeftinije-30-za-septembar\/#breadcrumb"},"inLanguage":"en-US","potentialAction":[{"@type":"ReadAction","target":["https:\/\/www.visit-ulcinj.com\/blog\/2014\/08\/24\/u-ulcinjskoj-rivijeri-jeftinije-30-za-septembar\/"]}]},{"@type":"BreadcrumbList","@id":"https:\/\/www.visit-ulcinj.com\/blog\/2014\/08\/24\/u-ulcinjskoj-rivijeri-jeftinije-30-za-septembar\/#breadcrumb","itemListElement":[{"@type":"ListItem","position":1,"name":"U Ulcinjskoj rivijeri jeftinije 30 % za septembar"}]},{"@type":"Person","@id":"https:\/\/www.visit-ulcinj.com\/blog\/#\/schema\/person\/dcab619c614d3038751c63bc2aadc06d","name":"ulqini","sameAs":["http:\/\/www.visit-ulcinj.com"],"url":"https:\/\/www.visit-ulcinj.com\/blog\/author\/admin\/"}]}},"jetpack_featured_media_url":"","jetpack_sharing_enabled":true,"jetpack_shortlink":"https:\/\/wp.me\/pe6lTn-m2u","_links":{"self":[{"href":"https:\/\/www.visit-ulcinj.com\/blog\/wp-json\/wp\/v2\/posts\/84722"}],"collection":[{"href":"https:\/\/www.visit-ulcinj.com\/blog\/wp-json\/wp\/v2\/posts"}],"about":[{"href":"https:\/\/www.visit-ulcinj.com\/blog\/wp-json\/wp\/v2\/types\/post"}],"author":[{"embeddable":true,"href":"https:\/\/www.visit-ulcinj.com\/blog\/wp-json\/wp\/v2\/users\/1"}],"replies":[{"embeddable":true,"href":"https:\/\/www.visit-ulcinj.com\/blog\/wp-json\/wp\/v2\/comments?post=84722"}],"version-history":[{"count":1,"href":"https:\/\/www.visit-ulcinj.com\/blog\/wp-json\/wp\/v2\/posts\/84722\/revisions"}],"predecessor-version":[{"id":84724,"href":"https:\/\/www.visit-ulcinj.com\/blog\/wp-json\/wp\/v2\/posts\/84722\/revisions\/84724"}],"wp:attachment":[{"href":"https:\/\/www.visit-ulcinj.com\/blog\/wp-json\/wp\/v2\/media?parent=84722"}],"wp:term":[{"taxonomy":"category","embeddable":true,"href":"https:\/\/www.visit-ulcinj.com\/blog\/wp-json\/wp\/v2\/categories?post=84722"},{"taxonomy":"post_tag","embeddable":true,"href":"https:\/\/www.visit-ulcinj.com\/blog\/wp-json\/wp\/v2\/tags?post=84722"}],"curies":[{"name":"wp","href":"https:\/\/api.w.org\/{rel}","templated":true}]}}