{"id":84734,"date":"2014-08-24T06:57:15","date_gmt":"2014-08-24T05:57:15","guid":{"rendered":"http:\/\/www.visit-ulcinj.com\/blog\/?p=84734"},"modified":"2014-08-24T06:58:00","modified_gmt":"2014-08-24T05:58:00","slug":"performanca-e-tunes-ne-ulqin","status":"publish","type":"post","link":"https:\/\/www.visit-ulcinj.com\/blog\/2014\/08\/24\/performanca-e-tunes-ne-ulqin\/","title":{"rendered":"Performanca e Tunes ne Ulqin &#8211; Video"},"content":{"rendered":"<p><a href=\"http:\/\/www.visit-ulcinj.com\/blog\/wp-content\/uploads\/2014\/08\/Tuna-Cozman-Club-Fama-Ulqin-1.jpg\"><img loading=\"lazy\" class=\"alignleft wp-image-84735\" src=\"http:\/\/www.visit-ulcinj.com\/blog\/wp-content\/uploads\/2014\/08\/Tuna-Cozman-Club-Fama-Ulqin-1.jpg\" alt=\"Tuna-Cozman-Club-Fama-Ulqin-1\" width=\"508\" height=\"338\" srcset=\"https:\/\/www.visit-ulcinj.com\/blog\/wp-content\/uploads\/2014\/08\/Tuna-Cozman-Club-Fama-Ulqin-1.jpg 800w, https:\/\/www.visit-ulcinj.com\/blog\/wp-content\/uploads\/2014\/08\/Tuna-Cozman-Club-Fama-Ulqin-1-300x199.jpg 300w\" sizes=\"(max-width: 508px) 100vw, 508px\" \/><\/a>K\u00ebng\u00ebtarja Altuna Sejdiu \u2013 Tuna k\u00ebto dit\u00eb ka qen\u00eb e z\u00ebn\u00eb n\u00eb Ulqin ku p\u00ebrpos koncerteve ajo ka gjetur koh\u00eb edhe t\u00eb arg\u00ebtohet<\/p>\n<p>K\u00ebng\u00ebtarja e njohur Altuna Sejdiu \u2013 Tuna nuk po shqet\u00ebsohet shum\u00eb p\u00ebr \u201cdiss\u201d-in e Fjolla Morin\u00ebs.<\/p>\n<p><a href=\"http:\/\/www.visit-ulcinj.com\/blog\/wp-content\/uploads\/2014\/08\/Tuna-Cozman-Club-Fama-Ulqin.jpg\"><img loading=\"lazy\" class=\"alignleft wp-image-84736\" src=\"http:\/\/www.visit-ulcinj.com\/blog\/wp-content\/uploads\/2014\/08\/Tuna-Cozman-Club-Fama-Ulqin.jpg\" alt=\"Tuna-Cozman-Club-Fama-Ulqin\" width=\"508\" height=\"338\" srcset=\"https:\/\/www.visit-ulcinj.com\/blog\/wp-content\/uploads\/2014\/08\/Tuna-Cozman-Club-Fama-Ulqin.jpg 800w, https:\/\/www.visit-ulcinj.com\/blog\/wp-content\/uploads\/2014\/08\/Tuna-Cozman-Club-Fama-Ulqin-300x199.jpg 300w\" sizes=\"(max-width: 508px) 100vw, 508px\" \/><\/a><\/p>\n<p>Ajo \u00ebsht\u00eb duke u k\u00ebnaqur n\u00eb Ulqin ku p\u00ebrpos angazhimeve t\u00eb saj ajo arg\u00ebtohet me qenin e saj dhe me familjar\u00ebt q\u00eb i ka me vete, e ata q\u00eb i konsideron ajo familjar\u00eb jan\u00eb Cozman dhe disa an\u00ebtar\u00eb t\u00eb tjer\u00eb t\u00eb BabaStars.<\/p>\n<p>Tuna \u00ebsht\u00eb ftuar t\u00eb k\u00ebndoj\u00eb n\u00eb disa mbr\u00ebmje n\u00eb Ulqin, ku duket se atmosfera q\u00eb ka b\u00ebr\u00eb \u201czogu\u201d nuk e kan\u00eb b\u00ebr\u00eb k\u00ebng\u00ebtaret e tjera.<\/p>\n<p><a href=\"http:\/\/www.visit-ulcinj.com\/blog\/wp-content\/uploads\/2014\/08\/Tuna-Hotel-Otrant-Ulqin.jpg\"><img loading=\"lazy\" class=\"alignleft wp-image-84737\" src=\"http:\/\/www.visit-ulcinj.com\/blog\/wp-content\/uploads\/2014\/08\/Tuna-Hotel-Otrant-Ulqin.jpg\" alt=\"Tuna-Hotel-Otrant-Ulqin\" width=\"508\" height=\"677\" \/><\/a><\/p>\n<p>Tuna n\u00eb faqen e saj\u00eb t\u00eb Facebookut ka faliminderuar Ulqinin me k\u00ebto fjal\u00eb.<\/p>\n<p><strong><span class=\"userContent\">Faleminderit Ulqini p\u00ebr dashurin\u00eb e madhe mbr\u00ebm\u00eb!<\/span><\/strong><\/p>\n<p><strong> ExPress.mk<\/strong><\/p>\n<!--YouTube Error: bad URL entered-->\n","protected":false},"excerpt":{"rendered":"<p>K\u00ebng\u00ebtarja Altuna Sejdiu \u2013 Tuna k\u00ebto dit\u00eb ka qen\u00eb e z\u00ebn\u00eb n\u00eb Ulqin ku p\u00ebrpos koncerteve ajo ka gjetur koh\u00eb edhe t\u00eb arg\u00ebtohet K\u00ebng\u00ebtarja e njohur Altuna Sejdiu \u2013 Tuna nuk po shqet\u00ebsohet shum\u00eb p\u00ebr \u201cdiss\u201d-in e Fjolla Morin\u00ebs. Ajo \u00ebsht\u00eb duke u k\u00ebnaqur n\u00eb Ulqin ku p\u00ebrpos angazhimeve t\u00eb saj ajo arg\u00ebtohet me qenin [&hellip;]<\/p>\n","protected":false},"author":1,"featured_media":0,"comment_status":"closed","ping_status":"closed","sticky":false,"template":"","format":"standard","meta":{"spay_email":"","jetpack_publicize_message":"","jetpack_is_tweetstorm":false,"jetpack_publicize_feature_enabled":true},"categories":[1],"tags":[],"jetpack_publicize_connections":[],"yoast_head":"<!-- This site is optimized with the Yoast SEO plugin v19.1 - https:\/\/yoast.com\/wordpress\/plugins\/seo\/ -->\n<title>Performanca e Tunes ne Ulqin - Video - Lajme nga Ulqini<\/title>\n<meta name=\"description\" content=\"K\u00ebng\u00ebtarja Altuna Sejdiu \u2013 Tuna k\u00ebto dit\u00eb ka qen\u00eb e z\u00ebn\u00eb n\u00eb Ulqin ku p\u00ebrpos koncerteve ajo ka gjetur koh\u00eb edhe t\u00eb arg\u00ebtohet K\u00ebng\u00ebtarja e njohur Altuna\" \/>\n<meta name=\"robots\" content=\"index, follow, max-snippet:-1, max-image-preview:large, max-video-preview:-1\" \/>\n<link rel=\"canonical\" href=\"https:\/\/www.visit-ulcinj.com\/blog\/2014\/08\/24\/performanca-e-tunes-ne-ulqin\/\" \/>\n<meta property=\"og:locale\" content=\"en_US\" \/>\n<meta property=\"og:type\" content=\"article\" \/>\n<meta property=\"og:title\" content=\"Performanca e Tunes ne Ulqin - Video - Lajme nga Ulqini\" \/>\n<meta property=\"og:description\" content=\"K\u00ebng\u00ebtarja Altuna Sejdiu \u2013 Tuna k\u00ebto dit\u00eb ka qen\u00eb e z\u00ebn\u00eb n\u00eb Ulqin ku p\u00ebrpos koncerteve ajo ka gjetur koh\u00eb edhe t\u00eb arg\u00ebtohet K\u00ebng\u00ebtarja e njohur Altuna\" \/>\n<meta property=\"og:url\" content=\"https:\/\/www.visit-ulcinj.com\/blog\/2014\/08\/24\/performanca-e-tunes-ne-ulqin\/\" \/>\n<meta property=\"og:site_name\" content=\"Lajme nga Ulqini\" \/>\n<meta property=\"article:published_time\" content=\"2014-08-24T05:57:15+00:00\" \/>\n<meta property=\"article:modified_time\" content=\"2014-08-24T05:58:00+00:00\" \/>\n<meta property=\"og:image\" content=\"http:\/\/www.visit-ulcinj.com\/blog\/wp-content\/uploads\/2014\/08\/Tuna-Cozman-Club-Fama-Ulqin-1.jpg\" \/>\n<meta name=\"twitter:label1\" content=\"Written by\" \/>\n\t<meta name=\"twitter:data1\" content=\"ulqini\" \/>\n\t<meta name=\"twitter:label2\" content=\"Est. reading time\" \/>\n\t<meta name=\"twitter:data2\" content=\"1 minute\" \/>\n<script type=\"application\/ld+json\" class=\"yoast-schema-graph\">{\"@context\":\"https:\/\/schema.org\",\"@graph\":[{\"@type\":\"WebSite\",\"@id\":\"https:\/\/www.visit-ulcinj.com\/blog\/#website\",\"url\":\"https:\/\/www.visit-ulcinj.com\/blog\/\",\"name\":\"Lajme nga Ulqini\",\"description\":\"Lajme,Vijesti,Ulqini,Ulqin,Crna Gora,Mali i Zi\",\"potentialAction\":[{\"@type\":\"SearchAction\",\"target\":{\"@type\":\"EntryPoint\",\"urlTemplate\":\"https:\/\/www.visit-ulcinj.com\/blog\/?s={search_term_string}\"},\"query-input\":\"required name=search_term_string\"}],\"inLanguage\":\"en-US\"},{\"@type\":\"ImageObject\",\"inLanguage\":\"en-US\",\"@id\":\"https:\/\/www.visit-ulcinj.com\/blog\/2014\/08\/24\/performanca-e-tunes-ne-ulqin\/#primaryimage\",\"url\":\"https:\/\/www.visit-ulcinj.com\/blog\/wp-content\/uploads\/2014\/08\/Tuna-Cozman-Club-Fama-Ulqin-1.jpg\",\"contentUrl\":\"https:\/\/www.visit-ulcinj.com\/blog\/wp-content\/uploads\/2014\/08\/Tuna-Cozman-Club-Fama-Ulqin-1.jpg\",\"width\":800,\"height\":533},{\"@type\":\"WebPage\",\"@id\":\"https:\/\/www.visit-ulcinj.com\/blog\/2014\/08\/24\/performanca-e-tunes-ne-ulqin\/#webpage\",\"url\":\"https:\/\/www.visit-ulcinj.com\/blog\/2014\/08\/24\/performanca-e-tunes-ne-ulqin\/\",\"name\":\"Performanca e Tunes ne Ulqin - Video - Lajme nga Ulqini\",\"isPartOf\":{\"@id\":\"https:\/\/www.visit-ulcinj.com\/blog\/#website\"},\"primaryImageOfPage\":{\"@id\":\"https:\/\/www.visit-ulcinj.com\/blog\/2014\/08\/24\/performanca-e-tunes-ne-ulqin\/#primaryimage\"},\"datePublished\":\"2014-08-24T05:57:15+00:00\",\"dateModified\":\"2014-08-24T05:58:00+00:00\",\"author\":{\"@id\":\"https:\/\/www.visit-ulcinj.com\/blog\/#\/schema\/person\/dcab619c614d3038751c63bc2aadc06d\"},\"description\":\"K\u00ebng\u00ebtarja Altuna Sejdiu \u2013 Tuna k\u00ebto dit\u00eb ka qen\u00eb e z\u00ebn\u00eb n\u00eb Ulqin ku p\u00ebrpos koncerteve ajo ka gjetur koh\u00eb edhe t\u00eb arg\u00ebtohet K\u00ebng\u00ebtarja e njohur Altuna\",\"breadcrumb\":{\"@id\":\"https:\/\/www.visit-ulcinj.com\/blog\/2014\/08\/24\/performanca-e-tunes-ne-ulqin\/#breadcrumb\"},\"inLanguage\":\"en-US\",\"potentialAction\":[{\"@type\":\"ReadAction\",\"target\":[\"https:\/\/www.visit-ulcinj.com\/blog\/2014\/08\/24\/performanca-e-tunes-ne-ulqin\/\"]}]},{\"@type\":\"BreadcrumbList\",\"@id\":\"https:\/\/www.visit-ulcinj.com\/blog\/2014\/08\/24\/performanca-e-tunes-ne-ulqin\/#breadcrumb\",\"itemListElement\":[{\"@type\":\"ListItem\",\"position\":1,\"name\":\"Performanca e Tunes ne Ulqin &#8211; Video\"}]},{\"@type\":\"Person\",\"@id\":\"https:\/\/www.visit-ulcinj.com\/blog\/#\/schema\/person\/dcab619c614d3038751c63bc2aadc06d\",\"name\":\"ulqini\",\"sameAs\":[\"http:\/\/www.visit-ulcinj.com\"],\"url\":\"https:\/\/www.visit-ulcinj.com\/blog\/author\/admin\/\"}]}<\/script>\n<!-- \/ Yoast SEO plugin. -->","yoast_head_json":{"title":"Performanca e Tunes ne Ulqin - Video - Lajme nga Ulqini","description":"K\u00ebng\u00ebtarja Altuna Sejdiu \u2013 Tuna k\u00ebto dit\u00eb ka qen\u00eb e z\u00ebn\u00eb n\u00eb Ulqin ku p\u00ebrpos koncerteve ajo ka gjetur koh\u00eb edhe t\u00eb arg\u00ebtohet K\u00ebng\u00ebtarja e njohur Altuna","robots":{"index":"index","follow":"follow","max-snippet":"max-snippet:-1","max-image-preview":"max-image-preview:large","max-video-preview":"max-video-preview:-1"},"canonical":"https:\/\/www.visit-ulcinj.com\/blog\/2014\/08\/24\/performanca-e-tunes-ne-ulqin\/","og_locale":"en_US","og_type":"article","og_title":"Performanca e Tunes ne Ulqin - Video - Lajme nga Ulqini","og_description":"K\u00ebng\u00ebtarja Altuna Sejdiu \u2013 Tuna k\u00ebto dit\u00eb ka qen\u00eb e z\u00ebn\u00eb n\u00eb Ulqin ku p\u00ebrpos koncerteve ajo ka gjetur koh\u00eb edhe t\u00eb arg\u00ebtohet K\u00ebng\u00ebtarja e njohur Altuna","og_url":"https:\/\/www.visit-ulcinj.com\/blog\/2014\/08\/24\/performanca-e-tunes-ne-ulqin\/","og_site_name":"Lajme nga Ulqini","article_published_time":"2014-08-24T05:57:15+00:00","article_modified_time":"2014-08-24T05:58:00+00:00","og_image":[{"url":"http:\/\/www.visit-ulcinj.com\/blog\/wp-content\/uploads\/2014\/08\/Tuna-Cozman-Club-Fama-Ulqin-1.jpg"}],"twitter_misc":{"Written by":"ulqini","Est. reading time":"1 minute"},"schema":{"@context":"https:\/\/schema.org","@graph":[{"@type":"WebSite","@id":"https:\/\/www.visit-ulcinj.com\/blog\/#website","url":"https:\/\/www.visit-ulcinj.com\/blog\/","name":"Lajme nga Ulqini","description":"Lajme,Vijesti,Ulqini,Ulqin,Crna Gora,Mali i Zi","potentialAction":[{"@type":"SearchAction","target":{"@type":"EntryPoint","urlTemplate":"https:\/\/www.visit-ulcinj.com\/blog\/?s={search_term_string}"},"query-input":"required name=search_term_string"}],"inLanguage":"en-US"},{"@type":"ImageObject","inLanguage":"en-US","@id":"https:\/\/www.visit-ulcinj.com\/blog\/2014\/08\/24\/performanca-e-tunes-ne-ulqin\/#primaryimage","url":"https:\/\/www.visit-ulcinj.com\/blog\/wp-content\/uploads\/2014\/08\/Tuna-Cozman-Club-Fama-Ulqin-1.jpg","contentUrl":"https:\/\/www.visit-ulcinj.com\/blog\/wp-content\/uploads\/2014\/08\/Tuna-Cozman-Club-Fama-Ulqin-1.jpg","width":800,"height":533},{"@type":"WebPage","@id":"https:\/\/www.visit-ulcinj.com\/blog\/2014\/08\/24\/performanca-e-tunes-ne-ulqin\/#webpage","url":"https:\/\/www.visit-ulcinj.com\/blog\/2014\/08\/24\/performanca-e-tunes-ne-ulqin\/","name":"Performanca e Tunes ne Ulqin - Video - Lajme nga Ulqini","isPartOf":{"@id":"https:\/\/www.visit-ulcinj.com\/blog\/#website"},"primaryImageOfPage":{"@id":"https:\/\/www.visit-ulcinj.com\/blog\/2014\/08\/24\/performanca-e-tunes-ne-ulqin\/#primaryimage"},"datePublished":"2014-08-24T05:57:15+00:00","dateModified":"2014-08-24T05:58:00+00:00","author":{"@id":"https:\/\/www.visit-ulcinj.com\/blog\/#\/schema\/person\/dcab619c614d3038751c63bc2aadc06d"},"description":"K\u00ebng\u00ebtarja Altuna Sejdiu \u2013 Tuna k\u00ebto dit\u00eb ka qen\u00eb e z\u00ebn\u00eb n\u00eb Ulqin ku p\u00ebrpos koncerteve ajo ka gjetur koh\u00eb edhe t\u00eb arg\u00ebtohet K\u00ebng\u00ebtarja e njohur Altuna","breadcrumb":{"@id":"https:\/\/www.visit-ulcinj.com\/blog\/2014\/08\/24\/performanca-e-tunes-ne-ulqin\/#breadcrumb"},"inLanguage":"en-US","potentialAction":[{"@type":"ReadAction","target":["https:\/\/www.visit-ulcinj.com\/blog\/2014\/08\/24\/performanca-e-tunes-ne-ulqin\/"]}]},{"@type":"BreadcrumbList","@id":"https:\/\/www.visit-ulcinj.com\/blog\/2014\/08\/24\/performanca-e-tunes-ne-ulqin\/#breadcrumb","itemListElement":[{"@type":"ListItem","position":1,"name":"Performanca e Tunes ne Ulqin &#8211; Video"}]},{"@type":"Person","@id":"https:\/\/www.visit-ulcinj.com\/blog\/#\/schema\/person\/dcab619c614d3038751c63bc2aadc06d","name":"ulqini","sameAs":["http:\/\/www.visit-ulcinj.com"],"url":"https:\/\/www.visit-ulcinj.com\/blog\/author\/admin\/"}]}},"jetpack_featured_media_url":"","jetpack_sharing_enabled":true,"jetpack_shortlink":"https:\/\/wp.me\/pe6lTn-m2G","_links":{"self":[{"href":"https:\/\/www.visit-ulcinj.com\/blog\/wp-json\/wp\/v2\/posts\/84734"}],"collection":[{"href":"https:\/\/www.visit-ulcinj.com\/blog\/wp-json\/wp\/v2\/posts"}],"about":[{"href":"https:\/\/www.visit-ulcinj.com\/blog\/wp-json\/wp\/v2\/types\/post"}],"author":[{"embeddable":true,"href":"https:\/\/www.visit-ulcinj.com\/blog\/wp-json\/wp\/v2\/users\/1"}],"replies":[{"embeddable":true,"href":"https:\/\/www.visit-ulcinj.com\/blog\/wp-json\/wp\/v2\/comments?post=84734"}],"version-history":[{"count":2,"href":"https:\/\/www.visit-ulcinj.com\/blog\/wp-json\/wp\/v2\/posts\/84734\/revisions"}],"predecessor-version":[{"id":84739,"href":"https:\/\/www.visit-ulcinj.com\/blog\/wp-json\/wp\/v2\/posts\/84734\/revisions\/84739"}],"wp:attachment":[{"href":"https:\/\/www.visit-ulcinj.com\/blog\/wp-json\/wp\/v2\/media?parent=84734"}],"wp:term":[{"taxonomy":"category","embeddable":true,"href":"https:\/\/www.visit-ulcinj.com\/blog\/wp-json\/wp\/v2\/categories?post=84734"},{"taxonomy":"post_tag","embeddable":true,"href":"https:\/\/www.visit-ulcinj.com\/blog\/wp-json\/wp\/v2\/tags?post=84734"}],"curies":[{"name":"wp","href":"https:\/\/api.w.org\/{rel}","templated":true}]}}