{"id":84741,"date":"2014-08-24T07:22:31","date_gmt":"2014-08-24T06:22:31","guid":{"rendered":"http:\/\/www.visit-ulcinj.com\/blog\/?p=84741"},"modified":"2014-08-24T07:22:31","modified_gmt":"2014-08-24T06:22:31","slug":"fjolla-morina-tunes-laje-zogun-ne-ulqin","status":"publish","type":"post","link":"https:\/\/www.visit-ulcinj.com\/blog\/2014\/08\/24\/fjolla-morina-tunes-laje-zogun-ne-ulqin\/","title":{"rendered":"Fjolla Morina &#8211; Tun\u00ebs; &#8221; Laje Zogun&#8221; n\u00eb Ulqin"},"content":{"rendered":"<div class=\"newsimg\"><a href=\"http:\/\/www.visit-ulcinj.com\/blog\/wp-content\/uploads\/2014\/08\/Fjolla-Morina.jpg\"><img loading=\"lazy\" class=\"alignleft wp-image-84742\" src=\"http:\/\/www.visit-ulcinj.com\/blog\/wp-content\/uploads\/2014\/08\/Fjolla-Morina.jpg\" alt=\"Fjolla Morina\" width=\"508\" height=\"508\" \/><\/a>Fjolla Morina ka habitur t\u00eb gjith\u00eb fansat kur n\u00eb rrjetet sociale ka postuar k\u00ebt\u00eb fotografi. Duket se ajo ka vendosur q\u00eb t&#8217;i shpall\u00eb luft\u00eb Tun\u00ebs.<\/div>\n<div class=\"newsimg\">Metoda e t\u00eb lagur\u00ebs me nj\u00eb kov\u00eb me uj\u00eb apo edhe akull tashm\u00eb \u00ebsht\u00eb p\u00ebrhapur shum\u00eb edhe te Vip-at tan\u00eb. Edhe k\u00ebng\u00ebtarja e cila sapo ka sjell\u00eb n\u00eb treg nj\u00eb super hit Fjolla Morina ka nominuar n\u00eb rastin ALS Ice Bucket Challenge\u202c Zajmina Vasjarin, Ardian Bujupin, Morena Tarakun dhe Tun\u00ebn me porosin\u00eb k\u00ebsaj t\u00eb fundit \u2018Laje zogun\u2019. K\u00ebnga m\u00eb e re e Fjoll\u00ebs deri tani ka r\u00ebmbyer shum\u00eb klikime n\u00eb youtube dhe \u00ebsht\u00eb b\u00ebr\u00eb pjes\u00eb e rrejteve sociale.<\/div>\n<div class=\"newsimg\">K\u00ebng\u00ebtarja seksi Fjolla Morina ka pozuar duke mbajtur vesh nj\u00eb bluz\u00eb me mbishkrimin\u00a0\u201cKeep Calm and Paloje Zogun\u201d, e cila p\u00ebrveq se i dedikohet zogut t\u00eb Tun\u00ebs duket se \u00ebsht\u00eb edhe nj\u00eb paralajm\u00ebrim p\u00ebr hitin e saj t\u00eb ardhsh\u00ebm.<br \/>\nP\u00ebr k\u00ebt\u00eb klip dhe k\u00ebng\u00eb q\u00eb flitet t\u00eb jet\u00eb nj\u00eb super hit ka dit\u00eb q\u00eb mediat shkruajn\u00eb dhe njer\u00ebzit flasin dhe pritet me shum\u00eb kureshtje<\/div>\n<p>Maksim Gjokaj<\/p>\n<!--YouTube Error: bad URL entered-->\n","protected":false},"excerpt":{"rendered":"<p>Fjolla Morina ka habitur t\u00eb gjith\u00eb fansat kur n\u00eb rrjetet sociale ka postuar k\u00ebt\u00eb fotografi. Duket se ajo ka vendosur q\u00eb t&#8217;i shpall\u00eb luft\u00eb Tun\u00ebs. Metoda e t\u00eb lagur\u00ebs me nj\u00eb kov\u00eb me uj\u00eb apo edhe akull tashm\u00eb \u00ebsht\u00eb p\u00ebrhapur shum\u00eb edhe te Vip-at tan\u00eb. Edhe k\u00ebng\u00ebtarja e cila sapo ka sjell\u00eb n\u00eb treg nj\u00eb [&hellip;]<\/p>\n","protected":false},"author":1,"featured_media":0,"comment_status":"closed","ping_status":"closed","sticky":false,"template":"","format":"standard","meta":{"spay_email":"","jetpack_publicize_message":"","jetpack_is_tweetstorm":false,"jetpack_publicize_feature_enabled":true},"categories":[1],"tags":[],"jetpack_publicize_connections":[],"yoast_head":"<!-- This site is optimized with the Yoast SEO plugin v19.1 - https:\/\/yoast.com\/wordpress\/plugins\/seo\/ -->\n<title>Fjolla Morina - Tun\u00ebs; &quot; Laje Zogun&quot; n\u00eb Ulqin - Lajme nga Ulqini<\/title>\n<meta name=\"description\" content=\"Fjolla Morina ka habitur t\u00eb gjith\u00eb fansat kur n\u00eb rrjetet sociale ka postuar k\u00ebt\u00eb fotografi. Duket se ajo ka vendosur q\u00eb t&#039;i shpall\u00eb luft\u00eb Tun\u00ebs. Metoda e\" \/>\n<meta name=\"robots\" content=\"index, follow, max-snippet:-1, max-image-preview:large, max-video-preview:-1\" \/>\n<link rel=\"canonical\" href=\"https:\/\/www.visit-ulcinj.com\/blog\/2014\/08\/24\/fjolla-morina-tunes-laje-zogun-ne-ulqin\/\" \/>\n<meta property=\"og:locale\" content=\"en_US\" \/>\n<meta property=\"og:type\" content=\"article\" \/>\n<meta property=\"og:title\" content=\"Fjolla Morina - Tun\u00ebs; &quot; Laje Zogun&quot; n\u00eb Ulqin - Lajme nga Ulqini\" \/>\n<meta property=\"og:description\" content=\"Fjolla Morina ka habitur t\u00eb gjith\u00eb fansat kur n\u00eb rrjetet sociale ka postuar k\u00ebt\u00eb fotografi. Duket se ajo ka vendosur q\u00eb t&#039;i shpall\u00eb luft\u00eb Tun\u00ebs. Metoda e\" \/>\n<meta property=\"og:url\" content=\"https:\/\/www.visit-ulcinj.com\/blog\/2014\/08\/24\/fjolla-morina-tunes-laje-zogun-ne-ulqin\/\" \/>\n<meta property=\"og:site_name\" content=\"Lajme nga Ulqini\" \/>\n<meta property=\"article:published_time\" content=\"2014-08-24T06:22:31+00:00\" \/>\n<meta property=\"og:image\" content=\"http:\/\/www.visit-ulcinj.com\/blog\/wp-content\/uploads\/2014\/08\/Fjolla-Morina.jpg\" \/>\n<meta name=\"twitter:label1\" content=\"Written by\" \/>\n\t<meta name=\"twitter:data1\" content=\"ulqini\" \/>\n\t<meta name=\"twitter:label2\" content=\"Est. reading time\" \/>\n\t<meta name=\"twitter:data2\" content=\"1 minute\" \/>\n<script type=\"application\/ld+json\" class=\"yoast-schema-graph\">{\"@context\":\"https:\/\/schema.org\",\"@graph\":[{\"@type\":\"WebSite\",\"@id\":\"https:\/\/www.visit-ulcinj.com\/blog\/#website\",\"url\":\"https:\/\/www.visit-ulcinj.com\/blog\/\",\"name\":\"Lajme nga Ulqini\",\"description\":\"Lajme,Vijesti,Ulqini,Ulqin,Crna Gora,Mali i Zi\",\"potentialAction\":[{\"@type\":\"SearchAction\",\"target\":{\"@type\":\"EntryPoint\",\"urlTemplate\":\"https:\/\/www.visit-ulcinj.com\/blog\/?s={search_term_string}\"},\"query-input\":\"required name=search_term_string\"}],\"inLanguage\":\"en-US\"},{\"@type\":\"ImageObject\",\"inLanguage\":\"en-US\",\"@id\":\"https:\/\/www.visit-ulcinj.com\/blog\/2014\/08\/24\/fjolla-morina-tunes-laje-zogun-ne-ulqin\/#primaryimage\",\"url\":\"http:\/\/www.visit-ulcinj.com\/blog\/wp-content\/uploads\/2014\/08\/Fjolla-Morina.jpg\",\"contentUrl\":\"http:\/\/www.visit-ulcinj.com\/blog\/wp-content\/uploads\/2014\/08\/Fjolla-Morina.jpg\"},{\"@type\":\"WebPage\",\"@id\":\"https:\/\/www.visit-ulcinj.com\/blog\/2014\/08\/24\/fjolla-morina-tunes-laje-zogun-ne-ulqin\/#webpage\",\"url\":\"https:\/\/www.visit-ulcinj.com\/blog\/2014\/08\/24\/fjolla-morina-tunes-laje-zogun-ne-ulqin\/\",\"name\":\"Fjolla Morina - Tun\u00ebs; \\\" Laje Zogun\\\" n\u00eb Ulqin - Lajme nga Ulqini\",\"isPartOf\":{\"@id\":\"https:\/\/www.visit-ulcinj.com\/blog\/#website\"},\"primaryImageOfPage\":{\"@id\":\"https:\/\/www.visit-ulcinj.com\/blog\/2014\/08\/24\/fjolla-morina-tunes-laje-zogun-ne-ulqin\/#primaryimage\"},\"datePublished\":\"2014-08-24T06:22:31+00:00\",\"dateModified\":\"2014-08-24T06:22:31+00:00\",\"author\":{\"@id\":\"https:\/\/www.visit-ulcinj.com\/blog\/#\/schema\/person\/dcab619c614d3038751c63bc2aadc06d\"},\"description\":\"Fjolla Morina ka habitur t\u00eb gjith\u00eb fansat kur n\u00eb rrjetet sociale ka postuar k\u00ebt\u00eb fotografi. Duket se ajo ka vendosur q\u00eb t'i shpall\u00eb luft\u00eb Tun\u00ebs. Metoda e\",\"breadcrumb\":{\"@id\":\"https:\/\/www.visit-ulcinj.com\/blog\/2014\/08\/24\/fjolla-morina-tunes-laje-zogun-ne-ulqin\/#breadcrumb\"},\"inLanguage\":\"en-US\",\"potentialAction\":[{\"@type\":\"ReadAction\",\"target\":[\"https:\/\/www.visit-ulcinj.com\/blog\/2014\/08\/24\/fjolla-morina-tunes-laje-zogun-ne-ulqin\/\"]}]},{\"@type\":\"BreadcrumbList\",\"@id\":\"https:\/\/www.visit-ulcinj.com\/blog\/2014\/08\/24\/fjolla-morina-tunes-laje-zogun-ne-ulqin\/#breadcrumb\",\"itemListElement\":[{\"@type\":\"ListItem\",\"position\":1,\"name\":\"Fjolla Morina &#8211; Tun\u00ebs; &#8221; Laje Zogun&#8221; n\u00eb Ulqin\"}]},{\"@type\":\"Person\",\"@id\":\"https:\/\/www.visit-ulcinj.com\/blog\/#\/schema\/person\/dcab619c614d3038751c63bc2aadc06d\",\"name\":\"ulqini\",\"sameAs\":[\"http:\/\/www.visit-ulcinj.com\"],\"url\":\"https:\/\/www.visit-ulcinj.com\/blog\/author\/admin\/\"}]}<\/script>\n<!-- \/ Yoast SEO plugin. -->","yoast_head_json":{"title":"Fjolla Morina - Tun\u00ebs; \" Laje Zogun\" n\u00eb Ulqin - Lajme nga Ulqini","description":"Fjolla Morina ka habitur t\u00eb gjith\u00eb fansat kur n\u00eb rrjetet sociale ka postuar k\u00ebt\u00eb fotografi. Duket se ajo ka vendosur q\u00eb t'i shpall\u00eb luft\u00eb Tun\u00ebs. Metoda e","robots":{"index":"index","follow":"follow","max-snippet":"max-snippet:-1","max-image-preview":"max-image-preview:large","max-video-preview":"max-video-preview:-1"},"canonical":"https:\/\/www.visit-ulcinj.com\/blog\/2014\/08\/24\/fjolla-morina-tunes-laje-zogun-ne-ulqin\/","og_locale":"en_US","og_type":"article","og_title":"Fjolla Morina - Tun\u00ebs; \" Laje Zogun\" n\u00eb Ulqin - Lajme nga Ulqini","og_description":"Fjolla Morina ka habitur t\u00eb gjith\u00eb fansat kur n\u00eb rrjetet sociale ka postuar k\u00ebt\u00eb fotografi. Duket se ajo ka vendosur q\u00eb t'i shpall\u00eb luft\u00eb Tun\u00ebs. Metoda e","og_url":"https:\/\/www.visit-ulcinj.com\/blog\/2014\/08\/24\/fjolla-morina-tunes-laje-zogun-ne-ulqin\/","og_site_name":"Lajme nga Ulqini","article_published_time":"2014-08-24T06:22:31+00:00","og_image":[{"url":"http:\/\/www.visit-ulcinj.com\/blog\/wp-content\/uploads\/2014\/08\/Fjolla-Morina.jpg"}],"twitter_misc":{"Written by":"ulqini","Est. reading time":"1 minute"},"schema":{"@context":"https:\/\/schema.org","@graph":[{"@type":"WebSite","@id":"https:\/\/www.visit-ulcinj.com\/blog\/#website","url":"https:\/\/www.visit-ulcinj.com\/blog\/","name":"Lajme nga Ulqini","description":"Lajme,Vijesti,Ulqini,Ulqin,Crna Gora,Mali i Zi","potentialAction":[{"@type":"SearchAction","target":{"@type":"EntryPoint","urlTemplate":"https:\/\/www.visit-ulcinj.com\/blog\/?s={search_term_string}"},"query-input":"required name=search_term_string"}],"inLanguage":"en-US"},{"@type":"ImageObject","inLanguage":"en-US","@id":"https:\/\/www.visit-ulcinj.com\/blog\/2014\/08\/24\/fjolla-morina-tunes-laje-zogun-ne-ulqin\/#primaryimage","url":"http:\/\/www.visit-ulcinj.com\/blog\/wp-content\/uploads\/2014\/08\/Fjolla-Morina.jpg","contentUrl":"http:\/\/www.visit-ulcinj.com\/blog\/wp-content\/uploads\/2014\/08\/Fjolla-Morina.jpg"},{"@type":"WebPage","@id":"https:\/\/www.visit-ulcinj.com\/blog\/2014\/08\/24\/fjolla-morina-tunes-laje-zogun-ne-ulqin\/#webpage","url":"https:\/\/www.visit-ulcinj.com\/blog\/2014\/08\/24\/fjolla-morina-tunes-laje-zogun-ne-ulqin\/","name":"Fjolla Morina - Tun\u00ebs; \" Laje Zogun\" n\u00eb Ulqin - Lajme nga Ulqini","isPartOf":{"@id":"https:\/\/www.visit-ulcinj.com\/blog\/#website"},"primaryImageOfPage":{"@id":"https:\/\/www.visit-ulcinj.com\/blog\/2014\/08\/24\/fjolla-morina-tunes-laje-zogun-ne-ulqin\/#primaryimage"},"datePublished":"2014-08-24T06:22:31+00:00","dateModified":"2014-08-24T06:22:31+00:00","author":{"@id":"https:\/\/www.visit-ulcinj.com\/blog\/#\/schema\/person\/dcab619c614d3038751c63bc2aadc06d"},"description":"Fjolla Morina ka habitur t\u00eb gjith\u00eb fansat kur n\u00eb rrjetet sociale ka postuar k\u00ebt\u00eb fotografi. Duket se ajo ka vendosur q\u00eb t'i shpall\u00eb luft\u00eb Tun\u00ebs. Metoda e","breadcrumb":{"@id":"https:\/\/www.visit-ulcinj.com\/blog\/2014\/08\/24\/fjolla-morina-tunes-laje-zogun-ne-ulqin\/#breadcrumb"},"inLanguage":"en-US","potentialAction":[{"@type":"ReadAction","target":["https:\/\/www.visit-ulcinj.com\/blog\/2014\/08\/24\/fjolla-morina-tunes-laje-zogun-ne-ulqin\/"]}]},{"@type":"BreadcrumbList","@id":"https:\/\/www.visit-ulcinj.com\/blog\/2014\/08\/24\/fjolla-morina-tunes-laje-zogun-ne-ulqin\/#breadcrumb","itemListElement":[{"@type":"ListItem","position":1,"name":"Fjolla Morina &#8211; Tun\u00ebs; &#8221; Laje Zogun&#8221; n\u00eb Ulqin"}]},{"@type":"Person","@id":"https:\/\/www.visit-ulcinj.com\/blog\/#\/schema\/person\/dcab619c614d3038751c63bc2aadc06d","name":"ulqini","sameAs":["http:\/\/www.visit-ulcinj.com"],"url":"https:\/\/www.visit-ulcinj.com\/blog\/author\/admin\/"}]}},"jetpack_featured_media_url":"","jetpack_sharing_enabled":true,"jetpack_shortlink":"https:\/\/wp.me\/pe6lTn-m2N","_links":{"self":[{"href":"https:\/\/www.visit-ulcinj.com\/blog\/wp-json\/wp\/v2\/posts\/84741"}],"collection":[{"href":"https:\/\/www.visit-ulcinj.com\/blog\/wp-json\/wp\/v2\/posts"}],"about":[{"href":"https:\/\/www.visit-ulcinj.com\/blog\/wp-json\/wp\/v2\/types\/post"}],"author":[{"embeddable":true,"href":"https:\/\/www.visit-ulcinj.com\/blog\/wp-json\/wp\/v2\/users\/1"}],"replies":[{"embeddable":true,"href":"https:\/\/www.visit-ulcinj.com\/blog\/wp-json\/wp\/v2\/comments?post=84741"}],"version-history":[{"count":1,"href":"https:\/\/www.visit-ulcinj.com\/blog\/wp-json\/wp\/v2\/posts\/84741\/revisions"}],"predecessor-version":[{"id":84743,"href":"https:\/\/www.visit-ulcinj.com\/blog\/wp-json\/wp\/v2\/posts\/84741\/revisions\/84743"}],"wp:attachment":[{"href":"https:\/\/www.visit-ulcinj.com\/blog\/wp-json\/wp\/v2\/media?parent=84741"}],"wp:term":[{"taxonomy":"category","embeddable":true,"href":"https:\/\/www.visit-ulcinj.com\/blog\/wp-json\/wp\/v2\/categories?post=84741"},{"taxonomy":"post_tag","embeddable":true,"href":"https:\/\/www.visit-ulcinj.com\/blog\/wp-json\/wp\/v2\/tags?post=84741"}],"curies":[{"name":"wp","href":"https:\/\/api.w.org\/{rel}","templated":true}]}}