{"id":84747,"date":"2014-08-24T07:40:26","date_gmt":"2014-08-24T06:40:26","guid":{"rendered":"http:\/\/www.visit-ulcinj.com\/blog\/?p=84747"},"modified":"2014-08-24T07:40:26","modified_gmt":"2014-08-24T06:40:26","slug":"rritje-turistesh-nga-ukraina-ne-mal-te-zi","status":"publish","type":"post","link":"https:\/\/www.visit-ulcinj.com\/blog\/2014\/08\/24\/rritje-turistesh-nga-ukraina-ne-mal-te-zi\/","title":{"rendered":"Rritje turist\u00ebsh nga Ukraina n\u00eb Mal t\u00eb Zi"},"content":{"rendered":"<p><a href=\"http:\/\/www.visit-ulcinj.com\/blog\/wp-content\/uploads\/2014\/08\/plaza-sveti-stefan.jpg\"><img loading=\"lazy\" class=\"alignleft wp-image-84748\" src=\"http:\/\/www.visit-ulcinj.com\/blog\/wp-content\/uploads\/2014\/08\/plaza-sveti-stefan.jpg\" alt=\"plaza-sveti-stefan\" width=\"508\" height=\"331\" srcset=\"https:\/\/www.visit-ulcinj.com\/blog\/wp-content\/uploads\/2014\/08\/plaza-sveti-stefan.jpg 800w, https:\/\/www.visit-ulcinj.com\/blog\/wp-content\/uploads\/2014\/08\/plaza-sveti-stefan-300x195.jpg 300w\" sizes=\"(max-width: 508px) 100vw, 508px\" \/><\/a>Mali i Zi po sheh nj\u00eb rezultat t\u00eb papritur nga aneksimi i paligjsh\u00ebm i Krimes\u00eb prej Rusis\u00eb: p\u00ebrqindja e turist\u00ebve ukrainas q\u00eb vizitojn\u00eb vendet panoramike t\u00eb Malit t\u00eb Zi q\u00eb nga marsi \u00ebsht\u00eb rritur, nd\u00ebrsa njer\u00ebzit n\u00eb pushime k\u00ebrkojn\u00eb p\u00ebr nj\u00eb alternativ\u00eb ndaj Krimes\u00eb.<\/p>\n<p>Rreth 100.000 turist\u00eb vizituan Malin e Zi gjat\u00eb pes\u00eb muajve t\u00eb fundi, q\u00eb \u00ebsht\u00eb 5 p\u00ebrqind m\u00eb shum\u00eb se vitin e kaluar, por surpriza m\u00eb e madhe n\u00eb shifra lidhet me turist\u00ebt ukrainas. Sipas agjencis\u00eb shtet\u00ebrore p\u00ebr statistikat, numri i turist\u00ebve ukrainas u rrit me 124 p\u00ebrqind krahasuar me vitin e kaluar.<\/p>\n<p>Bohdana Orinenko, 37 vje\u00e7, nj\u00eb m\u00ebsuese e arteve t\u00eb bukura n\u00eb Kiev, po kalon ver\u00ebn n\u00eb qytetin bregdetar t\u00eb Budv\u00ebs.<\/p>\n<p>&#8220;Ime bij\u00eb dhe im shoq jan\u00eb k\u00ebtu me mua, por e t\u00ebr\u00eb familja ime \u00ebsht\u00eb n\u00eb Ukrain\u00eb, n\u00eb pjes\u00eb t\u00eb ndryshme t\u00eb vendit. Kam frik\u00eb p\u00ebr jet\u00ebn e tyre. D\u00ebgjojm\u00eb lajmet \u00e7do dit\u00eb. Kjo nuk \u00ebsht\u00eb gj\u00eb e mir\u00eb. Komuniteti nd\u00ebrkomb\u00ebtar duhet t\u00eb marr\u00eb disa hapa serioze me q\u00ebllim q\u00eb t\u00eb ndal\u00eb dhun\u00ebn n\u00eb vendin ton\u00eb,&#8221; i tha Orinenko <i>SETimes<\/i>.<\/p>\n<p>Nga pik\u00ebpamja zyrtare, numri i turist\u00ebve nga Ukraina \u00ebsht\u00eb rritur p\u00ebr shkak t\u00eb kriz\u00ebs. Refuzimi i shum\u00eb vet\u00ebve p\u00ebr t\u00eb mos shkuar n\u00eb Krime \u00ebsht\u00eb nj\u00eb demonstrim i patriotizmit nga populli ukrainas, thon\u00eb zyrtar\u00ebt.<\/p>\n<p>&#8220;Pushtimi rus i Krimes\u00eb e ktheu k\u00ebt\u00eb rajon fantastik n\u00eb nj\u00eb zon\u00eb fatkeq\u00ebsie, pa uj\u00eb, ushqim, me shum\u00eb arm\u00eb, ushtar\u00eb dhe kozak\u00eb rus\u00eb q\u00eb sillen si bandit\u00eb. N\u00eb k\u00ebt\u00eb situat\u00eb ukrainasit nuk duan t\u00eb shkojn\u00eb n\u00eb Krime. Ata druhen nga provokimet e ndryshme dhe shtypja ndaj tyre, sepse flasin gjuh\u00ebn ukrainase,&#8221; i tha <i>SETimes<\/i>Volodimir Tsibulnik, i ngarkuari me pun\u00eb i ambasad\u00ebs ukrainase n\u00eb Malin e Zi.<\/p>\n<p>Ai vuri n\u00eb dukje se Ukraina e vler\u00ebson Malin e Zi p\u00ebr q\u00ebndrimin e vet n\u00eb mb\u00ebshtetjen e pavar\u00ebsis\u00eb dhe integritetit territorial t\u00eb Ukrain\u00ebs, duke shtuar se Kievi zyrtar llogarit mb\u00ebshtetje t\u00eb m\u00ebtejshme nga Mali i Zi.<\/p>\n<p>&#8220;N\u00eb qoft\u00eb se ju pyesni lidhur me asistenc\u00ebn specifike, duke marr\u00eb parasysh kapacitetet ekzistuese t\u00eb Malit t\u00eb Zi, un\u00eb do t\u00eb p\u00ebrmendja mbrojtjen e pajisjeve, pjes\u00ebt mjek\u00ebsore, tendat etj. Por gj\u00ebja m\u00eb e r\u00ebnd\u00ebsishme q\u00eb ne na duhet tani \u00ebsht\u00eb mb\u00ebshtetja miq\u00ebsore nga Mali i Zi dhe populli i tij,&#8221; shtoi Tsibulnik.<\/p>\n<p>T\u00eb dh\u00ebnat e qeveris\u00eb nga ky vit treguan se Mali i Zi u vizitua nga 1,5 milion turist\u00eb n\u00eb 2013 dhe t\u00eb ardhurat nga turizmi ishin 721 milion euro.<\/p>\n<p>Rreth 65.000 ukrainas vizitojn\u00eb vendin zakonisht \u00e7do vit, po kjo nuk merr parasysh rritjen e k\u00ebtij viti. Vet\u00ebm Serbia dhe Rusia d\u00ebrgojn\u00eb m\u00eb shum\u00eb turist\u00eb n\u00eb Malin e Zi \u00e7do vit.<\/p>\n<p>Autoritetet malazeze po b\u00ebjn\u00eb \u00e7do p\u00ebrpjekje p\u00ebr t\u00eb mir\u00ebpritur ukrainasit q\u00eb zakonisht shkojn\u00eb me pushime n\u00eb Krime, tha n\u00eb qershor konsulli i nderit i Malit t\u00eb Zi n\u00eb Ukrain\u00eb, Dovgij Stanislav Oleksijovi\u00e7.<\/p>\n<p>Nga Drazhen Remikovi\u00e7<\/p>\n<div class=\"commissioned\"><strong>SETimes.com<\/strong><\/div>\n","protected":false},"excerpt":{"rendered":"<p>Mali i Zi po sheh nj\u00eb rezultat t\u00eb papritur nga aneksimi i paligjsh\u00ebm i Krimes\u00eb prej Rusis\u00eb: p\u00ebrqindja e turist\u00ebve ukrainas q\u00eb vizitojn\u00eb vendet panoramike t\u00eb Malit t\u00eb Zi q\u00eb nga marsi \u00ebsht\u00eb rritur, nd\u00ebrsa njer\u00ebzit n\u00eb pushime k\u00ebrkojn\u00eb p\u00ebr nj\u00eb alternativ\u00eb ndaj Krimes\u00eb. Rreth 100.000 turist\u00eb vizituan Malin e Zi gjat\u00eb pes\u00eb muajve t\u00eb [&hellip;]<\/p>\n","protected":false},"author":1,"featured_media":0,"comment_status":"closed","ping_status":"closed","sticky":false,"template":"","format":"standard","meta":{"spay_email":"","jetpack_publicize_message":"","jetpack_is_tweetstorm":false,"jetpack_publicize_feature_enabled":true},"categories":[14],"tags":[],"jetpack_publicize_connections":[],"yoast_head":"<!-- This site is optimized with the Yoast SEO plugin v19.1 - https:\/\/yoast.com\/wordpress\/plugins\/seo\/ -->\n<title>Rritje turist\u00ebsh nga Ukraina n\u00eb Mal t\u00eb Zi - Lajme nga Ulqini<\/title>\n<meta name=\"description\" content=\"Mali i Zi po sheh nj\u00eb rezultat t\u00eb papritur nga aneksimi i paligjsh\u00ebm i Krimes\u00eb prej Rusis\u00eb: p\u00ebrqindja e turist\u00ebve ukrainas q\u00eb vizitojn\u00eb vendet panoramike\" \/>\n<meta name=\"robots\" content=\"index, follow, max-snippet:-1, max-image-preview:large, max-video-preview:-1\" \/>\n<link rel=\"canonical\" href=\"https:\/\/www.visit-ulcinj.com\/blog\/2014\/08\/24\/rritje-turistesh-nga-ukraina-ne-mal-te-zi\/\" \/>\n<meta property=\"og:locale\" content=\"en_US\" \/>\n<meta property=\"og:type\" content=\"article\" \/>\n<meta property=\"og:title\" content=\"Rritje turist\u00ebsh nga Ukraina n\u00eb Mal t\u00eb Zi - Lajme nga Ulqini\" \/>\n<meta property=\"og:description\" content=\"Mali i Zi po sheh nj\u00eb rezultat t\u00eb papritur nga aneksimi i paligjsh\u00ebm i Krimes\u00eb prej Rusis\u00eb: p\u00ebrqindja e turist\u00ebve ukrainas q\u00eb vizitojn\u00eb vendet panoramike\" \/>\n<meta property=\"og:url\" content=\"https:\/\/www.visit-ulcinj.com\/blog\/2014\/08\/24\/rritje-turistesh-nga-ukraina-ne-mal-te-zi\/\" \/>\n<meta property=\"og:site_name\" content=\"Lajme nga Ulqini\" \/>\n<meta property=\"article:published_time\" content=\"2014-08-24T06:40:26+00:00\" \/>\n<meta property=\"og:image\" content=\"http:\/\/www.visit-ulcinj.com\/blog\/wp-content\/uploads\/2014\/08\/plaza-sveti-stefan.jpg\" \/>\n<meta name=\"twitter:label1\" content=\"Written by\" \/>\n\t<meta name=\"twitter:data1\" content=\"ulqini\" \/>\n\t<meta name=\"twitter:label2\" content=\"Est. reading time\" \/>\n\t<meta name=\"twitter:data2\" content=\"3 minutes\" \/>\n<script type=\"application\/ld+json\" class=\"yoast-schema-graph\">{\"@context\":\"https:\/\/schema.org\",\"@graph\":[{\"@type\":\"WebSite\",\"@id\":\"https:\/\/www.visit-ulcinj.com\/blog\/#website\",\"url\":\"https:\/\/www.visit-ulcinj.com\/blog\/\",\"name\":\"Lajme nga Ulqini\",\"description\":\"Lajme,Vijesti,Ulqini,Ulqin,Crna Gora,Mali i Zi\",\"potentialAction\":[{\"@type\":\"SearchAction\",\"target\":{\"@type\":\"EntryPoint\",\"urlTemplate\":\"https:\/\/www.visit-ulcinj.com\/blog\/?s={search_term_string}\"},\"query-input\":\"required name=search_term_string\"}],\"inLanguage\":\"en-US\"},{\"@type\":\"ImageObject\",\"inLanguage\":\"en-US\",\"@id\":\"https:\/\/www.visit-ulcinj.com\/blog\/2014\/08\/24\/rritje-turistesh-nga-ukraina-ne-mal-te-zi\/#primaryimage\",\"url\":\"https:\/\/www.visit-ulcinj.com\/blog\/wp-content\/uploads\/2014\/08\/plaza-sveti-stefan.jpg\",\"contentUrl\":\"https:\/\/www.visit-ulcinj.com\/blog\/wp-content\/uploads\/2014\/08\/plaza-sveti-stefan.jpg\",\"width\":800,\"height\":521},{\"@type\":\"WebPage\",\"@id\":\"https:\/\/www.visit-ulcinj.com\/blog\/2014\/08\/24\/rritje-turistesh-nga-ukraina-ne-mal-te-zi\/#webpage\",\"url\":\"https:\/\/www.visit-ulcinj.com\/blog\/2014\/08\/24\/rritje-turistesh-nga-ukraina-ne-mal-te-zi\/\",\"name\":\"Rritje turist\u00ebsh nga Ukraina n\u00eb Mal t\u00eb Zi - Lajme nga Ulqini\",\"isPartOf\":{\"@id\":\"https:\/\/www.visit-ulcinj.com\/blog\/#website\"},\"primaryImageOfPage\":{\"@id\":\"https:\/\/www.visit-ulcinj.com\/blog\/2014\/08\/24\/rritje-turistesh-nga-ukraina-ne-mal-te-zi\/#primaryimage\"},\"datePublished\":\"2014-08-24T06:40:26+00:00\",\"dateModified\":\"2014-08-24T06:40:26+00:00\",\"author\":{\"@id\":\"https:\/\/www.visit-ulcinj.com\/blog\/#\/schema\/person\/dcab619c614d3038751c63bc2aadc06d\"},\"description\":\"Mali i Zi po sheh nj\u00eb rezultat t\u00eb papritur nga aneksimi i paligjsh\u00ebm i Krimes\u00eb prej Rusis\u00eb: p\u00ebrqindja e turist\u00ebve ukrainas q\u00eb vizitojn\u00eb vendet panoramike\",\"breadcrumb\":{\"@id\":\"https:\/\/www.visit-ulcinj.com\/blog\/2014\/08\/24\/rritje-turistesh-nga-ukraina-ne-mal-te-zi\/#breadcrumb\"},\"inLanguage\":\"en-US\",\"potentialAction\":[{\"@type\":\"ReadAction\",\"target\":[\"https:\/\/www.visit-ulcinj.com\/blog\/2014\/08\/24\/rritje-turistesh-nga-ukraina-ne-mal-te-zi\/\"]}]},{\"@type\":\"BreadcrumbList\",\"@id\":\"https:\/\/www.visit-ulcinj.com\/blog\/2014\/08\/24\/rritje-turistesh-nga-ukraina-ne-mal-te-zi\/#breadcrumb\",\"itemListElement\":[{\"@type\":\"ListItem\",\"position\":1,\"name\":\"Rritje turist\u00ebsh nga Ukraina n\u00eb Mal t\u00eb Zi\"}]},{\"@type\":\"Person\",\"@id\":\"https:\/\/www.visit-ulcinj.com\/blog\/#\/schema\/person\/dcab619c614d3038751c63bc2aadc06d\",\"name\":\"ulqini\",\"sameAs\":[\"http:\/\/www.visit-ulcinj.com\"],\"url\":\"https:\/\/www.visit-ulcinj.com\/blog\/author\/admin\/\"}]}<\/script>\n<!-- \/ Yoast SEO plugin. -->","yoast_head_json":{"title":"Rritje turist\u00ebsh nga Ukraina n\u00eb Mal t\u00eb Zi - Lajme nga Ulqini","description":"Mali i Zi po sheh nj\u00eb rezultat t\u00eb papritur nga aneksimi i paligjsh\u00ebm i Krimes\u00eb prej Rusis\u00eb: p\u00ebrqindja e turist\u00ebve ukrainas q\u00eb vizitojn\u00eb vendet panoramike","robots":{"index":"index","follow":"follow","max-snippet":"max-snippet:-1","max-image-preview":"max-image-preview:large","max-video-preview":"max-video-preview:-1"},"canonical":"https:\/\/www.visit-ulcinj.com\/blog\/2014\/08\/24\/rritje-turistesh-nga-ukraina-ne-mal-te-zi\/","og_locale":"en_US","og_type":"article","og_title":"Rritje turist\u00ebsh nga Ukraina n\u00eb Mal t\u00eb Zi - Lajme nga Ulqini","og_description":"Mali i Zi po sheh nj\u00eb rezultat t\u00eb papritur nga aneksimi i paligjsh\u00ebm i Krimes\u00eb prej Rusis\u00eb: p\u00ebrqindja e turist\u00ebve ukrainas q\u00eb vizitojn\u00eb vendet panoramike","og_url":"https:\/\/www.visit-ulcinj.com\/blog\/2014\/08\/24\/rritje-turistesh-nga-ukraina-ne-mal-te-zi\/","og_site_name":"Lajme nga Ulqini","article_published_time":"2014-08-24T06:40:26+00:00","og_image":[{"url":"http:\/\/www.visit-ulcinj.com\/blog\/wp-content\/uploads\/2014\/08\/plaza-sveti-stefan.jpg"}],"twitter_misc":{"Written by":"ulqini","Est. reading time":"3 minutes"},"schema":{"@context":"https:\/\/schema.org","@graph":[{"@type":"WebSite","@id":"https:\/\/www.visit-ulcinj.com\/blog\/#website","url":"https:\/\/www.visit-ulcinj.com\/blog\/","name":"Lajme nga Ulqini","description":"Lajme,Vijesti,Ulqini,Ulqin,Crna Gora,Mali i Zi","potentialAction":[{"@type":"SearchAction","target":{"@type":"EntryPoint","urlTemplate":"https:\/\/www.visit-ulcinj.com\/blog\/?s={search_term_string}"},"query-input":"required name=search_term_string"}],"inLanguage":"en-US"},{"@type":"ImageObject","inLanguage":"en-US","@id":"https:\/\/www.visit-ulcinj.com\/blog\/2014\/08\/24\/rritje-turistesh-nga-ukraina-ne-mal-te-zi\/#primaryimage","url":"https:\/\/www.visit-ulcinj.com\/blog\/wp-content\/uploads\/2014\/08\/plaza-sveti-stefan.jpg","contentUrl":"https:\/\/www.visit-ulcinj.com\/blog\/wp-content\/uploads\/2014\/08\/plaza-sveti-stefan.jpg","width":800,"height":521},{"@type":"WebPage","@id":"https:\/\/www.visit-ulcinj.com\/blog\/2014\/08\/24\/rritje-turistesh-nga-ukraina-ne-mal-te-zi\/#webpage","url":"https:\/\/www.visit-ulcinj.com\/blog\/2014\/08\/24\/rritje-turistesh-nga-ukraina-ne-mal-te-zi\/","name":"Rritje turist\u00ebsh nga Ukraina n\u00eb Mal t\u00eb Zi - Lajme nga Ulqini","isPartOf":{"@id":"https:\/\/www.visit-ulcinj.com\/blog\/#website"},"primaryImageOfPage":{"@id":"https:\/\/www.visit-ulcinj.com\/blog\/2014\/08\/24\/rritje-turistesh-nga-ukraina-ne-mal-te-zi\/#primaryimage"},"datePublished":"2014-08-24T06:40:26+00:00","dateModified":"2014-08-24T06:40:26+00:00","author":{"@id":"https:\/\/www.visit-ulcinj.com\/blog\/#\/schema\/person\/dcab619c614d3038751c63bc2aadc06d"},"description":"Mali i Zi po sheh nj\u00eb rezultat t\u00eb papritur nga aneksimi i paligjsh\u00ebm i Krimes\u00eb prej Rusis\u00eb: p\u00ebrqindja e turist\u00ebve ukrainas q\u00eb vizitojn\u00eb vendet panoramike","breadcrumb":{"@id":"https:\/\/www.visit-ulcinj.com\/blog\/2014\/08\/24\/rritje-turistesh-nga-ukraina-ne-mal-te-zi\/#breadcrumb"},"inLanguage":"en-US","potentialAction":[{"@type":"ReadAction","target":["https:\/\/www.visit-ulcinj.com\/blog\/2014\/08\/24\/rritje-turistesh-nga-ukraina-ne-mal-te-zi\/"]}]},{"@type":"BreadcrumbList","@id":"https:\/\/www.visit-ulcinj.com\/blog\/2014\/08\/24\/rritje-turistesh-nga-ukraina-ne-mal-te-zi\/#breadcrumb","itemListElement":[{"@type":"ListItem","position":1,"name":"Rritje turist\u00ebsh nga Ukraina n\u00eb Mal t\u00eb Zi"}]},{"@type":"Person","@id":"https:\/\/www.visit-ulcinj.com\/blog\/#\/schema\/person\/dcab619c614d3038751c63bc2aadc06d","name":"ulqini","sameAs":["http:\/\/www.visit-ulcinj.com"],"url":"https:\/\/www.visit-ulcinj.com\/blog\/author\/admin\/"}]}},"jetpack_featured_media_url":"","jetpack_sharing_enabled":true,"jetpack_shortlink":"https:\/\/wp.me\/pe6lTn-m2T","_links":{"self":[{"href":"https:\/\/www.visit-ulcinj.com\/blog\/wp-json\/wp\/v2\/posts\/84747"}],"collection":[{"href":"https:\/\/www.visit-ulcinj.com\/blog\/wp-json\/wp\/v2\/posts"}],"about":[{"href":"https:\/\/www.visit-ulcinj.com\/blog\/wp-json\/wp\/v2\/types\/post"}],"author":[{"embeddable":true,"href":"https:\/\/www.visit-ulcinj.com\/blog\/wp-json\/wp\/v2\/users\/1"}],"replies":[{"embeddable":true,"href":"https:\/\/www.visit-ulcinj.com\/blog\/wp-json\/wp\/v2\/comments?post=84747"}],"version-history":[{"count":1,"href":"https:\/\/www.visit-ulcinj.com\/blog\/wp-json\/wp\/v2\/posts\/84747\/revisions"}],"predecessor-version":[{"id":84749,"href":"https:\/\/www.visit-ulcinj.com\/blog\/wp-json\/wp\/v2\/posts\/84747\/revisions\/84749"}],"wp:attachment":[{"href":"https:\/\/www.visit-ulcinj.com\/blog\/wp-json\/wp\/v2\/media?parent=84747"}],"wp:term":[{"taxonomy":"category","embeddable":true,"href":"https:\/\/www.visit-ulcinj.com\/blog\/wp-json\/wp\/v2\/categories?post=84747"},{"taxonomy":"post_tag","embeddable":true,"href":"https:\/\/www.visit-ulcinj.com\/blog\/wp-json\/wp\/v2\/tags?post=84747"}],"curies":[{"name":"wp","href":"https:\/\/api.w.org\/{rel}","templated":true}]}}